{"id":8390,"date":"2024-06-28T08:38:46","date_gmt":"2024-06-28T08:38:46","guid":{"rendered":"https:\/\/www.ajeandalucia.org\/cordoba\/?p=8390"},"modified":"2024-07-08T08:46:16","modified_gmt":"2024-07-08T08:46:16","slug":"transfronterizos-aje-cordoba-e-iprodeco","status":"publish","type":"post","link":"https:\/\/ajeandalucia.org\/cordoba\/2024\/06\/28\/transfronterizos-aje-cordoba-e-iprodeco\/","title":{"rendered":"TRANSFRONTERIZOS AJE CORDOBA E IPRODECO"},"content":{"rendered":"<p>Los j\u00f3venes empresarios de C\u00f3rdoba hemos celebrado gracias al convenio de colaboraci\u00f3n firmado con Iprodeco la misi\u00f3n comercial Transfronterizos por la que 30 empresas de Cordoba han viajado a Lisboa (Portugal) a conocer su mercado empresarial y mantener una agenda de reuniones de trabajo con empresas portuguesas.<\/p>\n<p>El gerente de Iprodeco Gonzalo Esparza nos ha acompa\u00f1ado en esta misi\u00f3n comercial y le damos las gracias por venir y por el apoyo y la confianza que Iprodeco y la Diputacion de Cordoba tienen en AJE Cordoba<\/p>\n<p>Hemos sido recibidos por el Secretario General de la C\u00e2mara de Com\u00e9rcio e Ind\u00fastria Portuguesa, D. Jo\u00e3o Pedro Guimar\u00e3es y el Director de Asuntos Europeus, D. Jo\u00e3o Pais Cabral que nos hicieron una presentaci\u00f3n del mercado portugu\u00e9s y nos presentaron los servicios que les ofrecen a las empresas.<\/p>\n<p>Hemos mantenido una reuni\u00f3n con AICEP PORTUGAL GLOBAL @_aicep_ Agencia para la Inversi\u00f3n y Comercio Exterior de Portugal. Una reuni\u00f3n muy productiva con Dra. Francisca Lucena e Vale (Directora Adjunta Direcci\u00f3n de la Red Exterior e Institucionales) y Dra. Ana Silva (gestora de mercado de la Direcci\u00f3n de la Red Exterior e Institucionales) y le damos las gracias por recibirnos y conocer a los j\u00f3venes empresarios de C\u00f3rdoba.<\/p>\n<p>Tambien hemos sido recibidos por el Presidente de la CCILE Camara de Comercio Luso Espa\u00f1ola, D. Miguel Seco, Secretario General, D. Francisco Contreras y Jefa de Proyecto Antena Andalucia Trade, D\u00f1a M\u00f3nica Ariza.<br \/>\nNos han presentado los servicios de la C\u00e1mara de Comercio Luso espa\u00f1ola y el Mercado de oportunidades para las empresas cordobesas en Portugal.<\/p>\n<p>Nos vamos de Portugal muy agradecidos por el trato recibido y por las reuniones mantenidas y poder dar a conocer nuestra asociaci\u00f3n de j\u00f3venes empresarios.<\/p>\n<p>Por supuesto gracias a las empresas participantes por acompa\u00f1arnos y poder dar a conocer el alto nivel de empresas que tenemos en Cordoba.<\/p>\n","protected":false},"excerpt":{"rendered":"<p>Los j\u00f3venes empresarios de C\u00f3rdoba hemos celebrado gracias al convenio de colaboraci\u00f3n firmado con Iprodeco la misi\u00f3n comercial Transfronterizos por [&hellip;]<\/p>\n","protected":false},"author":5,"featured_media":8391,"comment_status":"open","ping_status":"open","sticky":false,"template":"","format":"standard","meta":{"_acf_changed":false,"site-sidebar-layout":"default","site-content-layout":"","ast-site-content-layout":"default","site-content-style":"default","site-sidebar-style":"default","ast-global-header-display":"","ast-banner-title-visibility":"","ast-main-header-display":"","ast-hfb-above-header-display":"","ast-hfb-below-header-display":"","ast-hfb-mobile-header-display":"","site-post-title":"","ast-breadcrumbs-content":"","ast-featured-img":"","footer-sml-layout":"","ast-disable-related-posts":"","theme-transparent-header-meta":"","adv-header-id-meta":"","stick-header-meta":"","header-above-stick-meta":"","header-main-stick-meta":"","header-below-stick-meta":"","astra-migrate-meta-layouts":"default","ast-page-background-enabled":"default","ast-page-background-meta":{"desktop":{"background-color":"var(--ast-global-color-5)","background-image":"","background-repeat":"repeat","background-position":"center center","background-size":"auto","background-attachment":"scroll","background-type":"","background-media":"","overlay-type":"","overlay-color":"","overlay-opacity":"","overlay-gradient":""},"tablet":{"background-color":"","background-image":"","background-repeat":"repeat","background-position":"center center","background-size":"auto","background-attachment":"scroll","background-type":"","background-media":"","overlay-type":"","overlay-color":"","overlay-opacity":"","overlay-gradient":""},"mobile":{"background-color":"","background-image":"","background-repeat":"repeat","background-position":"center center","background-size":"auto","background-attachment":"scroll","background-type":"","background-media":"","overlay-type":"","overlay-color":"","overlay-opacity":"","overlay-gradient":""}},"ast-content-background-meta":{"desktop":{"background-color":"var(--ast-global-color-4)","background-image":"","background-repeat":"repeat","background-position":"center center","background-size":"auto","background-attachment":"scroll","background-type":"","background-media":"","overlay-type":"","overlay-color":"","overlay-opacity":"","overlay-gradient":""},"tablet":{"background-color":"var(--ast-global-color-4)","background-image":"","background-repeat":"repeat","background-position":"center center","background-size":"auto","background-attachment":"scroll","background-type":"","background-media":"","overlay-type":"","overlay-color":"","overlay-opacity":"","overlay-gradient":""},"mobile":{"background-color":"var(--ast-global-color-4)","background-image":"","background-repeat":"repeat","background-position":"center center","background-size":"auto","background-attachment":"scroll","background-type":"","background-media":"","overlay-type":"","overlay-color":"","overlay-opacity":"","overlay-gradient":""}},"footnotes":""},"categories":[8],"tags":[],"class_list":["post-8390","post","type-post","status-publish","format-standard","has-post-thumbnail","hentry","category-noticias"],"acf":[],"yoast_head":"<!-- This site is optimized with the Yoast SEO plugin v26.9 - https:\/\/yoast.com\/product\/yoast-seo-wordpress\/ -->\n<title>TRANSFRONTERIZOS AJE CORDOBA E IPRODECO - AJE C\u00f3rdoba<\/title>\n<meta name=\"robots\" content=\"index, follow, max-snippet:-1, max-image-preview:large, max-video-preview:-1\" \/>\n<link rel=\"canonical\" href=\"https:\/\/ajeandalucia.org\/cordoba\/2024\/06\/28\/transfronterizos-aje-cordoba-e-iprodeco\/\" \/>\n<meta property=\"og:locale\" content=\"es_ES\" \/>\n<meta property=\"og:type\" content=\"article\" \/>\n<meta property=\"og:title\" content=\"TRANSFRONTERIZOS AJE CORDOBA E IPRODECO - AJE C\u00f3rdoba\" \/>\n<meta property=\"og:description\" content=\"Los j\u00f3venes empresarios de C\u00f3rdoba hemos celebrado gracias al convenio de colaboraci\u00f3n firmado con Iprodeco la misi\u00f3n comercial Transfronterizos por [&hellip;]\" \/>\n<meta property=\"og:url\" content=\"https:\/\/ajeandalucia.org\/cordoba\/2024\/06\/28\/transfronterizos-aje-cordoba-e-iprodeco\/\" \/>\n<meta property=\"og:site_name\" content=\"AJE C\u00f3rdoba\" \/>\n<meta property=\"article:published_time\" content=\"2024-06-28T08:38:46+00:00\" \/>\n<meta property=\"article:modified_time\" content=\"2024-07-08T08:46:16+00:00\" \/>\n<meta property=\"og:image\" content=\"https:\/\/ajeandalucia.org\/cordoba\/wp-content\/uploads\/sites\/6\/2024\/07\/TRANS-1.jpg\" \/>\n\t<meta property=\"og:image:width\" content=\"1273\" \/>\n\t<meta property=\"og:image:height\" content=\"633\" \/>\n\t<meta property=\"og:image:type\" content=\"image\/jpeg\" \/>\n<meta name=\"author\" content=\"cordoba\" \/>\n<meta name=\"twitter:card\" content=\"summary_large_image\" \/>\n<meta name=\"twitter:label1\" content=\"Escrito por\" \/>\n\t<meta name=\"twitter:data1\" content=\"cordoba\" \/>\n\t<meta name=\"twitter:label2\" content=\"Tiempo de lectura\" \/>\n\t<meta name=\"twitter:data2\" content=\"2 minutos\" \/>\n<script type=\"application\/ld+json\" class=\"yoast-schema-graph\">{\"@context\":\"https:\/\/schema.org\",\"@graph\":[{\"@type\":\"Article\",\"@id\":\"https:\/\/ajeandalucia.org\/cordoba\/2024\/06\/28\/transfronterizos-aje-cordoba-e-iprodeco\/#article\",\"isPartOf\":{\"@id\":\"https:\/\/ajeandalucia.org\/cordoba\/2024\/06\/28\/transfronterizos-aje-cordoba-e-iprodeco\/\"},\"author\":{\"name\":\"cordoba\",\"@id\":\"https:\/\/ajeandalucia.org\/cordoba\/#\/schema\/person\/1d19f90c44baad3b3701f8af33c2f520\"},\"headline\":\"TRANSFRONTERIZOS AJE CORDOBA E IPRODECO\",\"datePublished\":\"2024-06-28T08:38:46+00:00\",\"dateModified\":\"2024-07-08T08:46:16+00:00\",\"mainEntityOfPage\":{\"@id\":\"https:\/\/ajeandalucia.org\/cordoba\/2024\/06\/28\/transfronterizos-aje-cordoba-e-iprodeco\/\"},\"wordCount\":338,\"commentCount\":0,\"publisher\":{\"@id\":\"https:\/\/ajeandalucia.org\/cordoba\/#organization\"},\"image\":{\"@id\":\"https:\/\/ajeandalucia.org\/cordoba\/2024\/06\/28\/transfronterizos-aje-cordoba-e-iprodeco\/#primaryimage\"},\"thumbnailUrl\":\"https:\/\/ajeandalucia.org\/cordoba\/wp-content\/uploads\/sites\/6\/2024\/07\/TRANS-1.jpg\",\"articleSection\":[\"Noticias\"],\"inLanguage\":\"es\",\"potentialAction\":[{\"@type\":\"CommentAction\",\"name\":\"Comment\",\"target\":[\"https:\/\/ajeandalucia.org\/cordoba\/2024\/06\/28\/transfronterizos-aje-cordoba-e-iprodeco\/#respond\"]}]},{\"@type\":\"WebPage\",\"@id\":\"https:\/\/ajeandalucia.org\/cordoba\/2024\/06\/28\/transfronterizos-aje-cordoba-e-iprodeco\/\",\"url\":\"https:\/\/ajeandalucia.org\/cordoba\/2024\/06\/28\/transfronterizos-aje-cordoba-e-iprodeco\/\",\"name\":\"TRANSFRONTERIZOS AJE CORDOBA E IPRODECO - AJE C\u00f3rdoba\",\"isPartOf\":{\"@id\":\"https:\/\/ajeandalucia.org\/cordoba\/#website\"},\"primaryImageOfPage\":{\"@id\":\"https:\/\/ajeandalucia.org\/cordoba\/2024\/06\/28\/transfronterizos-aje-cordoba-e-iprodeco\/#primaryimage\"},\"image\":{\"@id\":\"https:\/\/ajeandalucia.org\/cordoba\/2024\/06\/28\/transfronterizos-aje-cordoba-e-iprodeco\/#primaryimage\"},\"thumbnailUrl\":\"https:\/\/ajeandalucia.org\/cordoba\/wp-content\/uploads\/sites\/6\/2024\/07\/TRANS-1.jpg\",\"datePublished\":\"2024-06-28T08:38:46+00:00\",\"dateModified\":\"2024-07-08T08:46:16+00:00\",\"breadcrumb\":{\"@id\":\"https:\/\/ajeandalucia.org\/cordoba\/2024\/06\/28\/transfronterizos-aje-cordoba-e-iprodeco\/#breadcrumb\"},\"inLanguage\":\"es\",\"potentialAction\":[{\"@type\":\"ReadAction\",\"target\":[\"https:\/\/ajeandalucia.org\/cordoba\/2024\/06\/28\/transfronterizos-aje-cordoba-e-iprodeco\/\"]}]},{\"@type\":\"ImageObject\",\"inLanguage\":\"es\",\"@id\":\"https:\/\/ajeandalucia.org\/cordoba\/2024\/06\/28\/transfronterizos-aje-cordoba-e-iprodeco\/#primaryimage\",\"url\":\"https:\/\/ajeandalucia.org\/cordoba\/wp-content\/uploads\/sites\/6\/2024\/07\/TRANS-1.jpg\",\"contentUrl\":\"https:\/\/ajeandalucia.org\/cordoba\/wp-content\/uploads\/sites\/6\/2024\/07\/TRANS-1.jpg\",\"width\":1273,\"height\":633},{\"@type\":\"BreadcrumbList\",\"@id\":\"https:\/\/ajeandalucia.org\/cordoba\/2024\/06\/28\/transfronterizos-aje-cordoba-e-iprodeco\/#breadcrumb\",\"itemListElement\":[{\"@type\":\"ListItem\",\"position\":1,\"name\":\"Portada\",\"item\":\"https:\/\/ajeandalucia.org\/cordoba\/\"},{\"@type\":\"ListItem\",\"position\":2,\"name\":\"TRANSFRONTERIZOS AJE CORDOBA E IPRODECO\"}]},{\"@type\":\"WebSite\",\"@id\":\"https:\/\/ajeandalucia.org\/cordoba\/#website\",\"url\":\"https:\/\/ajeandalucia.org\/cordoba\/\",\"name\":\"AJE C\u00f3rdoba\",\"description\":\"Otro sitio m\u00e1s de AJE Andaluc\u00eda\",\"publisher\":{\"@id\":\"https:\/\/ajeandalucia.org\/cordoba\/#organization\"},\"potentialAction\":[{\"@type\":\"SearchAction\",\"target\":{\"@type\":\"EntryPoint\",\"urlTemplate\":\"https:\/\/ajeandalucia.org\/cordoba\/?s={search_term_string}\"},\"query-input\":{\"@type\":\"PropertyValueSpecification\",\"valueRequired\":true,\"valueName\":\"search_term_string\"}}],\"inLanguage\":\"es\"},{\"@type\":\"Organization\",\"@id\":\"https:\/\/ajeandalucia.org\/cordoba\/#organization\",\"name\":\"AJE C\u00f3rdoba\",\"url\":\"https:\/\/ajeandalucia.org\/cordoba\/\",\"logo\":{\"@type\":\"ImageObject\",\"inLanguage\":\"es\",\"@id\":\"https:\/\/ajeandalucia.org\/cordoba\/#\/schema\/logo\/image\/\",\"url\":\"https:\/\/ajeandalucia.org\/cordoba\/wp-content\/uploads\/sites\/6\/2025\/01\/AJE-CORDOBA-horizontal.png\",\"contentUrl\":\"https:\/\/ajeandalucia.org\/cordoba\/wp-content\/uploads\/sites\/6\/2025\/01\/AJE-CORDOBA-horizontal.png\",\"width\":605,\"height\":200,\"caption\":\"AJE C\u00f3rdoba\"},\"image\":{\"@id\":\"https:\/\/ajeandalucia.org\/cordoba\/#\/schema\/logo\/image\/\"}},{\"@type\":\"Person\",\"@id\":\"https:\/\/ajeandalucia.org\/cordoba\/#\/schema\/person\/1d19f90c44baad3b3701f8af33c2f520\",\"name\":\"cordoba\",\"image\":{\"@type\":\"ImageObject\",\"inLanguage\":\"es\",\"@id\":\"https:\/\/ajeandalucia.org\/cordoba\/#\/schema\/person\/image\/\",\"url\":\"https:\/\/secure.gravatar.com\/avatar\/46102d83da7c40efca6d3413931ddaf8470cef93888429af7689de210b9bb6fe?s=96&d=mm&r=g\",\"contentUrl\":\"https:\/\/secure.gravatar.com\/avatar\/46102d83da7c40efca6d3413931ddaf8470cef93888429af7689de210b9bb6fe?s=96&d=mm&r=g\",\"caption\":\"cordoba\"},\"url\":\"https:\/\/ajeandalucia.org\/cordoba\/author\/cordoba\/\"}]}<\/script>\n<!-- \/ Yoast SEO plugin. -->","yoast_head_json":{"title":"TRANSFRONTERIZOS AJE CORDOBA E IPRODECO - AJE C\u00f3rdoba","robots":{"index":"index","follow":"follow","max-snippet":"max-snippet:-1","max-image-preview":"max-image-preview:large","max-video-preview":"max-video-preview:-1"},"canonical":"https:\/\/ajeandalucia.org\/cordoba\/2024\/06\/28\/transfronterizos-aje-cordoba-e-iprodeco\/","og_locale":"es_ES","og_type":"article","og_title":"TRANSFRONTERIZOS AJE CORDOBA E IPRODECO - AJE C\u00f3rdoba","og_description":"Los j\u00f3venes empresarios de C\u00f3rdoba hemos celebrado gracias al convenio de colaboraci\u00f3n firmado con Iprodeco la misi\u00f3n comercial Transfronterizos por [&hellip;]","og_url":"https:\/\/ajeandalucia.org\/cordoba\/2024\/06\/28\/transfronterizos-aje-cordoba-e-iprodeco\/","og_site_name":"AJE C\u00f3rdoba","article_published_time":"2024-06-28T08:38:46+00:00","article_modified_time":"2024-07-08T08:46:16+00:00","og_image":[{"width":1273,"height":633,"url":"https:\/\/ajeandalucia.org\/cordoba\/wp-content\/uploads\/sites\/6\/2024\/07\/TRANS-1.jpg","type":"image\/jpeg"}],"author":"cordoba","twitter_card":"summary_large_image","twitter_misc":{"Escrito por":"cordoba","Tiempo de lectura":"2 minutos"},"schema":{"@context":"https:\/\/schema.org","@graph":[{"@type":"Article","@id":"https:\/\/ajeandalucia.org\/cordoba\/2024\/06\/28\/transfronterizos-aje-cordoba-e-iprodeco\/#article","isPartOf":{"@id":"https:\/\/ajeandalucia.org\/cordoba\/2024\/06\/28\/transfronterizos-aje-cordoba-e-iprodeco\/"},"author":{"name":"cordoba","@id":"https:\/\/ajeandalucia.org\/cordoba\/#\/schema\/person\/1d19f90c44baad3b3701f8af33c2f520"},"headline":"TRANSFRONTERIZOS AJE CORDOBA E IPRODECO","datePublished":"2024-06-28T08:38:46+00:00","dateModified":"2024-07-08T08:46:16+00:00","mainEntityOfPage":{"@id":"https:\/\/ajeandalucia.org\/cordoba\/2024\/06\/28\/transfronterizos-aje-cordoba-e-iprodeco\/"},"wordCount":338,"commentCount":0,"publisher":{"@id":"https:\/\/ajeandalucia.org\/cordoba\/#organization"},"image":{"@id":"https:\/\/ajeandalucia.org\/cordoba\/2024\/06\/28\/transfronterizos-aje-cordoba-e-iprodeco\/#primaryimage"},"thumbnailUrl":"https:\/\/ajeandalucia.org\/cordoba\/wp-content\/uploads\/sites\/6\/2024\/07\/TRANS-1.jpg","articleSection":["Noticias"],"inLanguage":"es","potentialAction":[{"@type":"CommentAction","name":"Comment","target":["https:\/\/ajeandalucia.org\/cordoba\/2024\/06\/28\/transfronterizos-aje-cordoba-e-iprodeco\/#respond"]}]},{"@type":"WebPage","@id":"https:\/\/ajeandalucia.org\/cordoba\/2024\/06\/28\/transfronterizos-aje-cordoba-e-iprodeco\/","url":"https:\/\/ajeandalucia.org\/cordoba\/2024\/06\/28\/transfronterizos-aje-cordoba-e-iprodeco\/","name":"TRANSFRONTERIZOS AJE CORDOBA E IPRODECO - AJE C\u00f3rdoba","isPartOf":{"@id":"https:\/\/ajeandalucia.org\/cordoba\/#website"},"primaryImageOfPage":{"@id":"https:\/\/ajeandalucia.org\/cordoba\/2024\/06\/28\/transfronterizos-aje-cordoba-e-iprodeco\/#primaryimage"},"image":{"@id":"https:\/\/ajeandalucia.org\/cordoba\/2024\/06\/28\/transfronterizos-aje-cordoba-e-iprodeco\/#primaryimage"},"thumbnailUrl":"https:\/\/ajeandalucia.org\/cordoba\/wp-content\/uploads\/sites\/6\/2024\/07\/TRANS-1.jpg","datePublished":"2024-06-28T08:38:46+00:00","dateModified":"2024-07-08T08:46:16+00:00","breadcrumb":{"@id":"https:\/\/ajeandalucia.org\/cordoba\/2024\/06\/28\/transfronterizos-aje-cordoba-e-iprodeco\/#breadcrumb"},"inLanguage":"es","potentialAction":[{"@type":"ReadAction","target":["https:\/\/ajeandalucia.org\/cordoba\/2024\/06\/28\/transfronterizos-aje-cordoba-e-iprodeco\/"]}]},{"@type":"ImageObject","inLanguage":"es","@id":"https:\/\/ajeandalucia.org\/cordoba\/2024\/06\/28\/transfronterizos-aje-cordoba-e-iprodeco\/#primaryimage","url":"https:\/\/ajeandalucia.org\/cordoba\/wp-content\/uploads\/sites\/6\/2024\/07\/TRANS-1.jpg","contentUrl":"https:\/\/ajeandalucia.org\/cordoba\/wp-content\/uploads\/sites\/6\/2024\/07\/TRANS-1.jpg","width":1273,"height":633},{"@type":"BreadcrumbList","@id":"https:\/\/ajeandalucia.org\/cordoba\/2024\/06\/28\/transfronterizos-aje-cordoba-e-iprodeco\/#breadcrumb","itemListElement":[{"@type":"ListItem","position":1,"name":"Portada","item":"https:\/\/ajeandalucia.org\/cordoba\/"},{"@type":"ListItem","position":2,"name":"TRANSFRONTERIZOS AJE CORDOBA E IPRODECO"}]},{"@type":"WebSite","@id":"https:\/\/ajeandalucia.org\/cordoba\/#website","url":"https:\/\/ajeandalucia.org\/cordoba\/","name":"AJE C\u00f3rdoba","description":"Otro sitio m\u00e1s de AJE Andaluc\u00eda","publisher":{"@id":"https:\/\/ajeandalucia.org\/cordoba\/#organization"},"potentialAction":[{"@type":"SearchAction","target":{"@type":"EntryPoint","urlTemplate":"https:\/\/ajeandalucia.org\/cordoba\/?s={search_term_string}"},"query-input":{"@type":"PropertyValueSpecification","valueRequired":true,"valueName":"search_term_string"}}],"inLanguage":"es"},{"@type":"Organization","@id":"https:\/\/ajeandalucia.org\/cordoba\/#organization","name":"AJE C\u00f3rdoba","url":"https:\/\/ajeandalucia.org\/cordoba\/","logo":{"@type":"ImageObject","inLanguage":"es","@id":"https:\/\/ajeandalucia.org\/cordoba\/#\/schema\/logo\/image\/","url":"https:\/\/ajeandalucia.org\/cordoba\/wp-content\/uploads\/sites\/6\/2025\/01\/AJE-CORDOBA-horizontal.png","contentUrl":"https:\/\/ajeandalucia.org\/cordoba\/wp-content\/uploads\/sites\/6\/2025\/01\/AJE-CORDOBA-horizontal.png","width":605,"height":200,"caption":"AJE C\u00f3rdoba"},"image":{"@id":"https:\/\/ajeandalucia.org\/cordoba\/#\/schema\/logo\/image\/"}},{"@type":"Person","@id":"https:\/\/ajeandalucia.org\/cordoba\/#\/schema\/person\/1d19f90c44baad3b3701f8af33c2f520","name":"cordoba","image":{"@type":"ImageObject","inLanguage":"es","@id":"https:\/\/ajeandalucia.org\/cordoba\/#\/schema\/person\/image\/","url":"https:\/\/secure.gravatar.com\/avatar\/46102d83da7c40efca6d3413931ddaf8470cef93888429af7689de210b9bb6fe?s=96&d=mm&r=g","contentUrl":"https:\/\/secure.gravatar.com\/avatar\/46102d83da7c40efca6d3413931ddaf8470cef93888429af7689de210b9bb6fe?s=96&d=mm&r=g","caption":"cordoba"},"url":"https:\/\/ajeandalucia.org\/cordoba\/author\/cordoba\/"}]}},"_links":{"self":[{"href":"https:\/\/ajeandalucia.org\/cordoba\/wp-json\/wp\/v2\/posts\/8390","targetHints":{"allow":["GET"]}}],"collection":[{"href":"https:\/\/ajeandalucia.org\/cordoba\/wp-json\/wp\/v2\/posts"}],"about":[{"href":"https:\/\/ajeandalucia.org\/cordoba\/wp-json\/wp\/v2\/types\/post"}],"author":[{"embeddable":true,"href":"https:\/\/ajeandalucia.org\/cordoba\/wp-json\/wp\/v2\/users\/5"}],"replies":[{"embeddable":true,"href":"https:\/\/ajeandalucia.org\/cordoba\/wp-json\/wp\/v2\/comments?post=8390"}],"version-history":[{"count":1,"href":"https:\/\/ajeandalucia.org\/cordoba\/wp-json\/wp\/v2\/posts\/8390\/revisions"}],"predecessor-version":[{"id":8392,"href":"https:\/\/ajeandalucia.org\/cordoba\/wp-json\/wp\/v2\/posts\/8390\/revisions\/8392"}],"wp:featuredmedia":[{"embeddable":true,"href":"https:\/\/ajeandalucia.org\/cordoba\/wp-json\/wp\/v2\/media\/8391"}],"wp:attachment":[{"href":"https:\/\/ajeandalucia.org\/cordoba\/wp-json\/wp\/v2\/media?parent=8390"}],"wp:term":[{"taxonomy":"category","embeddable":true,"href":"https:\/\/ajeandalucia.org\/cordoba\/wp-json\/wp\/v2\/categories?post=8390"},{"taxonomy":"post_tag","embeddable":true,"href":"https:\/\/ajeandalucia.org\/cordoba\/wp-json\/wp\/v2\/tags?post=8390"}],"curies":[{"name":"wp","href":"https:\/\/api.w.org\/{rel}","templated":true}]}}