{"id":8428,"date":"2024-07-15T07:21:09","date_gmt":"2024-07-15T07:21:09","guid":{"rendered":"https:\/\/www.ajeandalucia.org\/cordoba\/?p=8428"},"modified":"2024-07-15T07:21:09","modified_gmt":"2024-07-15T07:21:09","slug":"aje-cordoba-se-reune-con-la-delegada-de-empleo","status":"publish","type":"post","link":"https:\/\/ajeandalucia.org\/cordoba\/2024\/07\/15\/aje-cordoba-se-reune-con-la-delegada-de-empleo\/","title":{"rendered":"AJE C\u00f3rdoba se re\u00fane con la Delegada de Empleo"},"content":{"rendered":"<p>La delegada territorial de Empleo, Empresa y Trabajo Aut\u00f3nomo, M.\u00aa Dolores G\u00e1lvez, ha mantenido un encuentro con el presidente de la Asociaci\u00f3n de J\u00f3venes Empresarios, AJE, de C\u00f3rdoba, V\u00edctor Mac\u00edas, y con miembros del equipo directivo de esta entidad para establecer l\u00edneas de coordinaci\u00f3n y de colaboraci\u00f3n en materia de empleo, de formaci\u00f3n y ayuda a las empresas, as\u00ed como poner a su disposici\u00f3n todos los recursos con los que cuenta esta Delegaci\u00f3n.<\/p>\n<p>La responsable territorial ha alabado la \u201cestrecha colaboraci\u00f3n\u201d de AJE y su \u201clealtad\u201d a la hora de poner en marcha las distintas actuaciones de la Junta de Andaluc\u00eda de cara a favorecer al tejido empresarial cordob\u00e9s, y ha apostado por \u201cseguir trabajando como hasta ahora, en el impulso de acciones que busquen el desarrollo econ\u00f3mico y la generaci\u00f3n de empleo en la provincia\u201d.<\/p>\n<p>Por su parte, Victor Mac\u00edas ha agradecido a la delegada su cercan\u00eda con los j\u00f3venes empresarios \u201cy el trabajo de su delegaci\u00f3n\u201d, calificando la reuni\u00f3n de muy positiva, \u201cnos ha servido para informarnos de primera mano de las ayudas que la Consejer\u00eda tiene en marcha para las empresas\u201d. As\u00ed mismo, el presidente de AJE, le ha transmitido a G\u00e1lvez las cuestiones que consideran se deben tener en cuenta \u201cpara que haya un crecimiento empresarial en C\u00f3rdoba y que se solucione la situaci\u00f3n de incertidumbre que tienen los empresarios en su d\u00eda a d\u00eda\u201d.<\/p>\n<p>&nbsp;<\/p>\n","protected":false},"excerpt":{"rendered":"<p>La delegada territorial de Empleo, Empresa y Trabajo Aut\u00f3nomo, M.\u00aa Dolores G\u00e1lvez, ha mantenido un encuentro con el presidente de [&hellip;]<\/p>\n","protected":false},"author":5,"featured_media":8429,"comment_status":"open","ping_status":"open","sticky":false,"template":"","format":"standard","meta":{"_acf_changed":false,"site-sidebar-layout":"default","site-content-layout":"","ast-site-content-layout":"default","site-content-style":"default","site-sidebar-style":"default","ast-global-header-display":"","ast-banner-title-visibility":"","ast-main-header-display":"","ast-hfb-above-header-display":"","ast-hfb-below-header-display":"","ast-hfb-mobile-header-display":"","site-post-title":"","ast-breadcrumbs-content":"","ast-featured-img":"","footer-sml-layout":"","ast-disable-related-posts":"","theme-transparent-header-meta":"","adv-header-id-meta":"","stick-header-meta":"","header-above-stick-meta":"","header-main-stick-meta":"","header-below-stick-meta":"","astra-migrate-meta-layouts":"default","ast-page-background-enabled":"default","ast-page-background-meta":{"desktop":{"background-color":"var(--ast-global-color-5)","background-image":"","background-repeat":"repeat","background-position":"center center","background-size":"auto","background-attachment":"scroll","background-type":"","background-media":"","overlay-type":"","overlay-color":"","overlay-opacity":"","overlay-gradient":""},"tablet":{"background-color":"","background-image":"","background-repeat":"repeat","background-position":"center center","background-size":"auto","background-attachment":"scroll","background-type":"","background-media":"","overlay-type":"","overlay-color":"","overlay-opacity":"","overlay-gradient":""},"mobile":{"background-color":"","background-image":"","background-repeat":"repeat","background-position":"center center","background-size":"auto","background-attachment":"scroll","background-type":"","background-media":"","overlay-type":"","overlay-color":"","overlay-opacity":"","overlay-gradient":""}},"ast-content-background-meta":{"desktop":{"background-color":"var(--ast-global-color-4)","background-image":"","background-repeat":"repeat","background-position":"center center","background-size":"auto","background-attachment":"scroll","background-type":"","background-media":"","overlay-type":"","overlay-color":"","overlay-opacity":"","overlay-gradient":""},"tablet":{"background-color":"var(--ast-global-color-4)","background-image":"","background-repeat":"repeat","background-position":"center center","background-size":"auto","background-attachment":"scroll","background-type":"","background-media":"","overlay-type":"","overlay-color":"","overlay-opacity":"","overlay-gradient":""},"mobile":{"background-color":"var(--ast-global-color-4)","background-image":"","background-repeat":"repeat","background-position":"center center","background-size":"auto","background-attachment":"scroll","background-type":"","background-media":"","overlay-type":"","overlay-color":"","overlay-opacity":"","overlay-gradient":""}},"footnotes":""},"categories":[8],"tags":[],"class_list":["post-8428","post","type-post","status-publish","format-standard","has-post-thumbnail","hentry","category-noticias"],"acf":[],"yoast_head":"<!-- This site is optimized with the Yoast SEO plugin v26.9 - https:\/\/yoast.com\/product\/yoast-seo-wordpress\/ -->\n<title>AJE C\u00f3rdoba se re\u00fane con la Delegada de Empleo - AJE C\u00f3rdoba<\/title>\n<meta name=\"robots\" content=\"index, follow, max-snippet:-1, max-image-preview:large, max-video-preview:-1\" \/>\n<link rel=\"canonical\" href=\"https:\/\/ajeandalucia.org\/cordoba\/2024\/07\/15\/aje-cordoba-se-reune-con-la-delegada-de-empleo\/\" \/>\n<meta property=\"og:locale\" content=\"es_ES\" \/>\n<meta property=\"og:type\" content=\"article\" \/>\n<meta property=\"og:title\" content=\"AJE C\u00f3rdoba se re\u00fane con la Delegada de Empleo - AJE C\u00f3rdoba\" \/>\n<meta property=\"og:description\" content=\"La delegada territorial de Empleo, Empresa y Trabajo Aut\u00f3nomo, M.\u00aa Dolores G\u00e1lvez, ha mantenido un encuentro con el presidente de [&hellip;]\" \/>\n<meta property=\"og:url\" content=\"https:\/\/ajeandalucia.org\/cordoba\/2024\/07\/15\/aje-cordoba-se-reune-con-la-delegada-de-empleo\/\" \/>\n<meta property=\"og:site_name\" content=\"AJE C\u00f3rdoba\" \/>\n<meta property=\"article:published_time\" content=\"2024-07-15T07:21:09+00:00\" \/>\n<meta property=\"og:image\" content=\"https:\/\/ajeandalucia.org\/cordoba\/wp-content\/uploads\/sites\/6\/2024\/07\/WhatsApp-Image-2024-07-12-at-13.32.16.jpeg\" \/>\n\t<meta property=\"og:image:width\" content=\"1600\" \/>\n\t<meta property=\"og:image:height\" content=\"1063\" \/>\n\t<meta property=\"og:image:type\" content=\"image\/jpeg\" \/>\n<meta name=\"author\" content=\"cordoba\" \/>\n<meta name=\"twitter:card\" content=\"summary_large_image\" \/>\n<meta name=\"twitter:label1\" content=\"Escrito por\" \/>\n\t<meta name=\"twitter:data1\" content=\"cordoba\" \/>\n\t<meta name=\"twitter:label2\" content=\"Tiempo de lectura\" \/>\n\t<meta name=\"twitter:data2\" content=\"1 minuto\" \/>\n<script type=\"application\/ld+json\" class=\"yoast-schema-graph\">{\"@context\":\"https:\/\/schema.org\",\"@graph\":[{\"@type\":\"Article\",\"@id\":\"https:\/\/ajeandalucia.org\/cordoba\/2024\/07\/15\/aje-cordoba-se-reune-con-la-delegada-de-empleo\/#article\",\"isPartOf\":{\"@id\":\"https:\/\/ajeandalucia.org\/cordoba\/2024\/07\/15\/aje-cordoba-se-reune-con-la-delegada-de-empleo\/\"},\"author\":{\"name\":\"cordoba\",\"@id\":\"https:\/\/ajeandalucia.org\/cordoba\/#\/schema\/person\/1d19f90c44baad3b3701f8af33c2f520\"},\"headline\":\"AJE C\u00f3rdoba se re\u00fane con la Delegada de Empleo\",\"datePublished\":\"2024-07-15T07:21:09+00:00\",\"mainEntityOfPage\":{\"@id\":\"https:\/\/ajeandalucia.org\/cordoba\/2024\/07\/15\/aje-cordoba-se-reune-con-la-delegada-de-empleo\/\"},\"wordCount\":270,\"commentCount\":0,\"publisher\":{\"@id\":\"https:\/\/ajeandalucia.org\/cordoba\/#organization\"},\"image\":{\"@id\":\"https:\/\/ajeandalucia.org\/cordoba\/2024\/07\/15\/aje-cordoba-se-reune-con-la-delegada-de-empleo\/#primaryimage\"},\"thumbnailUrl\":\"https:\/\/ajeandalucia.org\/cordoba\/wp-content\/uploads\/sites\/6\/2024\/07\/WhatsApp-Image-2024-07-12-at-13.32.16.jpeg\",\"articleSection\":[\"Noticias\"],\"inLanguage\":\"es\",\"potentialAction\":[{\"@type\":\"CommentAction\",\"name\":\"Comment\",\"target\":[\"https:\/\/ajeandalucia.org\/cordoba\/2024\/07\/15\/aje-cordoba-se-reune-con-la-delegada-de-empleo\/#respond\"]}]},{\"@type\":\"WebPage\",\"@id\":\"https:\/\/ajeandalucia.org\/cordoba\/2024\/07\/15\/aje-cordoba-se-reune-con-la-delegada-de-empleo\/\",\"url\":\"https:\/\/ajeandalucia.org\/cordoba\/2024\/07\/15\/aje-cordoba-se-reune-con-la-delegada-de-empleo\/\",\"name\":\"AJE C\u00f3rdoba se re\u00fane con la Delegada de Empleo - AJE C\u00f3rdoba\",\"isPartOf\":{\"@id\":\"https:\/\/ajeandalucia.org\/cordoba\/#website\"},\"primaryImageOfPage\":{\"@id\":\"https:\/\/ajeandalucia.org\/cordoba\/2024\/07\/15\/aje-cordoba-se-reune-con-la-delegada-de-empleo\/#primaryimage\"},\"image\":{\"@id\":\"https:\/\/ajeandalucia.org\/cordoba\/2024\/07\/15\/aje-cordoba-se-reune-con-la-delegada-de-empleo\/#primaryimage\"},\"thumbnailUrl\":\"https:\/\/ajeandalucia.org\/cordoba\/wp-content\/uploads\/sites\/6\/2024\/07\/WhatsApp-Image-2024-07-12-at-13.32.16.jpeg\",\"datePublished\":\"2024-07-15T07:21:09+00:00\",\"breadcrumb\":{\"@id\":\"https:\/\/ajeandalucia.org\/cordoba\/2024\/07\/15\/aje-cordoba-se-reune-con-la-delegada-de-empleo\/#breadcrumb\"},\"inLanguage\":\"es\",\"potentialAction\":[{\"@type\":\"ReadAction\",\"target\":[\"https:\/\/ajeandalucia.org\/cordoba\/2024\/07\/15\/aje-cordoba-se-reune-con-la-delegada-de-empleo\/\"]}]},{\"@type\":\"ImageObject\",\"inLanguage\":\"es\",\"@id\":\"https:\/\/ajeandalucia.org\/cordoba\/2024\/07\/15\/aje-cordoba-se-reune-con-la-delegada-de-empleo\/#primaryimage\",\"url\":\"https:\/\/ajeandalucia.org\/cordoba\/wp-content\/uploads\/sites\/6\/2024\/07\/WhatsApp-Image-2024-07-12-at-13.32.16.jpeg\",\"contentUrl\":\"https:\/\/ajeandalucia.org\/cordoba\/wp-content\/uploads\/sites\/6\/2024\/07\/WhatsApp-Image-2024-07-12-at-13.32.16.jpeg\",\"width\":1600,\"height\":1063},{\"@type\":\"BreadcrumbList\",\"@id\":\"https:\/\/ajeandalucia.org\/cordoba\/2024\/07\/15\/aje-cordoba-se-reune-con-la-delegada-de-empleo\/#breadcrumb\",\"itemListElement\":[{\"@type\":\"ListItem\",\"position\":1,\"name\":\"Portada\",\"item\":\"https:\/\/ajeandalucia.org\/cordoba\/\"},{\"@type\":\"ListItem\",\"position\":2,\"name\":\"AJE C\u00f3rdoba se re\u00fane con la Delegada de Empleo\"}]},{\"@type\":\"WebSite\",\"@id\":\"https:\/\/ajeandalucia.org\/cordoba\/#website\",\"url\":\"https:\/\/ajeandalucia.org\/cordoba\/\",\"name\":\"AJE C\u00f3rdoba\",\"description\":\"Otro sitio m\u00e1s de AJE Andaluc\u00eda\",\"publisher\":{\"@id\":\"https:\/\/ajeandalucia.org\/cordoba\/#organization\"},\"potentialAction\":[{\"@type\":\"SearchAction\",\"target\":{\"@type\":\"EntryPoint\",\"urlTemplate\":\"https:\/\/ajeandalucia.org\/cordoba\/?s={search_term_string}\"},\"query-input\":{\"@type\":\"PropertyValueSpecification\",\"valueRequired\":true,\"valueName\":\"search_term_string\"}}],\"inLanguage\":\"es\"},{\"@type\":\"Organization\",\"@id\":\"https:\/\/ajeandalucia.org\/cordoba\/#organization\",\"name\":\"AJE C\u00f3rdoba\",\"url\":\"https:\/\/ajeandalucia.org\/cordoba\/\",\"logo\":{\"@type\":\"ImageObject\",\"inLanguage\":\"es\",\"@id\":\"https:\/\/ajeandalucia.org\/cordoba\/#\/schema\/logo\/image\/\",\"url\":\"https:\/\/ajeandalucia.org\/cordoba\/wp-content\/uploads\/sites\/6\/2025\/01\/AJE-CORDOBA-horizontal.png\",\"contentUrl\":\"https:\/\/ajeandalucia.org\/cordoba\/wp-content\/uploads\/sites\/6\/2025\/01\/AJE-CORDOBA-horizontal.png\",\"width\":605,\"height\":200,\"caption\":\"AJE C\u00f3rdoba\"},\"image\":{\"@id\":\"https:\/\/ajeandalucia.org\/cordoba\/#\/schema\/logo\/image\/\"}},{\"@type\":\"Person\",\"@id\":\"https:\/\/ajeandalucia.org\/cordoba\/#\/schema\/person\/1d19f90c44baad3b3701f8af33c2f520\",\"name\":\"cordoba\",\"image\":{\"@type\":\"ImageObject\",\"inLanguage\":\"es\",\"@id\":\"https:\/\/ajeandalucia.org\/cordoba\/#\/schema\/person\/image\/\",\"url\":\"https:\/\/secure.gravatar.com\/avatar\/46102d83da7c40efca6d3413931ddaf8470cef93888429af7689de210b9bb6fe?s=96&d=mm&r=g\",\"contentUrl\":\"https:\/\/secure.gravatar.com\/avatar\/46102d83da7c40efca6d3413931ddaf8470cef93888429af7689de210b9bb6fe?s=96&d=mm&r=g\",\"caption\":\"cordoba\"},\"url\":\"https:\/\/ajeandalucia.org\/cordoba\/author\/cordoba\/\"}]}<\/script>\n<!-- \/ Yoast SEO plugin. -->","yoast_head_json":{"title":"AJE C\u00f3rdoba se re\u00fane con la Delegada de Empleo - AJE C\u00f3rdoba","robots":{"index":"index","follow":"follow","max-snippet":"max-snippet:-1","max-image-preview":"max-image-preview:large","max-video-preview":"max-video-preview:-1"},"canonical":"https:\/\/ajeandalucia.org\/cordoba\/2024\/07\/15\/aje-cordoba-se-reune-con-la-delegada-de-empleo\/","og_locale":"es_ES","og_type":"article","og_title":"AJE C\u00f3rdoba se re\u00fane con la Delegada de Empleo - AJE C\u00f3rdoba","og_description":"La delegada territorial de Empleo, Empresa y Trabajo Aut\u00f3nomo, M.\u00aa Dolores G\u00e1lvez, ha mantenido un encuentro con el presidente de [&hellip;]","og_url":"https:\/\/ajeandalucia.org\/cordoba\/2024\/07\/15\/aje-cordoba-se-reune-con-la-delegada-de-empleo\/","og_site_name":"AJE C\u00f3rdoba","article_published_time":"2024-07-15T07:21:09+00:00","og_image":[{"width":1600,"height":1063,"url":"https:\/\/ajeandalucia.org\/cordoba\/wp-content\/uploads\/sites\/6\/2024\/07\/WhatsApp-Image-2024-07-12-at-13.32.16.jpeg","type":"image\/jpeg"}],"author":"cordoba","twitter_card":"summary_large_image","twitter_misc":{"Escrito por":"cordoba","Tiempo de lectura":"1 minuto"},"schema":{"@context":"https:\/\/schema.org","@graph":[{"@type":"Article","@id":"https:\/\/ajeandalucia.org\/cordoba\/2024\/07\/15\/aje-cordoba-se-reune-con-la-delegada-de-empleo\/#article","isPartOf":{"@id":"https:\/\/ajeandalucia.org\/cordoba\/2024\/07\/15\/aje-cordoba-se-reune-con-la-delegada-de-empleo\/"},"author":{"name":"cordoba","@id":"https:\/\/ajeandalucia.org\/cordoba\/#\/schema\/person\/1d19f90c44baad3b3701f8af33c2f520"},"headline":"AJE C\u00f3rdoba se re\u00fane con la Delegada de Empleo","datePublished":"2024-07-15T07:21:09+00:00","mainEntityOfPage":{"@id":"https:\/\/ajeandalucia.org\/cordoba\/2024\/07\/15\/aje-cordoba-se-reune-con-la-delegada-de-empleo\/"},"wordCount":270,"commentCount":0,"publisher":{"@id":"https:\/\/ajeandalucia.org\/cordoba\/#organization"},"image":{"@id":"https:\/\/ajeandalucia.org\/cordoba\/2024\/07\/15\/aje-cordoba-se-reune-con-la-delegada-de-empleo\/#primaryimage"},"thumbnailUrl":"https:\/\/ajeandalucia.org\/cordoba\/wp-content\/uploads\/sites\/6\/2024\/07\/WhatsApp-Image-2024-07-12-at-13.32.16.jpeg","articleSection":["Noticias"],"inLanguage":"es","potentialAction":[{"@type":"CommentAction","name":"Comment","target":["https:\/\/ajeandalucia.org\/cordoba\/2024\/07\/15\/aje-cordoba-se-reune-con-la-delegada-de-empleo\/#respond"]}]},{"@type":"WebPage","@id":"https:\/\/ajeandalucia.org\/cordoba\/2024\/07\/15\/aje-cordoba-se-reune-con-la-delegada-de-empleo\/","url":"https:\/\/ajeandalucia.org\/cordoba\/2024\/07\/15\/aje-cordoba-se-reune-con-la-delegada-de-empleo\/","name":"AJE C\u00f3rdoba se re\u00fane con la Delegada de Empleo - AJE C\u00f3rdoba","isPartOf":{"@id":"https:\/\/ajeandalucia.org\/cordoba\/#website"},"primaryImageOfPage":{"@id":"https:\/\/ajeandalucia.org\/cordoba\/2024\/07\/15\/aje-cordoba-se-reune-con-la-delegada-de-empleo\/#primaryimage"},"image":{"@id":"https:\/\/ajeandalucia.org\/cordoba\/2024\/07\/15\/aje-cordoba-se-reune-con-la-delegada-de-empleo\/#primaryimage"},"thumbnailUrl":"https:\/\/ajeandalucia.org\/cordoba\/wp-content\/uploads\/sites\/6\/2024\/07\/WhatsApp-Image-2024-07-12-at-13.32.16.jpeg","datePublished":"2024-07-15T07:21:09+00:00","breadcrumb":{"@id":"https:\/\/ajeandalucia.org\/cordoba\/2024\/07\/15\/aje-cordoba-se-reune-con-la-delegada-de-empleo\/#breadcrumb"},"inLanguage":"es","potentialAction":[{"@type":"ReadAction","target":["https:\/\/ajeandalucia.org\/cordoba\/2024\/07\/15\/aje-cordoba-se-reune-con-la-delegada-de-empleo\/"]}]},{"@type":"ImageObject","inLanguage":"es","@id":"https:\/\/ajeandalucia.org\/cordoba\/2024\/07\/15\/aje-cordoba-se-reune-con-la-delegada-de-empleo\/#primaryimage","url":"https:\/\/ajeandalucia.org\/cordoba\/wp-content\/uploads\/sites\/6\/2024\/07\/WhatsApp-Image-2024-07-12-at-13.32.16.jpeg","contentUrl":"https:\/\/ajeandalucia.org\/cordoba\/wp-content\/uploads\/sites\/6\/2024\/07\/WhatsApp-Image-2024-07-12-at-13.32.16.jpeg","width":1600,"height":1063},{"@type":"BreadcrumbList","@id":"https:\/\/ajeandalucia.org\/cordoba\/2024\/07\/15\/aje-cordoba-se-reune-con-la-delegada-de-empleo\/#breadcrumb","itemListElement":[{"@type":"ListItem","position":1,"name":"Portada","item":"https:\/\/ajeandalucia.org\/cordoba\/"},{"@type":"ListItem","position":2,"name":"AJE C\u00f3rdoba se re\u00fane con la Delegada de Empleo"}]},{"@type":"WebSite","@id":"https:\/\/ajeandalucia.org\/cordoba\/#website","url":"https:\/\/ajeandalucia.org\/cordoba\/","name":"AJE C\u00f3rdoba","description":"Otro sitio m\u00e1s de AJE Andaluc\u00eda","publisher":{"@id":"https:\/\/ajeandalucia.org\/cordoba\/#organization"},"potentialAction":[{"@type":"SearchAction","target":{"@type":"EntryPoint","urlTemplate":"https:\/\/ajeandalucia.org\/cordoba\/?s={search_term_string}"},"query-input":{"@type":"PropertyValueSpecification","valueRequired":true,"valueName":"search_term_string"}}],"inLanguage":"es"},{"@type":"Organization","@id":"https:\/\/ajeandalucia.org\/cordoba\/#organization","name":"AJE C\u00f3rdoba","url":"https:\/\/ajeandalucia.org\/cordoba\/","logo":{"@type":"ImageObject","inLanguage":"es","@id":"https:\/\/ajeandalucia.org\/cordoba\/#\/schema\/logo\/image\/","url":"https:\/\/ajeandalucia.org\/cordoba\/wp-content\/uploads\/sites\/6\/2025\/01\/AJE-CORDOBA-horizontal.png","contentUrl":"https:\/\/ajeandalucia.org\/cordoba\/wp-content\/uploads\/sites\/6\/2025\/01\/AJE-CORDOBA-horizontal.png","width":605,"height":200,"caption":"AJE C\u00f3rdoba"},"image":{"@id":"https:\/\/ajeandalucia.org\/cordoba\/#\/schema\/logo\/image\/"}},{"@type":"Person","@id":"https:\/\/ajeandalucia.org\/cordoba\/#\/schema\/person\/1d19f90c44baad3b3701f8af33c2f520","name":"cordoba","image":{"@type":"ImageObject","inLanguage":"es","@id":"https:\/\/ajeandalucia.org\/cordoba\/#\/schema\/person\/image\/","url":"https:\/\/secure.gravatar.com\/avatar\/46102d83da7c40efca6d3413931ddaf8470cef93888429af7689de210b9bb6fe?s=96&d=mm&r=g","contentUrl":"https:\/\/secure.gravatar.com\/avatar\/46102d83da7c40efca6d3413931ddaf8470cef93888429af7689de210b9bb6fe?s=96&d=mm&r=g","caption":"cordoba"},"url":"https:\/\/ajeandalucia.org\/cordoba\/author\/cordoba\/"}]}},"_links":{"self":[{"href":"https:\/\/ajeandalucia.org\/cordoba\/wp-json\/wp\/v2\/posts\/8428","targetHints":{"allow":["GET"]}}],"collection":[{"href":"https:\/\/ajeandalucia.org\/cordoba\/wp-json\/wp\/v2\/posts"}],"about":[{"href":"https:\/\/ajeandalucia.org\/cordoba\/wp-json\/wp\/v2\/types\/post"}],"author":[{"embeddable":true,"href":"https:\/\/ajeandalucia.org\/cordoba\/wp-json\/wp\/v2\/users\/5"}],"replies":[{"embeddable":true,"href":"https:\/\/ajeandalucia.org\/cordoba\/wp-json\/wp\/v2\/comments?post=8428"}],"version-history":[{"count":1,"href":"https:\/\/ajeandalucia.org\/cordoba\/wp-json\/wp\/v2\/posts\/8428\/revisions"}],"predecessor-version":[{"id":8430,"href":"https:\/\/ajeandalucia.org\/cordoba\/wp-json\/wp\/v2\/posts\/8428\/revisions\/8430"}],"wp:featuredmedia":[{"embeddable":true,"href":"https:\/\/ajeandalucia.org\/cordoba\/wp-json\/wp\/v2\/media\/8429"}],"wp:attachment":[{"href":"https:\/\/ajeandalucia.org\/cordoba\/wp-json\/wp\/v2\/media?parent=8428"}],"wp:term":[{"taxonomy":"category","embeddable":true,"href":"https:\/\/ajeandalucia.org\/cordoba\/wp-json\/wp\/v2\/categories?post=8428"},{"taxonomy":"post_tag","embeddable":true,"href":"https:\/\/ajeandalucia.org\/cordoba\/wp-json\/wp\/v2\/tags?post=8428"}],"curies":[{"name":"wp","href":"https:\/\/api.w.org\/{rel}","templated":true}]}}