{"id":8547,"date":"2024-08-17T09:02:46","date_gmt":"2024-08-17T09:02:46","guid":{"rendered":"https:\/\/www.ajeandalucia.org\/cordoba\/?p=8547"},"modified":"2024-09-02T09:06:50","modified_gmt":"2024-09-02T09:06:50","slug":"aje-cordoba-se-reune-con-el-imdeec","status":"publish","type":"post","link":"https:\/\/ajeandalucia.org\/cordoba\/2024\/08\/17\/aje-cordoba-se-reune-con-el-imdeec\/","title":{"rendered":"AJE CORDOBA SE REUNE CON EL IMDEEC"},"content":{"rendered":"<p>La presidenta del IMDEEC y la\u00a0 junta directiva de AJE C\u00f3rdoba analizan las necesidades y recursos para impulsar el emprendimiento en el municipio<\/p>\n<p>La concejal delegada de Econom\u00eda y Empleo del Ayuntamiento de C\u00f3rdoba y presidenta del Instituto Municipal de Desarrollo Econ\u00f3mico y Empleo, Blanca Torrent, se ha reunido con el presidente de la Asociaci\u00f3n de J\u00f3venes Empresarios de C\u00f3rdoba, V\u00edctor Mac\u00edas, y con su nueva junta directiva para analizar las necesidades de los emprendedores del municipio y los recursos que tiene el IMDEEC para impulsar la creaci\u00f3n de nuevas empresas y el mantenimiento y crecimiento del tejido productivo y laboral.<br \/>\nUno de los principales ejes de trabajo del IMDEEC y AJE C\u00f3rdoba es ayudar a que las empresas de reciente creaci\u00f3n se consoliden y mejoren su pervivencia en el mercado, puesto que muchas desaparecen a los tres o cinco a\u00f1os al no poder soportar el coste de sus gastos anuales.<br \/>\n\u201cEn el IMDEEC ofrecemos asesoramiento, ayudas econ\u00f3micas para la fase de lanzamiento, espacios de alojamiento en alquiler subvencionado o programas gratuitos de aceleraci\u00f3n de startups tecnol\u00f3gicas y proyectos bio para que el ecosistema emprendedor de C\u00f3rdoba contin\u00fae creciendo -ha se\u00f1alado Blanca Torrent-. Pero tambi\u00e9n trabajamos con las empresas consolidadas del municipio, para mejorar su competitividad y posibilidades de supervivencia\u201d.<br \/>\nUn ejemplo es la nueva convocatoria de incentivos Crece e Innova del Instituto Municipal, \u201ccon la que estamos mejorando las posibilidades de financiaci\u00f3n del tejido productivo local y apoyamos la innovaci\u00f3n, la transformaci\u00f3n digital y la expansi\u00f3n e internacionalizaci\u00f3n de mercados de los sectores de la moda, la joyer\u00eda y sector primario. Unas ayudas que el pr\u00f3ximo a\u00f1o abriremos a otros sectores estrat\u00e9gicos de la econom\u00eda local\u201d. El IMDEEC tambi\u00e9n financia, con sus distintas subvenciones, la contrataci\u00f3n de nuevo personal y la mejora de las competencias de los recursos humanos, permitiendo que las empresas de C\u00f3rdoba desarrollen planes formativos a la medida de sus necesidades reales.<br \/>\nPor otro lado, IMDEEC y AJE C\u00f3rdoba est\u00e1n trabajando conjuntamente en la promoci\u00f3n del tejido empresarial local y en el impulso al emprendimiento juvenil. Gracias a las Subvenciones para Entidades sin \u00c1nimo de Lucro del Instituto Municipal, la asociaci\u00f3n empresarial est\u00e1 organizando encuentros entre estudiantes universitarios y de grados formativos y empresarios consolidados de C\u00f3rdoba, para trasladar a los primeros sus experiencias e informaci\u00f3n para poner en marcha nuevas l\u00edneas de negocio.<br \/>\nY prepara, asimismo, la sexta edici\u00f3n del Foro Ecommerce C\u00f3rdoba para el pr\u00f3ximo 18 de octubre: una jornada que se convertir\u00e1 en punto de encuentro entre establecimientos, desarrolladores web, agencias de m\u00e1rketing o firmas log\u00edsticas con el fin de poner en valor la importancia del comercio electr\u00f3nico en la econom\u00eda local y mostrar las claves para gestionar un negocio a trav\u00e9s de Internet.<br \/>\n\u201cEl comercio electr\u00f3nico est\u00e1 transformando la manera en la que se compra y se vende, permitiendo el acceso a nuevos mercados y ofreciendo mayor flexibilidad, escalabilidad, personalizaci\u00f3n o an\u00e1lisis de datos. Pero tambi\u00e9n abre nuevas v\u00edas para el emprendimiento y la creaci\u00f3n de nuevas empresas tecnol\u00f3gicas, que ofrecen las plataformas y servicios necesarios para impulsar el sector. En C\u00f3rdoba tenemos tambi\u00e9n un gran potencial, con referentes tecnol\u00f3gicos a nivel nacional e internacional que est\u00e1n ayudando a transformar nuestro tejido econ\u00f3mico\u201d, ha se\u00f1alado Blanca Torrent.<br \/>\n\u201cPara AJE C\u00f3rdoba, la colaboraci\u00f3n con el IMDEEC es una iniciativa muy prometedora y llena de potencial, ya que nos permite organizar proyectos de inter\u00e9s para emprendedores y empresarios y seguir trabajando en la creaci\u00f3n de un entorno favorable al emprendimiento, lleno de oportunidades y con un apoyo integral a los j\u00f3venes empresarios\u201d, ha destacado V\u00edctor Mac\u00edas, presidente de la entidad. Las acciones que AJE C\u00f3rdoba est\u00e1 poniendo en marcha gracias al respaldo del IMDEEC, \u201cfacilitar\u00e1n el crecimiento de nuevas empresas, porque vamos a proporcionar recursos y apoyo a los j\u00f3venes emprendedores para desarrollar y escalar sus ideas. Y tambi\u00e9n trabajaremos para fomentar una cultura emprendedora, que valore y promueva el emprendimiento y que inspire a m\u00e1s j\u00f3venes a iniciar sus propios negocios\u201d.<\/p>\n<p>&nbsp;<\/p>\n","protected":false},"excerpt":{"rendered":"<p>La presidenta del IMDEEC y la\u00a0 junta directiva de AJE C\u00f3rdoba analizan las necesidades y recursos para impulsar el emprendimiento [&hellip;]<\/p>\n","protected":false},"author":5,"featured_media":8548,"comment_status":"open","ping_status":"open","sticky":false,"template":"","format":"standard","meta":{"_acf_changed":false,"site-sidebar-layout":"default","site-content-layout":"","ast-site-content-layout":"default","site-content-style":"default","site-sidebar-style":"default","ast-global-header-display":"","ast-banner-title-visibility":"","ast-main-header-display":"","ast-hfb-above-header-display":"","ast-hfb-below-header-display":"","ast-hfb-mobile-header-display":"","site-post-title":"","ast-breadcrumbs-content":"","ast-featured-img":"","footer-sml-layout":"","ast-disable-related-posts":"","theme-transparent-header-meta":"","adv-header-id-meta":"","stick-header-meta":"","header-above-stick-meta":"","header-main-stick-meta":"","header-below-stick-meta":"","astra-migrate-meta-layouts":"default","ast-page-background-enabled":"default","ast-page-background-meta":{"desktop":{"background-color":"var(--ast-global-color-5)","background-image":"","background-repeat":"repeat","background-position":"center center","background-size":"auto","background-attachment":"scroll","background-type":"","background-media":"","overlay-type":"","overlay-color":"","overlay-opacity":"","overlay-gradient":""},"tablet":{"background-color":"","background-image":"","background-repeat":"repeat","background-position":"center center","background-size":"auto","background-attachment":"scroll","background-type":"","background-media":"","overlay-type":"","overlay-color":"","overlay-opacity":"","overlay-gradient":""},"mobile":{"background-color":"","background-image":"","background-repeat":"repeat","background-position":"center center","background-size":"auto","background-attachment":"scroll","background-type":"","background-media":"","overlay-type":"","overlay-color":"","overlay-opacity":"","overlay-gradient":""}},"ast-content-background-meta":{"desktop":{"background-color":"var(--ast-global-color-4)","background-image":"","background-repeat":"repeat","background-position":"center center","background-size":"auto","background-attachment":"scroll","background-type":"","background-media":"","overlay-type":"","overlay-color":"","overlay-opacity":"","overlay-gradient":""},"tablet":{"background-color":"var(--ast-global-color-4)","background-image":"","background-repeat":"repeat","background-position":"center center","background-size":"auto","background-attachment":"scroll","background-type":"","background-media":"","overlay-type":"","overlay-color":"","overlay-opacity":"","overlay-gradient":""},"mobile":{"background-color":"var(--ast-global-color-4)","background-image":"","background-repeat":"repeat","background-position":"center center","background-size":"auto","background-attachment":"scroll","background-type":"","background-media":"","overlay-type":"","overlay-color":"","overlay-opacity":"","overlay-gradient":""}},"footnotes":""},"categories":[8],"tags":[],"class_list":["post-8547","post","type-post","status-publish","format-standard","has-post-thumbnail","hentry","category-noticias"],"acf":[],"yoast_head":"<!-- This site is optimized with the Yoast SEO plugin v26.9 - https:\/\/yoast.com\/product\/yoast-seo-wordpress\/ -->\n<title>AJE CORDOBA SE REUNE CON EL IMDEEC - AJE C\u00f3rdoba<\/title>\n<meta name=\"robots\" content=\"index, follow, max-snippet:-1, max-image-preview:large, max-video-preview:-1\" \/>\n<link rel=\"canonical\" href=\"https:\/\/ajeandalucia.org\/cordoba\/2024\/08\/17\/aje-cordoba-se-reune-con-el-imdeec\/\" \/>\n<meta property=\"og:locale\" content=\"es_ES\" \/>\n<meta property=\"og:type\" content=\"article\" \/>\n<meta property=\"og:title\" content=\"AJE CORDOBA SE REUNE CON EL IMDEEC - AJE C\u00f3rdoba\" \/>\n<meta property=\"og:description\" content=\"La presidenta del IMDEEC y la\u00a0 junta directiva de AJE C\u00f3rdoba analizan las necesidades y recursos para impulsar el emprendimiento [&hellip;]\" \/>\n<meta property=\"og:url\" content=\"https:\/\/ajeandalucia.org\/cordoba\/2024\/08\/17\/aje-cordoba-se-reune-con-el-imdeec\/\" \/>\n<meta property=\"og:site_name\" content=\"AJE C\u00f3rdoba\" \/>\n<meta property=\"article:published_time\" content=\"2024-08-17T09:02:46+00:00\" \/>\n<meta property=\"article:modified_time\" content=\"2024-09-02T09:06:50+00:00\" \/>\n<meta property=\"og:image\" content=\"https:\/\/ajeandalucia.org\/cordoba\/wp-content\/uploads\/sites\/6\/2024\/09\/456011778_841965188121296_2075440385312198217_n.jpg\" \/>\n\t<meta property=\"og:image:width\" content=\"1280\" \/>\n\t<meta property=\"og:image:height\" content=\"961\" \/>\n\t<meta property=\"og:image:type\" content=\"image\/jpeg\" \/>\n<meta name=\"author\" content=\"cordoba\" \/>\n<meta name=\"twitter:card\" content=\"summary_large_image\" \/>\n<meta name=\"twitter:label1\" content=\"Escrito por\" \/>\n\t<meta name=\"twitter:data1\" content=\"cordoba\" \/>\n\t<meta name=\"twitter:label2\" content=\"Tiempo de lectura\" \/>\n\t<meta name=\"twitter:data2\" content=\"4 minutos\" \/>\n<script type=\"application\/ld+json\" class=\"yoast-schema-graph\">{\"@context\":\"https:\/\/schema.org\",\"@graph\":[{\"@type\":\"Article\",\"@id\":\"https:\/\/ajeandalucia.org\/cordoba\/2024\/08\/17\/aje-cordoba-se-reune-con-el-imdeec\/#article\",\"isPartOf\":{\"@id\":\"https:\/\/ajeandalucia.org\/cordoba\/2024\/08\/17\/aje-cordoba-se-reune-con-el-imdeec\/\"},\"author\":{\"name\":\"cordoba\",\"@id\":\"https:\/\/ajeandalucia.org\/cordoba\/#\/schema\/person\/1d19f90c44baad3b3701f8af33c2f520\"},\"headline\":\"AJE CORDOBA SE REUNE CON EL IMDEEC\",\"datePublished\":\"2024-08-17T09:02:46+00:00\",\"dateModified\":\"2024-09-02T09:06:50+00:00\",\"mainEntityOfPage\":{\"@id\":\"https:\/\/ajeandalucia.org\/cordoba\/2024\/08\/17\/aje-cordoba-se-reune-con-el-imdeec\/\"},\"wordCount\":739,\"commentCount\":0,\"publisher\":{\"@id\":\"https:\/\/ajeandalucia.org\/cordoba\/#organization\"},\"image\":{\"@id\":\"https:\/\/ajeandalucia.org\/cordoba\/2024\/08\/17\/aje-cordoba-se-reune-con-el-imdeec\/#primaryimage\"},\"thumbnailUrl\":\"https:\/\/ajeandalucia.org\/cordoba\/wp-content\/uploads\/sites\/6\/2024\/09\/456011778_841965188121296_2075440385312198217_n.jpg\",\"articleSection\":[\"Noticias\"],\"inLanguage\":\"es\",\"potentialAction\":[{\"@type\":\"CommentAction\",\"name\":\"Comment\",\"target\":[\"https:\/\/ajeandalucia.org\/cordoba\/2024\/08\/17\/aje-cordoba-se-reune-con-el-imdeec\/#respond\"]}]},{\"@type\":\"WebPage\",\"@id\":\"https:\/\/ajeandalucia.org\/cordoba\/2024\/08\/17\/aje-cordoba-se-reune-con-el-imdeec\/\",\"url\":\"https:\/\/ajeandalucia.org\/cordoba\/2024\/08\/17\/aje-cordoba-se-reune-con-el-imdeec\/\",\"name\":\"AJE CORDOBA SE REUNE CON EL IMDEEC - AJE C\u00f3rdoba\",\"isPartOf\":{\"@id\":\"https:\/\/ajeandalucia.org\/cordoba\/#website\"},\"primaryImageOfPage\":{\"@id\":\"https:\/\/ajeandalucia.org\/cordoba\/2024\/08\/17\/aje-cordoba-se-reune-con-el-imdeec\/#primaryimage\"},\"image\":{\"@id\":\"https:\/\/ajeandalucia.org\/cordoba\/2024\/08\/17\/aje-cordoba-se-reune-con-el-imdeec\/#primaryimage\"},\"thumbnailUrl\":\"https:\/\/ajeandalucia.org\/cordoba\/wp-content\/uploads\/sites\/6\/2024\/09\/456011778_841965188121296_2075440385312198217_n.jpg\",\"datePublished\":\"2024-08-17T09:02:46+00:00\",\"dateModified\":\"2024-09-02T09:06:50+00:00\",\"breadcrumb\":{\"@id\":\"https:\/\/ajeandalucia.org\/cordoba\/2024\/08\/17\/aje-cordoba-se-reune-con-el-imdeec\/#breadcrumb\"},\"inLanguage\":\"es\",\"potentialAction\":[{\"@type\":\"ReadAction\",\"target\":[\"https:\/\/ajeandalucia.org\/cordoba\/2024\/08\/17\/aje-cordoba-se-reune-con-el-imdeec\/\"]}]},{\"@type\":\"ImageObject\",\"inLanguage\":\"es\",\"@id\":\"https:\/\/ajeandalucia.org\/cordoba\/2024\/08\/17\/aje-cordoba-se-reune-con-el-imdeec\/#primaryimage\",\"url\":\"https:\/\/ajeandalucia.org\/cordoba\/wp-content\/uploads\/sites\/6\/2024\/09\/456011778_841965188121296_2075440385312198217_n.jpg\",\"contentUrl\":\"https:\/\/ajeandalucia.org\/cordoba\/wp-content\/uploads\/sites\/6\/2024\/09\/456011778_841965188121296_2075440385312198217_n.jpg\",\"width\":1280,\"height\":961},{\"@type\":\"BreadcrumbList\",\"@id\":\"https:\/\/ajeandalucia.org\/cordoba\/2024\/08\/17\/aje-cordoba-se-reune-con-el-imdeec\/#breadcrumb\",\"itemListElement\":[{\"@type\":\"ListItem\",\"position\":1,\"name\":\"Portada\",\"item\":\"https:\/\/ajeandalucia.org\/cordoba\/\"},{\"@type\":\"ListItem\",\"position\":2,\"name\":\"AJE CORDOBA SE REUNE CON EL IMDEEC\"}]},{\"@type\":\"WebSite\",\"@id\":\"https:\/\/ajeandalucia.org\/cordoba\/#website\",\"url\":\"https:\/\/ajeandalucia.org\/cordoba\/\",\"name\":\"AJE C\u00f3rdoba\",\"description\":\"Otro sitio m\u00e1s de AJE Andaluc\u00eda\",\"publisher\":{\"@id\":\"https:\/\/ajeandalucia.org\/cordoba\/#organization\"},\"potentialAction\":[{\"@type\":\"SearchAction\",\"target\":{\"@type\":\"EntryPoint\",\"urlTemplate\":\"https:\/\/ajeandalucia.org\/cordoba\/?s={search_term_string}\"},\"query-input\":{\"@type\":\"PropertyValueSpecification\",\"valueRequired\":true,\"valueName\":\"search_term_string\"}}],\"inLanguage\":\"es\"},{\"@type\":\"Organization\",\"@id\":\"https:\/\/ajeandalucia.org\/cordoba\/#organization\",\"name\":\"AJE C\u00f3rdoba\",\"url\":\"https:\/\/ajeandalucia.org\/cordoba\/\",\"logo\":{\"@type\":\"ImageObject\",\"inLanguage\":\"es\",\"@id\":\"https:\/\/ajeandalucia.org\/cordoba\/#\/schema\/logo\/image\/\",\"url\":\"https:\/\/ajeandalucia.org\/cordoba\/wp-content\/uploads\/sites\/6\/2025\/01\/AJE-CORDOBA-horizontal.png\",\"contentUrl\":\"https:\/\/ajeandalucia.org\/cordoba\/wp-content\/uploads\/sites\/6\/2025\/01\/AJE-CORDOBA-horizontal.png\",\"width\":605,\"height\":200,\"caption\":\"AJE C\u00f3rdoba\"},\"image\":{\"@id\":\"https:\/\/ajeandalucia.org\/cordoba\/#\/schema\/logo\/image\/\"}},{\"@type\":\"Person\",\"@id\":\"https:\/\/ajeandalucia.org\/cordoba\/#\/schema\/person\/1d19f90c44baad3b3701f8af33c2f520\",\"name\":\"cordoba\",\"image\":{\"@type\":\"ImageObject\",\"inLanguage\":\"es\",\"@id\":\"https:\/\/ajeandalucia.org\/cordoba\/#\/schema\/person\/image\/\",\"url\":\"https:\/\/secure.gravatar.com\/avatar\/46102d83da7c40efca6d3413931ddaf8470cef93888429af7689de210b9bb6fe?s=96&d=mm&r=g\",\"contentUrl\":\"https:\/\/secure.gravatar.com\/avatar\/46102d83da7c40efca6d3413931ddaf8470cef93888429af7689de210b9bb6fe?s=96&d=mm&r=g\",\"caption\":\"cordoba\"},\"url\":\"https:\/\/ajeandalucia.org\/cordoba\/author\/cordoba\/\"}]}<\/script>\n<!-- \/ Yoast SEO plugin. -->","yoast_head_json":{"title":"AJE CORDOBA SE REUNE CON EL IMDEEC - AJE C\u00f3rdoba","robots":{"index":"index","follow":"follow","max-snippet":"max-snippet:-1","max-image-preview":"max-image-preview:large","max-video-preview":"max-video-preview:-1"},"canonical":"https:\/\/ajeandalucia.org\/cordoba\/2024\/08\/17\/aje-cordoba-se-reune-con-el-imdeec\/","og_locale":"es_ES","og_type":"article","og_title":"AJE CORDOBA SE REUNE CON EL IMDEEC - AJE C\u00f3rdoba","og_description":"La presidenta del IMDEEC y la\u00a0 junta directiva de AJE C\u00f3rdoba analizan las necesidades y recursos para impulsar el emprendimiento [&hellip;]","og_url":"https:\/\/ajeandalucia.org\/cordoba\/2024\/08\/17\/aje-cordoba-se-reune-con-el-imdeec\/","og_site_name":"AJE C\u00f3rdoba","article_published_time":"2024-08-17T09:02:46+00:00","article_modified_time":"2024-09-02T09:06:50+00:00","og_image":[{"width":1280,"height":961,"url":"https:\/\/ajeandalucia.org\/cordoba\/wp-content\/uploads\/sites\/6\/2024\/09\/456011778_841965188121296_2075440385312198217_n.jpg","type":"image\/jpeg"}],"author":"cordoba","twitter_card":"summary_large_image","twitter_misc":{"Escrito por":"cordoba","Tiempo de lectura":"4 minutos"},"schema":{"@context":"https:\/\/schema.org","@graph":[{"@type":"Article","@id":"https:\/\/ajeandalucia.org\/cordoba\/2024\/08\/17\/aje-cordoba-se-reune-con-el-imdeec\/#article","isPartOf":{"@id":"https:\/\/ajeandalucia.org\/cordoba\/2024\/08\/17\/aje-cordoba-se-reune-con-el-imdeec\/"},"author":{"name":"cordoba","@id":"https:\/\/ajeandalucia.org\/cordoba\/#\/schema\/person\/1d19f90c44baad3b3701f8af33c2f520"},"headline":"AJE CORDOBA SE REUNE CON EL IMDEEC","datePublished":"2024-08-17T09:02:46+00:00","dateModified":"2024-09-02T09:06:50+00:00","mainEntityOfPage":{"@id":"https:\/\/ajeandalucia.org\/cordoba\/2024\/08\/17\/aje-cordoba-se-reune-con-el-imdeec\/"},"wordCount":739,"commentCount":0,"publisher":{"@id":"https:\/\/ajeandalucia.org\/cordoba\/#organization"},"image":{"@id":"https:\/\/ajeandalucia.org\/cordoba\/2024\/08\/17\/aje-cordoba-se-reune-con-el-imdeec\/#primaryimage"},"thumbnailUrl":"https:\/\/ajeandalucia.org\/cordoba\/wp-content\/uploads\/sites\/6\/2024\/09\/456011778_841965188121296_2075440385312198217_n.jpg","articleSection":["Noticias"],"inLanguage":"es","potentialAction":[{"@type":"CommentAction","name":"Comment","target":["https:\/\/ajeandalucia.org\/cordoba\/2024\/08\/17\/aje-cordoba-se-reune-con-el-imdeec\/#respond"]}]},{"@type":"WebPage","@id":"https:\/\/ajeandalucia.org\/cordoba\/2024\/08\/17\/aje-cordoba-se-reune-con-el-imdeec\/","url":"https:\/\/ajeandalucia.org\/cordoba\/2024\/08\/17\/aje-cordoba-se-reune-con-el-imdeec\/","name":"AJE CORDOBA SE REUNE CON EL IMDEEC - AJE C\u00f3rdoba","isPartOf":{"@id":"https:\/\/ajeandalucia.org\/cordoba\/#website"},"primaryImageOfPage":{"@id":"https:\/\/ajeandalucia.org\/cordoba\/2024\/08\/17\/aje-cordoba-se-reune-con-el-imdeec\/#primaryimage"},"image":{"@id":"https:\/\/ajeandalucia.org\/cordoba\/2024\/08\/17\/aje-cordoba-se-reune-con-el-imdeec\/#primaryimage"},"thumbnailUrl":"https:\/\/ajeandalucia.org\/cordoba\/wp-content\/uploads\/sites\/6\/2024\/09\/456011778_841965188121296_2075440385312198217_n.jpg","datePublished":"2024-08-17T09:02:46+00:00","dateModified":"2024-09-02T09:06:50+00:00","breadcrumb":{"@id":"https:\/\/ajeandalucia.org\/cordoba\/2024\/08\/17\/aje-cordoba-se-reune-con-el-imdeec\/#breadcrumb"},"inLanguage":"es","potentialAction":[{"@type":"ReadAction","target":["https:\/\/ajeandalucia.org\/cordoba\/2024\/08\/17\/aje-cordoba-se-reune-con-el-imdeec\/"]}]},{"@type":"ImageObject","inLanguage":"es","@id":"https:\/\/ajeandalucia.org\/cordoba\/2024\/08\/17\/aje-cordoba-se-reune-con-el-imdeec\/#primaryimage","url":"https:\/\/ajeandalucia.org\/cordoba\/wp-content\/uploads\/sites\/6\/2024\/09\/456011778_841965188121296_2075440385312198217_n.jpg","contentUrl":"https:\/\/ajeandalucia.org\/cordoba\/wp-content\/uploads\/sites\/6\/2024\/09\/456011778_841965188121296_2075440385312198217_n.jpg","width":1280,"height":961},{"@type":"BreadcrumbList","@id":"https:\/\/ajeandalucia.org\/cordoba\/2024\/08\/17\/aje-cordoba-se-reune-con-el-imdeec\/#breadcrumb","itemListElement":[{"@type":"ListItem","position":1,"name":"Portada","item":"https:\/\/ajeandalucia.org\/cordoba\/"},{"@type":"ListItem","position":2,"name":"AJE CORDOBA SE REUNE CON EL IMDEEC"}]},{"@type":"WebSite","@id":"https:\/\/ajeandalucia.org\/cordoba\/#website","url":"https:\/\/ajeandalucia.org\/cordoba\/","name":"AJE C\u00f3rdoba","description":"Otro sitio m\u00e1s de AJE Andaluc\u00eda","publisher":{"@id":"https:\/\/ajeandalucia.org\/cordoba\/#organization"},"potentialAction":[{"@type":"SearchAction","target":{"@type":"EntryPoint","urlTemplate":"https:\/\/ajeandalucia.org\/cordoba\/?s={search_term_string}"},"query-input":{"@type":"PropertyValueSpecification","valueRequired":true,"valueName":"search_term_string"}}],"inLanguage":"es"},{"@type":"Organization","@id":"https:\/\/ajeandalucia.org\/cordoba\/#organization","name":"AJE C\u00f3rdoba","url":"https:\/\/ajeandalucia.org\/cordoba\/","logo":{"@type":"ImageObject","inLanguage":"es","@id":"https:\/\/ajeandalucia.org\/cordoba\/#\/schema\/logo\/image\/","url":"https:\/\/ajeandalucia.org\/cordoba\/wp-content\/uploads\/sites\/6\/2025\/01\/AJE-CORDOBA-horizontal.png","contentUrl":"https:\/\/ajeandalucia.org\/cordoba\/wp-content\/uploads\/sites\/6\/2025\/01\/AJE-CORDOBA-horizontal.png","width":605,"height":200,"caption":"AJE C\u00f3rdoba"},"image":{"@id":"https:\/\/ajeandalucia.org\/cordoba\/#\/schema\/logo\/image\/"}},{"@type":"Person","@id":"https:\/\/ajeandalucia.org\/cordoba\/#\/schema\/person\/1d19f90c44baad3b3701f8af33c2f520","name":"cordoba","image":{"@type":"ImageObject","inLanguage":"es","@id":"https:\/\/ajeandalucia.org\/cordoba\/#\/schema\/person\/image\/","url":"https:\/\/secure.gravatar.com\/avatar\/46102d83da7c40efca6d3413931ddaf8470cef93888429af7689de210b9bb6fe?s=96&d=mm&r=g","contentUrl":"https:\/\/secure.gravatar.com\/avatar\/46102d83da7c40efca6d3413931ddaf8470cef93888429af7689de210b9bb6fe?s=96&d=mm&r=g","caption":"cordoba"},"url":"https:\/\/ajeandalucia.org\/cordoba\/author\/cordoba\/"}]}},"_links":{"self":[{"href":"https:\/\/ajeandalucia.org\/cordoba\/wp-json\/wp\/v2\/posts\/8547","targetHints":{"allow":["GET"]}}],"collection":[{"href":"https:\/\/ajeandalucia.org\/cordoba\/wp-json\/wp\/v2\/posts"}],"about":[{"href":"https:\/\/ajeandalucia.org\/cordoba\/wp-json\/wp\/v2\/types\/post"}],"author":[{"embeddable":true,"href":"https:\/\/ajeandalucia.org\/cordoba\/wp-json\/wp\/v2\/users\/5"}],"replies":[{"embeddable":true,"href":"https:\/\/ajeandalucia.org\/cordoba\/wp-json\/wp\/v2\/comments?post=8547"}],"version-history":[{"count":1,"href":"https:\/\/ajeandalucia.org\/cordoba\/wp-json\/wp\/v2\/posts\/8547\/revisions"}],"predecessor-version":[{"id":8549,"href":"https:\/\/ajeandalucia.org\/cordoba\/wp-json\/wp\/v2\/posts\/8547\/revisions\/8549"}],"wp:featuredmedia":[{"embeddable":true,"href":"https:\/\/ajeandalucia.org\/cordoba\/wp-json\/wp\/v2\/media\/8548"}],"wp:attachment":[{"href":"https:\/\/ajeandalucia.org\/cordoba\/wp-json\/wp\/v2\/media?parent=8547"}],"wp:term":[{"taxonomy":"category","embeddable":true,"href":"https:\/\/ajeandalucia.org\/cordoba\/wp-json\/wp\/v2\/categories?post=8547"},{"taxonomy":"post_tag","embeddable":true,"href":"https:\/\/ajeandalucia.org\/cordoba\/wp-json\/wp\/v2\/tags?post=8547"}],"curies":[{"name":"wp","href":"https:\/\/api.w.org\/{rel}","templated":true}]}}