{"id":10235,"date":"2013-10-10T12:50:58","date_gmt":"2013-10-10T10:50:58","guid":{"rendered":"http:\/\/www.ajegranada.org\/?p=10235"},"modified":"2013-10-10T12:50:58","modified_gmt":"2013-10-10T10:50:58","slug":"pack-cursos-presenciales-de-gestion-comercial-y-marketing","status":"publish","type":"post","link":"https:\/\/ajeandalucia.org\/granada\/2013\/10\/10\/pack-cursos-presenciales-de-gestion-comercial-y-marketing\/","title":{"rendered":"Pack Cursos presenciales de Gesti\u00f3n Comercial y Marketing"},"content":{"rendered":"<p><a href=\"http:\/\/www.ajegranada.org\/wp-content\/uploads\/2013\/10\/Trajano-Horizontal.jpg\"><img loading=\"lazy\" decoding=\"async\" class=\"size-full wp-image-10238 alignleft\" alt=\"Trajano Horizontal\" src=\"http:\/\/www.ajegranada.org\/wp-content\/uploads\/2013\/10\/Trajano-Horizontal.jpg\" width=\"239\" height=\"103\" \/><\/a>Trajano Centro de Formaci\u00f3n te invita a asistir a los diferentes cursos de Gesti\u00f3n Comercial y Marketing que ha programado para los meses de Octubre y Noviembre, pudi\u00e9ndote beneficiar de un descuento de hasta 50 euros si te inscribes a los tres cursos que presentamos a continuaci\u00f3n:<\/p>\n<ul>\n<li><span style=\"line-height: 16px\"><strong>Marketing Personal, Desarrollando Competencias:\u00a0<\/strong>A trav\u00e9s de herramientas del coaching conocer\u00e1 cuales son las habilidades que le hacen destacar y las que quiere potenciar. Saldr\u00e1 con una estrategia profesional sobre s\u00ed mismo y recibir\u00e1 orientaci\u00f3n y formaci\u00f3n muy pr\u00e1ctica que le permita dirigir su propio plan de marketing personal (D\u00edas\u00a025 de octubre de 16h a 21h y el 26 de octubre de 9h a 14h). <a href=\"http:\/\/www.trajanoformacion.com\/curso\/marketing-personal-desarrollando-competencias\/\">M\u00e1s informaci\u00f3n<\/a><\/span><\/li>\n<\/ul>\n<ul>\n<li><strong>Negociaci\u00f3n Comercial, La inteligencia Comercial:\u00a0\u00a0<\/strong>Aprender\u00e1 las habilidades y herramientas que le permitir\u00e1n comunicarse de manera eficaz, herramientas para orientar, gestionar y trasmitir, un cierre comercial. T\u00e9cnicas y los procesos para incrementar resultados comerciales as\u00ed como, para resolver conflictos de intereses (D\u00edas\u00a022 de noviembre de 16h a 21h y el 23 de noviembre de 9h a 14h) <a href=\"http:\/\/www.trajanoformacion.com\/curso\/la-inteligencia-emocional-para-el-desarrollo-profesional\/\">M\u00e1s informaci\u00f3n<\/a><\/li>\n<\/ul>\n<ul>\n<li><strong>Gesti\u00f3n de Equipos Comerciales, Optimizando Recursos:\u00a0<\/strong>Aprender\u00e1 habilidades y herramientas que le permitir\u00e1n comunicarse de manera eficaz con su equipo, herramientas para orientar, gestionar y trasmitir lo que tiene intenci\u00f3n de comunicar y con la intensidad que lo necesita. C\u00f3mo incrementar resultados comerciales de manera individual y con los equipos que dirige o coordina (D\u00edas\u00a013 de diciembre de 16h a 21h y el 14 de diciembre de 9h a 14h) <a href=\"http:\/\/www.trajanoformacion.com\/curso\/gestion-de-equipos-comerciales-optimizando-recursos\/\">M\u00e1s informaci\u00f3n<\/a><\/li>\n<\/ul>\n<p>El precio final, si te inscribes a los tres cursos es de<strong>\u00a0220 euros<\/strong>, pudi\u00e9ndote beneficiar adem\u00e1s, de un<strong> 5% de descuento si eres antiguo alumno de Trajano, o de \u00a0un 15% en caso de que seas aut\u00f3nomo o desempleado.<\/strong> Formaci\u00f3n bonificable a trav\u00e9s\u00a0a trav\u00e9s de los Cr\u00e9ditos para la Formaci\u00f3n Continua de la<strong> Fundaci\u00f3n Tripartita.<\/strong><\/p>\n<p><strong>Puedes inscribirte remitiendo la ficha que adjuntamos a continuaci\u00f3n a\u00a0formacion@trajanoformacion.com o en la web <a href=\"http:\/\/www.trajanoformacion.com\/\">trajanoformaci\u00f3n.com<\/a><\/strong><\/p>\n<p>[wpfilebase tag=file id=290 tpl=download-button \/]<\/p>\n","protected":false},"excerpt":{"rendered":"<p>Trajano Centro de Formaci\u00f3n te invita a asistir a los diferentes cursos de Gesti\u00f3n Comercial y Marketing que ha programado [&hellip;]<\/p>\n","protected":false},"author":1,"featured_media":9966,"comment_status":"open","ping_status":"open","sticky":false,"template":"","format":"standard","meta":{"_acf_changed":false,"site-sidebar-layout":"default","site-content-layout":"","ast-site-content-layout":"default","site-content-style":"default","site-sidebar-style":"default","ast-global-header-display":"","ast-banner-title-visibility":"","ast-main-header-display":"","ast-hfb-above-header-display":"","ast-hfb-below-header-display":"","ast-hfb-mobile-header-display":"","site-post-title":"","ast-breadcrumbs-content":"","ast-featured-img":"","footer-sml-layout":"","ast-disable-related-posts":"","theme-transparent-header-meta":"","adv-header-id-meta":"","stick-header-meta":"","header-above-stick-meta":"","header-main-stick-meta":"","header-below-stick-meta":"","astra-migrate-meta-layouts":"default","ast-page-background-enabled":"default","ast-page-background-meta":{"desktop":{"background-color":"var(--ast-global-color-5)","background-image":"","background-repeat":"repeat","background-position":"center center","background-size":"auto","background-attachment":"scroll","background-type":"","background-media":"","overlay-type":"","overlay-color":"","overlay-opacity":"","overlay-gradient":""},"tablet":{"background-color":"","background-image":"","background-repeat":"repeat","background-position":"center center","background-size":"auto","background-attachment":"scroll","background-type":"","background-media":"","overlay-type":"","overlay-color":"","overlay-opacity":"","overlay-gradient":""},"mobile":{"background-color":"","background-image":"","background-repeat":"repeat","background-position":"center center","background-size":"auto","background-attachment":"scroll","background-type":"","background-media":"","overlay-type":"","overlay-color":"","overlay-opacity":"","overlay-gradient":""}},"ast-content-background-meta":{"desktop":{"background-color":"var(--ast-global-color-4)","background-image":"","background-repeat":"repeat","background-position":"center center","background-size":"auto","background-attachment":"scroll","background-type":"","background-media":"","overlay-type":"","overlay-color":"","overlay-opacity":"","overlay-gradient":""},"tablet":{"background-color":"var(--ast-global-color-4)","background-image":"","background-repeat":"repeat","background-position":"center center","background-size":"auto","background-attachment":"scroll","background-type":"","background-media":"","overlay-type":"","overlay-color":"","overlay-opacity":"","overlay-gradient":""},"mobile":{"background-color":"var(--ast-global-color-4)","background-image":"","background-repeat":"repeat","background-position":"center center","background-size":"auto","background-attachment":"scroll","background-type":"","background-media":"","overlay-type":"","overlay-color":"","overlay-opacity":"","overlay-gradient":""}},"footnotes":""},"categories":[8],"tags":[191,178,96,95],"class_list":["post-10235","post","type-post","status-publish","format-standard","has-post-thumbnail","hentry","category-noticias","tag-coaching","tag-cursos","tag-formacion-2","tag-marketing-y-diseno"],"acf":[],"yoast_head":"<!-- This site is optimized with the Yoast SEO plugin v26.9 - https:\/\/yoast.com\/product\/yoast-seo-wordpress\/ -->\n<title>Pack Cursos presenciales de Gesti\u00f3n Comercial y Marketing - AJE Granada<\/title>\n<meta name=\"robots\" content=\"index, follow, max-snippet:-1, max-image-preview:large, max-video-preview:-1\" \/>\n<link rel=\"canonical\" href=\"https:\/\/ajeandalucia.org\/granada\/2013\/10\/10\/pack-cursos-presenciales-de-gestion-comercial-y-marketing\/\" \/>\n<meta property=\"og:locale\" content=\"es_ES\" \/>\n<meta property=\"og:type\" content=\"article\" \/>\n<meta property=\"og:title\" content=\"Pack Cursos presenciales de Gesti\u00f3n Comercial y Marketing - AJE Granada\" \/>\n<meta property=\"og:description\" content=\"Trajano Centro de Formaci\u00f3n te invita a asistir a los diferentes cursos de Gesti\u00f3n Comercial y Marketing que ha programado [&hellip;]\" \/>\n<meta property=\"og:url\" content=\"https:\/\/ajeandalucia.org\/granada\/2013\/10\/10\/pack-cursos-presenciales-de-gestion-comercial-y-marketing\/\" \/>\n<meta property=\"og:site_name\" content=\"AJE Granada\" \/>\n<meta property=\"article:published_time\" content=\"2013-10-10T10:50:58+00:00\" \/>\n<meta name=\"twitter:card\" content=\"summary_large_image\" \/>\n<meta name=\"twitter:label1\" content=\"Escrito por\" \/>\n\t<meta name=\"twitter:data1\" content=\"\" \/>\n\t<meta name=\"twitter:label2\" content=\"Tiempo de lectura\" \/>\n\t<meta name=\"twitter:data2\" content=\"2 minutos\" \/>\n<script type=\"application\/ld+json\" class=\"yoast-schema-graph\">{\"@context\":\"https:\/\/schema.org\",\"@graph\":[{\"@type\":\"Article\",\"@id\":\"https:\/\/ajeandalucia.org\/granada\/2013\/10\/10\/pack-cursos-presenciales-de-gestion-comercial-y-marketing\/#article\",\"isPartOf\":{\"@id\":\"https:\/\/ajeandalucia.org\/granada\/2013\/10\/10\/pack-cursos-presenciales-de-gestion-comercial-y-marketing\/\"},\"author\":{\"name\":\"\",\"@id\":\"\"},\"headline\":\"Pack Cursos presenciales de Gesti\u00f3n Comercial y Marketing\",\"datePublished\":\"2013-10-10T10:50:58+00:00\",\"mainEntityOfPage\":{\"@id\":\"https:\/\/ajeandalucia.org\/granada\/2013\/10\/10\/pack-cursos-presenciales-de-gestion-comercial-y-marketing\/\"},\"wordCount\":364,\"commentCount\":0,\"publisher\":{\"@id\":\"https:\/\/ajeandalucia.org\/granada\/#organization\"},\"image\":{\"@id\":\"https:\/\/ajeandalucia.org\/granada\/2013\/10\/10\/pack-cursos-presenciales-de-gestion-comercial-y-marketing\/#primaryimage\"},\"thumbnailUrl\":\"\",\"keywords\":[\"Coaching\",\"Cursos\",\"Formaci\u00f3n\",\"Marketing y dise\u00f1o\"],\"articleSection\":[\"Noticias\"],\"inLanguage\":\"es\",\"potentialAction\":[{\"@type\":\"CommentAction\",\"name\":\"Comment\",\"target\":[\"https:\/\/ajeandalucia.org\/granada\/2013\/10\/10\/pack-cursos-presenciales-de-gestion-comercial-y-marketing\/#respond\"]}]},{\"@type\":\"WebPage\",\"@id\":\"https:\/\/ajeandalucia.org\/granada\/2013\/10\/10\/pack-cursos-presenciales-de-gestion-comercial-y-marketing\/\",\"url\":\"https:\/\/ajeandalucia.org\/granada\/2013\/10\/10\/pack-cursos-presenciales-de-gestion-comercial-y-marketing\/\",\"name\":\"Pack Cursos presenciales de Gesti\u00f3n Comercial y Marketing - AJE Granada\",\"isPartOf\":{\"@id\":\"https:\/\/ajeandalucia.org\/granada\/#website\"},\"primaryImageOfPage\":{\"@id\":\"https:\/\/ajeandalucia.org\/granada\/2013\/10\/10\/pack-cursos-presenciales-de-gestion-comercial-y-marketing\/#primaryimage\"},\"image\":{\"@id\":\"https:\/\/ajeandalucia.org\/granada\/2013\/10\/10\/pack-cursos-presenciales-de-gestion-comercial-y-marketing\/#primaryimage\"},\"thumbnailUrl\":\"\",\"datePublished\":\"2013-10-10T10:50:58+00:00\",\"breadcrumb\":{\"@id\":\"https:\/\/ajeandalucia.org\/granada\/2013\/10\/10\/pack-cursos-presenciales-de-gestion-comercial-y-marketing\/#breadcrumb\"},\"inLanguage\":\"es\",\"potentialAction\":[{\"@type\":\"ReadAction\",\"target\":[\"https:\/\/ajeandalucia.org\/granada\/2013\/10\/10\/pack-cursos-presenciales-de-gestion-comercial-y-marketing\/\"]}]},{\"@type\":\"ImageObject\",\"inLanguage\":\"es\",\"@id\":\"https:\/\/ajeandalucia.org\/granada\/2013\/10\/10\/pack-cursos-presenciales-de-gestion-comercial-y-marketing\/#primaryimage\",\"url\":\"\",\"contentUrl\":\"\"},{\"@type\":\"BreadcrumbList\",\"@id\":\"https:\/\/ajeandalucia.org\/granada\/2013\/10\/10\/pack-cursos-presenciales-de-gestion-comercial-y-marketing\/#breadcrumb\",\"itemListElement\":[{\"@type\":\"ListItem\",\"position\":1,\"name\":\"Portada\",\"item\":\"https:\/\/ajeandalucia.org\/granada\/\"},{\"@type\":\"ListItem\",\"position\":2,\"name\":\"Pack Cursos presenciales de Gesti\u00f3n Comercial y Marketing\"}]},{\"@type\":\"WebSite\",\"@id\":\"https:\/\/ajeandalucia.org\/granada\/#website\",\"url\":\"https:\/\/ajeandalucia.org\/granada\/\",\"name\":\"AJE Granada\",\"description\":\"J\u00f3venes Empresarios de Granada\",\"publisher\":{\"@id\":\"https:\/\/ajeandalucia.org\/granada\/#organization\"},\"potentialAction\":[{\"@type\":\"SearchAction\",\"target\":{\"@type\":\"EntryPoint\",\"urlTemplate\":\"https:\/\/ajeandalucia.org\/granada\/?s={search_term_string}\"},\"query-input\":{\"@type\":\"PropertyValueSpecification\",\"valueRequired\":true,\"valueName\":\"search_term_string\"}}],\"inLanguage\":\"es\"},{\"@type\":\"Organization\",\"@id\":\"https:\/\/ajeandalucia.org\/granada\/#organization\",\"name\":\"AJE Granada\",\"url\":\"https:\/\/ajeandalucia.org\/granada\/\",\"logo\":{\"@type\":\"ImageObject\",\"inLanguage\":\"es\",\"@id\":\"https:\/\/ajeandalucia.org\/granada\/#\/schema\/logo\/image\/\",\"url\":\"https:\/\/ajeandalucia.org\/granada\/wp-content\/uploads\/sites\/7\/2025\/02\/AJE-GRANADA-horizontal.png\",\"contentUrl\":\"https:\/\/ajeandalucia.org\/granada\/wp-content\/uploads\/sites\/7\/2025\/02\/AJE-GRANADA-horizontal.png\",\"width\":612,\"height\":200,\"caption\":\"AJE Granada\"},\"image\":{\"@id\":\"https:\/\/ajeandalucia.org\/granada\/#\/schema\/logo\/image\/\"}},{\"@type\":\"Person\",\"@id\":\"\",\"url\":\"https:\/\/ajeandalucia.org\/granada\/author\/\"}]}<\/script>\n<!-- \/ Yoast SEO plugin. -->","yoast_head_json":{"title":"Pack Cursos presenciales de Gesti\u00f3n Comercial y Marketing - AJE Granada","robots":{"index":"index","follow":"follow","max-snippet":"max-snippet:-1","max-image-preview":"max-image-preview:large","max-video-preview":"max-video-preview:-1"},"canonical":"https:\/\/ajeandalucia.org\/granada\/2013\/10\/10\/pack-cursos-presenciales-de-gestion-comercial-y-marketing\/","og_locale":"es_ES","og_type":"article","og_title":"Pack Cursos presenciales de Gesti\u00f3n Comercial y Marketing - AJE Granada","og_description":"Trajano Centro de Formaci\u00f3n te invita a asistir a los diferentes cursos de Gesti\u00f3n Comercial y Marketing que ha programado [&hellip;]","og_url":"https:\/\/ajeandalucia.org\/granada\/2013\/10\/10\/pack-cursos-presenciales-de-gestion-comercial-y-marketing\/","og_site_name":"AJE Granada","article_published_time":"2013-10-10T10:50:58+00:00","twitter_card":"summary_large_image","twitter_misc":{"Escrito por":"","Tiempo de lectura":"2 minutos"},"schema":{"@context":"https:\/\/schema.org","@graph":[{"@type":"Article","@id":"https:\/\/ajeandalucia.org\/granada\/2013\/10\/10\/pack-cursos-presenciales-de-gestion-comercial-y-marketing\/#article","isPartOf":{"@id":"https:\/\/ajeandalucia.org\/granada\/2013\/10\/10\/pack-cursos-presenciales-de-gestion-comercial-y-marketing\/"},"author":{"name":"","@id":""},"headline":"Pack Cursos presenciales de Gesti\u00f3n Comercial y Marketing","datePublished":"2013-10-10T10:50:58+00:00","mainEntityOfPage":{"@id":"https:\/\/ajeandalucia.org\/granada\/2013\/10\/10\/pack-cursos-presenciales-de-gestion-comercial-y-marketing\/"},"wordCount":364,"commentCount":0,"publisher":{"@id":"https:\/\/ajeandalucia.org\/granada\/#organization"},"image":{"@id":"https:\/\/ajeandalucia.org\/granada\/2013\/10\/10\/pack-cursos-presenciales-de-gestion-comercial-y-marketing\/#primaryimage"},"thumbnailUrl":"","keywords":["Coaching","Cursos","Formaci\u00f3n","Marketing y dise\u00f1o"],"articleSection":["Noticias"],"inLanguage":"es","potentialAction":[{"@type":"CommentAction","name":"Comment","target":["https:\/\/ajeandalucia.org\/granada\/2013\/10\/10\/pack-cursos-presenciales-de-gestion-comercial-y-marketing\/#respond"]}]},{"@type":"WebPage","@id":"https:\/\/ajeandalucia.org\/granada\/2013\/10\/10\/pack-cursos-presenciales-de-gestion-comercial-y-marketing\/","url":"https:\/\/ajeandalucia.org\/granada\/2013\/10\/10\/pack-cursos-presenciales-de-gestion-comercial-y-marketing\/","name":"Pack Cursos presenciales de Gesti\u00f3n Comercial y Marketing - AJE Granada","isPartOf":{"@id":"https:\/\/ajeandalucia.org\/granada\/#website"},"primaryImageOfPage":{"@id":"https:\/\/ajeandalucia.org\/granada\/2013\/10\/10\/pack-cursos-presenciales-de-gestion-comercial-y-marketing\/#primaryimage"},"image":{"@id":"https:\/\/ajeandalucia.org\/granada\/2013\/10\/10\/pack-cursos-presenciales-de-gestion-comercial-y-marketing\/#primaryimage"},"thumbnailUrl":"","datePublished":"2013-10-10T10:50:58+00:00","breadcrumb":{"@id":"https:\/\/ajeandalucia.org\/granada\/2013\/10\/10\/pack-cursos-presenciales-de-gestion-comercial-y-marketing\/#breadcrumb"},"inLanguage":"es","potentialAction":[{"@type":"ReadAction","target":["https:\/\/ajeandalucia.org\/granada\/2013\/10\/10\/pack-cursos-presenciales-de-gestion-comercial-y-marketing\/"]}]},{"@type":"ImageObject","inLanguage":"es","@id":"https:\/\/ajeandalucia.org\/granada\/2013\/10\/10\/pack-cursos-presenciales-de-gestion-comercial-y-marketing\/#primaryimage","url":"","contentUrl":""},{"@type":"BreadcrumbList","@id":"https:\/\/ajeandalucia.org\/granada\/2013\/10\/10\/pack-cursos-presenciales-de-gestion-comercial-y-marketing\/#breadcrumb","itemListElement":[{"@type":"ListItem","position":1,"name":"Portada","item":"https:\/\/ajeandalucia.org\/granada\/"},{"@type":"ListItem","position":2,"name":"Pack Cursos presenciales de Gesti\u00f3n Comercial y Marketing"}]},{"@type":"WebSite","@id":"https:\/\/ajeandalucia.org\/granada\/#website","url":"https:\/\/ajeandalucia.org\/granada\/","name":"AJE Granada","description":"J\u00f3venes Empresarios de Granada","publisher":{"@id":"https:\/\/ajeandalucia.org\/granada\/#organization"},"potentialAction":[{"@type":"SearchAction","target":{"@type":"EntryPoint","urlTemplate":"https:\/\/ajeandalucia.org\/granada\/?s={search_term_string}"},"query-input":{"@type":"PropertyValueSpecification","valueRequired":true,"valueName":"search_term_string"}}],"inLanguage":"es"},{"@type":"Organization","@id":"https:\/\/ajeandalucia.org\/granada\/#organization","name":"AJE Granada","url":"https:\/\/ajeandalucia.org\/granada\/","logo":{"@type":"ImageObject","inLanguage":"es","@id":"https:\/\/ajeandalucia.org\/granada\/#\/schema\/logo\/image\/","url":"https:\/\/ajeandalucia.org\/granada\/wp-content\/uploads\/sites\/7\/2025\/02\/AJE-GRANADA-horizontal.png","contentUrl":"https:\/\/ajeandalucia.org\/granada\/wp-content\/uploads\/sites\/7\/2025\/02\/AJE-GRANADA-horizontal.png","width":612,"height":200,"caption":"AJE Granada"},"image":{"@id":"https:\/\/ajeandalucia.org\/granada\/#\/schema\/logo\/image\/"}},{"@type":"Person","@id":"","url":"https:\/\/ajeandalucia.org\/granada\/author\/"}]}},"_links":{"self":[{"href":"https:\/\/ajeandalucia.org\/granada\/wp-json\/wp\/v2\/posts\/10235","targetHints":{"allow":["GET"]}}],"collection":[{"href":"https:\/\/ajeandalucia.org\/granada\/wp-json\/wp\/v2\/posts"}],"about":[{"href":"https:\/\/ajeandalucia.org\/granada\/wp-json\/wp\/v2\/types\/post"}],"author":[{"embeddable":true,"href":"https:\/\/ajeandalucia.org\/granada\/wp-json\/wp\/v2\/users\/1"}],"replies":[{"embeddable":true,"href":"https:\/\/ajeandalucia.org\/granada\/wp-json\/wp\/v2\/comments?post=10235"}],"version-history":[{"count":0,"href":"https:\/\/ajeandalucia.org\/granada\/wp-json\/wp\/v2\/posts\/10235\/revisions"}],"wp:featuredmedia":[{"embeddable":true,"href":"https:\/\/ajeandalucia.org\/granada\/wp-json\/"}],"wp:attachment":[{"href":"https:\/\/ajeandalucia.org\/granada\/wp-json\/wp\/v2\/media?parent=10235"}],"wp:term":[{"taxonomy":"category","embeddable":true,"href":"https:\/\/ajeandalucia.org\/granada\/wp-json\/wp\/v2\/categories?post=10235"},{"taxonomy":"post_tag","embeddable":true,"href":"https:\/\/ajeandalucia.org\/granada\/wp-json\/wp\/v2\/tags?post=10235"}],"curies":[{"name":"wp","href":"https:\/\/api.w.org\/{rel}","templated":true}]}}