{"id":10358,"date":"2013-10-18T13:14:53","date_gmt":"2013-10-18T11:14:53","guid":{"rendered":"http:\/\/www.ajegranada.org\/?p=10358"},"modified":"2013-10-18T13:14:53","modified_gmt":"2013-10-18T11:14:53","slug":"curso-de-marketing-gratuito-para-autonomos-y-desempleados","status":"publish","type":"post","link":"https:\/\/ajeandalucia.org\/granada\/2013\/10\/18\/curso-de-marketing-gratuito-para-autonomos-y-desempleados\/","title":{"rendered":"Curso de Marketing gratuito para aut\u00f3nomos y desempleados"},"content":{"rendered":"<p>CEMPE pone un marcha un nuevo curso de <strong>Marketing totalmente gratuito para aut\u00f3nomos y desempleados<\/strong>, <strong>que tendr\u00e1 lugar del 6 al 15 de Noviembre.<\/strong><\/p>\n<p>En este curso, los asistentes aprender\u00e1n a dise\u00f1ar y desarrollar un plan de marketing efectivo, optimizar\u00a0la investigaci\u00f3n de mercado y conocer las mejores herramientas de promoci\u00f3n.<\/p>\n<p><a href=\"http:\/\/www.ajegranada.org\/wp-content\/uploads\/2013\/10\/cartel-curso.jpg\"><img loading=\"lazy\" decoding=\"async\" class=\"size-full wp-image-10359 aligncenter\" alt=\"cartel curso\" src=\"http:\/\/www.ajegranada.org\/wp-content\/uploads\/2013\/10\/cartel-curso.jpg\" width=\"600\" height=\"450\" \/><\/a><\/p>\n<p>Para poder solicitar el curso debe cumplimentar la solicitud adjunta y llevarla \u00a0firmada con bol\u00edgrafo azul, y junto con la copia de su DNI y el \u00faltimo recibo de aut\u00f3nomos (en caso de ser aut\u00f3nomo) o la tarjeta demanda de empleo (en caso de ser desempleado) a la siguiente direcci\u00f3n:<\/p>\n<p>Centro de Formaci\u00f3n Trajano<br \/>\nC\/ Trajano, 8<br \/>\n18002 Granada<\/p>\n<p>[wpfilebase tag=file id=338 tpl=download-button \/]<\/p>\n<p><strong>Puedes descargar el programa en el siguiente archivo adjunto<\/strong>:<\/p>\n<p>[wpfilebase tag=file id=336 tpl=download-button \/]<\/p>\n<p>&nbsp;<\/p>\n","protected":false},"excerpt":{"rendered":"<p>CEMPE pone un marcha un nuevo curso de Marketing totalmente gratuito para aut\u00f3nomos y desempleados, que tendr\u00e1 lugar del 6 [&hellip;]<\/p>\n","protected":false},"author":1,"featured_media":10360,"comment_status":"open","ping_status":"open","sticky":false,"template":"","format":"standard","meta":{"_acf_changed":false,"site-sidebar-layout":"default","site-content-layout":"","ast-site-content-layout":"default","site-content-style":"default","site-sidebar-style":"default","ast-global-header-display":"","ast-banner-title-visibility":"","ast-main-header-display":"","ast-hfb-above-header-display":"","ast-hfb-below-header-display":"","ast-hfb-mobile-header-display":"","site-post-title":"","ast-breadcrumbs-content":"","ast-featured-img":"","footer-sml-layout":"","ast-disable-related-posts":"","theme-transparent-header-meta":"","adv-header-id-meta":"","stick-header-meta":"","header-above-stick-meta":"","header-main-stick-meta":"","header-below-stick-meta":"","astra-migrate-meta-layouts":"default","ast-page-background-enabled":"default","ast-page-background-meta":{"desktop":{"background-color":"var(--ast-global-color-5)","background-image":"","background-repeat":"repeat","background-position":"center center","background-size":"auto","background-attachment":"scroll","background-type":"","background-media":"","overlay-type":"","overlay-color":"","overlay-opacity":"","overlay-gradient":""},"tablet":{"background-color":"","background-image":"","background-repeat":"repeat","background-position":"center center","background-size":"auto","background-attachment":"scroll","background-type":"","background-media":"","overlay-type":"","overlay-color":"","overlay-opacity":"","overlay-gradient":""},"mobile":{"background-color":"","background-image":"","background-repeat":"repeat","background-position":"center center","background-size":"auto","background-attachment":"scroll","background-type":"","background-media":"","overlay-type":"","overlay-color":"","overlay-opacity":"","overlay-gradient":""}},"ast-content-background-meta":{"desktop":{"background-color":"var(--ast-global-color-4)","background-image":"","background-repeat":"repeat","background-position":"center center","background-size":"auto","background-attachment":"scroll","background-type":"","background-media":"","overlay-type":"","overlay-color":"","overlay-opacity":"","overlay-gradient":""},"tablet":{"background-color":"var(--ast-global-color-4)","background-image":"","background-repeat":"repeat","background-position":"center center","background-size":"auto","background-attachment":"scroll","background-type":"","background-media":"","overlay-type":"","overlay-color":"","overlay-opacity":"","overlay-gradient":""},"mobile":{"background-color":"var(--ast-global-color-4)","background-image":"","background-repeat":"repeat","background-position":"center center","background-size":"auto","background-attachment":"scroll","background-type":"","background-media":"","overlay-type":"","overlay-color":"","overlay-opacity":"","overlay-gradient":""}},"footnotes":""},"categories":[8],"tags":[246,178,96,95],"class_list":["post-10358","post","type-post","status-publish","format-standard","has-post-thumbnail","hentry","category-noticias","tag-autonomos","tag-cursos","tag-formacion-2","tag-marketing-y-diseno"],"acf":[],"yoast_head":"<!-- This site is optimized with the Yoast SEO plugin v26.9 - https:\/\/yoast.com\/product\/yoast-seo-wordpress\/ -->\n<title>Curso de Marketing gratuito para aut\u00f3nomos y desempleados - AJE Granada<\/title>\n<meta name=\"robots\" content=\"index, follow, max-snippet:-1, max-image-preview:large, max-video-preview:-1\" \/>\n<link rel=\"canonical\" href=\"https:\/\/ajeandalucia.org\/granada\/2013\/10\/18\/curso-de-marketing-gratuito-para-autonomos-y-desempleados\/\" \/>\n<meta property=\"og:locale\" content=\"es_ES\" \/>\n<meta property=\"og:type\" content=\"article\" \/>\n<meta property=\"og:title\" content=\"Curso de Marketing gratuito para aut\u00f3nomos y desempleados - AJE Granada\" \/>\n<meta property=\"og:description\" content=\"CEMPE pone un marcha un nuevo curso de Marketing totalmente gratuito para aut\u00f3nomos y desempleados, que tendr\u00e1 lugar del 6 [&hellip;]\" \/>\n<meta property=\"og:url\" content=\"https:\/\/ajeandalucia.org\/granada\/2013\/10\/18\/curso-de-marketing-gratuito-para-autonomos-y-desempleados\/\" \/>\n<meta property=\"og:site_name\" content=\"AJE Granada\" \/>\n<meta property=\"article:published_time\" content=\"2013-10-18T11:14:53+00:00\" \/>\n<meta name=\"twitter:card\" content=\"summary_large_image\" \/>\n<meta name=\"twitter:label1\" content=\"Escrito por\" \/>\n\t<meta name=\"twitter:data1\" content=\"\" \/>\n\t<meta name=\"twitter:label2\" content=\"Tiempo de lectura\" \/>\n\t<meta name=\"twitter:data2\" content=\"1 minuto\" \/>\n<script type=\"application\/ld+json\" class=\"yoast-schema-graph\">{\"@context\":\"https:\/\/schema.org\",\"@graph\":[{\"@type\":\"Article\",\"@id\":\"https:\/\/ajeandalucia.org\/granada\/2013\/10\/18\/curso-de-marketing-gratuito-para-autonomos-y-desempleados\/#article\",\"isPartOf\":{\"@id\":\"https:\/\/ajeandalucia.org\/granada\/2013\/10\/18\/curso-de-marketing-gratuito-para-autonomos-y-desempleados\/\"},\"author\":{\"name\":\"\",\"@id\":\"\"},\"headline\":\"Curso de Marketing gratuito para aut\u00f3nomos y desempleados\",\"datePublished\":\"2013-10-18T11:14:53+00:00\",\"mainEntityOfPage\":{\"@id\":\"https:\/\/ajeandalucia.org\/granada\/2013\/10\/18\/curso-de-marketing-gratuito-para-autonomos-y-desempleados\/\"},\"wordCount\":147,\"commentCount\":0,\"publisher\":{\"@id\":\"https:\/\/ajeandalucia.org\/granada\/#organization\"},\"image\":{\"@id\":\"https:\/\/ajeandalucia.org\/granada\/2013\/10\/18\/curso-de-marketing-gratuito-para-autonomos-y-desempleados\/#primaryimage\"},\"thumbnailUrl\":\"\",\"keywords\":[\"Aut\u00f3nomos\",\"Cursos\",\"Formaci\u00f3n\",\"Marketing y dise\u00f1o\"],\"articleSection\":[\"Noticias\"],\"inLanguage\":\"es\",\"potentialAction\":[{\"@type\":\"CommentAction\",\"name\":\"Comment\",\"target\":[\"https:\/\/ajeandalucia.org\/granada\/2013\/10\/18\/curso-de-marketing-gratuito-para-autonomos-y-desempleados\/#respond\"]}]},{\"@type\":\"WebPage\",\"@id\":\"https:\/\/ajeandalucia.org\/granada\/2013\/10\/18\/curso-de-marketing-gratuito-para-autonomos-y-desempleados\/\",\"url\":\"https:\/\/ajeandalucia.org\/granada\/2013\/10\/18\/curso-de-marketing-gratuito-para-autonomos-y-desempleados\/\",\"name\":\"Curso de Marketing gratuito para aut\u00f3nomos y desempleados - AJE Granada\",\"isPartOf\":{\"@id\":\"https:\/\/ajeandalucia.org\/granada\/#website\"},\"primaryImageOfPage\":{\"@id\":\"https:\/\/ajeandalucia.org\/granada\/2013\/10\/18\/curso-de-marketing-gratuito-para-autonomos-y-desempleados\/#primaryimage\"},\"image\":{\"@id\":\"https:\/\/ajeandalucia.org\/granada\/2013\/10\/18\/curso-de-marketing-gratuito-para-autonomos-y-desempleados\/#primaryimage\"},\"thumbnailUrl\":\"\",\"datePublished\":\"2013-10-18T11:14:53+00:00\",\"breadcrumb\":{\"@id\":\"https:\/\/ajeandalucia.org\/granada\/2013\/10\/18\/curso-de-marketing-gratuito-para-autonomos-y-desempleados\/#breadcrumb\"},\"inLanguage\":\"es\",\"potentialAction\":[{\"@type\":\"ReadAction\",\"target\":[\"https:\/\/ajeandalucia.org\/granada\/2013\/10\/18\/curso-de-marketing-gratuito-para-autonomos-y-desempleados\/\"]}]},{\"@type\":\"ImageObject\",\"inLanguage\":\"es\",\"@id\":\"https:\/\/ajeandalucia.org\/granada\/2013\/10\/18\/curso-de-marketing-gratuito-para-autonomos-y-desempleados\/#primaryimage\",\"url\":\"\",\"contentUrl\":\"\"},{\"@type\":\"BreadcrumbList\",\"@id\":\"https:\/\/ajeandalucia.org\/granada\/2013\/10\/18\/curso-de-marketing-gratuito-para-autonomos-y-desempleados\/#breadcrumb\",\"itemListElement\":[{\"@type\":\"ListItem\",\"position\":1,\"name\":\"Portada\",\"item\":\"https:\/\/ajeandalucia.org\/granada\/\"},{\"@type\":\"ListItem\",\"position\":2,\"name\":\"Curso de Marketing gratuito para aut\u00f3nomos y desempleados\"}]},{\"@type\":\"WebSite\",\"@id\":\"https:\/\/ajeandalucia.org\/granada\/#website\",\"url\":\"https:\/\/ajeandalucia.org\/granada\/\",\"name\":\"AJE Granada\",\"description\":\"J\u00f3venes Empresarios de Granada\",\"publisher\":{\"@id\":\"https:\/\/ajeandalucia.org\/granada\/#organization\"},\"potentialAction\":[{\"@type\":\"SearchAction\",\"target\":{\"@type\":\"EntryPoint\",\"urlTemplate\":\"https:\/\/ajeandalucia.org\/granada\/?s={search_term_string}\"},\"query-input\":{\"@type\":\"PropertyValueSpecification\",\"valueRequired\":true,\"valueName\":\"search_term_string\"}}],\"inLanguage\":\"es\"},{\"@type\":\"Organization\",\"@id\":\"https:\/\/ajeandalucia.org\/granada\/#organization\",\"name\":\"AJE Granada\",\"url\":\"https:\/\/ajeandalucia.org\/granada\/\",\"logo\":{\"@type\":\"ImageObject\",\"inLanguage\":\"es\",\"@id\":\"https:\/\/ajeandalucia.org\/granada\/#\/schema\/logo\/image\/\",\"url\":\"https:\/\/ajeandalucia.org\/granada\/wp-content\/uploads\/sites\/7\/2025\/02\/AJE-GRANADA-horizontal.png\",\"contentUrl\":\"https:\/\/ajeandalucia.org\/granada\/wp-content\/uploads\/sites\/7\/2025\/02\/AJE-GRANADA-horizontal.png\",\"width\":612,\"height\":200,\"caption\":\"AJE Granada\"},\"image\":{\"@id\":\"https:\/\/ajeandalucia.org\/granada\/#\/schema\/logo\/image\/\"}},{\"@type\":\"Person\",\"@id\":\"\",\"url\":\"https:\/\/ajeandalucia.org\/granada\/author\/\"}]}<\/script>\n<!-- \/ Yoast SEO plugin. -->","yoast_head_json":{"title":"Curso de Marketing gratuito para aut\u00f3nomos y desempleados - AJE Granada","robots":{"index":"index","follow":"follow","max-snippet":"max-snippet:-1","max-image-preview":"max-image-preview:large","max-video-preview":"max-video-preview:-1"},"canonical":"https:\/\/ajeandalucia.org\/granada\/2013\/10\/18\/curso-de-marketing-gratuito-para-autonomos-y-desempleados\/","og_locale":"es_ES","og_type":"article","og_title":"Curso de Marketing gratuito para aut\u00f3nomos y desempleados - AJE Granada","og_description":"CEMPE pone un marcha un nuevo curso de Marketing totalmente gratuito para aut\u00f3nomos y desempleados, que tendr\u00e1 lugar del 6 [&hellip;]","og_url":"https:\/\/ajeandalucia.org\/granada\/2013\/10\/18\/curso-de-marketing-gratuito-para-autonomos-y-desempleados\/","og_site_name":"AJE Granada","article_published_time":"2013-10-18T11:14:53+00:00","twitter_card":"summary_large_image","twitter_misc":{"Escrito por":"","Tiempo de lectura":"1 minuto"},"schema":{"@context":"https:\/\/schema.org","@graph":[{"@type":"Article","@id":"https:\/\/ajeandalucia.org\/granada\/2013\/10\/18\/curso-de-marketing-gratuito-para-autonomos-y-desempleados\/#article","isPartOf":{"@id":"https:\/\/ajeandalucia.org\/granada\/2013\/10\/18\/curso-de-marketing-gratuito-para-autonomos-y-desempleados\/"},"author":{"name":"","@id":""},"headline":"Curso de Marketing gratuito para aut\u00f3nomos y desempleados","datePublished":"2013-10-18T11:14:53+00:00","mainEntityOfPage":{"@id":"https:\/\/ajeandalucia.org\/granada\/2013\/10\/18\/curso-de-marketing-gratuito-para-autonomos-y-desempleados\/"},"wordCount":147,"commentCount":0,"publisher":{"@id":"https:\/\/ajeandalucia.org\/granada\/#organization"},"image":{"@id":"https:\/\/ajeandalucia.org\/granada\/2013\/10\/18\/curso-de-marketing-gratuito-para-autonomos-y-desempleados\/#primaryimage"},"thumbnailUrl":"","keywords":["Aut\u00f3nomos","Cursos","Formaci\u00f3n","Marketing y dise\u00f1o"],"articleSection":["Noticias"],"inLanguage":"es","potentialAction":[{"@type":"CommentAction","name":"Comment","target":["https:\/\/ajeandalucia.org\/granada\/2013\/10\/18\/curso-de-marketing-gratuito-para-autonomos-y-desempleados\/#respond"]}]},{"@type":"WebPage","@id":"https:\/\/ajeandalucia.org\/granada\/2013\/10\/18\/curso-de-marketing-gratuito-para-autonomos-y-desempleados\/","url":"https:\/\/ajeandalucia.org\/granada\/2013\/10\/18\/curso-de-marketing-gratuito-para-autonomos-y-desempleados\/","name":"Curso de Marketing gratuito para aut\u00f3nomos y desempleados - AJE Granada","isPartOf":{"@id":"https:\/\/ajeandalucia.org\/granada\/#website"},"primaryImageOfPage":{"@id":"https:\/\/ajeandalucia.org\/granada\/2013\/10\/18\/curso-de-marketing-gratuito-para-autonomos-y-desempleados\/#primaryimage"},"image":{"@id":"https:\/\/ajeandalucia.org\/granada\/2013\/10\/18\/curso-de-marketing-gratuito-para-autonomos-y-desempleados\/#primaryimage"},"thumbnailUrl":"","datePublished":"2013-10-18T11:14:53+00:00","breadcrumb":{"@id":"https:\/\/ajeandalucia.org\/granada\/2013\/10\/18\/curso-de-marketing-gratuito-para-autonomos-y-desempleados\/#breadcrumb"},"inLanguage":"es","potentialAction":[{"@type":"ReadAction","target":["https:\/\/ajeandalucia.org\/granada\/2013\/10\/18\/curso-de-marketing-gratuito-para-autonomos-y-desempleados\/"]}]},{"@type":"ImageObject","inLanguage":"es","@id":"https:\/\/ajeandalucia.org\/granada\/2013\/10\/18\/curso-de-marketing-gratuito-para-autonomos-y-desempleados\/#primaryimage","url":"","contentUrl":""},{"@type":"BreadcrumbList","@id":"https:\/\/ajeandalucia.org\/granada\/2013\/10\/18\/curso-de-marketing-gratuito-para-autonomos-y-desempleados\/#breadcrumb","itemListElement":[{"@type":"ListItem","position":1,"name":"Portada","item":"https:\/\/ajeandalucia.org\/granada\/"},{"@type":"ListItem","position":2,"name":"Curso de Marketing gratuito para aut\u00f3nomos y desempleados"}]},{"@type":"WebSite","@id":"https:\/\/ajeandalucia.org\/granada\/#website","url":"https:\/\/ajeandalucia.org\/granada\/","name":"AJE Granada","description":"J\u00f3venes Empresarios de Granada","publisher":{"@id":"https:\/\/ajeandalucia.org\/granada\/#organization"},"potentialAction":[{"@type":"SearchAction","target":{"@type":"EntryPoint","urlTemplate":"https:\/\/ajeandalucia.org\/granada\/?s={search_term_string}"},"query-input":{"@type":"PropertyValueSpecification","valueRequired":true,"valueName":"search_term_string"}}],"inLanguage":"es"},{"@type":"Organization","@id":"https:\/\/ajeandalucia.org\/granada\/#organization","name":"AJE Granada","url":"https:\/\/ajeandalucia.org\/granada\/","logo":{"@type":"ImageObject","inLanguage":"es","@id":"https:\/\/ajeandalucia.org\/granada\/#\/schema\/logo\/image\/","url":"https:\/\/ajeandalucia.org\/granada\/wp-content\/uploads\/sites\/7\/2025\/02\/AJE-GRANADA-horizontal.png","contentUrl":"https:\/\/ajeandalucia.org\/granada\/wp-content\/uploads\/sites\/7\/2025\/02\/AJE-GRANADA-horizontal.png","width":612,"height":200,"caption":"AJE Granada"},"image":{"@id":"https:\/\/ajeandalucia.org\/granada\/#\/schema\/logo\/image\/"}},{"@type":"Person","@id":"","url":"https:\/\/ajeandalucia.org\/granada\/author\/"}]}},"_links":{"self":[{"href":"https:\/\/ajeandalucia.org\/granada\/wp-json\/wp\/v2\/posts\/10358","targetHints":{"allow":["GET"]}}],"collection":[{"href":"https:\/\/ajeandalucia.org\/granada\/wp-json\/wp\/v2\/posts"}],"about":[{"href":"https:\/\/ajeandalucia.org\/granada\/wp-json\/wp\/v2\/types\/post"}],"author":[{"embeddable":true,"href":"https:\/\/ajeandalucia.org\/granada\/wp-json\/wp\/v2\/users\/1"}],"replies":[{"embeddable":true,"href":"https:\/\/ajeandalucia.org\/granada\/wp-json\/wp\/v2\/comments?post=10358"}],"version-history":[{"count":0,"href":"https:\/\/ajeandalucia.org\/granada\/wp-json\/wp\/v2\/posts\/10358\/revisions"}],"wp:featuredmedia":[{"embeddable":true,"href":"https:\/\/ajeandalucia.org\/granada\/wp-json\/"}],"wp:attachment":[{"href":"https:\/\/ajeandalucia.org\/granada\/wp-json\/wp\/v2\/media?parent=10358"}],"wp:term":[{"taxonomy":"category","embeddable":true,"href":"https:\/\/ajeandalucia.org\/granada\/wp-json\/wp\/v2\/categories?post=10358"},{"taxonomy":"post_tag","embeddable":true,"href":"https:\/\/ajeandalucia.org\/granada\/wp-json\/wp\/v2\/tags?post=10358"}],"curies":[{"name":"wp","href":"https:\/\/api.w.org\/{rel}","templated":true}]}}