{"id":10473,"date":"2013-10-30T13:32:11","date_gmt":"2013-10-30T12:32:11","guid":{"rendered":"http:\/\/www.ajegranada.org\/?p=10473"},"modified":"2013-10-30T13:32:11","modified_gmt":"2013-10-30T12:32:11","slug":"12o-concurso-y-curso-de-emprendedores-universitarios-en-granada","status":"publish","type":"post","link":"https:\/\/ajeandalucia.org\/granada\/2013\/10\/30\/12o-concurso-y-curso-de-emprendedores-universitarios-en-granada\/","title":{"rendered":"12\u00ba Concurso y Curso de Emprendedores Universitarios en Granada"},"content":{"rendered":"<p><a href=\"http:\/\/www.ajegranada.org\/wp-content\/uploads\/2013\/10\/Logo-emp.-universi.jpg\"><img loading=\"lazy\" decoding=\"async\" class=\"size-full wp-image-10474 alignleft\" alt=\"Logo emp. universi\" src=\"http:\/\/www.ajegranada.org\/wp-content\/uploads\/2013\/10\/Logo-emp.-universi.jpg\" width=\"200\" height=\"200\" \/><\/a>El pr\u00f3ximo <strong>11 de Noviembre<\/strong> tendr\u00e1 lugar el 12\u00ba Concurso de Emprendedores Universitarios organizado por la Fundaci\u00f3n EOI, Grupo Joly y Agencia IDEA, que tendr\u00e1 como objetivo\u00a0<strong>premiar y respaldar el esfuerzo de los j\u00f3venes universitarios que se planteen iniciar una idea de negocio.<\/strong><\/p>\n<p>Podr\u00e1n participar en el concurso aquellos alumnos que este cursando el \u00faltimo o pen\u00faltimo a\u00f1o de carrera en cualquiera de las Universidades Andaluzas, o los que hayan obtenido un t\u00edtulo en cualquiera de las mismas en el a\u00f1o acad\u00e9mico 2009-2010.\u00a0Los interesados en participar en el Concurso deber\u00e1n solicitar su inscripci\u00f3n mediante formulario de admisi\u00f3n on line.<\/p>\n<p>El concurso finalizar\u00e1 con la entrega de diversos premios, entre los que podemos encontrar un <strong>pase a la final del Concurso a nivel nacional<\/strong> y diferentes <strong>becas para cursar programas M\u00e1ster en EOI.<\/strong><\/p>\n<p><strong>M\u00e1s informaci\u00f3n en el email <a title=\"mailto:alejandroestevez@eoi.es\" href=\"mailto:alejandroestevez@eoi.es\">alejandroestevez@eoi.es<\/a>,\u00a0el dossier adjunto y la web oficial de <a href=\"http:\/\/www.eoi.es\/portal\/redepyme\/curso\/723\/xii-concurso-de-emprendedores-universitarios-eoi-grupo-joly-agencia-idea-granada?EOI_tipoPagina=1\">eoi.es<\/a><\/strong><\/p>\n<p>[wpfilebase tag=file id=358 tpl=download-button \/]<\/p>\n<p>&nbsp;<\/p>\n","protected":false},"excerpt":{"rendered":"<p>El pr\u00f3ximo 11 de Noviembre tendr\u00e1 lugar el 12\u00ba Concurso de Emprendedores Universitarios organizado por la Fundaci\u00f3n EOI, Grupo Joly [&hellip;]<\/p>\n","protected":false},"author":1,"featured_media":10474,"comment_status":"open","ping_status":"open","sticky":false,"template":"","format":"standard","meta":{"_acf_changed":false,"site-sidebar-layout":"default","site-content-layout":"","ast-site-content-layout":"default","site-content-style":"default","site-sidebar-style":"default","ast-global-header-display":"","ast-banner-title-visibility":"","ast-main-header-display":"","ast-hfb-above-header-display":"","ast-hfb-below-header-display":"","ast-hfb-mobile-header-display":"","site-post-title":"","ast-breadcrumbs-content":"","ast-featured-img":"","footer-sml-layout":"","ast-disable-related-posts":"","theme-transparent-header-meta":"","adv-header-id-meta":"","stick-header-meta":"","header-above-stick-meta":"","header-main-stick-meta":"","header-below-stick-meta":"","astra-migrate-meta-layouts":"default","ast-page-background-enabled":"default","ast-page-background-meta":{"desktop":{"background-color":"var(--ast-global-color-5)","background-image":"","background-repeat":"repeat","background-position":"center center","background-size":"auto","background-attachment":"scroll","background-type":"","background-media":"","overlay-type":"","overlay-color":"","overlay-opacity":"","overlay-gradient":""},"tablet":{"background-color":"","background-image":"","background-repeat":"repeat","background-position":"center center","background-size":"auto","background-attachment":"scroll","background-type":"","background-media":"","overlay-type":"","overlay-color":"","overlay-opacity":"","overlay-gradient":""},"mobile":{"background-color":"","background-image":"","background-repeat":"repeat","background-position":"center center","background-size":"auto","background-attachment":"scroll","background-type":"","background-media":"","overlay-type":"","overlay-color":"","overlay-opacity":"","overlay-gradient":""}},"ast-content-background-meta":{"desktop":{"background-color":"var(--ast-global-color-4)","background-image":"","background-repeat":"repeat","background-position":"center center","background-size":"auto","background-attachment":"scroll","background-type":"","background-media":"","overlay-type":"","overlay-color":"","overlay-opacity":"","overlay-gradient":""},"tablet":{"background-color":"var(--ast-global-color-4)","background-image":"","background-repeat":"repeat","background-position":"center center","background-size":"auto","background-attachment":"scroll","background-type":"","background-media":"","overlay-type":"","overlay-color":"","overlay-opacity":"","overlay-gradient":""},"mobile":{"background-color":"var(--ast-global-color-4)","background-image":"","background-repeat":"repeat","background-position":"center center","background-size":"auto","background-attachment":"scroll","background-type":"","background-media":"","overlay-type":"","overlay-color":"","overlay-opacity":"","overlay-gradient":""}},"footnotes":""},"categories":[8],"tags":[220,225,125,96],"class_list":["post-10473","post","type-post","status-publish","format-standard","has-post-thumbnail","hentry","category-noticias","tag-concursos","tag-emprendedores","tag-emprendimiento","tag-formacion-2"],"acf":[],"yoast_head":"<!-- This site is optimized with the Yoast SEO plugin v26.9 - https:\/\/yoast.com\/product\/yoast-seo-wordpress\/ -->\n<title>12\u00ba Concurso y Curso de Emprendedores Universitarios en Granada - AJE Granada<\/title>\n<meta name=\"robots\" content=\"index, follow, max-snippet:-1, max-image-preview:large, max-video-preview:-1\" \/>\n<link rel=\"canonical\" href=\"https:\/\/ajeandalucia.org\/granada\/2013\/10\/30\/12o-concurso-y-curso-de-emprendedores-universitarios-en-granada\/\" \/>\n<meta property=\"og:locale\" content=\"es_ES\" \/>\n<meta property=\"og:type\" content=\"article\" \/>\n<meta property=\"og:title\" content=\"12\u00ba Concurso y Curso de Emprendedores Universitarios en Granada - AJE Granada\" \/>\n<meta property=\"og:description\" content=\"El pr\u00f3ximo 11 de Noviembre tendr\u00e1 lugar el 12\u00ba Concurso de Emprendedores Universitarios organizado por la Fundaci\u00f3n EOI, Grupo Joly [&hellip;]\" \/>\n<meta property=\"og:url\" content=\"https:\/\/ajeandalucia.org\/granada\/2013\/10\/30\/12o-concurso-y-curso-de-emprendedores-universitarios-en-granada\/\" \/>\n<meta property=\"og:site_name\" content=\"AJE Granada\" \/>\n<meta property=\"article:published_time\" content=\"2013-10-30T12:32:11+00:00\" \/>\n<meta name=\"twitter:card\" content=\"summary_large_image\" \/>\n<meta name=\"twitter:label1\" content=\"Escrito por\" \/>\n\t<meta name=\"twitter:data1\" content=\"\" \/>\n\t<meta name=\"twitter:label2\" content=\"Tiempo de lectura\" \/>\n\t<meta name=\"twitter:data2\" content=\"1 minuto\" \/>\n<script type=\"application\/ld+json\" class=\"yoast-schema-graph\">{\"@context\":\"https:\/\/schema.org\",\"@graph\":[{\"@type\":\"Article\",\"@id\":\"https:\/\/ajeandalucia.org\/granada\/2013\/10\/30\/12o-concurso-y-curso-de-emprendedores-universitarios-en-granada\/#article\",\"isPartOf\":{\"@id\":\"https:\/\/ajeandalucia.org\/granada\/2013\/10\/30\/12o-concurso-y-curso-de-emprendedores-universitarios-en-granada\/\"},\"author\":{\"name\":\"\",\"@id\":\"\"},\"headline\":\"12\u00ba Concurso y Curso de Emprendedores Universitarios en Granada\",\"datePublished\":\"2013-10-30T12:32:11+00:00\",\"mainEntityOfPage\":{\"@id\":\"https:\/\/ajeandalucia.org\/granada\/2013\/10\/30\/12o-concurso-y-curso-de-emprendedores-universitarios-en-granada\/\"},\"wordCount\":180,\"commentCount\":0,\"publisher\":{\"@id\":\"https:\/\/ajeandalucia.org\/granada\/#organization\"},\"image\":{\"@id\":\"https:\/\/ajeandalucia.org\/granada\/2013\/10\/30\/12o-concurso-y-curso-de-emprendedores-universitarios-en-granada\/#primaryimage\"},\"thumbnailUrl\":\"\",\"keywords\":[\"Concursos\",\"Emprendedores\",\"Emprendimiento\",\"Formaci\u00f3n\"],\"articleSection\":[\"Noticias\"],\"inLanguage\":\"es\",\"potentialAction\":[{\"@type\":\"CommentAction\",\"name\":\"Comment\",\"target\":[\"https:\/\/ajeandalucia.org\/granada\/2013\/10\/30\/12o-concurso-y-curso-de-emprendedores-universitarios-en-granada\/#respond\"]}]},{\"@type\":\"WebPage\",\"@id\":\"https:\/\/ajeandalucia.org\/granada\/2013\/10\/30\/12o-concurso-y-curso-de-emprendedores-universitarios-en-granada\/\",\"url\":\"https:\/\/ajeandalucia.org\/granada\/2013\/10\/30\/12o-concurso-y-curso-de-emprendedores-universitarios-en-granada\/\",\"name\":\"12\u00ba Concurso y Curso de Emprendedores Universitarios en Granada - AJE Granada\",\"isPartOf\":{\"@id\":\"https:\/\/ajeandalucia.org\/granada\/#website\"},\"primaryImageOfPage\":{\"@id\":\"https:\/\/ajeandalucia.org\/granada\/2013\/10\/30\/12o-concurso-y-curso-de-emprendedores-universitarios-en-granada\/#primaryimage\"},\"image\":{\"@id\":\"https:\/\/ajeandalucia.org\/granada\/2013\/10\/30\/12o-concurso-y-curso-de-emprendedores-universitarios-en-granada\/#primaryimage\"},\"thumbnailUrl\":\"\",\"datePublished\":\"2013-10-30T12:32:11+00:00\",\"breadcrumb\":{\"@id\":\"https:\/\/ajeandalucia.org\/granada\/2013\/10\/30\/12o-concurso-y-curso-de-emprendedores-universitarios-en-granada\/#breadcrumb\"},\"inLanguage\":\"es\",\"potentialAction\":[{\"@type\":\"ReadAction\",\"target\":[\"https:\/\/ajeandalucia.org\/granada\/2013\/10\/30\/12o-concurso-y-curso-de-emprendedores-universitarios-en-granada\/\"]}]},{\"@type\":\"ImageObject\",\"inLanguage\":\"es\",\"@id\":\"https:\/\/ajeandalucia.org\/granada\/2013\/10\/30\/12o-concurso-y-curso-de-emprendedores-universitarios-en-granada\/#primaryimage\",\"url\":\"\",\"contentUrl\":\"\"},{\"@type\":\"BreadcrumbList\",\"@id\":\"https:\/\/ajeandalucia.org\/granada\/2013\/10\/30\/12o-concurso-y-curso-de-emprendedores-universitarios-en-granada\/#breadcrumb\",\"itemListElement\":[{\"@type\":\"ListItem\",\"position\":1,\"name\":\"Portada\",\"item\":\"https:\/\/ajeandalucia.org\/granada\/\"},{\"@type\":\"ListItem\",\"position\":2,\"name\":\"12\u00ba Concurso y Curso de Emprendedores Universitarios en Granada\"}]},{\"@type\":\"WebSite\",\"@id\":\"https:\/\/ajeandalucia.org\/granada\/#website\",\"url\":\"https:\/\/ajeandalucia.org\/granada\/\",\"name\":\"AJE Granada\",\"description\":\"J\u00f3venes Empresarios de Granada\",\"publisher\":{\"@id\":\"https:\/\/ajeandalucia.org\/granada\/#organization\"},\"potentialAction\":[{\"@type\":\"SearchAction\",\"target\":{\"@type\":\"EntryPoint\",\"urlTemplate\":\"https:\/\/ajeandalucia.org\/granada\/?s={search_term_string}\"},\"query-input\":{\"@type\":\"PropertyValueSpecification\",\"valueRequired\":true,\"valueName\":\"search_term_string\"}}],\"inLanguage\":\"es\"},{\"@type\":\"Organization\",\"@id\":\"https:\/\/ajeandalucia.org\/granada\/#organization\",\"name\":\"AJE Granada\",\"url\":\"https:\/\/ajeandalucia.org\/granada\/\",\"logo\":{\"@type\":\"ImageObject\",\"inLanguage\":\"es\",\"@id\":\"https:\/\/ajeandalucia.org\/granada\/#\/schema\/logo\/image\/\",\"url\":\"https:\/\/ajeandalucia.org\/granada\/wp-content\/uploads\/sites\/7\/2025\/02\/AJE-GRANADA-horizontal.png\",\"contentUrl\":\"https:\/\/ajeandalucia.org\/granada\/wp-content\/uploads\/sites\/7\/2025\/02\/AJE-GRANADA-horizontal.png\",\"width\":612,\"height\":200,\"caption\":\"AJE Granada\"},\"image\":{\"@id\":\"https:\/\/ajeandalucia.org\/granada\/#\/schema\/logo\/image\/\"}},{\"@type\":\"Person\",\"@id\":\"\",\"url\":\"https:\/\/ajeandalucia.org\/granada\/author\/\"}]}<\/script>\n<!-- \/ Yoast SEO plugin. -->","yoast_head_json":{"title":"12\u00ba Concurso y Curso de Emprendedores Universitarios en Granada - AJE Granada","robots":{"index":"index","follow":"follow","max-snippet":"max-snippet:-1","max-image-preview":"max-image-preview:large","max-video-preview":"max-video-preview:-1"},"canonical":"https:\/\/ajeandalucia.org\/granada\/2013\/10\/30\/12o-concurso-y-curso-de-emprendedores-universitarios-en-granada\/","og_locale":"es_ES","og_type":"article","og_title":"12\u00ba Concurso y Curso de Emprendedores Universitarios en Granada - AJE Granada","og_description":"El pr\u00f3ximo 11 de Noviembre tendr\u00e1 lugar el 12\u00ba Concurso de Emprendedores Universitarios organizado por la Fundaci\u00f3n EOI, Grupo Joly [&hellip;]","og_url":"https:\/\/ajeandalucia.org\/granada\/2013\/10\/30\/12o-concurso-y-curso-de-emprendedores-universitarios-en-granada\/","og_site_name":"AJE Granada","article_published_time":"2013-10-30T12:32:11+00:00","twitter_card":"summary_large_image","twitter_misc":{"Escrito por":"","Tiempo de lectura":"1 minuto"},"schema":{"@context":"https:\/\/schema.org","@graph":[{"@type":"Article","@id":"https:\/\/ajeandalucia.org\/granada\/2013\/10\/30\/12o-concurso-y-curso-de-emprendedores-universitarios-en-granada\/#article","isPartOf":{"@id":"https:\/\/ajeandalucia.org\/granada\/2013\/10\/30\/12o-concurso-y-curso-de-emprendedores-universitarios-en-granada\/"},"author":{"name":"","@id":""},"headline":"12\u00ba Concurso y Curso de Emprendedores Universitarios en Granada","datePublished":"2013-10-30T12:32:11+00:00","mainEntityOfPage":{"@id":"https:\/\/ajeandalucia.org\/granada\/2013\/10\/30\/12o-concurso-y-curso-de-emprendedores-universitarios-en-granada\/"},"wordCount":180,"commentCount":0,"publisher":{"@id":"https:\/\/ajeandalucia.org\/granada\/#organization"},"image":{"@id":"https:\/\/ajeandalucia.org\/granada\/2013\/10\/30\/12o-concurso-y-curso-de-emprendedores-universitarios-en-granada\/#primaryimage"},"thumbnailUrl":"","keywords":["Concursos","Emprendedores","Emprendimiento","Formaci\u00f3n"],"articleSection":["Noticias"],"inLanguage":"es","potentialAction":[{"@type":"CommentAction","name":"Comment","target":["https:\/\/ajeandalucia.org\/granada\/2013\/10\/30\/12o-concurso-y-curso-de-emprendedores-universitarios-en-granada\/#respond"]}]},{"@type":"WebPage","@id":"https:\/\/ajeandalucia.org\/granada\/2013\/10\/30\/12o-concurso-y-curso-de-emprendedores-universitarios-en-granada\/","url":"https:\/\/ajeandalucia.org\/granada\/2013\/10\/30\/12o-concurso-y-curso-de-emprendedores-universitarios-en-granada\/","name":"12\u00ba Concurso y Curso de Emprendedores Universitarios en Granada - AJE Granada","isPartOf":{"@id":"https:\/\/ajeandalucia.org\/granada\/#website"},"primaryImageOfPage":{"@id":"https:\/\/ajeandalucia.org\/granada\/2013\/10\/30\/12o-concurso-y-curso-de-emprendedores-universitarios-en-granada\/#primaryimage"},"image":{"@id":"https:\/\/ajeandalucia.org\/granada\/2013\/10\/30\/12o-concurso-y-curso-de-emprendedores-universitarios-en-granada\/#primaryimage"},"thumbnailUrl":"","datePublished":"2013-10-30T12:32:11+00:00","breadcrumb":{"@id":"https:\/\/ajeandalucia.org\/granada\/2013\/10\/30\/12o-concurso-y-curso-de-emprendedores-universitarios-en-granada\/#breadcrumb"},"inLanguage":"es","potentialAction":[{"@type":"ReadAction","target":["https:\/\/ajeandalucia.org\/granada\/2013\/10\/30\/12o-concurso-y-curso-de-emprendedores-universitarios-en-granada\/"]}]},{"@type":"ImageObject","inLanguage":"es","@id":"https:\/\/ajeandalucia.org\/granada\/2013\/10\/30\/12o-concurso-y-curso-de-emprendedores-universitarios-en-granada\/#primaryimage","url":"","contentUrl":""},{"@type":"BreadcrumbList","@id":"https:\/\/ajeandalucia.org\/granada\/2013\/10\/30\/12o-concurso-y-curso-de-emprendedores-universitarios-en-granada\/#breadcrumb","itemListElement":[{"@type":"ListItem","position":1,"name":"Portada","item":"https:\/\/ajeandalucia.org\/granada\/"},{"@type":"ListItem","position":2,"name":"12\u00ba Concurso y Curso de Emprendedores Universitarios en Granada"}]},{"@type":"WebSite","@id":"https:\/\/ajeandalucia.org\/granada\/#website","url":"https:\/\/ajeandalucia.org\/granada\/","name":"AJE Granada","description":"J\u00f3venes Empresarios de Granada","publisher":{"@id":"https:\/\/ajeandalucia.org\/granada\/#organization"},"potentialAction":[{"@type":"SearchAction","target":{"@type":"EntryPoint","urlTemplate":"https:\/\/ajeandalucia.org\/granada\/?s={search_term_string}"},"query-input":{"@type":"PropertyValueSpecification","valueRequired":true,"valueName":"search_term_string"}}],"inLanguage":"es"},{"@type":"Organization","@id":"https:\/\/ajeandalucia.org\/granada\/#organization","name":"AJE Granada","url":"https:\/\/ajeandalucia.org\/granada\/","logo":{"@type":"ImageObject","inLanguage":"es","@id":"https:\/\/ajeandalucia.org\/granada\/#\/schema\/logo\/image\/","url":"https:\/\/ajeandalucia.org\/granada\/wp-content\/uploads\/sites\/7\/2025\/02\/AJE-GRANADA-horizontal.png","contentUrl":"https:\/\/ajeandalucia.org\/granada\/wp-content\/uploads\/sites\/7\/2025\/02\/AJE-GRANADA-horizontal.png","width":612,"height":200,"caption":"AJE Granada"},"image":{"@id":"https:\/\/ajeandalucia.org\/granada\/#\/schema\/logo\/image\/"}},{"@type":"Person","@id":"","url":"https:\/\/ajeandalucia.org\/granada\/author\/"}]}},"_links":{"self":[{"href":"https:\/\/ajeandalucia.org\/granada\/wp-json\/wp\/v2\/posts\/10473","targetHints":{"allow":["GET"]}}],"collection":[{"href":"https:\/\/ajeandalucia.org\/granada\/wp-json\/wp\/v2\/posts"}],"about":[{"href":"https:\/\/ajeandalucia.org\/granada\/wp-json\/wp\/v2\/types\/post"}],"author":[{"embeddable":true,"href":"https:\/\/ajeandalucia.org\/granada\/wp-json\/wp\/v2\/users\/1"}],"replies":[{"embeddable":true,"href":"https:\/\/ajeandalucia.org\/granada\/wp-json\/wp\/v2\/comments?post=10473"}],"version-history":[{"count":0,"href":"https:\/\/ajeandalucia.org\/granada\/wp-json\/wp\/v2\/posts\/10473\/revisions"}],"wp:featuredmedia":[{"embeddable":true,"href":"https:\/\/ajeandalucia.org\/granada\/wp-json\/"}],"wp:attachment":[{"href":"https:\/\/ajeandalucia.org\/granada\/wp-json\/wp\/v2\/media?parent=10473"}],"wp:term":[{"taxonomy":"category","embeddable":true,"href":"https:\/\/ajeandalucia.org\/granada\/wp-json\/wp\/v2\/categories?post=10473"},{"taxonomy":"post_tag","embeddable":true,"href":"https:\/\/ajeandalucia.org\/granada\/wp-json\/wp\/v2\/tags?post=10473"}],"curies":[{"name":"wp","href":"https:\/\/api.w.org\/{rel}","templated":true}]}}