{"id":10607,"date":"2013-11-07T09:50:31","date_gmt":"2013-11-07T08:50:31","guid":{"rendered":"http:\/\/www.ajegranada.org\/?p=10607"},"modified":"2013-11-07T09:50:31","modified_gmt":"2013-11-07T08:50:31","slug":"5a-edicion-del-curso-gestion-de-la-formacion-bonificada","status":"publish","type":"post","link":"https:\/\/ajeandalucia.org\/granada\/2013\/11\/07\/5a-edicion-del-curso-gestion-de-la-formacion-bonificada\/","title":{"rendered":"5\u00aa Edici\u00f3n del Curso Gesti\u00f3n de la Formaci\u00f3n Bonificada"},"content":{"rendered":"<p>\u00bfQuiere aprender a bonificar la formaci\u00f3n de sus clientes? \u00a1Quiere bonificar el coste de la formaci\u00f3n de sus trabajadores? Con la 5\u00aa Edici\u00f3n del Curso de Gesti\u00f3n de la Formaci\u00f3n Bonificada organizado por Trajano Centro de Formaci\u00f3n, conocer\u00e1s todo el tr\u00e1mite de <strong>gesti\u00f3n del cr\u00e9dito para acciones formativas que la Fundaci\u00f3n Tripartita<\/strong> ofrece a todas las empresas.<\/p>\n<p><a href=\"http:\/\/www.ajegranada.org\/wp-content\/uploads\/2013\/11\/cartel-gestion-bonificada.jpg\"><img loading=\"lazy\" decoding=\"async\" class=\"wp-image-10935 alignleft\" alt=\"cartel gestion bonificada\" src=\"http:\/\/www.ajegranada.org\/wp-content\/uploads\/2013\/11\/cartel-gestion-bonificada.jpg\" width=\"411\" height=\"308\" \/><\/a><\/p>\n<p>Este curso, adem\u00e1s, contribuir\u00e1 al incremento de la autonom\u00eda del departamento de formaci\u00f3n para la gesti\u00f3n del cr\u00e9dito formativo de la Fundaci\u00f3n Tripartita en la formaci\u00f3n interna de la empresa.<\/p>\n<p><strong>Puedes beneficiarte de un\u00a0\u00a05% de descuento si ya\u00a0ha realizado alguna formaci\u00f3n con Trajano, y de un\u00a015 %\u00a0si es aut\u00f3nomo o desempleado. <\/strong>Puedes inscribirte a trav\u00e9s de la web de Trajano, o enviando la siguiente ficha de inscripci\u00f3n cumplimentada a\u00a0formacion@trajanoformacion.com<\/p>\n<p>&nbsp;<\/p>\n<p><em>*Formaci\u00f3n \u00edntegramente bonificable a trav\u00e9s de los cr\u00e9ditos de empresa para la Formaci\u00f3n continua de la Fundaci\u00f3n Tripartita<\/em><\/p>\n<p>[wpfilebase tag=file id=290 tpl=download-button \/]<\/p>\n<p>[wpfilebase tag=file id=372 tpl=download-button \/]<\/p>\n","protected":false},"excerpt":{"rendered":"<p>\u00bfQuiere aprender a bonificar la formaci\u00f3n de sus clientes? \u00a1Quiere bonificar el coste de la formaci\u00f3n de sus trabajadores? Con [&hellip;]<\/p>\n","protected":false},"author":1,"featured_media":10935,"comment_status":"open","ping_status":"open","sticky":false,"template":"","format":"standard","meta":{"_acf_changed":false,"site-sidebar-layout":"default","site-content-layout":"","ast-site-content-layout":"default","site-content-style":"default","site-sidebar-style":"default","ast-global-header-display":"","ast-banner-title-visibility":"","ast-main-header-display":"","ast-hfb-above-header-display":"","ast-hfb-below-header-display":"","ast-hfb-mobile-header-display":"","site-post-title":"","ast-breadcrumbs-content":"","ast-featured-img":"","footer-sml-layout":"","ast-disable-related-posts":"","theme-transparent-header-meta":"","adv-header-id-meta":"","stick-header-meta":"","header-above-stick-meta":"","header-main-stick-meta":"","header-below-stick-meta":"","astra-migrate-meta-layouts":"default","ast-page-background-enabled":"default","ast-page-background-meta":{"desktop":{"background-color":"var(--ast-global-color-5)","background-image":"","background-repeat":"repeat","background-position":"center center","background-size":"auto","background-attachment":"scroll","background-type":"","background-media":"","overlay-type":"","overlay-color":"","overlay-opacity":"","overlay-gradient":""},"tablet":{"background-color":"","background-image":"","background-repeat":"repeat","background-position":"center center","background-size":"auto","background-attachment":"scroll","background-type":"","background-media":"","overlay-type":"","overlay-color":"","overlay-opacity":"","overlay-gradient":""},"mobile":{"background-color":"","background-image":"","background-repeat":"repeat","background-position":"center center","background-size":"auto","background-attachment":"scroll","background-type":"","background-media":"","overlay-type":"","overlay-color":"","overlay-opacity":"","overlay-gradient":""}},"ast-content-background-meta":{"desktop":{"background-color":"var(--ast-global-color-4)","background-image":"","background-repeat":"repeat","background-position":"center center","background-size":"auto","background-attachment":"scroll","background-type":"","background-media":"","overlay-type":"","overlay-color":"","overlay-opacity":"","overlay-gradient":""},"tablet":{"background-color":"var(--ast-global-color-4)","background-image":"","background-repeat":"repeat","background-position":"center center","background-size":"auto","background-attachment":"scroll","background-type":"","background-media":"","overlay-type":"","overlay-color":"","overlay-opacity":"","overlay-gradient":""},"mobile":{"background-color":"var(--ast-global-color-4)","background-image":"","background-repeat":"repeat","background-position":"center center","background-size":"auto","background-attachment":"scroll","background-type":"","background-media":"","overlay-type":"","overlay-color":"","overlay-opacity":"","overlay-gradient":""}},"footnotes":""},"categories":[8],"tags":[178,96,270,271],"class_list":["post-10607","post","type-post","status-publish","format-standard","has-post-thumbnail","hentry","category-noticias","tag-cursos","tag-formacion-2","tag-formacion-bonificada","tag-fundacion-tripartita"],"acf":[],"yoast_head":"<!-- This site is optimized with the Yoast SEO plugin v26.9 - https:\/\/yoast.com\/product\/yoast-seo-wordpress\/ -->\n<title>5\u00aa Edici\u00f3n del Curso Gesti\u00f3n de la Formaci\u00f3n Bonificada - AJE Granada<\/title>\n<meta name=\"robots\" content=\"index, follow, max-snippet:-1, max-image-preview:large, max-video-preview:-1\" \/>\n<link rel=\"canonical\" href=\"https:\/\/ajeandalucia.org\/granada\/2013\/11\/07\/5a-edicion-del-curso-gestion-de-la-formacion-bonificada\/\" \/>\n<meta property=\"og:locale\" content=\"es_ES\" \/>\n<meta property=\"og:type\" content=\"article\" \/>\n<meta property=\"og:title\" content=\"5\u00aa Edici\u00f3n del Curso Gesti\u00f3n de la Formaci\u00f3n Bonificada - AJE Granada\" \/>\n<meta property=\"og:description\" content=\"\u00bfQuiere aprender a bonificar la formaci\u00f3n de sus clientes? \u00a1Quiere bonificar el coste de la formaci\u00f3n de sus trabajadores? Con [&hellip;]\" \/>\n<meta property=\"og:url\" content=\"https:\/\/ajeandalucia.org\/granada\/2013\/11\/07\/5a-edicion-del-curso-gestion-de-la-formacion-bonificada\/\" \/>\n<meta property=\"og:site_name\" content=\"AJE Granada\" \/>\n<meta property=\"article:published_time\" content=\"2013-11-07T08:50:31+00:00\" \/>\n<meta name=\"twitter:card\" content=\"summary_large_image\" \/>\n<meta name=\"twitter:label1\" content=\"Escrito por\" \/>\n\t<meta name=\"twitter:data1\" content=\"\" \/>\n\t<meta name=\"twitter:label2\" content=\"Tiempo de lectura\" \/>\n\t<meta name=\"twitter:data2\" content=\"1 minuto\" \/>\n<script type=\"application\/ld+json\" class=\"yoast-schema-graph\">{\"@context\":\"https:\/\/schema.org\",\"@graph\":[{\"@type\":\"Article\",\"@id\":\"https:\/\/ajeandalucia.org\/granada\/2013\/11\/07\/5a-edicion-del-curso-gestion-de-la-formacion-bonificada\/#article\",\"isPartOf\":{\"@id\":\"https:\/\/ajeandalucia.org\/granada\/2013\/11\/07\/5a-edicion-del-curso-gestion-de-la-formacion-bonificada\/\"},\"author\":{\"name\":\"\",\"@id\":\"\"},\"headline\":\"5\u00aa Edici\u00f3n del Curso Gesti\u00f3n de la Formaci\u00f3n Bonificada\",\"datePublished\":\"2013-11-07T08:50:31+00:00\",\"mainEntityOfPage\":{\"@id\":\"https:\/\/ajeandalucia.org\/granada\/2013\/11\/07\/5a-edicion-del-curso-gestion-de-la-formacion-bonificada\/\"},\"wordCount\":198,\"commentCount\":0,\"publisher\":{\"@id\":\"https:\/\/ajeandalucia.org\/granada\/#organization\"},\"image\":{\"@id\":\"https:\/\/ajeandalucia.org\/granada\/2013\/11\/07\/5a-edicion-del-curso-gestion-de-la-formacion-bonificada\/#primaryimage\"},\"thumbnailUrl\":\"\",\"keywords\":[\"Cursos\",\"Formaci\u00f3n\",\"Formaci\u00f3n bonificada\",\"Fundaci\u00f3n Tripartita\"],\"articleSection\":[\"Noticias\"],\"inLanguage\":\"es\",\"potentialAction\":[{\"@type\":\"CommentAction\",\"name\":\"Comment\",\"target\":[\"https:\/\/ajeandalucia.org\/granada\/2013\/11\/07\/5a-edicion-del-curso-gestion-de-la-formacion-bonificada\/#respond\"]}]},{\"@type\":\"WebPage\",\"@id\":\"https:\/\/ajeandalucia.org\/granada\/2013\/11\/07\/5a-edicion-del-curso-gestion-de-la-formacion-bonificada\/\",\"url\":\"https:\/\/ajeandalucia.org\/granada\/2013\/11\/07\/5a-edicion-del-curso-gestion-de-la-formacion-bonificada\/\",\"name\":\"5\u00aa Edici\u00f3n del Curso Gesti\u00f3n de la Formaci\u00f3n Bonificada - AJE Granada\",\"isPartOf\":{\"@id\":\"https:\/\/ajeandalucia.org\/granada\/#website\"},\"primaryImageOfPage\":{\"@id\":\"https:\/\/ajeandalucia.org\/granada\/2013\/11\/07\/5a-edicion-del-curso-gestion-de-la-formacion-bonificada\/#primaryimage\"},\"image\":{\"@id\":\"https:\/\/ajeandalucia.org\/granada\/2013\/11\/07\/5a-edicion-del-curso-gestion-de-la-formacion-bonificada\/#primaryimage\"},\"thumbnailUrl\":\"\",\"datePublished\":\"2013-11-07T08:50:31+00:00\",\"breadcrumb\":{\"@id\":\"https:\/\/ajeandalucia.org\/granada\/2013\/11\/07\/5a-edicion-del-curso-gestion-de-la-formacion-bonificada\/#breadcrumb\"},\"inLanguage\":\"es\",\"potentialAction\":[{\"@type\":\"ReadAction\",\"target\":[\"https:\/\/ajeandalucia.org\/granada\/2013\/11\/07\/5a-edicion-del-curso-gestion-de-la-formacion-bonificada\/\"]}]},{\"@type\":\"ImageObject\",\"inLanguage\":\"es\",\"@id\":\"https:\/\/ajeandalucia.org\/granada\/2013\/11\/07\/5a-edicion-del-curso-gestion-de-la-formacion-bonificada\/#primaryimage\",\"url\":\"\",\"contentUrl\":\"\"},{\"@type\":\"BreadcrumbList\",\"@id\":\"https:\/\/ajeandalucia.org\/granada\/2013\/11\/07\/5a-edicion-del-curso-gestion-de-la-formacion-bonificada\/#breadcrumb\",\"itemListElement\":[{\"@type\":\"ListItem\",\"position\":1,\"name\":\"Portada\",\"item\":\"https:\/\/ajeandalucia.org\/granada\/\"},{\"@type\":\"ListItem\",\"position\":2,\"name\":\"5\u00aa Edici\u00f3n del Curso Gesti\u00f3n de la Formaci\u00f3n Bonificada\"}]},{\"@type\":\"WebSite\",\"@id\":\"https:\/\/ajeandalucia.org\/granada\/#website\",\"url\":\"https:\/\/ajeandalucia.org\/granada\/\",\"name\":\"AJE Granada\",\"description\":\"J\u00f3venes Empresarios de Granada\",\"publisher\":{\"@id\":\"https:\/\/ajeandalucia.org\/granada\/#organization\"},\"potentialAction\":[{\"@type\":\"SearchAction\",\"target\":{\"@type\":\"EntryPoint\",\"urlTemplate\":\"https:\/\/ajeandalucia.org\/granada\/?s={search_term_string}\"},\"query-input\":{\"@type\":\"PropertyValueSpecification\",\"valueRequired\":true,\"valueName\":\"search_term_string\"}}],\"inLanguage\":\"es\"},{\"@type\":\"Organization\",\"@id\":\"https:\/\/ajeandalucia.org\/granada\/#organization\",\"name\":\"AJE Granada\",\"url\":\"https:\/\/ajeandalucia.org\/granada\/\",\"logo\":{\"@type\":\"ImageObject\",\"inLanguage\":\"es\",\"@id\":\"https:\/\/ajeandalucia.org\/granada\/#\/schema\/logo\/image\/\",\"url\":\"https:\/\/ajeandalucia.org\/granada\/wp-content\/uploads\/sites\/7\/2025\/02\/AJE-GRANADA-horizontal.png\",\"contentUrl\":\"https:\/\/ajeandalucia.org\/granada\/wp-content\/uploads\/sites\/7\/2025\/02\/AJE-GRANADA-horizontal.png\",\"width\":612,\"height\":200,\"caption\":\"AJE Granada\"},\"image\":{\"@id\":\"https:\/\/ajeandalucia.org\/granada\/#\/schema\/logo\/image\/\"}},{\"@type\":\"Person\",\"@id\":\"\",\"url\":\"https:\/\/ajeandalucia.org\/granada\/author\/\"}]}<\/script>\n<!-- \/ Yoast SEO plugin. -->","yoast_head_json":{"title":"5\u00aa Edici\u00f3n del Curso Gesti\u00f3n de la Formaci\u00f3n Bonificada - AJE Granada","robots":{"index":"index","follow":"follow","max-snippet":"max-snippet:-1","max-image-preview":"max-image-preview:large","max-video-preview":"max-video-preview:-1"},"canonical":"https:\/\/ajeandalucia.org\/granada\/2013\/11\/07\/5a-edicion-del-curso-gestion-de-la-formacion-bonificada\/","og_locale":"es_ES","og_type":"article","og_title":"5\u00aa Edici\u00f3n del Curso Gesti\u00f3n de la Formaci\u00f3n Bonificada - AJE Granada","og_description":"\u00bfQuiere aprender a bonificar la formaci\u00f3n de sus clientes? \u00a1Quiere bonificar el coste de la formaci\u00f3n de sus trabajadores? Con [&hellip;]","og_url":"https:\/\/ajeandalucia.org\/granada\/2013\/11\/07\/5a-edicion-del-curso-gestion-de-la-formacion-bonificada\/","og_site_name":"AJE Granada","article_published_time":"2013-11-07T08:50:31+00:00","twitter_card":"summary_large_image","twitter_misc":{"Escrito por":"","Tiempo de lectura":"1 minuto"},"schema":{"@context":"https:\/\/schema.org","@graph":[{"@type":"Article","@id":"https:\/\/ajeandalucia.org\/granada\/2013\/11\/07\/5a-edicion-del-curso-gestion-de-la-formacion-bonificada\/#article","isPartOf":{"@id":"https:\/\/ajeandalucia.org\/granada\/2013\/11\/07\/5a-edicion-del-curso-gestion-de-la-formacion-bonificada\/"},"author":{"name":"","@id":""},"headline":"5\u00aa Edici\u00f3n del Curso Gesti\u00f3n de la Formaci\u00f3n Bonificada","datePublished":"2013-11-07T08:50:31+00:00","mainEntityOfPage":{"@id":"https:\/\/ajeandalucia.org\/granada\/2013\/11\/07\/5a-edicion-del-curso-gestion-de-la-formacion-bonificada\/"},"wordCount":198,"commentCount":0,"publisher":{"@id":"https:\/\/ajeandalucia.org\/granada\/#organization"},"image":{"@id":"https:\/\/ajeandalucia.org\/granada\/2013\/11\/07\/5a-edicion-del-curso-gestion-de-la-formacion-bonificada\/#primaryimage"},"thumbnailUrl":"","keywords":["Cursos","Formaci\u00f3n","Formaci\u00f3n bonificada","Fundaci\u00f3n Tripartita"],"articleSection":["Noticias"],"inLanguage":"es","potentialAction":[{"@type":"CommentAction","name":"Comment","target":["https:\/\/ajeandalucia.org\/granada\/2013\/11\/07\/5a-edicion-del-curso-gestion-de-la-formacion-bonificada\/#respond"]}]},{"@type":"WebPage","@id":"https:\/\/ajeandalucia.org\/granada\/2013\/11\/07\/5a-edicion-del-curso-gestion-de-la-formacion-bonificada\/","url":"https:\/\/ajeandalucia.org\/granada\/2013\/11\/07\/5a-edicion-del-curso-gestion-de-la-formacion-bonificada\/","name":"5\u00aa Edici\u00f3n del Curso Gesti\u00f3n de la Formaci\u00f3n Bonificada - AJE Granada","isPartOf":{"@id":"https:\/\/ajeandalucia.org\/granada\/#website"},"primaryImageOfPage":{"@id":"https:\/\/ajeandalucia.org\/granada\/2013\/11\/07\/5a-edicion-del-curso-gestion-de-la-formacion-bonificada\/#primaryimage"},"image":{"@id":"https:\/\/ajeandalucia.org\/granada\/2013\/11\/07\/5a-edicion-del-curso-gestion-de-la-formacion-bonificada\/#primaryimage"},"thumbnailUrl":"","datePublished":"2013-11-07T08:50:31+00:00","breadcrumb":{"@id":"https:\/\/ajeandalucia.org\/granada\/2013\/11\/07\/5a-edicion-del-curso-gestion-de-la-formacion-bonificada\/#breadcrumb"},"inLanguage":"es","potentialAction":[{"@type":"ReadAction","target":["https:\/\/ajeandalucia.org\/granada\/2013\/11\/07\/5a-edicion-del-curso-gestion-de-la-formacion-bonificada\/"]}]},{"@type":"ImageObject","inLanguage":"es","@id":"https:\/\/ajeandalucia.org\/granada\/2013\/11\/07\/5a-edicion-del-curso-gestion-de-la-formacion-bonificada\/#primaryimage","url":"","contentUrl":""},{"@type":"BreadcrumbList","@id":"https:\/\/ajeandalucia.org\/granada\/2013\/11\/07\/5a-edicion-del-curso-gestion-de-la-formacion-bonificada\/#breadcrumb","itemListElement":[{"@type":"ListItem","position":1,"name":"Portada","item":"https:\/\/ajeandalucia.org\/granada\/"},{"@type":"ListItem","position":2,"name":"5\u00aa Edici\u00f3n del Curso Gesti\u00f3n de la Formaci\u00f3n Bonificada"}]},{"@type":"WebSite","@id":"https:\/\/ajeandalucia.org\/granada\/#website","url":"https:\/\/ajeandalucia.org\/granada\/","name":"AJE Granada","description":"J\u00f3venes Empresarios de Granada","publisher":{"@id":"https:\/\/ajeandalucia.org\/granada\/#organization"},"potentialAction":[{"@type":"SearchAction","target":{"@type":"EntryPoint","urlTemplate":"https:\/\/ajeandalucia.org\/granada\/?s={search_term_string}"},"query-input":{"@type":"PropertyValueSpecification","valueRequired":true,"valueName":"search_term_string"}}],"inLanguage":"es"},{"@type":"Organization","@id":"https:\/\/ajeandalucia.org\/granada\/#organization","name":"AJE Granada","url":"https:\/\/ajeandalucia.org\/granada\/","logo":{"@type":"ImageObject","inLanguage":"es","@id":"https:\/\/ajeandalucia.org\/granada\/#\/schema\/logo\/image\/","url":"https:\/\/ajeandalucia.org\/granada\/wp-content\/uploads\/sites\/7\/2025\/02\/AJE-GRANADA-horizontal.png","contentUrl":"https:\/\/ajeandalucia.org\/granada\/wp-content\/uploads\/sites\/7\/2025\/02\/AJE-GRANADA-horizontal.png","width":612,"height":200,"caption":"AJE Granada"},"image":{"@id":"https:\/\/ajeandalucia.org\/granada\/#\/schema\/logo\/image\/"}},{"@type":"Person","@id":"","url":"https:\/\/ajeandalucia.org\/granada\/author\/"}]}},"_links":{"self":[{"href":"https:\/\/ajeandalucia.org\/granada\/wp-json\/wp\/v2\/posts\/10607","targetHints":{"allow":["GET"]}}],"collection":[{"href":"https:\/\/ajeandalucia.org\/granada\/wp-json\/wp\/v2\/posts"}],"about":[{"href":"https:\/\/ajeandalucia.org\/granada\/wp-json\/wp\/v2\/types\/post"}],"author":[{"embeddable":true,"href":"https:\/\/ajeandalucia.org\/granada\/wp-json\/wp\/v2\/users\/1"}],"replies":[{"embeddable":true,"href":"https:\/\/ajeandalucia.org\/granada\/wp-json\/wp\/v2\/comments?post=10607"}],"version-history":[{"count":0,"href":"https:\/\/ajeandalucia.org\/granada\/wp-json\/wp\/v2\/posts\/10607\/revisions"}],"wp:featuredmedia":[{"embeddable":true,"href":"https:\/\/ajeandalucia.org\/granada\/wp-json\/"}],"wp:attachment":[{"href":"https:\/\/ajeandalucia.org\/granada\/wp-json\/wp\/v2\/media?parent=10607"}],"wp:term":[{"taxonomy":"category","embeddable":true,"href":"https:\/\/ajeandalucia.org\/granada\/wp-json\/wp\/v2\/categories?post=10607"},{"taxonomy":"post_tag","embeddable":true,"href":"https:\/\/ajeandalucia.org\/granada\/wp-json\/wp\/v2\/tags?post=10607"}],"curies":[{"name":"wp","href":"https:\/\/api.w.org\/{rel}","templated":true}]}}