{"id":10695,"date":"2013-11-13T10:07:16","date_gmt":"2013-11-13T09:07:16","guid":{"rendered":"http:\/\/www.ajegranada.org\/?p=10695"},"modified":"2013-11-13T10:07:16","modified_gmt":"2013-11-13T09:07:16","slug":"jornadas-start-you-up-emprende-tu-idea-de-negocio","status":"publish","type":"post","link":"https:\/\/ajeandalucia.org\/granada\/2013\/11\/13\/jornadas-start-you-up-emprende-tu-idea-de-negocio\/","title":{"rendered":"Jornadas \u201cStart-you-up, emprende tu idea de negocio\u201d"},"content":{"rendered":"<p><a href=\"http:\/\/www.ajegranada.org\/wp-content\/uploads\/2013\/11\/staryouup.jpg\"><img loading=\"lazy\" decoding=\"async\" class=\" wp-image-10696 alignleft\" alt=\"staryouup\" src=\"http:\/\/www.ajegranada.org\/wp-content\/uploads\/2013\/11\/staryouup.jpg\" width=\"180\" height=\"180\" \/><\/a>El pr\u00f3ximo fin de semana, del 22 y 23 de Noviembre tendr\u00e1n lugar las jornadas\u00a0\u201cStart-you-up, emprende tu idea de negocio\u201d, organizadas conjuntamente por el\u00a0Instituto Andaluz de la Juventud y la Asociaci\u00f3n Cultural La Dinamizadora.<\/p>\n<p>Estas jornadas, que est\u00e1n\u00a0dirigidas a<strong> j\u00f3venes de 18 a 35 a\u00f1os,<\/strong> pretenden servir de <strong>aceleradoras del desarrollo empresarial, fomentando el emprendimiento entre j\u00f3venes y profesionales,<\/strong> desde una eficaz gesti\u00f3n del cambio y desde una metodolog\u00eda innovadora.\u00a0Se procurar\u00e1 desarrollar la capacidad creativa e innovadora, mediante una metodolog\u00eda de innovaci\u00f3n, potenciando la generaci\u00f3n de networking y de equipos colaborativos capaces de buscar y encontrar la innovaci\u00f3n en los modelos de negocio y de relacionarse con el resto de actores del ecosistema local.<\/p>\n<p>\u201cStart-you-up, emprende tu idea de negocio\u201d se celrbrar\u00e1\u00a0en el centro BIC Granada en el Parque Tecnol\u00f3gico de la Salud (Avenida de la Innovaci\u00f3n, 1 Granada). <strong>La entrada es libre, pero es necesario inscribirse previamente en <a href=\"http:\/\/apuntateuna.es\/start-you-up\/\">este enlace<\/a>.<\/strong><\/p>\n<p>El programa de las jornadas es el siguiente:<\/p>\n<p><strong>Viernes, 22 de noviembre<\/strong><\/p>\n<ul>\n<li>10:00 h. Inauguraci\u00f3n.<\/li>\n<li>10:15 h. Conferencia inaugural sobre \u201cMotivaci\u00f3n\u201d por Rub\u00e9n Turienzo, coach ejecutivo y empresarial.<\/li>\n<li>12:30 h. Mesa Redonda \u201cNuevos modelos de financiaci\u00f3n\u201d con la participaci\u00f3n de Agencia Idea, CADE, y Goteo Andaluc\u00eda.16:30 h. Conferencia sobre \u201cNuevos Modelos de marketing\u201d, a cargo de Rub\u00e9n Turienzo.<\/li>\n<li>18:00 h. Mesa Redonda \u201cNuevos modelos de negocio\u201d con la participaci\u00f3n de las empresas:\u00a0Fresh and dirty,Abuxarra, jamones 2.0,\u00a0Momo Slow Place,\u00a0La Expositiva,\u00a0Ecosport y\u00a0www.noscomemoselmundo.com<\/li>\n<\/ul>\n<p><strong>S\u00e1bado, 23 de noviembre<\/strong><\/p>\n<ul>\n<li>C\u00e1psula Formativa de Alto Rendimiento con \u00c1lvaro Romero Mena, director de la empresa \u201cFaccendo, estrategias culturales\u201d con los siguientes contenidos<\/li>\n<\/ul>\n<p><em>*La asistencia a la c\u00e1psula formativa estar\u00e1 limitada a un m\u00e1ximo de 30 personas que ser\u00e1n seleccionadas de entre las solicitantes en funci\u00f3n del nivel de desarrollo de su idea de negocio as\u00ed como se priorizar\u00e1n a aquellas personas con edades comprendidas entre los 18 y los 35 a\u00f1os.<\/em><\/p>\n","protected":false},"excerpt":{"rendered":"<p>El pr\u00f3ximo fin de semana, del 22 y 23 de Noviembre tendr\u00e1n lugar las jornadas\u00a0\u201cStart-you-up, emprende tu idea de negocio\u201d, [&hellip;]<\/p>\n","protected":false},"author":1,"featured_media":10696,"comment_status":"open","ping_status":"open","sticky":false,"template":"","format":"standard","meta":{"_acf_changed":false,"site-sidebar-layout":"default","site-content-layout":"","ast-site-content-layout":"default","site-content-style":"default","site-sidebar-style":"default","ast-global-header-display":"","ast-banner-title-visibility":"","ast-main-header-display":"","ast-hfb-above-header-display":"","ast-hfb-below-header-display":"","ast-hfb-mobile-header-display":"","site-post-title":"","ast-breadcrumbs-content":"","ast-featured-img":"","footer-sml-layout":"","ast-disable-related-posts":"","theme-transparent-header-meta":"","adv-header-id-meta":"","stick-header-meta":"","header-above-stick-meta":"","header-main-stick-meta":"","header-below-stick-meta":"","astra-migrate-meta-layouts":"default","ast-page-background-enabled":"default","ast-page-background-meta":{"desktop":{"background-color":"var(--ast-global-color-5)","background-image":"","background-repeat":"repeat","background-position":"center center","background-size":"auto","background-attachment":"scroll","background-type":"","background-media":"","overlay-type":"","overlay-color":"","overlay-opacity":"","overlay-gradient":""},"tablet":{"background-color":"","background-image":"","background-repeat":"repeat","background-position":"center center","background-size":"auto","background-attachment":"scroll","background-type":"","background-media":"","overlay-type":"","overlay-color":"","overlay-opacity":"","overlay-gradient":""},"mobile":{"background-color":"","background-image":"","background-repeat":"repeat","background-position":"center center","background-size":"auto","background-attachment":"scroll","background-type":"","background-media":"","overlay-type":"","overlay-color":"","overlay-opacity":"","overlay-gradient":""}},"ast-content-background-meta":{"desktop":{"background-color":"var(--ast-global-color-4)","background-image":"","background-repeat":"repeat","background-position":"center center","background-size":"auto","background-attachment":"scroll","background-type":"","background-media":"","overlay-type":"","overlay-color":"","overlay-opacity":"","overlay-gradient":""},"tablet":{"background-color":"var(--ast-global-color-4)","background-image":"","background-repeat":"repeat","background-position":"center center","background-size":"auto","background-attachment":"scroll","background-type":"","background-media":"","overlay-type":"","overlay-color":"","overlay-opacity":"","overlay-gradient":""},"mobile":{"background-color":"var(--ast-global-color-4)","background-image":"","background-repeat":"repeat","background-position":"center center","background-size":"auto","background-attachment":"scroll","background-type":"","background-media":"","overlay-type":"","overlay-color":"","overlay-opacity":"","overlay-gradient":""}},"footnotes":""},"categories":[8],"tags":[225,125,96,172,40,104,210],"class_list":["post-10695","post","type-post","status-publish","format-standard","has-post-thumbnail","hentry","category-noticias","tag-emprendedores","tag-emprendimiento","tag-formacion-2","tag-jornadas","tag-networking","tag-taller","tag-workshop"],"acf":[],"yoast_head":"<!-- This site is optimized with the Yoast SEO plugin v26.9 - https:\/\/yoast.com\/product\/yoast-seo-wordpress\/ -->\n<title>Jornadas \u201cStart-you-up, emprende tu idea de negocio\u201d - AJE Granada<\/title>\n<meta name=\"robots\" content=\"index, follow, max-snippet:-1, max-image-preview:large, max-video-preview:-1\" \/>\n<link rel=\"canonical\" href=\"https:\/\/ajeandalucia.org\/granada\/2013\/11\/13\/jornadas-start-you-up-emprende-tu-idea-de-negocio\/\" \/>\n<meta property=\"og:locale\" content=\"es_ES\" \/>\n<meta property=\"og:type\" content=\"article\" \/>\n<meta property=\"og:title\" content=\"Jornadas \u201cStart-you-up, emprende tu idea de negocio\u201d - AJE Granada\" \/>\n<meta property=\"og:description\" content=\"El pr\u00f3ximo fin de semana, del 22 y 23 de Noviembre tendr\u00e1n lugar las jornadas\u00a0\u201cStart-you-up, emprende tu idea de negocio\u201d, [&hellip;]\" \/>\n<meta property=\"og:url\" content=\"https:\/\/ajeandalucia.org\/granada\/2013\/11\/13\/jornadas-start-you-up-emprende-tu-idea-de-negocio\/\" \/>\n<meta property=\"og:site_name\" content=\"AJE Granada\" \/>\n<meta property=\"article:published_time\" content=\"2013-11-13T09:07:16+00:00\" \/>\n<meta name=\"twitter:card\" content=\"summary_large_image\" \/>\n<meta name=\"twitter:label1\" content=\"Escrito por\" \/>\n\t<meta name=\"twitter:data1\" content=\"\" \/>\n\t<meta name=\"twitter:label2\" content=\"Tiempo de lectura\" \/>\n\t<meta name=\"twitter:data2\" content=\"2 minutos\" \/>\n<script type=\"application\/ld+json\" class=\"yoast-schema-graph\">{\"@context\":\"https:\/\/schema.org\",\"@graph\":[{\"@type\":\"Article\",\"@id\":\"https:\/\/ajeandalucia.org\/granada\/2013\/11\/13\/jornadas-start-you-up-emprende-tu-idea-de-negocio\/#article\",\"isPartOf\":{\"@id\":\"https:\/\/ajeandalucia.org\/granada\/2013\/11\/13\/jornadas-start-you-up-emprende-tu-idea-de-negocio\/\"},\"author\":{\"name\":\"\",\"@id\":\"\"},\"headline\":\"Jornadas \u201cStart-you-up, emprende tu idea de negocio\u201d\",\"datePublished\":\"2013-11-13T09:07:16+00:00\",\"mainEntityOfPage\":{\"@id\":\"https:\/\/ajeandalucia.org\/granada\/2013\/11\/13\/jornadas-start-you-up-emprende-tu-idea-de-negocio\/\"},\"wordCount\":340,\"commentCount\":0,\"publisher\":{\"@id\":\"https:\/\/ajeandalucia.org\/granada\/#organization\"},\"image\":{\"@id\":\"https:\/\/ajeandalucia.org\/granada\/2013\/11\/13\/jornadas-start-you-up-emprende-tu-idea-de-negocio\/#primaryimage\"},\"thumbnailUrl\":\"\",\"keywords\":[\"Emprendedores\",\"Emprendimiento\",\"Formaci\u00f3n\",\"Jornadas\",\"networking\",\"Taller\",\"Workshop\"],\"articleSection\":[\"Noticias\"],\"inLanguage\":\"es\",\"potentialAction\":[{\"@type\":\"CommentAction\",\"name\":\"Comment\",\"target\":[\"https:\/\/ajeandalucia.org\/granada\/2013\/11\/13\/jornadas-start-you-up-emprende-tu-idea-de-negocio\/#respond\"]}]},{\"@type\":\"WebPage\",\"@id\":\"https:\/\/ajeandalucia.org\/granada\/2013\/11\/13\/jornadas-start-you-up-emprende-tu-idea-de-negocio\/\",\"url\":\"https:\/\/ajeandalucia.org\/granada\/2013\/11\/13\/jornadas-start-you-up-emprende-tu-idea-de-negocio\/\",\"name\":\"Jornadas \u201cStart-you-up, emprende tu idea de negocio\u201d - AJE Granada\",\"isPartOf\":{\"@id\":\"https:\/\/ajeandalucia.org\/granada\/#website\"},\"primaryImageOfPage\":{\"@id\":\"https:\/\/ajeandalucia.org\/granada\/2013\/11\/13\/jornadas-start-you-up-emprende-tu-idea-de-negocio\/#primaryimage\"},\"image\":{\"@id\":\"https:\/\/ajeandalucia.org\/granada\/2013\/11\/13\/jornadas-start-you-up-emprende-tu-idea-de-negocio\/#primaryimage\"},\"thumbnailUrl\":\"\",\"datePublished\":\"2013-11-13T09:07:16+00:00\",\"breadcrumb\":{\"@id\":\"https:\/\/ajeandalucia.org\/granada\/2013\/11\/13\/jornadas-start-you-up-emprende-tu-idea-de-negocio\/#breadcrumb\"},\"inLanguage\":\"es\",\"potentialAction\":[{\"@type\":\"ReadAction\",\"target\":[\"https:\/\/ajeandalucia.org\/granada\/2013\/11\/13\/jornadas-start-you-up-emprende-tu-idea-de-negocio\/\"]}]},{\"@type\":\"ImageObject\",\"inLanguage\":\"es\",\"@id\":\"https:\/\/ajeandalucia.org\/granada\/2013\/11\/13\/jornadas-start-you-up-emprende-tu-idea-de-negocio\/#primaryimage\",\"url\":\"\",\"contentUrl\":\"\"},{\"@type\":\"BreadcrumbList\",\"@id\":\"https:\/\/ajeandalucia.org\/granada\/2013\/11\/13\/jornadas-start-you-up-emprende-tu-idea-de-negocio\/#breadcrumb\",\"itemListElement\":[{\"@type\":\"ListItem\",\"position\":1,\"name\":\"Portada\",\"item\":\"https:\/\/ajeandalucia.org\/granada\/\"},{\"@type\":\"ListItem\",\"position\":2,\"name\":\"Jornadas \u201cStart-you-up, emprende tu idea de negocio\u201d\"}]},{\"@type\":\"WebSite\",\"@id\":\"https:\/\/ajeandalucia.org\/granada\/#website\",\"url\":\"https:\/\/ajeandalucia.org\/granada\/\",\"name\":\"AJE Granada\",\"description\":\"J\u00f3venes Empresarios de Granada\",\"publisher\":{\"@id\":\"https:\/\/ajeandalucia.org\/granada\/#organization\"},\"potentialAction\":[{\"@type\":\"SearchAction\",\"target\":{\"@type\":\"EntryPoint\",\"urlTemplate\":\"https:\/\/ajeandalucia.org\/granada\/?s={search_term_string}\"},\"query-input\":{\"@type\":\"PropertyValueSpecification\",\"valueRequired\":true,\"valueName\":\"search_term_string\"}}],\"inLanguage\":\"es\"},{\"@type\":\"Organization\",\"@id\":\"https:\/\/ajeandalucia.org\/granada\/#organization\",\"name\":\"AJE Granada\",\"url\":\"https:\/\/ajeandalucia.org\/granada\/\",\"logo\":{\"@type\":\"ImageObject\",\"inLanguage\":\"es\",\"@id\":\"https:\/\/ajeandalucia.org\/granada\/#\/schema\/logo\/image\/\",\"url\":\"https:\/\/ajeandalucia.org\/granada\/wp-content\/uploads\/sites\/7\/2025\/02\/AJE-GRANADA-horizontal.png\",\"contentUrl\":\"https:\/\/ajeandalucia.org\/granada\/wp-content\/uploads\/sites\/7\/2025\/02\/AJE-GRANADA-horizontal.png\",\"width\":612,\"height\":200,\"caption\":\"AJE Granada\"},\"image\":{\"@id\":\"https:\/\/ajeandalucia.org\/granada\/#\/schema\/logo\/image\/\"}},{\"@type\":\"Person\",\"@id\":\"\",\"url\":\"https:\/\/ajeandalucia.org\/granada\/author\/\"}]}<\/script>\n<!-- \/ Yoast SEO plugin. -->","yoast_head_json":{"title":"Jornadas \u201cStart-you-up, emprende tu idea de negocio\u201d - AJE Granada","robots":{"index":"index","follow":"follow","max-snippet":"max-snippet:-1","max-image-preview":"max-image-preview:large","max-video-preview":"max-video-preview:-1"},"canonical":"https:\/\/ajeandalucia.org\/granada\/2013\/11\/13\/jornadas-start-you-up-emprende-tu-idea-de-negocio\/","og_locale":"es_ES","og_type":"article","og_title":"Jornadas \u201cStart-you-up, emprende tu idea de negocio\u201d - AJE Granada","og_description":"El pr\u00f3ximo fin de semana, del 22 y 23 de Noviembre tendr\u00e1n lugar las jornadas\u00a0\u201cStart-you-up, emprende tu idea de negocio\u201d, [&hellip;]","og_url":"https:\/\/ajeandalucia.org\/granada\/2013\/11\/13\/jornadas-start-you-up-emprende-tu-idea-de-negocio\/","og_site_name":"AJE Granada","article_published_time":"2013-11-13T09:07:16+00:00","twitter_card":"summary_large_image","twitter_misc":{"Escrito por":"","Tiempo de lectura":"2 minutos"},"schema":{"@context":"https:\/\/schema.org","@graph":[{"@type":"Article","@id":"https:\/\/ajeandalucia.org\/granada\/2013\/11\/13\/jornadas-start-you-up-emprende-tu-idea-de-negocio\/#article","isPartOf":{"@id":"https:\/\/ajeandalucia.org\/granada\/2013\/11\/13\/jornadas-start-you-up-emprende-tu-idea-de-negocio\/"},"author":{"name":"","@id":""},"headline":"Jornadas \u201cStart-you-up, emprende tu idea de negocio\u201d","datePublished":"2013-11-13T09:07:16+00:00","mainEntityOfPage":{"@id":"https:\/\/ajeandalucia.org\/granada\/2013\/11\/13\/jornadas-start-you-up-emprende-tu-idea-de-negocio\/"},"wordCount":340,"commentCount":0,"publisher":{"@id":"https:\/\/ajeandalucia.org\/granada\/#organization"},"image":{"@id":"https:\/\/ajeandalucia.org\/granada\/2013\/11\/13\/jornadas-start-you-up-emprende-tu-idea-de-negocio\/#primaryimage"},"thumbnailUrl":"","keywords":["Emprendedores","Emprendimiento","Formaci\u00f3n","Jornadas","networking","Taller","Workshop"],"articleSection":["Noticias"],"inLanguage":"es","potentialAction":[{"@type":"CommentAction","name":"Comment","target":["https:\/\/ajeandalucia.org\/granada\/2013\/11\/13\/jornadas-start-you-up-emprende-tu-idea-de-negocio\/#respond"]}]},{"@type":"WebPage","@id":"https:\/\/ajeandalucia.org\/granada\/2013\/11\/13\/jornadas-start-you-up-emprende-tu-idea-de-negocio\/","url":"https:\/\/ajeandalucia.org\/granada\/2013\/11\/13\/jornadas-start-you-up-emprende-tu-idea-de-negocio\/","name":"Jornadas \u201cStart-you-up, emprende tu idea de negocio\u201d - AJE Granada","isPartOf":{"@id":"https:\/\/ajeandalucia.org\/granada\/#website"},"primaryImageOfPage":{"@id":"https:\/\/ajeandalucia.org\/granada\/2013\/11\/13\/jornadas-start-you-up-emprende-tu-idea-de-negocio\/#primaryimage"},"image":{"@id":"https:\/\/ajeandalucia.org\/granada\/2013\/11\/13\/jornadas-start-you-up-emprende-tu-idea-de-negocio\/#primaryimage"},"thumbnailUrl":"","datePublished":"2013-11-13T09:07:16+00:00","breadcrumb":{"@id":"https:\/\/ajeandalucia.org\/granada\/2013\/11\/13\/jornadas-start-you-up-emprende-tu-idea-de-negocio\/#breadcrumb"},"inLanguage":"es","potentialAction":[{"@type":"ReadAction","target":["https:\/\/ajeandalucia.org\/granada\/2013\/11\/13\/jornadas-start-you-up-emprende-tu-idea-de-negocio\/"]}]},{"@type":"ImageObject","inLanguage":"es","@id":"https:\/\/ajeandalucia.org\/granada\/2013\/11\/13\/jornadas-start-you-up-emprende-tu-idea-de-negocio\/#primaryimage","url":"","contentUrl":""},{"@type":"BreadcrumbList","@id":"https:\/\/ajeandalucia.org\/granada\/2013\/11\/13\/jornadas-start-you-up-emprende-tu-idea-de-negocio\/#breadcrumb","itemListElement":[{"@type":"ListItem","position":1,"name":"Portada","item":"https:\/\/ajeandalucia.org\/granada\/"},{"@type":"ListItem","position":2,"name":"Jornadas \u201cStart-you-up, emprende tu idea de negocio\u201d"}]},{"@type":"WebSite","@id":"https:\/\/ajeandalucia.org\/granada\/#website","url":"https:\/\/ajeandalucia.org\/granada\/","name":"AJE Granada","description":"J\u00f3venes Empresarios de Granada","publisher":{"@id":"https:\/\/ajeandalucia.org\/granada\/#organization"},"potentialAction":[{"@type":"SearchAction","target":{"@type":"EntryPoint","urlTemplate":"https:\/\/ajeandalucia.org\/granada\/?s={search_term_string}"},"query-input":{"@type":"PropertyValueSpecification","valueRequired":true,"valueName":"search_term_string"}}],"inLanguage":"es"},{"@type":"Organization","@id":"https:\/\/ajeandalucia.org\/granada\/#organization","name":"AJE Granada","url":"https:\/\/ajeandalucia.org\/granada\/","logo":{"@type":"ImageObject","inLanguage":"es","@id":"https:\/\/ajeandalucia.org\/granada\/#\/schema\/logo\/image\/","url":"https:\/\/ajeandalucia.org\/granada\/wp-content\/uploads\/sites\/7\/2025\/02\/AJE-GRANADA-horizontal.png","contentUrl":"https:\/\/ajeandalucia.org\/granada\/wp-content\/uploads\/sites\/7\/2025\/02\/AJE-GRANADA-horizontal.png","width":612,"height":200,"caption":"AJE Granada"},"image":{"@id":"https:\/\/ajeandalucia.org\/granada\/#\/schema\/logo\/image\/"}},{"@type":"Person","@id":"","url":"https:\/\/ajeandalucia.org\/granada\/author\/"}]}},"_links":{"self":[{"href":"https:\/\/ajeandalucia.org\/granada\/wp-json\/wp\/v2\/posts\/10695","targetHints":{"allow":["GET"]}}],"collection":[{"href":"https:\/\/ajeandalucia.org\/granada\/wp-json\/wp\/v2\/posts"}],"about":[{"href":"https:\/\/ajeandalucia.org\/granada\/wp-json\/wp\/v2\/types\/post"}],"author":[{"embeddable":true,"href":"https:\/\/ajeandalucia.org\/granada\/wp-json\/wp\/v2\/users\/1"}],"replies":[{"embeddable":true,"href":"https:\/\/ajeandalucia.org\/granada\/wp-json\/wp\/v2\/comments?post=10695"}],"version-history":[{"count":0,"href":"https:\/\/ajeandalucia.org\/granada\/wp-json\/wp\/v2\/posts\/10695\/revisions"}],"wp:featuredmedia":[{"embeddable":true,"href":"https:\/\/ajeandalucia.org\/granada\/wp-json\/"}],"wp:attachment":[{"href":"https:\/\/ajeandalucia.org\/granada\/wp-json\/wp\/v2\/media?parent=10695"}],"wp:term":[{"taxonomy":"category","embeddable":true,"href":"https:\/\/ajeandalucia.org\/granada\/wp-json\/wp\/v2\/categories?post=10695"},{"taxonomy":"post_tag","embeddable":true,"href":"https:\/\/ajeandalucia.org\/granada\/wp-json\/wp\/v2\/tags?post=10695"}],"curies":[{"name":"wp","href":"https:\/\/api.w.org\/{rel}","templated":true}]}}