{"id":10714,"date":"2013-11-14T09:35:09","date_gmt":"2013-11-14T08:35:09","guid":{"rendered":"http:\/\/www.ajegranada.org\/?p=10714"},"modified":"2013-11-14T09:35:09","modified_gmt":"2013-11-14T08:35:09","slug":"enterate-granada-2013","status":"publish","type":"post","link":"https:\/\/ajeandalucia.org\/granada\/2013\/11\/14\/enterate-granada-2013\/","title":{"rendered":"Ent\u00e9rate Granada 2013"},"content":{"rendered":"<p><a href=\"http:\/\/www.ajegranada.org\/wp-content\/uploads\/2013\/11\/enterate.png\"><img loading=\"lazy\" decoding=\"async\" class=\" wp-image-10715 alignright\" alt=\"enterate\" src=\"http:\/\/www.ajegranada.org\/wp-content\/uploads\/2013\/11\/enterate.png\" width=\"144\" height=\"144\" \/><\/a>\u00bfEres joven y Universitario de Granada?\u00a0No puedes perderte la cita de Ent\u00e9rate Granada 2013, un d\u00eda para encontrar opciones de futuro que se celebrar\u00e1 el pr\u00f3ximo Mi\u00e9rcoles 20 de Noviembre.<\/p>\n<p>En este evento podr\u00e1s encontrar, entre otros:<\/p>\n<ul>\n<li>\u00a0Los mejores m\u00e1sters de las principales escuelas de negocios.<\/li>\n<li>Reclutamiento y ofertas de trabajo de empresas de primer nivel.<\/li>\n<li>Asesoramiento en la b\u00fasqueda de empleo y mejora del CV de mano de expertos\u00a0en RR.HH, tu primera entrevista de trabajo<\/li>\n<li>Programas de voluntariado y acciones sociales.<\/li>\n<li>\u00a0Un \u00e1rea para emprendedores d\u00f3nde encontrar informaci\u00f3n sobre c\u00f3mo poner en marcha tu Start-Ups, y encontrar ayudas y subvenciones.<\/li>\n<li>Un espacio para Internacionalizaci\u00f3n y cursos de idiomas en el extranjero.<\/li>\n<li>Descuentos y sorteos en Masters y Cursos en ingl\u00e9s y estancias en Australia<\/li>\n<li>Beca B4Work equivalente a un descuento en la formaci\u00f3n que t\u00fa elijas. (Para universitarios que acrediten que est\u00e1n matriculados en \u00faltimos a\u00f1os de carrera).<\/li>\n<li>Servicios a j\u00f3venes relacionados con viajes, trabajos temporales y otros..<\/li>\n<\/ul>\n<p><strong>La cita tendr\u00e1 lugar entre las 16:00 y las 20:00, en el Gran Hotel Luna de Granada, junto al Hipercor Arabial.\u00a0Inscr\u00edbete ahora y evita colas en: <a href=\"http:\/\/www.eventoenterate.com\/\">www.eventoenterate.com<\/a><\/strong><\/p>\n<p style=\"text-align: center\"><a href=\"http:\/\/www.ajegranada.org\/wp-content\/uploads\/2013\/11\/enredate-cartel.jpg\"><img loading=\"lazy\" decoding=\"async\" class=\" wp-image-10721 aligncenter\" alt=\"enredate cartel\" src=\"http:\/\/www.ajegranada.org\/wp-content\/uploads\/2013\/11\/enredate-cartel.jpg\" width=\"797\" height=\"565\" \/><\/a><\/p>\n","protected":false},"excerpt":{"rendered":"<p>\u00bfEres joven y Universitario de Granada?\u00a0No puedes perderte la cita de Ent\u00e9rate Granada 2013, un d\u00eda para encontrar opciones de [&hellip;]<\/p>\n","protected":false},"author":1,"featured_media":10715,"comment_status":"open","ping_status":"open","sticky":false,"template":"","format":"standard","meta":{"_acf_changed":false,"site-sidebar-layout":"default","site-content-layout":"","ast-site-content-layout":"default","site-content-style":"default","site-sidebar-style":"default","ast-global-header-display":"","ast-banner-title-visibility":"","ast-main-header-display":"","ast-hfb-above-header-display":"","ast-hfb-below-header-display":"","ast-hfb-mobile-header-display":"","site-post-title":"","ast-breadcrumbs-content":"","ast-featured-img":"","footer-sml-layout":"","ast-disable-related-posts":"","theme-transparent-header-meta":"","adv-header-id-meta":"","stick-header-meta":"","header-above-stick-meta":"","header-main-stick-meta":"","header-below-stick-meta":"","astra-migrate-meta-layouts":"default","ast-page-background-enabled":"default","ast-page-background-meta":{"desktop":{"background-color":"var(--ast-global-color-5)","background-image":"","background-repeat":"repeat","background-position":"center center","background-size":"auto","background-attachment":"scroll","background-type":"","background-media":"","overlay-type":"","overlay-color":"","overlay-opacity":"","overlay-gradient":""},"tablet":{"background-color":"","background-image":"","background-repeat":"repeat","background-position":"center center","background-size":"auto","background-attachment":"scroll","background-type":"","background-media":"","overlay-type":"","overlay-color":"","overlay-opacity":"","overlay-gradient":""},"mobile":{"background-color":"","background-image":"","background-repeat":"repeat","background-position":"center center","background-size":"auto","background-attachment":"scroll","background-type":"","background-media":"","overlay-type":"","overlay-color":"","overlay-opacity":"","overlay-gradient":""}},"ast-content-background-meta":{"desktop":{"background-color":"var(--ast-global-color-4)","background-image":"","background-repeat":"repeat","background-position":"center center","background-size":"auto","background-attachment":"scroll","background-type":"","background-media":"","overlay-type":"","overlay-color":"","overlay-opacity":"","overlay-gradient":""},"tablet":{"background-color":"var(--ast-global-color-4)","background-image":"","background-repeat":"repeat","background-position":"center center","background-size":"auto","background-attachment":"scroll","background-type":"","background-media":"","overlay-type":"","overlay-color":"","overlay-opacity":"","overlay-gradient":""},"mobile":{"background-color":"var(--ast-global-color-4)","background-image":"","background-repeat":"repeat","background-position":"center center","background-size":"auto","background-attachment":"scroll","background-type":"","background-media":"","overlay-type":"","overlay-color":"","overlay-opacity":"","overlay-gradient":""}},"footnotes":""},"categories":[8],"tags":[200,123,284,96,279,285,93,113,286],"class_list":["post-10714","post","type-post","status-publish","format-standard","has-post-thumbnail","hentry","category-noticias","tag-becas","tag-empleo","tag-feria-de-empleo","tag-formacion-2","tag-jornada-informativa","tag-recien-licenciados","tag-trabajo","tag-ugr","tag-universidad"],"acf":[],"yoast_head":"<!-- This site is optimized with the Yoast SEO plugin v26.9 - https:\/\/yoast.com\/product\/yoast-seo-wordpress\/ -->\n<title>Ent\u00e9rate Granada 2013 - AJE Granada<\/title>\n<meta name=\"robots\" content=\"index, follow, max-snippet:-1, max-image-preview:large, max-video-preview:-1\" \/>\n<link rel=\"canonical\" href=\"https:\/\/ajeandalucia.org\/granada\/2013\/11\/14\/enterate-granada-2013\/\" \/>\n<meta property=\"og:locale\" content=\"es_ES\" \/>\n<meta property=\"og:type\" content=\"article\" \/>\n<meta property=\"og:title\" content=\"Ent\u00e9rate Granada 2013 - AJE Granada\" \/>\n<meta property=\"og:description\" content=\"\u00bfEres joven y Universitario de Granada?\u00a0No puedes perderte la cita de Ent\u00e9rate Granada 2013, un d\u00eda para encontrar opciones de [&hellip;]\" \/>\n<meta property=\"og:url\" content=\"https:\/\/ajeandalucia.org\/granada\/2013\/11\/14\/enterate-granada-2013\/\" \/>\n<meta property=\"og:site_name\" content=\"AJE Granada\" \/>\n<meta property=\"article:published_time\" content=\"2013-11-14T08:35:09+00:00\" \/>\n<meta name=\"twitter:card\" content=\"summary_large_image\" \/>\n<meta name=\"twitter:label1\" content=\"Escrito por\" \/>\n\t<meta name=\"twitter:data1\" content=\"\" \/>\n\t<meta name=\"twitter:label2\" content=\"Tiempo de lectura\" \/>\n\t<meta name=\"twitter:data2\" content=\"1 minuto\" \/>\n<script type=\"application\/ld+json\" class=\"yoast-schema-graph\">{\"@context\":\"https:\/\/schema.org\",\"@graph\":[{\"@type\":\"Article\",\"@id\":\"https:\/\/ajeandalucia.org\/granada\/2013\/11\/14\/enterate-granada-2013\/#article\",\"isPartOf\":{\"@id\":\"https:\/\/ajeandalucia.org\/granada\/2013\/11\/14\/enterate-granada-2013\/\"},\"author\":{\"name\":\"\",\"@id\":\"\"},\"headline\":\"Ent\u00e9rate Granada 2013\",\"datePublished\":\"2013-11-14T08:35:09+00:00\",\"mainEntityOfPage\":{\"@id\":\"https:\/\/ajeandalucia.org\/granada\/2013\/11\/14\/enterate-granada-2013\/\"},\"wordCount\":209,\"commentCount\":0,\"publisher\":{\"@id\":\"https:\/\/ajeandalucia.org\/granada\/#organization\"},\"image\":{\"@id\":\"https:\/\/ajeandalucia.org\/granada\/2013\/11\/14\/enterate-granada-2013\/#primaryimage\"},\"thumbnailUrl\":\"\",\"keywords\":[\"Becas\",\"Empleo\",\"Feria de empleo\",\"Formaci\u00f3n\",\"Jornada informativa\",\"Reci\u00e9n licenciados\",\"Trabajo\",\"UGR\",\"Universidad\"],\"articleSection\":[\"Noticias\"],\"inLanguage\":\"es\",\"potentialAction\":[{\"@type\":\"CommentAction\",\"name\":\"Comment\",\"target\":[\"https:\/\/ajeandalucia.org\/granada\/2013\/11\/14\/enterate-granada-2013\/#respond\"]}]},{\"@type\":\"WebPage\",\"@id\":\"https:\/\/ajeandalucia.org\/granada\/2013\/11\/14\/enterate-granada-2013\/\",\"url\":\"https:\/\/ajeandalucia.org\/granada\/2013\/11\/14\/enterate-granada-2013\/\",\"name\":\"Ent\u00e9rate Granada 2013 - AJE Granada\",\"isPartOf\":{\"@id\":\"https:\/\/ajeandalucia.org\/granada\/#website\"},\"primaryImageOfPage\":{\"@id\":\"https:\/\/ajeandalucia.org\/granada\/2013\/11\/14\/enterate-granada-2013\/#primaryimage\"},\"image\":{\"@id\":\"https:\/\/ajeandalucia.org\/granada\/2013\/11\/14\/enterate-granada-2013\/#primaryimage\"},\"thumbnailUrl\":\"\",\"datePublished\":\"2013-11-14T08:35:09+00:00\",\"breadcrumb\":{\"@id\":\"https:\/\/ajeandalucia.org\/granada\/2013\/11\/14\/enterate-granada-2013\/#breadcrumb\"},\"inLanguage\":\"es\",\"potentialAction\":[{\"@type\":\"ReadAction\",\"target\":[\"https:\/\/ajeandalucia.org\/granada\/2013\/11\/14\/enterate-granada-2013\/\"]}]},{\"@type\":\"ImageObject\",\"inLanguage\":\"es\",\"@id\":\"https:\/\/ajeandalucia.org\/granada\/2013\/11\/14\/enterate-granada-2013\/#primaryimage\",\"url\":\"\",\"contentUrl\":\"\"},{\"@type\":\"BreadcrumbList\",\"@id\":\"https:\/\/ajeandalucia.org\/granada\/2013\/11\/14\/enterate-granada-2013\/#breadcrumb\",\"itemListElement\":[{\"@type\":\"ListItem\",\"position\":1,\"name\":\"Portada\",\"item\":\"https:\/\/ajeandalucia.org\/granada\/\"},{\"@type\":\"ListItem\",\"position\":2,\"name\":\"Ent\u00e9rate Granada 2013\"}]},{\"@type\":\"WebSite\",\"@id\":\"https:\/\/ajeandalucia.org\/granada\/#website\",\"url\":\"https:\/\/ajeandalucia.org\/granada\/\",\"name\":\"AJE Granada\",\"description\":\"J\u00f3venes Empresarios de Granada\",\"publisher\":{\"@id\":\"https:\/\/ajeandalucia.org\/granada\/#organization\"},\"potentialAction\":[{\"@type\":\"SearchAction\",\"target\":{\"@type\":\"EntryPoint\",\"urlTemplate\":\"https:\/\/ajeandalucia.org\/granada\/?s={search_term_string}\"},\"query-input\":{\"@type\":\"PropertyValueSpecification\",\"valueRequired\":true,\"valueName\":\"search_term_string\"}}],\"inLanguage\":\"es\"},{\"@type\":\"Organization\",\"@id\":\"https:\/\/ajeandalucia.org\/granada\/#organization\",\"name\":\"AJE Granada\",\"url\":\"https:\/\/ajeandalucia.org\/granada\/\",\"logo\":{\"@type\":\"ImageObject\",\"inLanguage\":\"es\",\"@id\":\"https:\/\/ajeandalucia.org\/granada\/#\/schema\/logo\/image\/\",\"url\":\"https:\/\/ajeandalucia.org\/granada\/wp-content\/uploads\/sites\/7\/2025\/02\/AJE-GRANADA-horizontal.png\",\"contentUrl\":\"https:\/\/ajeandalucia.org\/granada\/wp-content\/uploads\/sites\/7\/2025\/02\/AJE-GRANADA-horizontal.png\",\"width\":612,\"height\":200,\"caption\":\"AJE Granada\"},\"image\":{\"@id\":\"https:\/\/ajeandalucia.org\/granada\/#\/schema\/logo\/image\/\"}},{\"@type\":\"Person\",\"@id\":\"\",\"url\":\"https:\/\/ajeandalucia.org\/granada\/author\/\"}]}<\/script>\n<!-- \/ Yoast SEO plugin. -->","yoast_head_json":{"title":"Ent\u00e9rate Granada 2013 - AJE Granada","robots":{"index":"index","follow":"follow","max-snippet":"max-snippet:-1","max-image-preview":"max-image-preview:large","max-video-preview":"max-video-preview:-1"},"canonical":"https:\/\/ajeandalucia.org\/granada\/2013\/11\/14\/enterate-granada-2013\/","og_locale":"es_ES","og_type":"article","og_title":"Ent\u00e9rate Granada 2013 - AJE Granada","og_description":"\u00bfEres joven y Universitario de Granada?\u00a0No puedes perderte la cita de Ent\u00e9rate Granada 2013, un d\u00eda para encontrar opciones de [&hellip;]","og_url":"https:\/\/ajeandalucia.org\/granada\/2013\/11\/14\/enterate-granada-2013\/","og_site_name":"AJE Granada","article_published_time":"2013-11-14T08:35:09+00:00","twitter_card":"summary_large_image","twitter_misc":{"Escrito por":"","Tiempo de lectura":"1 minuto"},"schema":{"@context":"https:\/\/schema.org","@graph":[{"@type":"Article","@id":"https:\/\/ajeandalucia.org\/granada\/2013\/11\/14\/enterate-granada-2013\/#article","isPartOf":{"@id":"https:\/\/ajeandalucia.org\/granada\/2013\/11\/14\/enterate-granada-2013\/"},"author":{"name":"","@id":""},"headline":"Ent\u00e9rate Granada 2013","datePublished":"2013-11-14T08:35:09+00:00","mainEntityOfPage":{"@id":"https:\/\/ajeandalucia.org\/granada\/2013\/11\/14\/enterate-granada-2013\/"},"wordCount":209,"commentCount":0,"publisher":{"@id":"https:\/\/ajeandalucia.org\/granada\/#organization"},"image":{"@id":"https:\/\/ajeandalucia.org\/granada\/2013\/11\/14\/enterate-granada-2013\/#primaryimage"},"thumbnailUrl":"","keywords":["Becas","Empleo","Feria de empleo","Formaci\u00f3n","Jornada informativa","Reci\u00e9n licenciados","Trabajo","UGR","Universidad"],"articleSection":["Noticias"],"inLanguage":"es","potentialAction":[{"@type":"CommentAction","name":"Comment","target":["https:\/\/ajeandalucia.org\/granada\/2013\/11\/14\/enterate-granada-2013\/#respond"]}]},{"@type":"WebPage","@id":"https:\/\/ajeandalucia.org\/granada\/2013\/11\/14\/enterate-granada-2013\/","url":"https:\/\/ajeandalucia.org\/granada\/2013\/11\/14\/enterate-granada-2013\/","name":"Ent\u00e9rate Granada 2013 - AJE Granada","isPartOf":{"@id":"https:\/\/ajeandalucia.org\/granada\/#website"},"primaryImageOfPage":{"@id":"https:\/\/ajeandalucia.org\/granada\/2013\/11\/14\/enterate-granada-2013\/#primaryimage"},"image":{"@id":"https:\/\/ajeandalucia.org\/granada\/2013\/11\/14\/enterate-granada-2013\/#primaryimage"},"thumbnailUrl":"","datePublished":"2013-11-14T08:35:09+00:00","breadcrumb":{"@id":"https:\/\/ajeandalucia.org\/granada\/2013\/11\/14\/enterate-granada-2013\/#breadcrumb"},"inLanguage":"es","potentialAction":[{"@type":"ReadAction","target":["https:\/\/ajeandalucia.org\/granada\/2013\/11\/14\/enterate-granada-2013\/"]}]},{"@type":"ImageObject","inLanguage":"es","@id":"https:\/\/ajeandalucia.org\/granada\/2013\/11\/14\/enterate-granada-2013\/#primaryimage","url":"","contentUrl":""},{"@type":"BreadcrumbList","@id":"https:\/\/ajeandalucia.org\/granada\/2013\/11\/14\/enterate-granada-2013\/#breadcrumb","itemListElement":[{"@type":"ListItem","position":1,"name":"Portada","item":"https:\/\/ajeandalucia.org\/granada\/"},{"@type":"ListItem","position":2,"name":"Ent\u00e9rate Granada 2013"}]},{"@type":"WebSite","@id":"https:\/\/ajeandalucia.org\/granada\/#website","url":"https:\/\/ajeandalucia.org\/granada\/","name":"AJE Granada","description":"J\u00f3venes Empresarios de Granada","publisher":{"@id":"https:\/\/ajeandalucia.org\/granada\/#organization"},"potentialAction":[{"@type":"SearchAction","target":{"@type":"EntryPoint","urlTemplate":"https:\/\/ajeandalucia.org\/granada\/?s={search_term_string}"},"query-input":{"@type":"PropertyValueSpecification","valueRequired":true,"valueName":"search_term_string"}}],"inLanguage":"es"},{"@type":"Organization","@id":"https:\/\/ajeandalucia.org\/granada\/#organization","name":"AJE Granada","url":"https:\/\/ajeandalucia.org\/granada\/","logo":{"@type":"ImageObject","inLanguage":"es","@id":"https:\/\/ajeandalucia.org\/granada\/#\/schema\/logo\/image\/","url":"https:\/\/ajeandalucia.org\/granada\/wp-content\/uploads\/sites\/7\/2025\/02\/AJE-GRANADA-horizontal.png","contentUrl":"https:\/\/ajeandalucia.org\/granada\/wp-content\/uploads\/sites\/7\/2025\/02\/AJE-GRANADA-horizontal.png","width":612,"height":200,"caption":"AJE Granada"},"image":{"@id":"https:\/\/ajeandalucia.org\/granada\/#\/schema\/logo\/image\/"}},{"@type":"Person","@id":"","url":"https:\/\/ajeandalucia.org\/granada\/author\/"}]}},"_links":{"self":[{"href":"https:\/\/ajeandalucia.org\/granada\/wp-json\/wp\/v2\/posts\/10714","targetHints":{"allow":["GET"]}}],"collection":[{"href":"https:\/\/ajeandalucia.org\/granada\/wp-json\/wp\/v2\/posts"}],"about":[{"href":"https:\/\/ajeandalucia.org\/granada\/wp-json\/wp\/v2\/types\/post"}],"author":[{"embeddable":true,"href":"https:\/\/ajeandalucia.org\/granada\/wp-json\/wp\/v2\/users\/1"}],"replies":[{"embeddable":true,"href":"https:\/\/ajeandalucia.org\/granada\/wp-json\/wp\/v2\/comments?post=10714"}],"version-history":[{"count":0,"href":"https:\/\/ajeandalucia.org\/granada\/wp-json\/wp\/v2\/posts\/10714\/revisions"}],"wp:featuredmedia":[{"embeddable":true,"href":"https:\/\/ajeandalucia.org\/granada\/wp-json\/"}],"wp:attachment":[{"href":"https:\/\/ajeandalucia.org\/granada\/wp-json\/wp\/v2\/media?parent=10714"}],"wp:term":[{"taxonomy":"category","embeddable":true,"href":"https:\/\/ajeandalucia.org\/granada\/wp-json\/wp\/v2\/categories?post=10714"},{"taxonomy":"post_tag","embeddable":true,"href":"https:\/\/ajeandalucia.org\/granada\/wp-json\/wp\/v2\/tags?post=10714"}],"curies":[{"name":"wp","href":"https:\/\/api.w.org\/{rel}","templated":true}]}}