{"id":10725,"date":"2013-11-14T10:56:36","date_gmt":"2013-11-14T09:56:36","guid":{"rendered":"http:\/\/www.ajegranada.org\/?p=10725"},"modified":"2013-11-14T10:56:36","modified_gmt":"2013-11-14T09:56:36","slug":"foro-de-empleo-y-emprendimiento-universitario","status":"publish","type":"post","link":"https:\/\/ajeandalucia.org\/granada\/2013\/11\/14\/foro-de-empleo-y-emprendimiento-universitario\/","title":{"rendered":"Foro de Empleo y Emprendimiento Universitario"},"content":{"rendered":"<p><a href=\"http:\/\/www.ajegranada.org\/wp-content\/uploads\/2013\/11\/foro-ugr.jpg\"><img loading=\"lazy\" decoding=\"async\" class=\"wp-image-10726 alignright\" alt=\"foro ugr\" src=\"http:\/\/www.ajegranada.org\/wp-content\/uploads\/2013\/11\/foro-ugr.jpg\" width=\"180\" height=\"180\" \/><\/a>Los d\u00edas 25 al 29 de noviembre de 2013 va a tener lugar en la Universidad de Granada (frente Hospital Real) el\u00a0<strong>Foro de Empleo y Emprendimiento Universitario<\/strong>, una actividad en la que se ofrecer\u00e1 a los universitarios y reci\u00e9n licenciados la oportunidad de:<\/p>\n<ul>\n<li>Poner en contacto a empresas y profesionales con experiencia con las ideas y talento de los m\u00e1s j\u00f3venes.<\/li>\n<li>Conocer de primera mano, aprender c\u00f3mo superar y participar en procesos reales de selecci\u00f3n.<\/li>\n<li>\u00a0Descubrir trayectorias de \u00e9xito.<\/li>\n<li>Aprender c\u00f3mo posicionarse en las redes sociales y utilizarlas para conseguir un empleo.<\/li>\n<\/ul>\n<p><strong>El foro tiene una parte de Empleo, otra parte de emprendimiento y a su vez de manera paralela ofrece diferentes talleres:<\/strong><\/p>\n<ul>\n<li>\u00a0Para el Programa de EMPLEO puedes inscribirte seg\u00fan tus intereses o necesidades en cualquiera de las charlas.<\/li>\n<li>Para participar en los procesos de selecci\u00f3n debes enviar previamente tu CV a la empresa.<\/li>\n<li>\u00a0Para el Programa de EMPRENDIMIENTO la asistencia es obligatoria a todas las actividades previstas para las tardes.<\/li>\n<li>\u00a0En los TALLERES DE EMPRENDIMIENTO (en horario de ma\u00f1ana), podr\u00e1s elegir en cu\u00e1les participar.<\/li>\n<\/ul>\n<p><strong>Todas las actividades tienen aforo limitado y este se completar\u00e1 por riguroso orden de inscripci\u00f3n<\/strong>. A trav\u00e9s de email se comunicar\u00e1 a los asistentes su participaci\u00f3n en la actividad\/es que haya seleccionado. A todas las personas que se inscriban y asistan se les entregar\u00e1 Certificado de la actividad realizada. <a href=\"http:\/\/empleo.ugr.es\/foro\/\">M\u00e1s informaci\u00f3n<\/a><\/p>\n<p>&nbsp;<\/p>\n<p>&nbsp;<\/p>\n","protected":false},"excerpt":{"rendered":"<p>Los d\u00edas 25 al 29 de noviembre de 2013 va a tener lugar en la Universidad de Granada (frente Hospital [&hellip;]<\/p>\n","protected":false},"author":1,"featured_media":10726,"comment_status":"open","ping_status":"open","sticky":false,"template":"","format":"standard","meta":{"_acf_changed":false,"site-sidebar-layout":"default","site-content-layout":"","ast-site-content-layout":"default","site-content-style":"default","site-sidebar-style":"default","ast-global-header-display":"","ast-banner-title-visibility":"","ast-main-header-display":"","ast-hfb-above-header-display":"","ast-hfb-below-header-display":"","ast-hfb-mobile-header-display":"","site-post-title":"","ast-breadcrumbs-content":"","ast-featured-img":"","footer-sml-layout":"","ast-disable-related-posts":"","theme-transparent-header-meta":"","adv-header-id-meta":"","stick-header-meta":"","header-above-stick-meta":"","header-main-stick-meta":"","header-below-stick-meta":"","astra-migrate-meta-layouts":"default","ast-page-background-enabled":"default","ast-page-background-meta":{"desktop":{"background-color":"var(--ast-global-color-5)","background-image":"","background-repeat":"repeat","background-position":"center center","background-size":"auto","background-attachment":"scroll","background-type":"","background-media":"","overlay-type":"","overlay-color":"","overlay-opacity":"","overlay-gradient":""},"tablet":{"background-color":"","background-image":"","background-repeat":"repeat","background-position":"center center","background-size":"auto","background-attachment":"scroll","background-type":"","background-media":"","overlay-type":"","overlay-color":"","overlay-opacity":"","overlay-gradient":""},"mobile":{"background-color":"","background-image":"","background-repeat":"repeat","background-position":"center center","background-size":"auto","background-attachment":"scroll","background-type":"","background-media":"","overlay-type":"","overlay-color":"","overlay-opacity":"","overlay-gradient":""}},"ast-content-background-meta":{"desktop":{"background-color":"var(--ast-global-color-4)","background-image":"","background-repeat":"repeat","background-position":"center center","background-size":"auto","background-attachment":"scroll","background-type":"","background-media":"","overlay-type":"","overlay-color":"","overlay-opacity":"","overlay-gradient":""},"tablet":{"background-color":"var(--ast-global-color-4)","background-image":"","background-repeat":"repeat","background-position":"center center","background-size":"auto","background-attachment":"scroll","background-type":"","background-media":"","overlay-type":"","overlay-color":"","overlay-opacity":"","overlay-gradient":""},"mobile":{"background-color":"var(--ast-global-color-4)","background-image":"","background-repeat":"repeat","background-position":"center center","background-size":"auto","background-attachment":"scroll","background-type":"","background-media":"","overlay-type":"","overlay-color":"","overlay-opacity":"","overlay-gradient":""}},"footnotes":""},"categories":[8],"tags":[103,123,125,96,93,113,286],"class_list":["post-10725","post","type-post","status-publish","format-standard","has-post-thumbnail","hentry","category-noticias","tag-asesoramiento","tag-empleo","tag-emprendimiento","tag-formacion-2","tag-trabajo","tag-ugr","tag-universidad"],"acf":[],"yoast_head":"<!-- This site is optimized with the Yoast SEO plugin v26.9 - https:\/\/yoast.com\/product\/yoast-seo-wordpress\/ -->\n<title>Foro de Empleo y Emprendimiento Universitario - AJE Granada<\/title>\n<meta name=\"robots\" content=\"index, follow, max-snippet:-1, max-image-preview:large, max-video-preview:-1\" \/>\n<link rel=\"canonical\" href=\"https:\/\/ajeandalucia.org\/granada\/2013\/11\/14\/foro-de-empleo-y-emprendimiento-universitario\/\" \/>\n<meta property=\"og:locale\" content=\"es_ES\" \/>\n<meta property=\"og:type\" content=\"article\" \/>\n<meta property=\"og:title\" content=\"Foro de Empleo y Emprendimiento Universitario - AJE Granada\" \/>\n<meta property=\"og:description\" content=\"Los d\u00edas 25 al 29 de noviembre de 2013 va a tener lugar en la Universidad de Granada (frente Hospital [&hellip;]\" \/>\n<meta property=\"og:url\" content=\"https:\/\/ajeandalucia.org\/granada\/2013\/11\/14\/foro-de-empleo-y-emprendimiento-universitario\/\" \/>\n<meta property=\"og:site_name\" content=\"AJE Granada\" \/>\n<meta property=\"article:published_time\" content=\"2013-11-14T09:56:36+00:00\" \/>\n<meta name=\"twitter:card\" content=\"summary_large_image\" \/>\n<meta name=\"twitter:label1\" content=\"Escrito por\" \/>\n\t<meta name=\"twitter:data1\" content=\"\" \/>\n\t<meta name=\"twitter:label2\" content=\"Tiempo de lectura\" \/>\n\t<meta name=\"twitter:data2\" content=\"1 minuto\" \/>\n<script type=\"application\/ld+json\" class=\"yoast-schema-graph\">{\"@context\":\"https:\/\/schema.org\",\"@graph\":[{\"@type\":\"Article\",\"@id\":\"https:\/\/ajeandalucia.org\/granada\/2013\/11\/14\/foro-de-empleo-y-emprendimiento-universitario\/#article\",\"isPartOf\":{\"@id\":\"https:\/\/ajeandalucia.org\/granada\/2013\/11\/14\/foro-de-empleo-y-emprendimiento-universitario\/\"},\"author\":{\"name\":\"\",\"@id\":\"\"},\"headline\":\"Foro de Empleo y Emprendimiento Universitario\",\"datePublished\":\"2013-11-14T09:56:36+00:00\",\"mainEntityOfPage\":{\"@id\":\"https:\/\/ajeandalucia.org\/granada\/2013\/11\/14\/foro-de-empleo-y-emprendimiento-universitario\/\"},\"wordCount\":251,\"commentCount\":0,\"publisher\":{\"@id\":\"https:\/\/ajeandalucia.org\/granada\/#organization\"},\"image\":{\"@id\":\"https:\/\/ajeandalucia.org\/granada\/2013\/11\/14\/foro-de-empleo-y-emprendimiento-universitario\/#primaryimage\"},\"thumbnailUrl\":\"\",\"keywords\":[\"Asesoramiento\",\"Empleo\",\"Emprendimiento\",\"Formaci\u00f3n\",\"Trabajo\",\"UGR\",\"Universidad\"],\"articleSection\":[\"Noticias\"],\"inLanguage\":\"es\",\"potentialAction\":[{\"@type\":\"CommentAction\",\"name\":\"Comment\",\"target\":[\"https:\/\/ajeandalucia.org\/granada\/2013\/11\/14\/foro-de-empleo-y-emprendimiento-universitario\/#respond\"]}]},{\"@type\":\"WebPage\",\"@id\":\"https:\/\/ajeandalucia.org\/granada\/2013\/11\/14\/foro-de-empleo-y-emprendimiento-universitario\/\",\"url\":\"https:\/\/ajeandalucia.org\/granada\/2013\/11\/14\/foro-de-empleo-y-emprendimiento-universitario\/\",\"name\":\"Foro de Empleo y Emprendimiento Universitario - AJE Granada\",\"isPartOf\":{\"@id\":\"https:\/\/ajeandalucia.org\/granada\/#website\"},\"primaryImageOfPage\":{\"@id\":\"https:\/\/ajeandalucia.org\/granada\/2013\/11\/14\/foro-de-empleo-y-emprendimiento-universitario\/#primaryimage\"},\"image\":{\"@id\":\"https:\/\/ajeandalucia.org\/granada\/2013\/11\/14\/foro-de-empleo-y-emprendimiento-universitario\/#primaryimage\"},\"thumbnailUrl\":\"\",\"datePublished\":\"2013-11-14T09:56:36+00:00\",\"breadcrumb\":{\"@id\":\"https:\/\/ajeandalucia.org\/granada\/2013\/11\/14\/foro-de-empleo-y-emprendimiento-universitario\/#breadcrumb\"},\"inLanguage\":\"es\",\"potentialAction\":[{\"@type\":\"ReadAction\",\"target\":[\"https:\/\/ajeandalucia.org\/granada\/2013\/11\/14\/foro-de-empleo-y-emprendimiento-universitario\/\"]}]},{\"@type\":\"ImageObject\",\"inLanguage\":\"es\",\"@id\":\"https:\/\/ajeandalucia.org\/granada\/2013\/11\/14\/foro-de-empleo-y-emprendimiento-universitario\/#primaryimage\",\"url\":\"\",\"contentUrl\":\"\"},{\"@type\":\"BreadcrumbList\",\"@id\":\"https:\/\/ajeandalucia.org\/granada\/2013\/11\/14\/foro-de-empleo-y-emprendimiento-universitario\/#breadcrumb\",\"itemListElement\":[{\"@type\":\"ListItem\",\"position\":1,\"name\":\"Portada\",\"item\":\"https:\/\/ajeandalucia.org\/granada\/\"},{\"@type\":\"ListItem\",\"position\":2,\"name\":\"Foro de Empleo y Emprendimiento Universitario\"}]},{\"@type\":\"WebSite\",\"@id\":\"https:\/\/ajeandalucia.org\/granada\/#website\",\"url\":\"https:\/\/ajeandalucia.org\/granada\/\",\"name\":\"AJE Granada\",\"description\":\"J\u00f3venes Empresarios de Granada\",\"publisher\":{\"@id\":\"https:\/\/ajeandalucia.org\/granada\/#organization\"},\"potentialAction\":[{\"@type\":\"SearchAction\",\"target\":{\"@type\":\"EntryPoint\",\"urlTemplate\":\"https:\/\/ajeandalucia.org\/granada\/?s={search_term_string}\"},\"query-input\":{\"@type\":\"PropertyValueSpecification\",\"valueRequired\":true,\"valueName\":\"search_term_string\"}}],\"inLanguage\":\"es\"},{\"@type\":\"Organization\",\"@id\":\"https:\/\/ajeandalucia.org\/granada\/#organization\",\"name\":\"AJE Granada\",\"url\":\"https:\/\/ajeandalucia.org\/granada\/\",\"logo\":{\"@type\":\"ImageObject\",\"inLanguage\":\"es\",\"@id\":\"https:\/\/ajeandalucia.org\/granada\/#\/schema\/logo\/image\/\",\"url\":\"https:\/\/ajeandalucia.org\/granada\/wp-content\/uploads\/sites\/7\/2025\/02\/AJE-GRANADA-horizontal.png\",\"contentUrl\":\"https:\/\/ajeandalucia.org\/granada\/wp-content\/uploads\/sites\/7\/2025\/02\/AJE-GRANADA-horizontal.png\",\"width\":612,\"height\":200,\"caption\":\"AJE Granada\"},\"image\":{\"@id\":\"https:\/\/ajeandalucia.org\/granada\/#\/schema\/logo\/image\/\"}},{\"@type\":\"Person\",\"@id\":\"\",\"url\":\"https:\/\/ajeandalucia.org\/granada\/author\/\"}]}<\/script>\n<!-- \/ Yoast SEO plugin. -->","yoast_head_json":{"title":"Foro de Empleo y Emprendimiento Universitario - AJE Granada","robots":{"index":"index","follow":"follow","max-snippet":"max-snippet:-1","max-image-preview":"max-image-preview:large","max-video-preview":"max-video-preview:-1"},"canonical":"https:\/\/ajeandalucia.org\/granada\/2013\/11\/14\/foro-de-empleo-y-emprendimiento-universitario\/","og_locale":"es_ES","og_type":"article","og_title":"Foro de Empleo y Emprendimiento Universitario - AJE Granada","og_description":"Los d\u00edas 25 al 29 de noviembre de 2013 va a tener lugar en la Universidad de Granada (frente Hospital [&hellip;]","og_url":"https:\/\/ajeandalucia.org\/granada\/2013\/11\/14\/foro-de-empleo-y-emprendimiento-universitario\/","og_site_name":"AJE Granada","article_published_time":"2013-11-14T09:56:36+00:00","twitter_card":"summary_large_image","twitter_misc":{"Escrito por":"","Tiempo de lectura":"1 minuto"},"schema":{"@context":"https:\/\/schema.org","@graph":[{"@type":"Article","@id":"https:\/\/ajeandalucia.org\/granada\/2013\/11\/14\/foro-de-empleo-y-emprendimiento-universitario\/#article","isPartOf":{"@id":"https:\/\/ajeandalucia.org\/granada\/2013\/11\/14\/foro-de-empleo-y-emprendimiento-universitario\/"},"author":{"name":"","@id":""},"headline":"Foro de Empleo y Emprendimiento Universitario","datePublished":"2013-11-14T09:56:36+00:00","mainEntityOfPage":{"@id":"https:\/\/ajeandalucia.org\/granada\/2013\/11\/14\/foro-de-empleo-y-emprendimiento-universitario\/"},"wordCount":251,"commentCount":0,"publisher":{"@id":"https:\/\/ajeandalucia.org\/granada\/#organization"},"image":{"@id":"https:\/\/ajeandalucia.org\/granada\/2013\/11\/14\/foro-de-empleo-y-emprendimiento-universitario\/#primaryimage"},"thumbnailUrl":"","keywords":["Asesoramiento","Empleo","Emprendimiento","Formaci\u00f3n","Trabajo","UGR","Universidad"],"articleSection":["Noticias"],"inLanguage":"es","potentialAction":[{"@type":"CommentAction","name":"Comment","target":["https:\/\/ajeandalucia.org\/granada\/2013\/11\/14\/foro-de-empleo-y-emprendimiento-universitario\/#respond"]}]},{"@type":"WebPage","@id":"https:\/\/ajeandalucia.org\/granada\/2013\/11\/14\/foro-de-empleo-y-emprendimiento-universitario\/","url":"https:\/\/ajeandalucia.org\/granada\/2013\/11\/14\/foro-de-empleo-y-emprendimiento-universitario\/","name":"Foro de Empleo y Emprendimiento Universitario - AJE Granada","isPartOf":{"@id":"https:\/\/ajeandalucia.org\/granada\/#website"},"primaryImageOfPage":{"@id":"https:\/\/ajeandalucia.org\/granada\/2013\/11\/14\/foro-de-empleo-y-emprendimiento-universitario\/#primaryimage"},"image":{"@id":"https:\/\/ajeandalucia.org\/granada\/2013\/11\/14\/foro-de-empleo-y-emprendimiento-universitario\/#primaryimage"},"thumbnailUrl":"","datePublished":"2013-11-14T09:56:36+00:00","breadcrumb":{"@id":"https:\/\/ajeandalucia.org\/granada\/2013\/11\/14\/foro-de-empleo-y-emprendimiento-universitario\/#breadcrumb"},"inLanguage":"es","potentialAction":[{"@type":"ReadAction","target":["https:\/\/ajeandalucia.org\/granada\/2013\/11\/14\/foro-de-empleo-y-emprendimiento-universitario\/"]}]},{"@type":"ImageObject","inLanguage":"es","@id":"https:\/\/ajeandalucia.org\/granada\/2013\/11\/14\/foro-de-empleo-y-emprendimiento-universitario\/#primaryimage","url":"","contentUrl":""},{"@type":"BreadcrumbList","@id":"https:\/\/ajeandalucia.org\/granada\/2013\/11\/14\/foro-de-empleo-y-emprendimiento-universitario\/#breadcrumb","itemListElement":[{"@type":"ListItem","position":1,"name":"Portada","item":"https:\/\/ajeandalucia.org\/granada\/"},{"@type":"ListItem","position":2,"name":"Foro de Empleo y Emprendimiento Universitario"}]},{"@type":"WebSite","@id":"https:\/\/ajeandalucia.org\/granada\/#website","url":"https:\/\/ajeandalucia.org\/granada\/","name":"AJE Granada","description":"J\u00f3venes Empresarios de Granada","publisher":{"@id":"https:\/\/ajeandalucia.org\/granada\/#organization"},"potentialAction":[{"@type":"SearchAction","target":{"@type":"EntryPoint","urlTemplate":"https:\/\/ajeandalucia.org\/granada\/?s={search_term_string}"},"query-input":{"@type":"PropertyValueSpecification","valueRequired":true,"valueName":"search_term_string"}}],"inLanguage":"es"},{"@type":"Organization","@id":"https:\/\/ajeandalucia.org\/granada\/#organization","name":"AJE Granada","url":"https:\/\/ajeandalucia.org\/granada\/","logo":{"@type":"ImageObject","inLanguage":"es","@id":"https:\/\/ajeandalucia.org\/granada\/#\/schema\/logo\/image\/","url":"https:\/\/ajeandalucia.org\/granada\/wp-content\/uploads\/sites\/7\/2025\/02\/AJE-GRANADA-horizontal.png","contentUrl":"https:\/\/ajeandalucia.org\/granada\/wp-content\/uploads\/sites\/7\/2025\/02\/AJE-GRANADA-horizontal.png","width":612,"height":200,"caption":"AJE Granada"},"image":{"@id":"https:\/\/ajeandalucia.org\/granada\/#\/schema\/logo\/image\/"}},{"@type":"Person","@id":"","url":"https:\/\/ajeandalucia.org\/granada\/author\/"}]}},"_links":{"self":[{"href":"https:\/\/ajeandalucia.org\/granada\/wp-json\/wp\/v2\/posts\/10725","targetHints":{"allow":["GET"]}}],"collection":[{"href":"https:\/\/ajeandalucia.org\/granada\/wp-json\/wp\/v2\/posts"}],"about":[{"href":"https:\/\/ajeandalucia.org\/granada\/wp-json\/wp\/v2\/types\/post"}],"author":[{"embeddable":true,"href":"https:\/\/ajeandalucia.org\/granada\/wp-json\/wp\/v2\/users\/1"}],"replies":[{"embeddable":true,"href":"https:\/\/ajeandalucia.org\/granada\/wp-json\/wp\/v2\/comments?post=10725"}],"version-history":[{"count":0,"href":"https:\/\/ajeandalucia.org\/granada\/wp-json\/wp\/v2\/posts\/10725\/revisions"}],"wp:featuredmedia":[{"embeddable":true,"href":"https:\/\/ajeandalucia.org\/granada\/wp-json\/"}],"wp:attachment":[{"href":"https:\/\/ajeandalucia.org\/granada\/wp-json\/wp\/v2\/media?parent=10725"}],"wp:term":[{"taxonomy":"category","embeddable":true,"href":"https:\/\/ajeandalucia.org\/granada\/wp-json\/wp\/v2\/categories?post=10725"},{"taxonomy":"post_tag","embeddable":true,"href":"https:\/\/ajeandalucia.org\/granada\/wp-json\/wp\/v2\/tags?post=10725"}],"curies":[{"name":"wp","href":"https:\/\/api.w.org\/{rel}","templated":true}]}}