{"id":10798,"date":"2013-11-20T09:50:15","date_gmt":"2013-11-20T08:50:15","guid":{"rendered":"http:\/\/www.ajegranada.org\/?p=10798"},"modified":"2013-11-20T09:50:15","modified_gmt":"2013-11-20T08:50:15","slug":"ajemprende-en-verde-proyecto-de-creacion-de-empresas-en-el-sector-medioambiental","status":"publish","type":"post","link":"https:\/\/ajeandalucia.org\/granada\/2013\/11\/20\/ajemprende-en-verde-proyecto-de-creacion-de-empresas-en-el-sector-medioambiental\/","title":{"rendered":"AJEmprende en verde: Proyecto de Creaci\u00f3n de empresas en el sector medioambiental"},"content":{"rendered":"<p><a href=\"http:\/\/www.ajegranada.org\/wp-content\/uploads\/2013\/11\/ajemprende-verde-logo.jpg\"><img loading=\"lazy\" decoding=\"async\" class=\"size-full wp-image-10799 alignleft\" alt=\"ajemprende verde logo\" src=\"http:\/\/www.ajegranada.org\/wp-content\/uploads\/2013\/11\/ajemprende-verde-logo.jpg\" width=\"162\" height=\"162\" \/><\/a>CEAJE pone en marcha el proyecto<strong> Creaci\u00f3n de empresas en el sector medioambiental,\u00a0AJEmprende en verde<\/strong>, que pretende sensibilizar y motivar a los j\u00f3venes sobre la creaci\u00f3n de empresas en el sector ambiental o en actividades emergentes con potencial reconversi\u00f3n en proyectos sostenibles.<\/p>\n<p>El proyecto est\u00e1 dirigido a los j\u00f3venes pertenecientes a las Asociaciones de J\u00f3venes Empresarios de todas las Comunidades Aut\u00f3nomas menores de 40 a\u00f1os con\u00a0<strong>iniciativas empresariales relacionadas con actividades medioambientales<\/strong>\u00a0tales como la agricultura y la ganader\u00eda ecol\u00f3gica, las energ\u00edas renovables, el turismo sostenible, los cultivos agroenerg\u00e9ticos o el transporte y la movilidad.<\/p>\n<p><strong>El programa incluye la impartici\u00f3n de tres cursos de formaci\u00f3n online, adem\u00e1s de cuatro jornadas de sensibilizaci\u00f3n e informaci\u00f3n.<\/strong>\u00a0Los participantes en el proyecto tendr\u00e1n a su disposici\u00f3n un espacio acci\u00f3n red integrado en la\u00a0<strong>Red Emprendeverde de la Fundaci\u00f3n Biodiversidad y una gu\u00eda interactiva Emprendenverde<\/strong>, en la que se explica c\u00f3mo llevar a cabo una idea innovadora en un negocio verde.<\/p>\n<p><strong>Toda la informaci\u00f3n e inscripci\u00f3n a los cursos <a href=\"http:\/\/www.ajemprendeenverde.es\/formacion.html\">aqu\u00ed<\/a>.<\/strong><\/p>\n<p>&nbsp;<\/p>\n<p>&nbsp;<\/p>\n","protected":false},"excerpt":{"rendered":"<p>CEAJE pone en marcha el proyecto Creaci\u00f3n de empresas en el sector medioambiental,\u00a0AJEmprende en verde, que pretende sensibilizar y motivar [&hellip;]<\/p>\n","protected":false},"author":1,"featured_media":10799,"comment_status":"open","ping_status":"open","sticky":false,"template":"","format":"standard","meta":{"_acf_changed":false,"site-sidebar-layout":"default","site-content-layout":"","ast-site-content-layout":"default","site-content-style":"default","site-sidebar-style":"default","ast-global-header-display":"","ast-banner-title-visibility":"","ast-main-header-display":"","ast-hfb-above-header-display":"","ast-hfb-below-header-display":"","ast-hfb-mobile-header-display":"","site-post-title":"","ast-breadcrumbs-content":"","ast-featured-img":"","footer-sml-layout":"","ast-disable-related-posts":"","theme-transparent-header-meta":"","adv-header-id-meta":"","stick-header-meta":"","header-above-stick-meta":"","header-main-stick-meta":"","header-below-stick-meta":"","astra-migrate-meta-layouts":"default","ast-page-background-enabled":"default","ast-page-background-meta":{"desktop":{"background-color":"var(--ast-global-color-5)","background-image":"","background-repeat":"repeat","background-position":"center center","background-size":"auto","background-attachment":"scroll","background-type":"","background-media":"","overlay-type":"","overlay-color":"","overlay-opacity":"","overlay-gradient":""},"tablet":{"background-color":"","background-image":"","background-repeat":"repeat","background-position":"center center","background-size":"auto","background-attachment":"scroll","background-type":"","background-media":"","overlay-type":"","overlay-color":"","overlay-opacity":"","overlay-gradient":""},"mobile":{"background-color":"","background-image":"","background-repeat":"repeat","background-position":"center center","background-size":"auto","background-attachment":"scroll","background-type":"","background-media":"","overlay-type":"","overlay-color":"","overlay-opacity":"","overlay-gradient":""}},"ast-content-background-meta":{"desktop":{"background-color":"var(--ast-global-color-4)","background-image":"","background-repeat":"repeat","background-position":"center center","background-size":"auto","background-attachment":"scroll","background-type":"","background-media":"","overlay-type":"","overlay-color":"","overlay-opacity":"","overlay-gradient":""},"tablet":{"background-color":"var(--ast-global-color-4)","background-image":"","background-repeat":"repeat","background-position":"center center","background-size":"auto","background-attachment":"scroll","background-type":"","background-media":"","overlay-type":"","overlay-color":"","overlay-opacity":"","overlay-gradient":""},"mobile":{"background-color":"var(--ast-global-color-4)","background-image":"","background-repeat":"repeat","background-position":"center center","background-size":"auto","background-attachment":"scroll","background-type":"","background-media":"","overlay-type":"","overlay-color":"","overlay-opacity":"","overlay-gradient":""}},"footnotes":""},"categories":[8],"tags":[309,125,96,310,311,312],"class_list":["post-10798","post","type-post","status-publish","format-standard","has-post-thumbnail","hentry","category-noticias","tag-cursos-online","tag-emprendimiento","tag-formacion-2","tag-jornadas-sensibilizacion","tag-medioambiente","tag-sector-medioambiental"],"acf":[],"yoast_head":"<!-- This site is optimized with the Yoast SEO plugin v26.9 - https:\/\/yoast.com\/product\/yoast-seo-wordpress\/ -->\n<title>AJEmprende en verde: Proyecto de Creaci\u00f3n de empresas en el sector medioambiental - AJE Granada<\/title>\n<meta name=\"robots\" content=\"index, follow, max-snippet:-1, max-image-preview:large, max-video-preview:-1\" \/>\n<link rel=\"canonical\" href=\"https:\/\/ajeandalucia.org\/granada\/2013\/11\/20\/ajemprende-en-verde-proyecto-de-creacion-de-empresas-en-el-sector-medioambiental\/\" \/>\n<meta property=\"og:locale\" content=\"es_ES\" \/>\n<meta property=\"og:type\" content=\"article\" \/>\n<meta property=\"og:title\" content=\"AJEmprende en verde: Proyecto de Creaci\u00f3n de empresas en el sector medioambiental - AJE Granada\" \/>\n<meta property=\"og:description\" content=\"CEAJE pone en marcha el proyecto Creaci\u00f3n de empresas en el sector medioambiental,\u00a0AJEmprende en verde, que pretende sensibilizar y motivar [&hellip;]\" \/>\n<meta property=\"og:url\" content=\"https:\/\/ajeandalucia.org\/granada\/2013\/11\/20\/ajemprende-en-verde-proyecto-de-creacion-de-empresas-en-el-sector-medioambiental\/\" \/>\n<meta property=\"og:site_name\" content=\"AJE Granada\" \/>\n<meta property=\"article:published_time\" content=\"2013-11-20T08:50:15+00:00\" \/>\n<meta name=\"twitter:card\" content=\"summary_large_image\" \/>\n<meta name=\"twitter:label1\" content=\"Escrito por\" \/>\n\t<meta name=\"twitter:data1\" content=\"\" \/>\n\t<meta name=\"twitter:label2\" content=\"Tiempo de lectura\" \/>\n\t<meta name=\"twitter:data2\" content=\"1 minuto\" \/>\n<script type=\"application\/ld+json\" class=\"yoast-schema-graph\">{\"@context\":\"https:\/\/schema.org\",\"@graph\":[{\"@type\":\"Article\",\"@id\":\"https:\/\/ajeandalucia.org\/granada\/2013\/11\/20\/ajemprende-en-verde-proyecto-de-creacion-de-empresas-en-el-sector-medioambiental\/#article\",\"isPartOf\":{\"@id\":\"https:\/\/ajeandalucia.org\/granada\/2013\/11\/20\/ajemprende-en-verde-proyecto-de-creacion-de-empresas-en-el-sector-medioambiental\/\"},\"author\":{\"name\":\"\",\"@id\":\"\"},\"headline\":\"AJEmprende en verde: Proyecto de Creaci\u00f3n de empresas en el sector medioambiental\",\"datePublished\":\"2013-11-20T08:50:15+00:00\",\"mainEntityOfPage\":{\"@id\":\"https:\/\/ajeandalucia.org\/granada\/2013\/11\/20\/ajemprende-en-verde-proyecto-de-creacion-de-empresas-en-el-sector-medioambiental\/\"},\"wordCount\":206,\"commentCount\":0,\"publisher\":{\"@id\":\"https:\/\/ajeandalucia.org\/granada\/#organization\"},\"image\":{\"@id\":\"https:\/\/ajeandalucia.org\/granada\/2013\/11\/20\/ajemprende-en-verde-proyecto-de-creacion-de-empresas-en-el-sector-medioambiental\/#primaryimage\"},\"thumbnailUrl\":\"\",\"keywords\":[\"cursos online\",\"Emprendimiento\",\"Formaci\u00f3n\",\"jornadas sensibilizaci\u00f3n\",\"medioambiente\",\"Sector medioambiental\"],\"articleSection\":[\"Noticias\"],\"inLanguage\":\"es\",\"potentialAction\":[{\"@type\":\"CommentAction\",\"name\":\"Comment\",\"target\":[\"https:\/\/ajeandalucia.org\/granada\/2013\/11\/20\/ajemprende-en-verde-proyecto-de-creacion-de-empresas-en-el-sector-medioambiental\/#respond\"]}]},{\"@type\":\"WebPage\",\"@id\":\"https:\/\/ajeandalucia.org\/granada\/2013\/11\/20\/ajemprende-en-verde-proyecto-de-creacion-de-empresas-en-el-sector-medioambiental\/\",\"url\":\"https:\/\/ajeandalucia.org\/granada\/2013\/11\/20\/ajemprende-en-verde-proyecto-de-creacion-de-empresas-en-el-sector-medioambiental\/\",\"name\":\"AJEmprende en verde: Proyecto de Creaci\u00f3n de empresas en el sector medioambiental - AJE Granada\",\"isPartOf\":{\"@id\":\"https:\/\/ajeandalucia.org\/granada\/#website\"},\"primaryImageOfPage\":{\"@id\":\"https:\/\/ajeandalucia.org\/granada\/2013\/11\/20\/ajemprende-en-verde-proyecto-de-creacion-de-empresas-en-el-sector-medioambiental\/#primaryimage\"},\"image\":{\"@id\":\"https:\/\/ajeandalucia.org\/granada\/2013\/11\/20\/ajemprende-en-verde-proyecto-de-creacion-de-empresas-en-el-sector-medioambiental\/#primaryimage\"},\"thumbnailUrl\":\"\",\"datePublished\":\"2013-11-20T08:50:15+00:00\",\"breadcrumb\":{\"@id\":\"https:\/\/ajeandalucia.org\/granada\/2013\/11\/20\/ajemprende-en-verde-proyecto-de-creacion-de-empresas-en-el-sector-medioambiental\/#breadcrumb\"},\"inLanguage\":\"es\",\"potentialAction\":[{\"@type\":\"ReadAction\",\"target\":[\"https:\/\/ajeandalucia.org\/granada\/2013\/11\/20\/ajemprende-en-verde-proyecto-de-creacion-de-empresas-en-el-sector-medioambiental\/\"]}]},{\"@type\":\"ImageObject\",\"inLanguage\":\"es\",\"@id\":\"https:\/\/ajeandalucia.org\/granada\/2013\/11\/20\/ajemprende-en-verde-proyecto-de-creacion-de-empresas-en-el-sector-medioambiental\/#primaryimage\",\"url\":\"\",\"contentUrl\":\"\"},{\"@type\":\"BreadcrumbList\",\"@id\":\"https:\/\/ajeandalucia.org\/granada\/2013\/11\/20\/ajemprende-en-verde-proyecto-de-creacion-de-empresas-en-el-sector-medioambiental\/#breadcrumb\",\"itemListElement\":[{\"@type\":\"ListItem\",\"position\":1,\"name\":\"Portada\",\"item\":\"https:\/\/ajeandalucia.org\/granada\/\"},{\"@type\":\"ListItem\",\"position\":2,\"name\":\"AJEmprende en verde: Proyecto de Creaci\u00f3n de empresas en el sector medioambiental\"}]},{\"@type\":\"WebSite\",\"@id\":\"https:\/\/ajeandalucia.org\/granada\/#website\",\"url\":\"https:\/\/ajeandalucia.org\/granada\/\",\"name\":\"AJE Granada\",\"description\":\"J\u00f3venes Empresarios de Granada\",\"publisher\":{\"@id\":\"https:\/\/ajeandalucia.org\/granada\/#organization\"},\"potentialAction\":[{\"@type\":\"SearchAction\",\"target\":{\"@type\":\"EntryPoint\",\"urlTemplate\":\"https:\/\/ajeandalucia.org\/granada\/?s={search_term_string}\"},\"query-input\":{\"@type\":\"PropertyValueSpecification\",\"valueRequired\":true,\"valueName\":\"search_term_string\"}}],\"inLanguage\":\"es\"},{\"@type\":\"Organization\",\"@id\":\"https:\/\/ajeandalucia.org\/granada\/#organization\",\"name\":\"AJE Granada\",\"url\":\"https:\/\/ajeandalucia.org\/granada\/\",\"logo\":{\"@type\":\"ImageObject\",\"inLanguage\":\"es\",\"@id\":\"https:\/\/ajeandalucia.org\/granada\/#\/schema\/logo\/image\/\",\"url\":\"https:\/\/ajeandalucia.org\/granada\/wp-content\/uploads\/sites\/7\/2025\/02\/AJE-GRANADA-horizontal.png\",\"contentUrl\":\"https:\/\/ajeandalucia.org\/granada\/wp-content\/uploads\/sites\/7\/2025\/02\/AJE-GRANADA-horizontal.png\",\"width\":612,\"height\":200,\"caption\":\"AJE Granada\"},\"image\":{\"@id\":\"https:\/\/ajeandalucia.org\/granada\/#\/schema\/logo\/image\/\"}},{\"@type\":\"Person\",\"@id\":\"\",\"url\":\"https:\/\/ajeandalucia.org\/granada\/author\/\"}]}<\/script>\n<!-- \/ Yoast SEO plugin. -->","yoast_head_json":{"title":"AJEmprende en verde: Proyecto de Creaci\u00f3n de empresas en el sector medioambiental - AJE Granada","robots":{"index":"index","follow":"follow","max-snippet":"max-snippet:-1","max-image-preview":"max-image-preview:large","max-video-preview":"max-video-preview:-1"},"canonical":"https:\/\/ajeandalucia.org\/granada\/2013\/11\/20\/ajemprende-en-verde-proyecto-de-creacion-de-empresas-en-el-sector-medioambiental\/","og_locale":"es_ES","og_type":"article","og_title":"AJEmprende en verde: Proyecto de Creaci\u00f3n de empresas en el sector medioambiental - AJE Granada","og_description":"CEAJE pone en marcha el proyecto Creaci\u00f3n de empresas en el sector medioambiental,\u00a0AJEmprende en verde, que pretende sensibilizar y motivar [&hellip;]","og_url":"https:\/\/ajeandalucia.org\/granada\/2013\/11\/20\/ajemprende-en-verde-proyecto-de-creacion-de-empresas-en-el-sector-medioambiental\/","og_site_name":"AJE Granada","article_published_time":"2013-11-20T08:50:15+00:00","twitter_card":"summary_large_image","twitter_misc":{"Escrito por":"","Tiempo de lectura":"1 minuto"},"schema":{"@context":"https:\/\/schema.org","@graph":[{"@type":"Article","@id":"https:\/\/ajeandalucia.org\/granada\/2013\/11\/20\/ajemprende-en-verde-proyecto-de-creacion-de-empresas-en-el-sector-medioambiental\/#article","isPartOf":{"@id":"https:\/\/ajeandalucia.org\/granada\/2013\/11\/20\/ajemprende-en-verde-proyecto-de-creacion-de-empresas-en-el-sector-medioambiental\/"},"author":{"name":"","@id":""},"headline":"AJEmprende en verde: Proyecto de Creaci\u00f3n de empresas en el sector medioambiental","datePublished":"2013-11-20T08:50:15+00:00","mainEntityOfPage":{"@id":"https:\/\/ajeandalucia.org\/granada\/2013\/11\/20\/ajemprende-en-verde-proyecto-de-creacion-de-empresas-en-el-sector-medioambiental\/"},"wordCount":206,"commentCount":0,"publisher":{"@id":"https:\/\/ajeandalucia.org\/granada\/#organization"},"image":{"@id":"https:\/\/ajeandalucia.org\/granada\/2013\/11\/20\/ajemprende-en-verde-proyecto-de-creacion-de-empresas-en-el-sector-medioambiental\/#primaryimage"},"thumbnailUrl":"","keywords":["cursos online","Emprendimiento","Formaci\u00f3n","jornadas sensibilizaci\u00f3n","medioambiente","Sector medioambiental"],"articleSection":["Noticias"],"inLanguage":"es","potentialAction":[{"@type":"CommentAction","name":"Comment","target":["https:\/\/ajeandalucia.org\/granada\/2013\/11\/20\/ajemprende-en-verde-proyecto-de-creacion-de-empresas-en-el-sector-medioambiental\/#respond"]}]},{"@type":"WebPage","@id":"https:\/\/ajeandalucia.org\/granada\/2013\/11\/20\/ajemprende-en-verde-proyecto-de-creacion-de-empresas-en-el-sector-medioambiental\/","url":"https:\/\/ajeandalucia.org\/granada\/2013\/11\/20\/ajemprende-en-verde-proyecto-de-creacion-de-empresas-en-el-sector-medioambiental\/","name":"AJEmprende en verde: Proyecto de Creaci\u00f3n de empresas en el sector medioambiental - AJE Granada","isPartOf":{"@id":"https:\/\/ajeandalucia.org\/granada\/#website"},"primaryImageOfPage":{"@id":"https:\/\/ajeandalucia.org\/granada\/2013\/11\/20\/ajemprende-en-verde-proyecto-de-creacion-de-empresas-en-el-sector-medioambiental\/#primaryimage"},"image":{"@id":"https:\/\/ajeandalucia.org\/granada\/2013\/11\/20\/ajemprende-en-verde-proyecto-de-creacion-de-empresas-en-el-sector-medioambiental\/#primaryimage"},"thumbnailUrl":"","datePublished":"2013-11-20T08:50:15+00:00","breadcrumb":{"@id":"https:\/\/ajeandalucia.org\/granada\/2013\/11\/20\/ajemprende-en-verde-proyecto-de-creacion-de-empresas-en-el-sector-medioambiental\/#breadcrumb"},"inLanguage":"es","potentialAction":[{"@type":"ReadAction","target":["https:\/\/ajeandalucia.org\/granada\/2013\/11\/20\/ajemprende-en-verde-proyecto-de-creacion-de-empresas-en-el-sector-medioambiental\/"]}]},{"@type":"ImageObject","inLanguage":"es","@id":"https:\/\/ajeandalucia.org\/granada\/2013\/11\/20\/ajemprende-en-verde-proyecto-de-creacion-de-empresas-en-el-sector-medioambiental\/#primaryimage","url":"","contentUrl":""},{"@type":"BreadcrumbList","@id":"https:\/\/ajeandalucia.org\/granada\/2013\/11\/20\/ajemprende-en-verde-proyecto-de-creacion-de-empresas-en-el-sector-medioambiental\/#breadcrumb","itemListElement":[{"@type":"ListItem","position":1,"name":"Portada","item":"https:\/\/ajeandalucia.org\/granada\/"},{"@type":"ListItem","position":2,"name":"AJEmprende en verde: Proyecto de Creaci\u00f3n de empresas en el sector medioambiental"}]},{"@type":"WebSite","@id":"https:\/\/ajeandalucia.org\/granada\/#website","url":"https:\/\/ajeandalucia.org\/granada\/","name":"AJE Granada","description":"J\u00f3venes Empresarios de Granada","publisher":{"@id":"https:\/\/ajeandalucia.org\/granada\/#organization"},"potentialAction":[{"@type":"SearchAction","target":{"@type":"EntryPoint","urlTemplate":"https:\/\/ajeandalucia.org\/granada\/?s={search_term_string}"},"query-input":{"@type":"PropertyValueSpecification","valueRequired":true,"valueName":"search_term_string"}}],"inLanguage":"es"},{"@type":"Organization","@id":"https:\/\/ajeandalucia.org\/granada\/#organization","name":"AJE Granada","url":"https:\/\/ajeandalucia.org\/granada\/","logo":{"@type":"ImageObject","inLanguage":"es","@id":"https:\/\/ajeandalucia.org\/granada\/#\/schema\/logo\/image\/","url":"https:\/\/ajeandalucia.org\/granada\/wp-content\/uploads\/sites\/7\/2025\/02\/AJE-GRANADA-horizontal.png","contentUrl":"https:\/\/ajeandalucia.org\/granada\/wp-content\/uploads\/sites\/7\/2025\/02\/AJE-GRANADA-horizontal.png","width":612,"height":200,"caption":"AJE Granada"},"image":{"@id":"https:\/\/ajeandalucia.org\/granada\/#\/schema\/logo\/image\/"}},{"@type":"Person","@id":"","url":"https:\/\/ajeandalucia.org\/granada\/author\/"}]}},"_links":{"self":[{"href":"https:\/\/ajeandalucia.org\/granada\/wp-json\/wp\/v2\/posts\/10798","targetHints":{"allow":["GET"]}}],"collection":[{"href":"https:\/\/ajeandalucia.org\/granada\/wp-json\/wp\/v2\/posts"}],"about":[{"href":"https:\/\/ajeandalucia.org\/granada\/wp-json\/wp\/v2\/types\/post"}],"author":[{"embeddable":true,"href":"https:\/\/ajeandalucia.org\/granada\/wp-json\/wp\/v2\/users\/1"}],"replies":[{"embeddable":true,"href":"https:\/\/ajeandalucia.org\/granada\/wp-json\/wp\/v2\/comments?post=10798"}],"version-history":[{"count":0,"href":"https:\/\/ajeandalucia.org\/granada\/wp-json\/wp\/v2\/posts\/10798\/revisions"}],"wp:featuredmedia":[{"embeddable":true,"href":"https:\/\/ajeandalucia.org\/granada\/wp-json\/"}],"wp:attachment":[{"href":"https:\/\/ajeandalucia.org\/granada\/wp-json\/wp\/v2\/media?parent=10798"}],"wp:term":[{"taxonomy":"category","embeddable":true,"href":"https:\/\/ajeandalucia.org\/granada\/wp-json\/wp\/v2\/categories?post=10798"},{"taxonomy":"post_tag","embeddable":true,"href":"https:\/\/ajeandalucia.org\/granada\/wp-json\/wp\/v2\/tags?post=10798"}],"curies":[{"name":"wp","href":"https:\/\/api.w.org\/{rel}","templated":true}]}}