{"id":10870,"date":"2013-11-25T09:31:40","date_gmt":"2013-11-25T08:31:40","guid":{"rendered":"http:\/\/www.ajegranada.org\/?p=10870"},"modified":"2013-11-25T09:31:40","modified_gmt":"2013-11-25T08:31:40","slug":"red-de-negocios-aje-andaluciaexecutive-mba-de-eoi","status":"publish","type":"post","link":"https:\/\/ajeandalucia.org\/granada\/2013\/11\/25\/red-de-negocios-aje-andaluciaexecutive-mba-de-eoi\/","title":{"rendered":"Red de Negocios AJE Andaluc\u00eda:Executive MBA de EOI"},"content":{"rendered":"<p>Sigue decidiendo tu futuro profesional; EOI te propone el siguiente paso ofreci\u00e9ndote un 10% de descuento en la tarifa de su Executive MBA<\/p>\n<p style=\"text-align: center\"><a href=\"http:\/\/www.ajegranada.org\/wp-content\/uploads\/2013\/11\/EOI.jpg\"><img loading=\"lazy\" decoding=\"async\" class=\" wp-image-10871 aligncenter\" alt=\"EOI\" src=\"http:\/\/www.ajegranada.org\/wp-content\/uploads\/2013\/11\/EOI.jpg\" width=\"585\" height=\"438\" \/><\/a><\/p>\n<p>&nbsp;<\/p>\n<p><em>*Reducci\u00f3n aplicable al precio de matr\u00edcula, exceptuando la reserva de plaza<\/em><\/p>\n<p><strong>Para m\u00e1s informaci\u00f3n contactar con Mar\u00eda Jos\u00e9 Calle en el email mariajosecalle@eoi.es o el tel\u00e9fono\u00a0954 463 377.<\/strong><\/p>\n","protected":false},"excerpt":{"rendered":"<p>Sigue decidiendo tu futuro profesional; EOI te propone el siguiente paso ofreci\u00e9ndote un 10% de descuento en la tarifa de [&hellip;]<\/p>\n","protected":false},"author":1,"featured_media":10872,"comment_status":"open","ping_status":"open","sticky":false,"template":"","format":"standard","meta":{"_acf_changed":false,"site-sidebar-layout":"default","site-content-layout":"","ast-site-content-layout":"default","site-content-style":"default","site-sidebar-style":"default","ast-global-header-display":"","ast-banner-title-visibility":"","ast-main-header-display":"","ast-hfb-above-header-display":"","ast-hfb-below-header-display":"","ast-hfb-mobile-header-display":"","site-post-title":"","ast-breadcrumbs-content":"","ast-featured-img":"","footer-sml-layout":"","ast-disable-related-posts":"","theme-transparent-header-meta":"","adv-header-id-meta":"","stick-header-meta":"","header-above-stick-meta":"","header-main-stick-meta":"","header-below-stick-meta":"","astra-migrate-meta-layouts":"default","ast-page-background-enabled":"default","ast-page-background-meta":{"desktop":{"background-color":"var(--ast-global-color-5)","background-image":"","background-repeat":"repeat","background-position":"center center","background-size":"auto","background-attachment":"scroll","background-type":"","background-media":"","overlay-type":"","overlay-color":"","overlay-opacity":"","overlay-gradient":""},"tablet":{"background-color":"","background-image":"","background-repeat":"repeat","background-position":"center center","background-size":"auto","background-attachment":"scroll","background-type":"","background-media":"","overlay-type":"","overlay-color":"","overlay-opacity":"","overlay-gradient":""},"mobile":{"background-color":"","background-image":"","background-repeat":"repeat","background-position":"center center","background-size":"auto","background-attachment":"scroll","background-type":"","background-media":"","overlay-type":"","overlay-color":"","overlay-opacity":"","overlay-gradient":""}},"ast-content-background-meta":{"desktop":{"background-color":"var(--ast-global-color-4)","background-image":"","background-repeat":"repeat","background-position":"center center","background-size":"auto","background-attachment":"scroll","background-type":"","background-media":"","overlay-type":"","overlay-color":"","overlay-opacity":"","overlay-gradient":""},"tablet":{"background-color":"var(--ast-global-color-4)","background-image":"","background-repeat":"repeat","background-position":"center center","background-size":"auto","background-attachment":"scroll","background-type":"","background-media":"","overlay-type":"","overlay-color":"","overlay-opacity":"","overlay-gradient":""},"mobile":{"background-color":"var(--ast-global-color-4)","background-image":"","background-repeat":"repeat","background-position":"center center","background-size":"auto","background-attachment":"scroll","background-type":"","background-media":"","overlay-type":"","overlay-color":"","overlay-opacity":"","overlay-gradient":""}},"footnotes":""},"categories":[90],"tags":[31,333,96,334,244,183],"class_list":["post-10870","post","type-post","status-publish","format-standard","has-post-thumbnail","hentry","category-beneficios","tag-descuentos","tag-eoi","tag-formacion-2","tag-master","tag-oferta-para-asociados","tag-red-de-negocios-aje-andalucia"],"acf":[],"yoast_head":"<!-- This site is optimized with the Yoast SEO plugin v26.9 - https:\/\/yoast.com\/product\/yoast-seo-wordpress\/ -->\n<title>Red de Negocios AJE Andaluc\u00eda:Executive MBA de EOI - AJE Granada<\/title>\n<meta name=\"robots\" content=\"index, follow, max-snippet:-1, max-image-preview:large, max-video-preview:-1\" \/>\n<link rel=\"canonical\" href=\"https:\/\/ajeandalucia.org\/granada\/2013\/11\/25\/red-de-negocios-aje-andaluciaexecutive-mba-de-eoi\/\" \/>\n<meta property=\"og:locale\" content=\"es_ES\" \/>\n<meta property=\"og:type\" content=\"article\" \/>\n<meta property=\"og:title\" content=\"Red de Negocios AJE Andaluc\u00eda:Executive MBA de EOI - AJE Granada\" \/>\n<meta property=\"og:description\" content=\"Sigue decidiendo tu futuro profesional; EOI te propone el siguiente paso ofreci\u00e9ndote un 10% de descuento en la tarifa de [&hellip;]\" \/>\n<meta property=\"og:url\" content=\"https:\/\/ajeandalucia.org\/granada\/2013\/11\/25\/red-de-negocios-aje-andaluciaexecutive-mba-de-eoi\/\" \/>\n<meta property=\"og:site_name\" content=\"AJE Granada\" \/>\n<meta property=\"article:published_time\" content=\"2013-11-25T08:31:40+00:00\" \/>\n<meta name=\"twitter:card\" content=\"summary_large_image\" \/>\n<meta name=\"twitter:label1\" content=\"Escrito por\" \/>\n\t<meta name=\"twitter:data1\" content=\"\" \/>\n<script type=\"application\/ld+json\" class=\"yoast-schema-graph\">{\"@context\":\"https:\/\/schema.org\",\"@graph\":[{\"@type\":\"Article\",\"@id\":\"https:\/\/ajeandalucia.org\/granada\/2013\/11\/25\/red-de-negocios-aje-andaluciaexecutive-mba-de-eoi\/#article\",\"isPartOf\":{\"@id\":\"https:\/\/ajeandalucia.org\/granada\/2013\/11\/25\/red-de-negocios-aje-andaluciaexecutive-mba-de-eoi\/\"},\"author\":{\"name\":\"\",\"@id\":\"\"},\"headline\":\"Red de Negocios AJE Andaluc\u00eda:Executive MBA de EOI\",\"datePublished\":\"2013-11-25T08:31:40+00:00\",\"mainEntityOfPage\":{\"@id\":\"https:\/\/ajeandalucia.org\/granada\/2013\/11\/25\/red-de-negocios-aje-andaluciaexecutive-mba-de-eoi\/\"},\"wordCount\":68,\"commentCount\":0,\"publisher\":{\"@id\":\"https:\/\/ajeandalucia.org\/granada\/#organization\"},\"image\":{\"@id\":\"https:\/\/ajeandalucia.org\/granada\/2013\/11\/25\/red-de-negocios-aje-andaluciaexecutive-mba-de-eoi\/#primaryimage\"},\"thumbnailUrl\":\"\",\"keywords\":[\"descuentos\",\"EOI\",\"Formaci\u00f3n\",\"m\u00e1ster\",\"Oferta para asociados\",\"Red de Negocios AJE Andaluc\u00eda\"],\"articleSection\":[\"beneficios entre socios\"],\"inLanguage\":\"es\",\"potentialAction\":[{\"@type\":\"CommentAction\",\"name\":\"Comment\",\"target\":[\"https:\/\/ajeandalucia.org\/granada\/2013\/11\/25\/red-de-negocios-aje-andaluciaexecutive-mba-de-eoi\/#respond\"]}]},{\"@type\":\"WebPage\",\"@id\":\"https:\/\/ajeandalucia.org\/granada\/2013\/11\/25\/red-de-negocios-aje-andaluciaexecutive-mba-de-eoi\/\",\"url\":\"https:\/\/ajeandalucia.org\/granada\/2013\/11\/25\/red-de-negocios-aje-andaluciaexecutive-mba-de-eoi\/\",\"name\":\"Red de Negocios AJE Andaluc\u00eda:Executive MBA de EOI - AJE Granada\",\"isPartOf\":{\"@id\":\"https:\/\/ajeandalucia.org\/granada\/#website\"},\"primaryImageOfPage\":{\"@id\":\"https:\/\/ajeandalucia.org\/granada\/2013\/11\/25\/red-de-negocios-aje-andaluciaexecutive-mba-de-eoi\/#primaryimage\"},\"image\":{\"@id\":\"https:\/\/ajeandalucia.org\/granada\/2013\/11\/25\/red-de-negocios-aje-andaluciaexecutive-mba-de-eoi\/#primaryimage\"},\"thumbnailUrl\":\"\",\"datePublished\":\"2013-11-25T08:31:40+00:00\",\"breadcrumb\":{\"@id\":\"https:\/\/ajeandalucia.org\/granada\/2013\/11\/25\/red-de-negocios-aje-andaluciaexecutive-mba-de-eoi\/#breadcrumb\"},\"inLanguage\":\"es\",\"potentialAction\":[{\"@type\":\"ReadAction\",\"target\":[\"https:\/\/ajeandalucia.org\/granada\/2013\/11\/25\/red-de-negocios-aje-andaluciaexecutive-mba-de-eoi\/\"]}]},{\"@type\":\"ImageObject\",\"inLanguage\":\"es\",\"@id\":\"https:\/\/ajeandalucia.org\/granada\/2013\/11\/25\/red-de-negocios-aje-andaluciaexecutive-mba-de-eoi\/#primaryimage\",\"url\":\"\",\"contentUrl\":\"\"},{\"@type\":\"BreadcrumbList\",\"@id\":\"https:\/\/ajeandalucia.org\/granada\/2013\/11\/25\/red-de-negocios-aje-andaluciaexecutive-mba-de-eoi\/#breadcrumb\",\"itemListElement\":[{\"@type\":\"ListItem\",\"position\":1,\"name\":\"Portada\",\"item\":\"https:\/\/ajeandalucia.org\/granada\/\"},{\"@type\":\"ListItem\",\"position\":2,\"name\":\"Red de Negocios AJE Andaluc\u00eda:Executive MBA de EOI\"}]},{\"@type\":\"WebSite\",\"@id\":\"https:\/\/ajeandalucia.org\/granada\/#website\",\"url\":\"https:\/\/ajeandalucia.org\/granada\/\",\"name\":\"AJE Granada\",\"description\":\"J\u00f3venes Empresarios de Granada\",\"publisher\":{\"@id\":\"https:\/\/ajeandalucia.org\/granada\/#organization\"},\"potentialAction\":[{\"@type\":\"SearchAction\",\"target\":{\"@type\":\"EntryPoint\",\"urlTemplate\":\"https:\/\/ajeandalucia.org\/granada\/?s={search_term_string}\"},\"query-input\":{\"@type\":\"PropertyValueSpecification\",\"valueRequired\":true,\"valueName\":\"search_term_string\"}}],\"inLanguage\":\"es\"},{\"@type\":\"Organization\",\"@id\":\"https:\/\/ajeandalucia.org\/granada\/#organization\",\"name\":\"AJE Granada\",\"url\":\"https:\/\/ajeandalucia.org\/granada\/\",\"logo\":{\"@type\":\"ImageObject\",\"inLanguage\":\"es\",\"@id\":\"https:\/\/ajeandalucia.org\/granada\/#\/schema\/logo\/image\/\",\"url\":\"https:\/\/ajeandalucia.org\/granada\/wp-content\/uploads\/sites\/7\/2025\/02\/AJE-GRANADA-horizontal.png\",\"contentUrl\":\"https:\/\/ajeandalucia.org\/granada\/wp-content\/uploads\/sites\/7\/2025\/02\/AJE-GRANADA-horizontal.png\",\"width\":612,\"height\":200,\"caption\":\"AJE Granada\"},\"image\":{\"@id\":\"https:\/\/ajeandalucia.org\/granada\/#\/schema\/logo\/image\/\"}},{\"@type\":\"Person\",\"@id\":\"\",\"url\":\"https:\/\/ajeandalucia.org\/granada\/author\/\"}]}<\/script>\n<!-- \/ Yoast SEO plugin. -->","yoast_head_json":{"title":"Red de Negocios AJE Andaluc\u00eda:Executive MBA de EOI - AJE Granada","robots":{"index":"index","follow":"follow","max-snippet":"max-snippet:-1","max-image-preview":"max-image-preview:large","max-video-preview":"max-video-preview:-1"},"canonical":"https:\/\/ajeandalucia.org\/granada\/2013\/11\/25\/red-de-negocios-aje-andaluciaexecutive-mba-de-eoi\/","og_locale":"es_ES","og_type":"article","og_title":"Red de Negocios AJE Andaluc\u00eda:Executive MBA de EOI - AJE Granada","og_description":"Sigue decidiendo tu futuro profesional; EOI te propone el siguiente paso ofreci\u00e9ndote un 10% de descuento en la tarifa de [&hellip;]","og_url":"https:\/\/ajeandalucia.org\/granada\/2013\/11\/25\/red-de-negocios-aje-andaluciaexecutive-mba-de-eoi\/","og_site_name":"AJE Granada","article_published_time":"2013-11-25T08:31:40+00:00","twitter_card":"summary_large_image","twitter_misc":{"Escrito por":""},"schema":{"@context":"https:\/\/schema.org","@graph":[{"@type":"Article","@id":"https:\/\/ajeandalucia.org\/granada\/2013\/11\/25\/red-de-negocios-aje-andaluciaexecutive-mba-de-eoi\/#article","isPartOf":{"@id":"https:\/\/ajeandalucia.org\/granada\/2013\/11\/25\/red-de-negocios-aje-andaluciaexecutive-mba-de-eoi\/"},"author":{"name":"","@id":""},"headline":"Red de Negocios AJE Andaluc\u00eda:Executive MBA de EOI","datePublished":"2013-11-25T08:31:40+00:00","mainEntityOfPage":{"@id":"https:\/\/ajeandalucia.org\/granada\/2013\/11\/25\/red-de-negocios-aje-andaluciaexecutive-mba-de-eoi\/"},"wordCount":68,"commentCount":0,"publisher":{"@id":"https:\/\/ajeandalucia.org\/granada\/#organization"},"image":{"@id":"https:\/\/ajeandalucia.org\/granada\/2013\/11\/25\/red-de-negocios-aje-andaluciaexecutive-mba-de-eoi\/#primaryimage"},"thumbnailUrl":"","keywords":["descuentos","EOI","Formaci\u00f3n","m\u00e1ster","Oferta para asociados","Red de Negocios AJE Andaluc\u00eda"],"articleSection":["beneficios entre socios"],"inLanguage":"es","potentialAction":[{"@type":"CommentAction","name":"Comment","target":["https:\/\/ajeandalucia.org\/granada\/2013\/11\/25\/red-de-negocios-aje-andaluciaexecutive-mba-de-eoi\/#respond"]}]},{"@type":"WebPage","@id":"https:\/\/ajeandalucia.org\/granada\/2013\/11\/25\/red-de-negocios-aje-andaluciaexecutive-mba-de-eoi\/","url":"https:\/\/ajeandalucia.org\/granada\/2013\/11\/25\/red-de-negocios-aje-andaluciaexecutive-mba-de-eoi\/","name":"Red de Negocios AJE Andaluc\u00eda:Executive MBA de EOI - AJE Granada","isPartOf":{"@id":"https:\/\/ajeandalucia.org\/granada\/#website"},"primaryImageOfPage":{"@id":"https:\/\/ajeandalucia.org\/granada\/2013\/11\/25\/red-de-negocios-aje-andaluciaexecutive-mba-de-eoi\/#primaryimage"},"image":{"@id":"https:\/\/ajeandalucia.org\/granada\/2013\/11\/25\/red-de-negocios-aje-andaluciaexecutive-mba-de-eoi\/#primaryimage"},"thumbnailUrl":"","datePublished":"2013-11-25T08:31:40+00:00","breadcrumb":{"@id":"https:\/\/ajeandalucia.org\/granada\/2013\/11\/25\/red-de-negocios-aje-andaluciaexecutive-mba-de-eoi\/#breadcrumb"},"inLanguage":"es","potentialAction":[{"@type":"ReadAction","target":["https:\/\/ajeandalucia.org\/granada\/2013\/11\/25\/red-de-negocios-aje-andaluciaexecutive-mba-de-eoi\/"]}]},{"@type":"ImageObject","inLanguage":"es","@id":"https:\/\/ajeandalucia.org\/granada\/2013\/11\/25\/red-de-negocios-aje-andaluciaexecutive-mba-de-eoi\/#primaryimage","url":"","contentUrl":""},{"@type":"BreadcrumbList","@id":"https:\/\/ajeandalucia.org\/granada\/2013\/11\/25\/red-de-negocios-aje-andaluciaexecutive-mba-de-eoi\/#breadcrumb","itemListElement":[{"@type":"ListItem","position":1,"name":"Portada","item":"https:\/\/ajeandalucia.org\/granada\/"},{"@type":"ListItem","position":2,"name":"Red de Negocios AJE Andaluc\u00eda:Executive MBA de EOI"}]},{"@type":"WebSite","@id":"https:\/\/ajeandalucia.org\/granada\/#website","url":"https:\/\/ajeandalucia.org\/granada\/","name":"AJE Granada","description":"J\u00f3venes Empresarios de Granada","publisher":{"@id":"https:\/\/ajeandalucia.org\/granada\/#organization"},"potentialAction":[{"@type":"SearchAction","target":{"@type":"EntryPoint","urlTemplate":"https:\/\/ajeandalucia.org\/granada\/?s={search_term_string}"},"query-input":{"@type":"PropertyValueSpecification","valueRequired":true,"valueName":"search_term_string"}}],"inLanguage":"es"},{"@type":"Organization","@id":"https:\/\/ajeandalucia.org\/granada\/#organization","name":"AJE Granada","url":"https:\/\/ajeandalucia.org\/granada\/","logo":{"@type":"ImageObject","inLanguage":"es","@id":"https:\/\/ajeandalucia.org\/granada\/#\/schema\/logo\/image\/","url":"https:\/\/ajeandalucia.org\/granada\/wp-content\/uploads\/sites\/7\/2025\/02\/AJE-GRANADA-horizontal.png","contentUrl":"https:\/\/ajeandalucia.org\/granada\/wp-content\/uploads\/sites\/7\/2025\/02\/AJE-GRANADA-horizontal.png","width":612,"height":200,"caption":"AJE Granada"},"image":{"@id":"https:\/\/ajeandalucia.org\/granada\/#\/schema\/logo\/image\/"}},{"@type":"Person","@id":"","url":"https:\/\/ajeandalucia.org\/granada\/author\/"}]}},"_links":{"self":[{"href":"https:\/\/ajeandalucia.org\/granada\/wp-json\/wp\/v2\/posts\/10870","targetHints":{"allow":["GET"]}}],"collection":[{"href":"https:\/\/ajeandalucia.org\/granada\/wp-json\/wp\/v2\/posts"}],"about":[{"href":"https:\/\/ajeandalucia.org\/granada\/wp-json\/wp\/v2\/types\/post"}],"author":[{"embeddable":true,"href":"https:\/\/ajeandalucia.org\/granada\/wp-json\/wp\/v2\/users\/1"}],"replies":[{"embeddable":true,"href":"https:\/\/ajeandalucia.org\/granada\/wp-json\/wp\/v2\/comments?post=10870"}],"version-history":[{"count":0,"href":"https:\/\/ajeandalucia.org\/granada\/wp-json\/wp\/v2\/posts\/10870\/revisions"}],"wp:featuredmedia":[{"embeddable":true,"href":"https:\/\/ajeandalucia.org\/granada\/wp-json\/"}],"wp:attachment":[{"href":"https:\/\/ajeandalucia.org\/granada\/wp-json\/wp\/v2\/media?parent=10870"}],"wp:term":[{"taxonomy":"category","embeddable":true,"href":"https:\/\/ajeandalucia.org\/granada\/wp-json\/wp\/v2\/categories?post=10870"},{"taxonomy":"post_tag","embeddable":true,"href":"https:\/\/ajeandalucia.org\/granada\/wp-json\/wp\/v2\/tags?post=10870"}],"curies":[{"name":"wp","href":"https:\/\/api.w.org\/{rel}","templated":true}]}}