{"id":10975,"date":"2013-11-28T10:20:26","date_gmt":"2013-11-28T09:20:26","guid":{"rendered":"http:\/\/www.ajegranada.org\/?p=10975"},"modified":"2013-11-28T10:20:26","modified_gmt":"2013-11-28T09:20:26","slug":"aje-granada-renueva-su-convenio-con-asisa","status":"publish","type":"post","link":"https:\/\/ajeandalucia.org\/granada\/2013\/11\/28\/aje-granada-renueva-su-convenio-con-asisa\/","title":{"rendered":"AJE Granada renueva su convenio con ASISA"},"content":{"rendered":"<p><a href=\"http:\/\/www.ajegranada.org\/wp-content\/uploads\/2013\/11\/asisa.jpg\"><img loading=\"lazy\" decoding=\"async\" class=\"wp-image-10978 alignright\" alt=\"asisa\" src=\"http:\/\/www.ajegranada.org\/wp-content\/uploads\/2013\/11\/asisa.jpg\" width=\"162\" height=\"162\" \/><\/a>AJE Granada acaba de renovar su convenio con ASISA, para el pr\u00f3ximo a\u00f1o. Gracias a este convenio, tanto nuestros asociados como sus empleados y familiares podr\u00e1n beneficiarse de<strong> condiciones especiales a la hora de contratar su seguro sanitario.<\/strong><\/p>\n<p>Estas condiciones especiales, siguen en la l\u00ednea del convenio anterior, aunque se han introducido las siguientes modificaciones:<\/p>\n<ul>\n<li>Se abre un nuevo<strong> plazo de inscripci\u00f3n\u00a0sin carencias<\/strong> comprendido desde el 1\/12\/2013 al 28\/02\/2014. Esto quiere decir, que las nuevas contrataciones entran sin los periodos habituales de carencias.<\/li>\n<li>Se cubre la Radioterapia de Intensidad Modulada como T\u00e9cnica Especial de Tratamiento<\/li>\n<li>Se incluye el servicio de Apoyo Psicoemocional en caso de enfermedad grave, incluido en la cobertura de Segunda Opini\u00f3n M\u00e9dica<\/li>\n<li>Desarrollo de la aplicaci\u00f3n ASISA Viajes para m\u00f3viles y tablets, d\u00f3nde el asegurado puede encontrar toda la informaci\u00f3n y herramientas necesarias para preparar cualquier viaje a m\u00e1s de 190 destinos.<\/li>\n<li><strong>Descuentos del 2%, 4% y 6% por la forma de pago<\/strong> (trimestral, semestral y anual, respectivamente).<\/li>\n<\/ul>\n<p>Descubre las condiciones preferentes de ASISA <a href=\"http:\/\/www.ajegranada.org\/faq\/asistencia-sanitaria-asisa\/\">aqui<\/a>:<\/p>\n<p>&nbsp;<\/p>\n","protected":false},"excerpt":{"rendered":"<p>AJE Granada acaba de renovar su convenio con ASISA, para el pr\u00f3ximo a\u00f1o. Gracias a este convenio, tanto nuestros asociados [&hellip;]<\/p>\n","protected":false},"author":1,"featured_media":10978,"comment_status":"open","ping_status":"open","sticky":false,"template":"","format":"standard","meta":{"_acf_changed":false,"site-sidebar-layout":"default","site-content-layout":"","ast-site-content-layout":"default","site-content-style":"default","site-sidebar-style":"default","ast-global-header-display":"","ast-banner-title-visibility":"","ast-main-header-display":"","ast-hfb-above-header-display":"","ast-hfb-below-header-display":"","ast-hfb-mobile-header-display":"","site-post-title":"","ast-breadcrumbs-content":"","ast-featured-img":"","footer-sml-layout":"","ast-disable-related-posts":"","theme-transparent-header-meta":"","adv-header-id-meta":"","stick-header-meta":"","header-above-stick-meta":"","header-main-stick-meta":"","header-below-stick-meta":"","astra-migrate-meta-layouts":"default","ast-page-background-enabled":"default","ast-page-background-meta":{"desktop":{"background-color":"var(--ast-global-color-5)","background-image":"","background-repeat":"repeat","background-position":"center center","background-size":"auto","background-attachment":"scroll","background-type":"","background-media":"","overlay-type":"","overlay-color":"","overlay-opacity":"","overlay-gradient":""},"tablet":{"background-color":"","background-image":"","background-repeat":"repeat","background-position":"center center","background-size":"auto","background-attachment":"scroll","background-type":"","background-media":"","overlay-type":"","overlay-color":"","overlay-opacity":"","overlay-gradient":""},"mobile":{"background-color":"","background-image":"","background-repeat":"repeat","background-position":"center center","background-size":"auto","background-attachment":"scroll","background-type":"","background-media":"","overlay-type":"","overlay-color":"","overlay-opacity":"","overlay-gradient":""}},"ast-content-background-meta":{"desktop":{"background-color":"var(--ast-global-color-4)","background-image":"","background-repeat":"repeat","background-position":"center center","background-size":"auto","background-attachment":"scroll","background-type":"","background-media":"","overlay-type":"","overlay-color":"","overlay-opacity":"","overlay-gradient":""},"tablet":{"background-color":"var(--ast-global-color-4)","background-image":"","background-repeat":"repeat","background-position":"center center","background-size":"auto","background-attachment":"scroll","background-type":"","background-media":"","overlay-type":"","overlay-color":"","overlay-opacity":"","overlay-gradient":""},"mobile":{"background-color":"var(--ast-global-color-4)","background-image":"","background-repeat":"repeat","background-position":"center center","background-size":"auto","background-attachment":"scroll","background-type":"","background-media":"","overlay-type":"","overlay-color":"","overlay-opacity":"","overlay-gradient":""}},"footnotes":""},"categories":[89,115],"tags":[363,364,132,31,365,366,262,367],"class_list":["post-10975","post","type-post","status-publish","format-standard","has-post-thumbnail","hentry","category-convenios-aje-granada","category-noticias-aje","tag-asisa","tag-asistencia-sanitaria","tag-convenios","tag-descuentos","tag-seguro-medico","tag-seguro-sanitario","tag-seguros","tag-ventajas-para-asociados"],"acf":[],"yoast_head":"<!-- This site is optimized with the Yoast SEO plugin v26.9 - https:\/\/yoast.com\/product\/yoast-seo-wordpress\/ -->\n<title>AJE Granada renueva su convenio con ASISA - AJE Granada<\/title>\n<meta name=\"robots\" content=\"index, follow, max-snippet:-1, max-image-preview:large, max-video-preview:-1\" \/>\n<link rel=\"canonical\" href=\"https:\/\/ajeandalucia.org\/granada\/2013\/11\/28\/aje-granada-renueva-su-convenio-con-asisa\/\" \/>\n<meta property=\"og:locale\" content=\"es_ES\" \/>\n<meta property=\"og:type\" content=\"article\" \/>\n<meta property=\"og:title\" content=\"AJE Granada renueva su convenio con ASISA - AJE Granada\" \/>\n<meta property=\"og:description\" content=\"AJE Granada acaba de renovar su convenio con ASISA, para el pr\u00f3ximo a\u00f1o. Gracias a este convenio, tanto nuestros asociados [&hellip;]\" \/>\n<meta property=\"og:url\" content=\"https:\/\/ajeandalucia.org\/granada\/2013\/11\/28\/aje-granada-renueva-su-convenio-con-asisa\/\" \/>\n<meta property=\"og:site_name\" content=\"AJE Granada\" \/>\n<meta property=\"article:published_time\" content=\"2013-11-28T09:20:26+00:00\" \/>\n<meta name=\"twitter:card\" content=\"summary_large_image\" \/>\n<meta name=\"twitter:label1\" content=\"Escrito por\" \/>\n\t<meta name=\"twitter:data1\" content=\"\" \/>\n\t<meta name=\"twitter:label2\" content=\"Tiempo de lectura\" \/>\n\t<meta name=\"twitter:data2\" content=\"1 minuto\" \/>\n<script type=\"application\/ld+json\" class=\"yoast-schema-graph\">{\"@context\":\"https:\/\/schema.org\",\"@graph\":[{\"@type\":\"Article\",\"@id\":\"https:\/\/ajeandalucia.org\/granada\/2013\/11\/28\/aje-granada-renueva-su-convenio-con-asisa\/#article\",\"isPartOf\":{\"@id\":\"https:\/\/ajeandalucia.org\/granada\/2013\/11\/28\/aje-granada-renueva-su-convenio-con-asisa\/\"},\"author\":{\"name\":\"\",\"@id\":\"\"},\"headline\":\"AJE Granada renueva su convenio con ASISA\",\"datePublished\":\"2013-11-28T09:20:26+00:00\",\"mainEntityOfPage\":{\"@id\":\"https:\/\/ajeandalucia.org\/granada\/2013\/11\/28\/aje-granada-renueva-su-convenio-con-asisa\/\"},\"wordCount\":184,\"commentCount\":0,\"publisher\":{\"@id\":\"https:\/\/ajeandalucia.org\/granada\/#organization\"},\"image\":{\"@id\":\"https:\/\/ajeandalucia.org\/granada\/2013\/11\/28\/aje-granada-renueva-su-convenio-con-asisa\/#primaryimage\"},\"thumbnailUrl\":\"\",\"keywords\":[\"ASISA\",\"asistencia sanitaria\",\"Convenios\",\"descuentos\",\"seguro m\u00e9dico\",\"seguro sanitario\",\"Seguros\",\"ventajas para asociados\"],\"articleSection\":[\"Convenios AJE Granada\",\"Noticias aje\"],\"inLanguage\":\"es\",\"potentialAction\":[{\"@type\":\"CommentAction\",\"name\":\"Comment\",\"target\":[\"https:\/\/ajeandalucia.org\/granada\/2013\/11\/28\/aje-granada-renueva-su-convenio-con-asisa\/#respond\"]}]},{\"@type\":\"WebPage\",\"@id\":\"https:\/\/ajeandalucia.org\/granada\/2013\/11\/28\/aje-granada-renueva-su-convenio-con-asisa\/\",\"url\":\"https:\/\/ajeandalucia.org\/granada\/2013\/11\/28\/aje-granada-renueva-su-convenio-con-asisa\/\",\"name\":\"AJE Granada renueva su convenio con ASISA - AJE Granada\",\"isPartOf\":{\"@id\":\"https:\/\/ajeandalucia.org\/granada\/#website\"},\"primaryImageOfPage\":{\"@id\":\"https:\/\/ajeandalucia.org\/granada\/2013\/11\/28\/aje-granada-renueva-su-convenio-con-asisa\/#primaryimage\"},\"image\":{\"@id\":\"https:\/\/ajeandalucia.org\/granada\/2013\/11\/28\/aje-granada-renueva-su-convenio-con-asisa\/#primaryimage\"},\"thumbnailUrl\":\"\",\"datePublished\":\"2013-11-28T09:20:26+00:00\",\"breadcrumb\":{\"@id\":\"https:\/\/ajeandalucia.org\/granada\/2013\/11\/28\/aje-granada-renueva-su-convenio-con-asisa\/#breadcrumb\"},\"inLanguage\":\"es\",\"potentialAction\":[{\"@type\":\"ReadAction\",\"target\":[\"https:\/\/ajeandalucia.org\/granada\/2013\/11\/28\/aje-granada-renueva-su-convenio-con-asisa\/\"]}]},{\"@type\":\"ImageObject\",\"inLanguage\":\"es\",\"@id\":\"https:\/\/ajeandalucia.org\/granada\/2013\/11\/28\/aje-granada-renueva-su-convenio-con-asisa\/#primaryimage\",\"url\":\"\",\"contentUrl\":\"\"},{\"@type\":\"BreadcrumbList\",\"@id\":\"https:\/\/ajeandalucia.org\/granada\/2013\/11\/28\/aje-granada-renueva-su-convenio-con-asisa\/#breadcrumb\",\"itemListElement\":[{\"@type\":\"ListItem\",\"position\":1,\"name\":\"Portada\",\"item\":\"https:\/\/ajeandalucia.org\/granada\/\"},{\"@type\":\"ListItem\",\"position\":2,\"name\":\"AJE Granada renueva su convenio con ASISA\"}]},{\"@type\":\"WebSite\",\"@id\":\"https:\/\/ajeandalucia.org\/granada\/#website\",\"url\":\"https:\/\/ajeandalucia.org\/granada\/\",\"name\":\"AJE Granada\",\"description\":\"J\u00f3venes Empresarios de Granada\",\"publisher\":{\"@id\":\"https:\/\/ajeandalucia.org\/granada\/#organization\"},\"potentialAction\":[{\"@type\":\"SearchAction\",\"target\":{\"@type\":\"EntryPoint\",\"urlTemplate\":\"https:\/\/ajeandalucia.org\/granada\/?s={search_term_string}\"},\"query-input\":{\"@type\":\"PropertyValueSpecification\",\"valueRequired\":true,\"valueName\":\"search_term_string\"}}],\"inLanguage\":\"es\"},{\"@type\":\"Organization\",\"@id\":\"https:\/\/ajeandalucia.org\/granada\/#organization\",\"name\":\"AJE Granada\",\"url\":\"https:\/\/ajeandalucia.org\/granada\/\",\"logo\":{\"@type\":\"ImageObject\",\"inLanguage\":\"es\",\"@id\":\"https:\/\/ajeandalucia.org\/granada\/#\/schema\/logo\/image\/\",\"url\":\"https:\/\/ajeandalucia.org\/granada\/wp-content\/uploads\/sites\/7\/2025\/02\/AJE-GRANADA-horizontal.png\",\"contentUrl\":\"https:\/\/ajeandalucia.org\/granada\/wp-content\/uploads\/sites\/7\/2025\/02\/AJE-GRANADA-horizontal.png\",\"width\":612,\"height\":200,\"caption\":\"AJE Granada\"},\"image\":{\"@id\":\"https:\/\/ajeandalucia.org\/granada\/#\/schema\/logo\/image\/\"}},{\"@type\":\"Person\",\"@id\":\"\",\"url\":\"https:\/\/ajeandalucia.org\/granada\/author\/\"}]}<\/script>\n<!-- \/ Yoast SEO plugin. -->","yoast_head_json":{"title":"AJE Granada renueva su convenio con ASISA - AJE Granada","robots":{"index":"index","follow":"follow","max-snippet":"max-snippet:-1","max-image-preview":"max-image-preview:large","max-video-preview":"max-video-preview:-1"},"canonical":"https:\/\/ajeandalucia.org\/granada\/2013\/11\/28\/aje-granada-renueva-su-convenio-con-asisa\/","og_locale":"es_ES","og_type":"article","og_title":"AJE Granada renueva su convenio con ASISA - AJE Granada","og_description":"AJE Granada acaba de renovar su convenio con ASISA, para el pr\u00f3ximo a\u00f1o. Gracias a este convenio, tanto nuestros asociados [&hellip;]","og_url":"https:\/\/ajeandalucia.org\/granada\/2013\/11\/28\/aje-granada-renueva-su-convenio-con-asisa\/","og_site_name":"AJE Granada","article_published_time":"2013-11-28T09:20:26+00:00","twitter_card":"summary_large_image","twitter_misc":{"Escrito por":"","Tiempo de lectura":"1 minuto"},"schema":{"@context":"https:\/\/schema.org","@graph":[{"@type":"Article","@id":"https:\/\/ajeandalucia.org\/granada\/2013\/11\/28\/aje-granada-renueva-su-convenio-con-asisa\/#article","isPartOf":{"@id":"https:\/\/ajeandalucia.org\/granada\/2013\/11\/28\/aje-granada-renueva-su-convenio-con-asisa\/"},"author":{"name":"","@id":""},"headline":"AJE Granada renueva su convenio con ASISA","datePublished":"2013-11-28T09:20:26+00:00","mainEntityOfPage":{"@id":"https:\/\/ajeandalucia.org\/granada\/2013\/11\/28\/aje-granada-renueva-su-convenio-con-asisa\/"},"wordCount":184,"commentCount":0,"publisher":{"@id":"https:\/\/ajeandalucia.org\/granada\/#organization"},"image":{"@id":"https:\/\/ajeandalucia.org\/granada\/2013\/11\/28\/aje-granada-renueva-su-convenio-con-asisa\/#primaryimage"},"thumbnailUrl":"","keywords":["ASISA","asistencia sanitaria","Convenios","descuentos","seguro m\u00e9dico","seguro sanitario","Seguros","ventajas para asociados"],"articleSection":["Convenios AJE Granada","Noticias aje"],"inLanguage":"es","potentialAction":[{"@type":"CommentAction","name":"Comment","target":["https:\/\/ajeandalucia.org\/granada\/2013\/11\/28\/aje-granada-renueva-su-convenio-con-asisa\/#respond"]}]},{"@type":"WebPage","@id":"https:\/\/ajeandalucia.org\/granada\/2013\/11\/28\/aje-granada-renueva-su-convenio-con-asisa\/","url":"https:\/\/ajeandalucia.org\/granada\/2013\/11\/28\/aje-granada-renueva-su-convenio-con-asisa\/","name":"AJE Granada renueva su convenio con ASISA - AJE Granada","isPartOf":{"@id":"https:\/\/ajeandalucia.org\/granada\/#website"},"primaryImageOfPage":{"@id":"https:\/\/ajeandalucia.org\/granada\/2013\/11\/28\/aje-granada-renueva-su-convenio-con-asisa\/#primaryimage"},"image":{"@id":"https:\/\/ajeandalucia.org\/granada\/2013\/11\/28\/aje-granada-renueva-su-convenio-con-asisa\/#primaryimage"},"thumbnailUrl":"","datePublished":"2013-11-28T09:20:26+00:00","breadcrumb":{"@id":"https:\/\/ajeandalucia.org\/granada\/2013\/11\/28\/aje-granada-renueva-su-convenio-con-asisa\/#breadcrumb"},"inLanguage":"es","potentialAction":[{"@type":"ReadAction","target":["https:\/\/ajeandalucia.org\/granada\/2013\/11\/28\/aje-granada-renueva-su-convenio-con-asisa\/"]}]},{"@type":"ImageObject","inLanguage":"es","@id":"https:\/\/ajeandalucia.org\/granada\/2013\/11\/28\/aje-granada-renueva-su-convenio-con-asisa\/#primaryimage","url":"","contentUrl":""},{"@type":"BreadcrumbList","@id":"https:\/\/ajeandalucia.org\/granada\/2013\/11\/28\/aje-granada-renueva-su-convenio-con-asisa\/#breadcrumb","itemListElement":[{"@type":"ListItem","position":1,"name":"Portada","item":"https:\/\/ajeandalucia.org\/granada\/"},{"@type":"ListItem","position":2,"name":"AJE Granada renueva su convenio con ASISA"}]},{"@type":"WebSite","@id":"https:\/\/ajeandalucia.org\/granada\/#website","url":"https:\/\/ajeandalucia.org\/granada\/","name":"AJE Granada","description":"J\u00f3venes Empresarios de Granada","publisher":{"@id":"https:\/\/ajeandalucia.org\/granada\/#organization"},"potentialAction":[{"@type":"SearchAction","target":{"@type":"EntryPoint","urlTemplate":"https:\/\/ajeandalucia.org\/granada\/?s={search_term_string}"},"query-input":{"@type":"PropertyValueSpecification","valueRequired":true,"valueName":"search_term_string"}}],"inLanguage":"es"},{"@type":"Organization","@id":"https:\/\/ajeandalucia.org\/granada\/#organization","name":"AJE Granada","url":"https:\/\/ajeandalucia.org\/granada\/","logo":{"@type":"ImageObject","inLanguage":"es","@id":"https:\/\/ajeandalucia.org\/granada\/#\/schema\/logo\/image\/","url":"https:\/\/ajeandalucia.org\/granada\/wp-content\/uploads\/sites\/7\/2025\/02\/AJE-GRANADA-horizontal.png","contentUrl":"https:\/\/ajeandalucia.org\/granada\/wp-content\/uploads\/sites\/7\/2025\/02\/AJE-GRANADA-horizontal.png","width":612,"height":200,"caption":"AJE Granada"},"image":{"@id":"https:\/\/ajeandalucia.org\/granada\/#\/schema\/logo\/image\/"}},{"@type":"Person","@id":"","url":"https:\/\/ajeandalucia.org\/granada\/author\/"}]}},"_links":{"self":[{"href":"https:\/\/ajeandalucia.org\/granada\/wp-json\/wp\/v2\/posts\/10975","targetHints":{"allow":["GET"]}}],"collection":[{"href":"https:\/\/ajeandalucia.org\/granada\/wp-json\/wp\/v2\/posts"}],"about":[{"href":"https:\/\/ajeandalucia.org\/granada\/wp-json\/wp\/v2\/types\/post"}],"author":[{"embeddable":true,"href":"https:\/\/ajeandalucia.org\/granada\/wp-json\/wp\/v2\/users\/1"}],"replies":[{"embeddable":true,"href":"https:\/\/ajeandalucia.org\/granada\/wp-json\/wp\/v2\/comments?post=10975"}],"version-history":[{"count":0,"href":"https:\/\/ajeandalucia.org\/granada\/wp-json\/wp\/v2\/posts\/10975\/revisions"}],"wp:featuredmedia":[{"embeddable":true,"href":"https:\/\/ajeandalucia.org\/granada\/wp-json\/"}],"wp:attachment":[{"href":"https:\/\/ajeandalucia.org\/granada\/wp-json\/wp\/v2\/media?parent=10975"}],"wp:term":[{"taxonomy":"category","embeddable":true,"href":"https:\/\/ajeandalucia.org\/granada\/wp-json\/wp\/v2\/categories?post=10975"},{"taxonomy":"post_tag","embeddable":true,"href":"https:\/\/ajeandalucia.org\/granada\/wp-json\/wp\/v2\/tags?post=10975"}],"curies":[{"name":"wp","href":"https:\/\/api.w.org\/{rel}","templated":true}]}}