{"id":11769,"date":"2014-02-13T11:51:04","date_gmt":"2014-02-13T10:51:04","guid":{"rendered":"http:\/\/www.ajegranada.org\/?p=11769"},"modified":"2014-02-13T11:51:04","modified_gmt":"2014-02-13T10:51:04","slug":"nuevo-asociado-la-expositiva-espacio-creativo","status":"publish","type":"post","link":"https:\/\/ajeandalucia.org\/granada\/2014\/02\/13\/nuevo-asociado-la-expositiva-espacio-creativo\/","title":{"rendered":"Nuevo asociado: La Expositiva Espacio Creativo"},"content":{"rendered":"<p>Os presentamos a nuestro nuevo asociado LA EXPOSITIVA, un espacio cultural multidisciplinar en pleno centro de Granada con cuatro \u00e1reas de actividad:\u00a0s<strong>ala de exhibici\u00f3n de<\/strong> <strong>espect\u00e1culos<\/strong>\u00a0(teatro, m\u00fasica, cine, cabaret\u2026),\u00a0<strong>actividades formativas<\/strong>,<strong>espacio coworking<\/strong>\u00a0y\u00a0<strong>librer\u00eda\u00a0cultural<\/strong>.<\/p>\n<p>Es un nuevo concepto de espacio cultural, ya que se trata de un\u00a0espacio integral, vers\u00e1til, plural y colaborativo, que busca conectar personas y sensibilidades. Un lugar sin\u00e9rgico, abierto a todo y a todos: al p\u00fablico, a los profesionales, a los emprendedores, a colectivos y asociaciones, a centros educativos, a instituciones..etc.<\/p>\n<p>Para m\u00e1s informaci\u00f3n:[wpfilebase tag=file id=488 \/]<\/p>\n<p>O en el siguiente <a href=\"http:\/\/www.laexpositiva.com\">enlace<\/a><\/p>\n","protected":false},"excerpt":{"rendered":"<p>Os presentamos a nuestro nuevo asociado LA EXPOSITIVA, un espacio cultural multidisciplinar en pleno centro de Granada con cuatro \u00e1reas [&hellip;]<\/p>\n","protected":false},"author":1,"featured_media":11768,"comment_status":"open","ping_status":"open","sticky":false,"template":"","format":"standard","meta":{"_acf_changed":false,"site-sidebar-layout":"default","site-content-layout":"","ast-site-content-layout":"default","site-content-style":"default","site-sidebar-style":"default","ast-global-header-display":"","ast-banner-title-visibility":"","ast-main-header-display":"","ast-hfb-above-header-display":"","ast-hfb-below-header-display":"","ast-hfb-mobile-header-display":"","site-post-title":"","ast-breadcrumbs-content":"","ast-featured-img":"","footer-sml-layout":"","ast-disable-related-posts":"","theme-transparent-header-meta":"","adv-header-id-meta":"","stick-header-meta":"","header-above-stick-meta":"","header-main-stick-meta":"","header-below-stick-meta":"","astra-migrate-meta-layouts":"default","ast-page-background-enabled":"default","ast-page-background-meta":{"desktop":{"background-color":"var(--ast-global-color-5)","background-image":"","background-repeat":"repeat","background-position":"center center","background-size":"auto","background-attachment":"scroll","background-type":"","background-media":"","overlay-type":"","overlay-color":"","overlay-opacity":"","overlay-gradient":""},"tablet":{"background-color":"","background-image":"","background-repeat":"repeat","background-position":"center center","background-size":"auto","background-attachment":"scroll","background-type":"","background-media":"","overlay-type":"","overlay-color":"","overlay-opacity":"","overlay-gradient":""},"mobile":{"background-color":"","background-image":"","background-repeat":"repeat","background-position":"center center","background-size":"auto","background-attachment":"scroll","background-type":"","background-media":"","overlay-type":"","overlay-color":"","overlay-opacity":"","overlay-gradient":""}},"ast-content-background-meta":{"desktop":{"background-color":"var(--ast-global-color-4)","background-image":"","background-repeat":"repeat","background-position":"center center","background-size":"auto","background-attachment":"scroll","background-type":"","background-media":"","overlay-type":"","overlay-color":"","overlay-opacity":"","overlay-gradient":""},"tablet":{"background-color":"var(--ast-global-color-4)","background-image":"","background-repeat":"repeat","background-position":"center center","background-size":"auto","background-attachment":"scroll","background-type":"","background-media":"","overlay-type":"","overlay-color":"","overlay-opacity":"","overlay-gradient":""},"mobile":{"background-color":"var(--ast-global-color-4)","background-image":"","background-repeat":"repeat","background-position":"center center","background-size":"auto","background-attachment":"scroll","background-type":"","background-media":"","overlay-type":"","overlay-color":"","overlay-opacity":"","overlay-gradient":""}},"footnotes":""},"categories":[91],"tags":[626,627,628,283,629,630],"class_list":["post-11769","post","type-post","status-publish","format-standard","has-post-thumbnail","hentry","category-empresas-asociadas","tag-cooworking","tag-cultura","tag-espacio-creativo","tag-espectaculos","tag-gestion-cultural","tag-la-expositiva"],"acf":[],"yoast_head":"<!-- This site is optimized with the Yoast SEO plugin v26.9 - https:\/\/yoast.com\/product\/yoast-seo-wordpress\/ -->\n<title>Nuevo asociado: La Expositiva Espacio Creativo - AJE Granada<\/title>\n<meta name=\"robots\" content=\"index, follow, max-snippet:-1, max-image-preview:large, max-video-preview:-1\" \/>\n<link rel=\"canonical\" href=\"https:\/\/ajeandalucia.org\/granada\/2014\/02\/13\/nuevo-asociado-la-expositiva-espacio-creativo\/\" \/>\n<meta property=\"og:locale\" content=\"es_ES\" \/>\n<meta property=\"og:type\" content=\"article\" \/>\n<meta property=\"og:title\" content=\"Nuevo asociado: La Expositiva Espacio Creativo - AJE Granada\" \/>\n<meta property=\"og:description\" content=\"Os presentamos a nuestro nuevo asociado LA EXPOSITIVA, un espacio cultural multidisciplinar en pleno centro de Granada con cuatro \u00e1reas [&hellip;]\" \/>\n<meta property=\"og:url\" content=\"https:\/\/ajeandalucia.org\/granada\/2014\/02\/13\/nuevo-asociado-la-expositiva-espacio-creativo\/\" \/>\n<meta property=\"og:site_name\" content=\"AJE Granada\" \/>\n<meta property=\"article:published_time\" content=\"2014-02-13T10:51:04+00:00\" \/>\n<meta name=\"twitter:card\" content=\"summary_large_image\" \/>\n<meta name=\"twitter:label1\" content=\"Escrito por\" \/>\n\t<meta name=\"twitter:data1\" content=\"\" \/>\n\t<meta name=\"twitter:label2\" content=\"Tiempo de lectura\" \/>\n\t<meta name=\"twitter:data2\" content=\"1 minuto\" \/>\n<script type=\"application\/ld+json\" class=\"yoast-schema-graph\">{\"@context\":\"https:\/\/schema.org\",\"@graph\":[{\"@type\":\"Article\",\"@id\":\"https:\/\/ajeandalucia.org\/granada\/2014\/02\/13\/nuevo-asociado-la-expositiva-espacio-creativo\/#article\",\"isPartOf\":{\"@id\":\"https:\/\/ajeandalucia.org\/granada\/2014\/02\/13\/nuevo-asociado-la-expositiva-espacio-creativo\/\"},\"author\":{\"name\":\"\",\"@id\":\"\"},\"headline\":\"Nuevo asociado: La Expositiva Espacio Creativo\",\"datePublished\":\"2014-02-13T10:51:04+00:00\",\"mainEntityOfPage\":{\"@id\":\"https:\/\/ajeandalucia.org\/granada\/2014\/02\/13\/nuevo-asociado-la-expositiva-espacio-creativo\/\"},\"wordCount\":117,\"commentCount\":0,\"publisher\":{\"@id\":\"https:\/\/ajeandalucia.org\/granada\/#organization\"},\"image\":{\"@id\":\"https:\/\/ajeandalucia.org\/granada\/2014\/02\/13\/nuevo-asociado-la-expositiva-espacio-creativo\/#primaryimage\"},\"thumbnailUrl\":\"\",\"keywords\":[\"cooworking\",\"cultura\",\"espacio creativo\",\"espect\u00e1culos\",\"gesti\u00f3n cultural\",\"la expositiva\"],\"articleSection\":[\"Empresas asociadas\"],\"inLanguage\":\"es\",\"potentialAction\":[{\"@type\":\"CommentAction\",\"name\":\"Comment\",\"target\":[\"https:\/\/ajeandalucia.org\/granada\/2014\/02\/13\/nuevo-asociado-la-expositiva-espacio-creativo\/#respond\"]}]},{\"@type\":\"WebPage\",\"@id\":\"https:\/\/ajeandalucia.org\/granada\/2014\/02\/13\/nuevo-asociado-la-expositiva-espacio-creativo\/\",\"url\":\"https:\/\/ajeandalucia.org\/granada\/2014\/02\/13\/nuevo-asociado-la-expositiva-espacio-creativo\/\",\"name\":\"Nuevo asociado: La Expositiva Espacio Creativo - AJE Granada\",\"isPartOf\":{\"@id\":\"https:\/\/ajeandalucia.org\/granada\/#website\"},\"primaryImageOfPage\":{\"@id\":\"https:\/\/ajeandalucia.org\/granada\/2014\/02\/13\/nuevo-asociado-la-expositiva-espacio-creativo\/#primaryimage\"},\"image\":{\"@id\":\"https:\/\/ajeandalucia.org\/granada\/2014\/02\/13\/nuevo-asociado-la-expositiva-espacio-creativo\/#primaryimage\"},\"thumbnailUrl\":\"\",\"datePublished\":\"2014-02-13T10:51:04+00:00\",\"breadcrumb\":{\"@id\":\"https:\/\/ajeandalucia.org\/granada\/2014\/02\/13\/nuevo-asociado-la-expositiva-espacio-creativo\/#breadcrumb\"},\"inLanguage\":\"es\",\"potentialAction\":[{\"@type\":\"ReadAction\",\"target\":[\"https:\/\/ajeandalucia.org\/granada\/2014\/02\/13\/nuevo-asociado-la-expositiva-espacio-creativo\/\"]}]},{\"@type\":\"ImageObject\",\"inLanguage\":\"es\",\"@id\":\"https:\/\/ajeandalucia.org\/granada\/2014\/02\/13\/nuevo-asociado-la-expositiva-espacio-creativo\/#primaryimage\",\"url\":\"\",\"contentUrl\":\"\"},{\"@type\":\"BreadcrumbList\",\"@id\":\"https:\/\/ajeandalucia.org\/granada\/2014\/02\/13\/nuevo-asociado-la-expositiva-espacio-creativo\/#breadcrumb\",\"itemListElement\":[{\"@type\":\"ListItem\",\"position\":1,\"name\":\"Portada\",\"item\":\"https:\/\/ajeandalucia.org\/granada\/\"},{\"@type\":\"ListItem\",\"position\":2,\"name\":\"Nuevo asociado: La Expositiva Espacio Creativo\"}]},{\"@type\":\"WebSite\",\"@id\":\"https:\/\/ajeandalucia.org\/granada\/#website\",\"url\":\"https:\/\/ajeandalucia.org\/granada\/\",\"name\":\"AJE Granada\",\"description\":\"J\u00f3venes Empresarios de Granada\",\"publisher\":{\"@id\":\"https:\/\/ajeandalucia.org\/granada\/#organization\"},\"potentialAction\":[{\"@type\":\"SearchAction\",\"target\":{\"@type\":\"EntryPoint\",\"urlTemplate\":\"https:\/\/ajeandalucia.org\/granada\/?s={search_term_string}\"},\"query-input\":{\"@type\":\"PropertyValueSpecification\",\"valueRequired\":true,\"valueName\":\"search_term_string\"}}],\"inLanguage\":\"es\"},{\"@type\":\"Organization\",\"@id\":\"https:\/\/ajeandalucia.org\/granada\/#organization\",\"name\":\"AJE Granada\",\"url\":\"https:\/\/ajeandalucia.org\/granada\/\",\"logo\":{\"@type\":\"ImageObject\",\"inLanguage\":\"es\",\"@id\":\"https:\/\/ajeandalucia.org\/granada\/#\/schema\/logo\/image\/\",\"url\":\"https:\/\/ajeandalucia.org\/granada\/wp-content\/uploads\/sites\/7\/2025\/02\/AJE-GRANADA-horizontal.png\",\"contentUrl\":\"https:\/\/ajeandalucia.org\/granada\/wp-content\/uploads\/sites\/7\/2025\/02\/AJE-GRANADA-horizontal.png\",\"width\":612,\"height\":200,\"caption\":\"AJE Granada\"},\"image\":{\"@id\":\"https:\/\/ajeandalucia.org\/granada\/#\/schema\/logo\/image\/\"}},{\"@type\":\"Person\",\"@id\":\"\",\"url\":\"https:\/\/ajeandalucia.org\/granada\/author\/\"}]}<\/script>\n<!-- \/ Yoast SEO plugin. -->","yoast_head_json":{"title":"Nuevo asociado: La Expositiva Espacio Creativo - AJE Granada","robots":{"index":"index","follow":"follow","max-snippet":"max-snippet:-1","max-image-preview":"max-image-preview:large","max-video-preview":"max-video-preview:-1"},"canonical":"https:\/\/ajeandalucia.org\/granada\/2014\/02\/13\/nuevo-asociado-la-expositiva-espacio-creativo\/","og_locale":"es_ES","og_type":"article","og_title":"Nuevo asociado: La Expositiva Espacio Creativo - AJE Granada","og_description":"Os presentamos a nuestro nuevo asociado LA EXPOSITIVA, un espacio cultural multidisciplinar en pleno centro de Granada con cuatro \u00e1reas [&hellip;]","og_url":"https:\/\/ajeandalucia.org\/granada\/2014\/02\/13\/nuevo-asociado-la-expositiva-espacio-creativo\/","og_site_name":"AJE Granada","article_published_time":"2014-02-13T10:51:04+00:00","twitter_card":"summary_large_image","twitter_misc":{"Escrito por":"","Tiempo de lectura":"1 minuto"},"schema":{"@context":"https:\/\/schema.org","@graph":[{"@type":"Article","@id":"https:\/\/ajeandalucia.org\/granada\/2014\/02\/13\/nuevo-asociado-la-expositiva-espacio-creativo\/#article","isPartOf":{"@id":"https:\/\/ajeandalucia.org\/granada\/2014\/02\/13\/nuevo-asociado-la-expositiva-espacio-creativo\/"},"author":{"name":"","@id":""},"headline":"Nuevo asociado: La Expositiva Espacio Creativo","datePublished":"2014-02-13T10:51:04+00:00","mainEntityOfPage":{"@id":"https:\/\/ajeandalucia.org\/granada\/2014\/02\/13\/nuevo-asociado-la-expositiva-espacio-creativo\/"},"wordCount":117,"commentCount":0,"publisher":{"@id":"https:\/\/ajeandalucia.org\/granada\/#organization"},"image":{"@id":"https:\/\/ajeandalucia.org\/granada\/2014\/02\/13\/nuevo-asociado-la-expositiva-espacio-creativo\/#primaryimage"},"thumbnailUrl":"","keywords":["cooworking","cultura","espacio creativo","espect\u00e1culos","gesti\u00f3n cultural","la expositiva"],"articleSection":["Empresas asociadas"],"inLanguage":"es","potentialAction":[{"@type":"CommentAction","name":"Comment","target":["https:\/\/ajeandalucia.org\/granada\/2014\/02\/13\/nuevo-asociado-la-expositiva-espacio-creativo\/#respond"]}]},{"@type":"WebPage","@id":"https:\/\/ajeandalucia.org\/granada\/2014\/02\/13\/nuevo-asociado-la-expositiva-espacio-creativo\/","url":"https:\/\/ajeandalucia.org\/granada\/2014\/02\/13\/nuevo-asociado-la-expositiva-espacio-creativo\/","name":"Nuevo asociado: La Expositiva Espacio Creativo - AJE Granada","isPartOf":{"@id":"https:\/\/ajeandalucia.org\/granada\/#website"},"primaryImageOfPage":{"@id":"https:\/\/ajeandalucia.org\/granada\/2014\/02\/13\/nuevo-asociado-la-expositiva-espacio-creativo\/#primaryimage"},"image":{"@id":"https:\/\/ajeandalucia.org\/granada\/2014\/02\/13\/nuevo-asociado-la-expositiva-espacio-creativo\/#primaryimage"},"thumbnailUrl":"","datePublished":"2014-02-13T10:51:04+00:00","breadcrumb":{"@id":"https:\/\/ajeandalucia.org\/granada\/2014\/02\/13\/nuevo-asociado-la-expositiva-espacio-creativo\/#breadcrumb"},"inLanguage":"es","potentialAction":[{"@type":"ReadAction","target":["https:\/\/ajeandalucia.org\/granada\/2014\/02\/13\/nuevo-asociado-la-expositiva-espacio-creativo\/"]}]},{"@type":"ImageObject","inLanguage":"es","@id":"https:\/\/ajeandalucia.org\/granada\/2014\/02\/13\/nuevo-asociado-la-expositiva-espacio-creativo\/#primaryimage","url":"","contentUrl":""},{"@type":"BreadcrumbList","@id":"https:\/\/ajeandalucia.org\/granada\/2014\/02\/13\/nuevo-asociado-la-expositiva-espacio-creativo\/#breadcrumb","itemListElement":[{"@type":"ListItem","position":1,"name":"Portada","item":"https:\/\/ajeandalucia.org\/granada\/"},{"@type":"ListItem","position":2,"name":"Nuevo asociado: La Expositiva Espacio Creativo"}]},{"@type":"WebSite","@id":"https:\/\/ajeandalucia.org\/granada\/#website","url":"https:\/\/ajeandalucia.org\/granada\/","name":"AJE Granada","description":"J\u00f3venes Empresarios de Granada","publisher":{"@id":"https:\/\/ajeandalucia.org\/granada\/#organization"},"potentialAction":[{"@type":"SearchAction","target":{"@type":"EntryPoint","urlTemplate":"https:\/\/ajeandalucia.org\/granada\/?s={search_term_string}"},"query-input":{"@type":"PropertyValueSpecification","valueRequired":true,"valueName":"search_term_string"}}],"inLanguage":"es"},{"@type":"Organization","@id":"https:\/\/ajeandalucia.org\/granada\/#organization","name":"AJE Granada","url":"https:\/\/ajeandalucia.org\/granada\/","logo":{"@type":"ImageObject","inLanguage":"es","@id":"https:\/\/ajeandalucia.org\/granada\/#\/schema\/logo\/image\/","url":"https:\/\/ajeandalucia.org\/granada\/wp-content\/uploads\/sites\/7\/2025\/02\/AJE-GRANADA-horizontal.png","contentUrl":"https:\/\/ajeandalucia.org\/granada\/wp-content\/uploads\/sites\/7\/2025\/02\/AJE-GRANADA-horizontal.png","width":612,"height":200,"caption":"AJE Granada"},"image":{"@id":"https:\/\/ajeandalucia.org\/granada\/#\/schema\/logo\/image\/"}},{"@type":"Person","@id":"","url":"https:\/\/ajeandalucia.org\/granada\/author\/"}]}},"_links":{"self":[{"href":"https:\/\/ajeandalucia.org\/granada\/wp-json\/wp\/v2\/posts\/11769","targetHints":{"allow":["GET"]}}],"collection":[{"href":"https:\/\/ajeandalucia.org\/granada\/wp-json\/wp\/v2\/posts"}],"about":[{"href":"https:\/\/ajeandalucia.org\/granada\/wp-json\/wp\/v2\/types\/post"}],"author":[{"embeddable":true,"href":"https:\/\/ajeandalucia.org\/granada\/wp-json\/wp\/v2\/users\/1"}],"replies":[{"embeddable":true,"href":"https:\/\/ajeandalucia.org\/granada\/wp-json\/wp\/v2\/comments?post=11769"}],"version-history":[{"count":0,"href":"https:\/\/ajeandalucia.org\/granada\/wp-json\/wp\/v2\/posts\/11769\/revisions"}],"wp:featuredmedia":[{"embeddable":true,"href":"https:\/\/ajeandalucia.org\/granada\/wp-json\/"}],"wp:attachment":[{"href":"https:\/\/ajeandalucia.org\/granada\/wp-json\/wp\/v2\/media?parent=11769"}],"wp:term":[{"taxonomy":"category","embeddable":true,"href":"https:\/\/ajeandalucia.org\/granada\/wp-json\/wp\/v2\/categories?post=11769"},{"taxonomy":"post_tag","embeddable":true,"href":"https:\/\/ajeandalucia.org\/granada\/wp-json\/wp\/v2\/tags?post=11769"}],"curies":[{"name":"wp","href":"https:\/\/api.w.org\/{rel}","templated":true}]}}