{"id":12015,"date":"2014-02-25T14:26:47","date_gmt":"2014-02-25T13:26:47","guid":{"rendered":"http:\/\/www.ajegranada.org\/?p=12015"},"modified":"2014-02-25T14:26:47","modified_gmt":"2014-02-25T13:26:47","slug":"retiro-de-kundalini-yoga","status":"publish","type":"post","link":"https:\/\/ajeandalucia.org\/granada\/2014\/02\/25\/retiro-de-kundalini-yoga\/","title":{"rendered":"Retiro de Kundalini Yoga"},"content":{"rendered":"<p>No te pierdas el encuentro de puertas abiertas del curso te\u00f3rico pr\u00e1ctico de formaci\u00f3n de profesores de Kundalini Yoga de nuestros asociados <a href=\"http:\/\/www.ajegranada.org\/asociados\/yogui-ji\/\">Yogui Ji<\/a>\u00a0seg\u00fan las ense\u00f1anzas de Yogui Bhajan.<\/p>\n<p>Contenido:<\/p>\n<ul>\n<li>Caracter\u00edsticas b\u00e1sicas de la mente<\/li>\n<li>Patanjali y las tres mentes<\/li>\n<li>Ciclo del intelecto<\/li>\n<li>La meditaci\u00f3n&#8230;<\/li>\n<\/ul>\n<p>DONDE: En el Cortijo Los Ba\u00f1os Al Haman (Almer\u00eda)<\/p>\n<p>CUANDO: Del 28 al 2 marzo<\/p>\n<p>Informaci\u00f3n y reservas: 958287219\/ yoguiji@kundaliniyogagranada.es<\/p>\n<p style=\"text-align: center\"><a href=\"http:\/\/www.ajegranada.org\/wp-content\/uploads\/2014\/02\/MenteYMeditaci\u00f3n.png\"><img loading=\"lazy\" decoding=\"async\" class=\"aligncenter  wp-image-12016\" alt=\"MenteYMeditaci\u00f3n\" src=\"http:\/\/www.ajegranada.org\/wp-content\/uploads\/2014\/02\/MenteYMeditaci\u00f3n.png\" width=\"884\" height=\"625\" \/><\/a><\/p>\n","protected":false},"excerpt":{"rendered":"<p>No te pierdas el encuentro de puertas abiertas del curso te\u00f3rico pr\u00e1ctico de formaci\u00f3n de profesores de Kundalini Yoga de [&hellip;]<\/p>\n","protected":false},"author":1,"featured_media":12016,"comment_status":"open","ping_status":"open","sticky":false,"template":"","format":"standard","meta":{"_acf_changed":false,"site-sidebar-layout":"default","site-content-layout":"","ast-site-content-layout":"default","site-content-style":"default","site-sidebar-style":"default","ast-global-header-display":"","ast-banner-title-visibility":"","ast-main-header-display":"","ast-hfb-above-header-display":"","ast-hfb-below-header-display":"","ast-hfb-mobile-header-display":"","site-post-title":"","ast-breadcrumbs-content":"","ast-featured-img":"","footer-sml-layout":"","ast-disable-related-posts":"","theme-transparent-header-meta":"","adv-header-id-meta":"","stick-header-meta":"","header-above-stick-meta":"","header-main-stick-meta":"","header-below-stick-meta":"","astra-migrate-meta-layouts":"default","ast-page-background-enabled":"default","ast-page-background-meta":{"desktop":{"background-color":"var(--ast-global-color-5)","background-image":"","background-repeat":"repeat","background-position":"center center","background-size":"auto","background-attachment":"scroll","background-type":"","background-media":"","overlay-type":"","overlay-color":"","overlay-opacity":"","overlay-gradient":""},"tablet":{"background-color":"","background-image":"","background-repeat":"repeat","background-position":"center center","background-size":"auto","background-attachment":"scroll","background-type":"","background-media":"","overlay-type":"","overlay-color":"","overlay-opacity":"","overlay-gradient":""},"mobile":{"background-color":"","background-image":"","background-repeat":"repeat","background-position":"center center","background-size":"auto","background-attachment":"scroll","background-type":"","background-media":"","overlay-type":"","overlay-color":"","overlay-opacity":"","overlay-gradient":""}},"ast-content-background-meta":{"desktop":{"background-color":"var(--ast-global-color-4)","background-image":"","background-repeat":"repeat","background-position":"center center","background-size":"auto","background-attachment":"scroll","background-type":"","background-media":"","overlay-type":"","overlay-color":"","overlay-opacity":"","overlay-gradient":""},"tablet":{"background-color":"var(--ast-global-color-4)","background-image":"","background-repeat":"repeat","background-position":"center center","background-size":"auto","background-attachment":"scroll","background-type":"","background-media":"","overlay-type":"","overlay-color":"","overlay-opacity":"","overlay-gradient":""},"mobile":{"background-color":"var(--ast-global-color-4)","background-image":"","background-repeat":"repeat","background-position":"center center","background-size":"auto","background-attachment":"scroll","background-type":"","background-media":"","overlay-type":"","overlay-color":"","overlay-opacity":"","overlay-gradient":""}},"footnotes":""},"categories":[91],"tags":[715,670,716,717,671],"class_list":["post-12015","post","type-post","status-publish","format-standard","has-post-thumbnail","hentry","category-empresas-asociadas","tag-kundalini-yoga","tag-meditacion","tag-patanjali","tag-retiro","tag-yoga"],"acf":[],"yoast_head":"<!-- This site is optimized with the Yoast SEO plugin v26.9 - https:\/\/yoast.com\/product\/yoast-seo-wordpress\/ -->\n<title>Retiro de Kundalini Yoga - AJE Granada<\/title>\n<meta name=\"robots\" content=\"index, follow, max-snippet:-1, max-image-preview:large, max-video-preview:-1\" \/>\n<link rel=\"canonical\" href=\"https:\/\/ajeandalucia.org\/granada\/2014\/02\/25\/retiro-de-kundalini-yoga\/\" \/>\n<meta property=\"og:locale\" content=\"es_ES\" \/>\n<meta property=\"og:type\" content=\"article\" \/>\n<meta property=\"og:title\" content=\"Retiro de Kundalini Yoga - AJE Granada\" \/>\n<meta property=\"og:description\" content=\"No te pierdas el encuentro de puertas abiertas del curso te\u00f3rico pr\u00e1ctico de formaci\u00f3n de profesores de Kundalini Yoga de [&hellip;]\" \/>\n<meta property=\"og:url\" content=\"https:\/\/ajeandalucia.org\/granada\/2014\/02\/25\/retiro-de-kundalini-yoga\/\" \/>\n<meta property=\"og:site_name\" content=\"AJE Granada\" \/>\n<meta property=\"article:published_time\" content=\"2014-02-25T13:26:47+00:00\" \/>\n<meta name=\"twitter:card\" content=\"summary_large_image\" \/>\n<meta name=\"twitter:label1\" content=\"Escrito por\" \/>\n\t<meta name=\"twitter:data1\" content=\"\" \/>\n<script type=\"application\/ld+json\" class=\"yoast-schema-graph\">{\"@context\":\"https:\/\/schema.org\",\"@graph\":[{\"@type\":\"Article\",\"@id\":\"https:\/\/ajeandalucia.org\/granada\/2014\/02\/25\/retiro-de-kundalini-yoga\/#article\",\"isPartOf\":{\"@id\":\"https:\/\/ajeandalucia.org\/granada\/2014\/02\/25\/retiro-de-kundalini-yoga\/\"},\"author\":{\"name\":\"\",\"@id\":\"\"},\"headline\":\"Retiro de Kundalini Yoga\",\"datePublished\":\"2014-02-25T13:26:47+00:00\",\"mainEntityOfPage\":{\"@id\":\"https:\/\/ajeandalucia.org\/granada\/2014\/02\/25\/retiro-de-kundalini-yoga\/\"},\"wordCount\":80,\"commentCount\":0,\"publisher\":{\"@id\":\"https:\/\/ajeandalucia.org\/granada\/#organization\"},\"image\":{\"@id\":\"https:\/\/ajeandalucia.org\/granada\/2014\/02\/25\/retiro-de-kundalini-yoga\/#primaryimage\"},\"thumbnailUrl\":\"\",\"keywords\":[\"kundalini yoga\",\"meditaci\u00f3n\",\"patanjali\",\"retiro\",\"yoga\"],\"articleSection\":[\"Empresas asociadas\"],\"inLanguage\":\"es\",\"potentialAction\":[{\"@type\":\"CommentAction\",\"name\":\"Comment\",\"target\":[\"https:\/\/ajeandalucia.org\/granada\/2014\/02\/25\/retiro-de-kundalini-yoga\/#respond\"]}]},{\"@type\":\"WebPage\",\"@id\":\"https:\/\/ajeandalucia.org\/granada\/2014\/02\/25\/retiro-de-kundalini-yoga\/\",\"url\":\"https:\/\/ajeandalucia.org\/granada\/2014\/02\/25\/retiro-de-kundalini-yoga\/\",\"name\":\"Retiro de Kundalini Yoga - AJE Granada\",\"isPartOf\":{\"@id\":\"https:\/\/ajeandalucia.org\/granada\/#website\"},\"primaryImageOfPage\":{\"@id\":\"https:\/\/ajeandalucia.org\/granada\/2014\/02\/25\/retiro-de-kundalini-yoga\/#primaryimage\"},\"image\":{\"@id\":\"https:\/\/ajeandalucia.org\/granada\/2014\/02\/25\/retiro-de-kundalini-yoga\/#primaryimage\"},\"thumbnailUrl\":\"\",\"datePublished\":\"2014-02-25T13:26:47+00:00\",\"breadcrumb\":{\"@id\":\"https:\/\/ajeandalucia.org\/granada\/2014\/02\/25\/retiro-de-kundalini-yoga\/#breadcrumb\"},\"inLanguage\":\"es\",\"potentialAction\":[{\"@type\":\"ReadAction\",\"target\":[\"https:\/\/ajeandalucia.org\/granada\/2014\/02\/25\/retiro-de-kundalini-yoga\/\"]}]},{\"@type\":\"ImageObject\",\"inLanguage\":\"es\",\"@id\":\"https:\/\/ajeandalucia.org\/granada\/2014\/02\/25\/retiro-de-kundalini-yoga\/#primaryimage\",\"url\":\"\",\"contentUrl\":\"\"},{\"@type\":\"BreadcrumbList\",\"@id\":\"https:\/\/ajeandalucia.org\/granada\/2014\/02\/25\/retiro-de-kundalini-yoga\/#breadcrumb\",\"itemListElement\":[{\"@type\":\"ListItem\",\"position\":1,\"name\":\"Portada\",\"item\":\"https:\/\/ajeandalucia.org\/granada\/\"},{\"@type\":\"ListItem\",\"position\":2,\"name\":\"Retiro de Kundalini Yoga\"}]},{\"@type\":\"WebSite\",\"@id\":\"https:\/\/ajeandalucia.org\/granada\/#website\",\"url\":\"https:\/\/ajeandalucia.org\/granada\/\",\"name\":\"AJE Granada\",\"description\":\"J\u00f3venes Empresarios de Granada\",\"publisher\":{\"@id\":\"https:\/\/ajeandalucia.org\/granada\/#organization\"},\"potentialAction\":[{\"@type\":\"SearchAction\",\"target\":{\"@type\":\"EntryPoint\",\"urlTemplate\":\"https:\/\/ajeandalucia.org\/granada\/?s={search_term_string}\"},\"query-input\":{\"@type\":\"PropertyValueSpecification\",\"valueRequired\":true,\"valueName\":\"search_term_string\"}}],\"inLanguage\":\"es\"},{\"@type\":\"Organization\",\"@id\":\"https:\/\/ajeandalucia.org\/granada\/#organization\",\"name\":\"AJE Granada\",\"url\":\"https:\/\/ajeandalucia.org\/granada\/\",\"logo\":{\"@type\":\"ImageObject\",\"inLanguage\":\"es\",\"@id\":\"https:\/\/ajeandalucia.org\/granada\/#\/schema\/logo\/image\/\",\"url\":\"https:\/\/ajeandalucia.org\/granada\/wp-content\/uploads\/sites\/7\/2025\/02\/AJE-GRANADA-horizontal.png\",\"contentUrl\":\"https:\/\/ajeandalucia.org\/granada\/wp-content\/uploads\/sites\/7\/2025\/02\/AJE-GRANADA-horizontal.png\",\"width\":612,\"height\":200,\"caption\":\"AJE Granada\"},\"image\":{\"@id\":\"https:\/\/ajeandalucia.org\/granada\/#\/schema\/logo\/image\/\"}},{\"@type\":\"Person\",\"@id\":\"\",\"url\":\"https:\/\/ajeandalucia.org\/granada\/author\/\"}]}<\/script>\n<!-- \/ Yoast SEO plugin. -->","yoast_head_json":{"title":"Retiro de Kundalini Yoga - AJE Granada","robots":{"index":"index","follow":"follow","max-snippet":"max-snippet:-1","max-image-preview":"max-image-preview:large","max-video-preview":"max-video-preview:-1"},"canonical":"https:\/\/ajeandalucia.org\/granada\/2014\/02\/25\/retiro-de-kundalini-yoga\/","og_locale":"es_ES","og_type":"article","og_title":"Retiro de Kundalini Yoga - AJE Granada","og_description":"No te pierdas el encuentro de puertas abiertas del curso te\u00f3rico pr\u00e1ctico de formaci\u00f3n de profesores de Kundalini Yoga de [&hellip;]","og_url":"https:\/\/ajeandalucia.org\/granada\/2014\/02\/25\/retiro-de-kundalini-yoga\/","og_site_name":"AJE Granada","article_published_time":"2014-02-25T13:26:47+00:00","twitter_card":"summary_large_image","twitter_misc":{"Escrito por":""},"schema":{"@context":"https:\/\/schema.org","@graph":[{"@type":"Article","@id":"https:\/\/ajeandalucia.org\/granada\/2014\/02\/25\/retiro-de-kundalini-yoga\/#article","isPartOf":{"@id":"https:\/\/ajeandalucia.org\/granada\/2014\/02\/25\/retiro-de-kundalini-yoga\/"},"author":{"name":"","@id":""},"headline":"Retiro de Kundalini Yoga","datePublished":"2014-02-25T13:26:47+00:00","mainEntityOfPage":{"@id":"https:\/\/ajeandalucia.org\/granada\/2014\/02\/25\/retiro-de-kundalini-yoga\/"},"wordCount":80,"commentCount":0,"publisher":{"@id":"https:\/\/ajeandalucia.org\/granada\/#organization"},"image":{"@id":"https:\/\/ajeandalucia.org\/granada\/2014\/02\/25\/retiro-de-kundalini-yoga\/#primaryimage"},"thumbnailUrl":"","keywords":["kundalini yoga","meditaci\u00f3n","patanjali","retiro","yoga"],"articleSection":["Empresas asociadas"],"inLanguage":"es","potentialAction":[{"@type":"CommentAction","name":"Comment","target":["https:\/\/ajeandalucia.org\/granada\/2014\/02\/25\/retiro-de-kundalini-yoga\/#respond"]}]},{"@type":"WebPage","@id":"https:\/\/ajeandalucia.org\/granada\/2014\/02\/25\/retiro-de-kundalini-yoga\/","url":"https:\/\/ajeandalucia.org\/granada\/2014\/02\/25\/retiro-de-kundalini-yoga\/","name":"Retiro de Kundalini Yoga - AJE Granada","isPartOf":{"@id":"https:\/\/ajeandalucia.org\/granada\/#website"},"primaryImageOfPage":{"@id":"https:\/\/ajeandalucia.org\/granada\/2014\/02\/25\/retiro-de-kundalini-yoga\/#primaryimage"},"image":{"@id":"https:\/\/ajeandalucia.org\/granada\/2014\/02\/25\/retiro-de-kundalini-yoga\/#primaryimage"},"thumbnailUrl":"","datePublished":"2014-02-25T13:26:47+00:00","breadcrumb":{"@id":"https:\/\/ajeandalucia.org\/granada\/2014\/02\/25\/retiro-de-kundalini-yoga\/#breadcrumb"},"inLanguage":"es","potentialAction":[{"@type":"ReadAction","target":["https:\/\/ajeandalucia.org\/granada\/2014\/02\/25\/retiro-de-kundalini-yoga\/"]}]},{"@type":"ImageObject","inLanguage":"es","@id":"https:\/\/ajeandalucia.org\/granada\/2014\/02\/25\/retiro-de-kundalini-yoga\/#primaryimage","url":"","contentUrl":""},{"@type":"BreadcrumbList","@id":"https:\/\/ajeandalucia.org\/granada\/2014\/02\/25\/retiro-de-kundalini-yoga\/#breadcrumb","itemListElement":[{"@type":"ListItem","position":1,"name":"Portada","item":"https:\/\/ajeandalucia.org\/granada\/"},{"@type":"ListItem","position":2,"name":"Retiro de Kundalini Yoga"}]},{"@type":"WebSite","@id":"https:\/\/ajeandalucia.org\/granada\/#website","url":"https:\/\/ajeandalucia.org\/granada\/","name":"AJE Granada","description":"J\u00f3venes Empresarios de Granada","publisher":{"@id":"https:\/\/ajeandalucia.org\/granada\/#organization"},"potentialAction":[{"@type":"SearchAction","target":{"@type":"EntryPoint","urlTemplate":"https:\/\/ajeandalucia.org\/granada\/?s={search_term_string}"},"query-input":{"@type":"PropertyValueSpecification","valueRequired":true,"valueName":"search_term_string"}}],"inLanguage":"es"},{"@type":"Organization","@id":"https:\/\/ajeandalucia.org\/granada\/#organization","name":"AJE Granada","url":"https:\/\/ajeandalucia.org\/granada\/","logo":{"@type":"ImageObject","inLanguage":"es","@id":"https:\/\/ajeandalucia.org\/granada\/#\/schema\/logo\/image\/","url":"https:\/\/ajeandalucia.org\/granada\/wp-content\/uploads\/sites\/7\/2025\/02\/AJE-GRANADA-horizontal.png","contentUrl":"https:\/\/ajeandalucia.org\/granada\/wp-content\/uploads\/sites\/7\/2025\/02\/AJE-GRANADA-horizontal.png","width":612,"height":200,"caption":"AJE Granada"},"image":{"@id":"https:\/\/ajeandalucia.org\/granada\/#\/schema\/logo\/image\/"}},{"@type":"Person","@id":"","url":"https:\/\/ajeandalucia.org\/granada\/author\/"}]}},"_links":{"self":[{"href":"https:\/\/ajeandalucia.org\/granada\/wp-json\/wp\/v2\/posts\/12015","targetHints":{"allow":["GET"]}}],"collection":[{"href":"https:\/\/ajeandalucia.org\/granada\/wp-json\/wp\/v2\/posts"}],"about":[{"href":"https:\/\/ajeandalucia.org\/granada\/wp-json\/wp\/v2\/types\/post"}],"author":[{"embeddable":true,"href":"https:\/\/ajeandalucia.org\/granada\/wp-json\/wp\/v2\/users\/1"}],"replies":[{"embeddable":true,"href":"https:\/\/ajeandalucia.org\/granada\/wp-json\/wp\/v2\/comments?post=12015"}],"version-history":[{"count":0,"href":"https:\/\/ajeandalucia.org\/granada\/wp-json\/wp\/v2\/posts\/12015\/revisions"}],"wp:featuredmedia":[{"embeddable":true,"href":"https:\/\/ajeandalucia.org\/granada\/wp-json\/"}],"wp:attachment":[{"href":"https:\/\/ajeandalucia.org\/granada\/wp-json\/wp\/v2\/media?parent=12015"}],"wp:term":[{"taxonomy":"category","embeddable":true,"href":"https:\/\/ajeandalucia.org\/granada\/wp-json\/wp\/v2\/categories?post=12015"},{"taxonomy":"post_tag","embeddable":true,"href":"https:\/\/ajeandalucia.org\/granada\/wp-json\/wp\/v2\/tags?post=12015"}],"curies":[{"name":"wp","href":"https:\/\/api.w.org\/{rel}","templated":true}]}}