{"id":12247,"date":"2014-03-14T12:07:55","date_gmt":"2014-03-14T11:07:55","guid":{"rendered":"http:\/\/www.ajegranada.org\/?p=12247"},"modified":"2014-03-14T12:07:55","modified_gmt":"2014-03-14T11:07:55","slug":"nuevo-asociado-proinca-consultores","status":"publish","type":"post","link":"https:\/\/ajeandalucia.org\/granada\/2014\/03\/14\/nuevo-asociado-proinca-consultores\/","title":{"rendered":"Nuevo asociado: Proinca Consultores"},"content":{"rendered":"<p>Os presentamos a nuestro nuevo asociado <strong><a href=\"http:\/\/www.ajegranada.org\/asociados\/proinca-consultores\/\">Proinca Consultores<\/a>, <\/strong>se trata de\u00a0una empresa especializada en la asistencia t\u00e9cnica a peque\u00f1as y\u00a0medianas empresas. Esta certificada en Calidad y Medioambiente por AENOR.<\/p>\n<p>Consta de var\u00edas l\u00edneas de negocio, entre las que se encuentran:<\/p>\n<ul>\n<li>\u00a0Packdeservicios.<\/li>\n<\/ul>\n<p>Nueva forma de prestar soluciones a las empresas, servicios t\u00e9cnicos integrados a coste reducido, para el cumplimento\u00a0de sus las obligaciones legales.<br \/>\nLos servicios que incluye el pack son:<\/p>\n<ol>\n<li>Mantenimiento contra incendios. R.D. 1492\/1993 Reglamento de instalaciones de protecci\u00f3n\u00a0contra incendios.<\/li>\n<li>Autoprevenci\u00f3n de riesgos laborales. Art\u00edculo 16.2 Ley 31\/95 y 11 del RD 39\/97 modificado\u00a0por el RD 337\/2010.<\/li>\n<li>Protecci\u00f3n de datos personales. R.D. 1720\/2007 y Ley 15\/1999, de protecci\u00f3n de datos de\u00a0car\u00e1cter personal.<\/li>\n<li>Autogesti\u00f3n de Planes de Higiene y Autocontrol. Cumplimiento del Reglamento (CE)N\u00ba 852\/2004.<\/li>\n<li>Control de Plagas. D. 8\/1995<\/li>\n<\/ol>\n<ul>\n<li>Dependencia &amp; Mayores.<\/li>\n<\/ul>\n<ol>\n<li>Plan Autoprotecci\u00f3n.<\/li>\n<li>Simulacro Emergencia.<\/li>\n<li>Formaci\u00f3n Legionella + Programa Mantenimiento.<\/li>\n<li>Sistema Calidad. Protocolos.<\/li>\n<li>Libro de Mantenimiento Instalaciones.<\/li>\n<li>Mantenimiento Contra Incendios.<\/li>\n<li>Protecci\u00f3n de Datos Personales.<\/li>\n<li>Formaci\u00f3n espec\u00edfica.<\/li>\n<\/ol>\n<ul>\n<li>Proinca Consultores.<\/li>\n<\/ul>\n<p>Sistema Gesti\u00f3n de la Calidad ISO 9001\/Q.<br \/>\nSistema Seguridad Alimentaria BRC\/IFS.<br \/>\nSistema Medioambiente 14001\/EMAS.<br \/>\nSistema Seguridad Laboral OSHAS 18001.<br \/>\nSistemas Integrados.<br \/>\nAuditor\u00eda Interna Sistema de Gesti\u00f3n.<br \/>\nMantenimiento Anual Sistema de Gesti\u00f3n.<br \/>\nISOPAC.net.<br \/>\nConsejero de Seguridad.<br \/>\nGesti\u00f3n Ambiental.<\/p>\n<ul>\n<li>Proinca Formaci\u00f3n<\/li>\n<\/ul>\n<p>Formaci\u00f3n Continua.<br \/>\nFormaci\u00f3n para los contratos de aprendizaje.<br \/>\nPermisos Individuales de Formaci\u00f3n.<\/p>\n<p>Podr\u00e1s conocer m\u00e1s sobre Proinca\u00a0[wpfilebase tag=file id=522 tpl=download-button \/]\u00a0[wpfilebase tag=file id=523 tpl=download-button \/]<\/p>\n","protected":false},"excerpt":{"rendered":"<p>Os presentamos a nuestro nuevo asociado Proinca Consultores, se trata de\u00a0una empresa especializada en la asistencia t\u00e9cnica a peque\u00f1as y\u00a0medianas [&hellip;]<\/p>\n","protected":false},"author":1,"featured_media":12259,"comment_status":"open","ping_status":"open","sticky":false,"template":"","format":"standard","meta":{"_acf_changed":false,"site-sidebar-layout":"default","site-content-layout":"","ast-site-content-layout":"default","site-content-style":"default","site-sidebar-style":"default","ast-global-header-display":"","ast-banner-title-visibility":"","ast-main-header-display":"","ast-hfb-above-header-display":"","ast-hfb-below-header-display":"","ast-hfb-mobile-header-display":"","site-post-title":"","ast-breadcrumbs-content":"","ast-featured-img":"","footer-sml-layout":"","ast-disable-related-posts":"","theme-transparent-header-meta":"","adv-header-id-meta":"","stick-header-meta":"","header-above-stick-meta":"","header-main-stick-meta":"","header-below-stick-meta":"","astra-migrate-meta-layouts":"default","ast-page-background-enabled":"default","ast-page-background-meta":{"desktop":{"background-color":"var(--ast-global-color-5)","background-image":"","background-repeat":"repeat","background-position":"center center","background-size":"auto","background-attachment":"scroll","background-type":"","background-media":"","overlay-type":"","overlay-color":"","overlay-opacity":"","overlay-gradient":""},"tablet":{"background-color":"","background-image":"","background-repeat":"repeat","background-position":"center center","background-size":"auto","background-attachment":"scroll","background-type":"","background-media":"","overlay-type":"","overlay-color":"","overlay-opacity":"","overlay-gradient":""},"mobile":{"background-color":"","background-image":"","background-repeat":"repeat","background-position":"center center","background-size":"auto","background-attachment":"scroll","background-type":"","background-media":"","overlay-type":"","overlay-color":"","overlay-opacity":"","overlay-gradient":""}},"ast-content-background-meta":{"desktop":{"background-color":"var(--ast-global-color-4)","background-image":"","background-repeat":"repeat","background-position":"center center","background-size":"auto","background-attachment":"scroll","background-type":"","background-media":"","overlay-type":"","overlay-color":"","overlay-opacity":"","overlay-gradient":""},"tablet":{"background-color":"var(--ast-global-color-4)","background-image":"","background-repeat":"repeat","background-position":"center center","background-size":"auto","background-attachment":"scroll","background-type":"","background-media":"","overlay-type":"","overlay-color":"","overlay-opacity":"","overlay-gradient":""},"mobile":{"background-color":"var(--ast-global-color-4)","background-image":"","background-repeat":"repeat","background-position":"center center","background-size":"auto","background-attachment":"scroll","background-type":"","background-media":"","overlay-type":"","overlay-color":"","overlay-opacity":"","overlay-gradient":""}},"footnotes":""},"categories":[91],"tags":[852,853,854,855,99,856,857,858],"class_list":["post-12247","post","type-post","status-publish","format-standard","has-post-thumbnail","hentry","category-empresas-asociadas","tag-asistencia-tecnica-empresas","tag-calidad-y-medioambiente","tag-control-plagas","tag-gestion-calidad","tag-iso","tag-mantenimiento-contra-incendios","tag-planes-higiene","tag-prevencion-riesgos-laborales"],"acf":[],"yoast_head":"<!-- This site is optimized with the Yoast SEO plugin v26.9 - https:\/\/yoast.com\/product\/yoast-seo-wordpress\/ -->\n<title>Nuevo asociado: Proinca Consultores - AJE Granada<\/title>\n<meta name=\"robots\" content=\"index, follow, max-snippet:-1, max-image-preview:large, max-video-preview:-1\" \/>\n<link rel=\"canonical\" href=\"https:\/\/ajeandalucia.org\/granada\/2014\/03\/14\/nuevo-asociado-proinca-consultores\/\" \/>\n<meta property=\"og:locale\" content=\"es_ES\" \/>\n<meta property=\"og:type\" content=\"article\" \/>\n<meta property=\"og:title\" content=\"Nuevo asociado: Proinca Consultores - AJE Granada\" \/>\n<meta property=\"og:description\" content=\"Os presentamos a nuestro nuevo asociado Proinca Consultores, se trata de\u00a0una empresa especializada en la asistencia t\u00e9cnica a peque\u00f1as y\u00a0medianas [&hellip;]\" \/>\n<meta property=\"og:url\" content=\"https:\/\/ajeandalucia.org\/granada\/2014\/03\/14\/nuevo-asociado-proinca-consultores\/\" \/>\n<meta property=\"og:site_name\" content=\"AJE Granada\" \/>\n<meta property=\"article:published_time\" content=\"2014-03-14T11:07:55+00:00\" \/>\n<meta name=\"twitter:card\" content=\"summary_large_image\" \/>\n<meta name=\"twitter:label1\" content=\"Escrito por\" \/>\n\t<meta name=\"twitter:data1\" content=\"\" \/>\n\t<meta name=\"twitter:label2\" content=\"Tiempo de lectura\" \/>\n\t<meta name=\"twitter:data2\" content=\"1 minuto\" \/>\n<script type=\"application\/ld+json\" class=\"yoast-schema-graph\">{\"@context\":\"https:\/\/schema.org\",\"@graph\":[{\"@type\":\"Article\",\"@id\":\"https:\/\/ajeandalucia.org\/granada\/2014\/03\/14\/nuevo-asociado-proinca-consultores\/#article\",\"isPartOf\":{\"@id\":\"https:\/\/ajeandalucia.org\/granada\/2014\/03\/14\/nuevo-asociado-proinca-consultores\/\"},\"author\":{\"name\":\"\",\"@id\":\"\"},\"headline\":\"Nuevo asociado: Proinca Consultores\",\"datePublished\":\"2014-03-14T11:07:55+00:00\",\"mainEntityOfPage\":{\"@id\":\"https:\/\/ajeandalucia.org\/granada\/2014\/03\/14\/nuevo-asociado-proinca-consultores\/\"},\"wordCount\":258,\"commentCount\":0,\"publisher\":{\"@id\":\"https:\/\/ajeandalucia.org\/granada\/#organization\"},\"image\":{\"@id\":\"https:\/\/ajeandalucia.org\/granada\/2014\/03\/14\/nuevo-asociado-proinca-consultores\/#primaryimage\"},\"thumbnailUrl\":\"\",\"keywords\":[\"asistencia t\u00e9cnica empresas\",\"calidad y medioambiente\",\"control plagas\",\"gesti\u00f3n calidad\",\"ISO\",\"mantenimiento contra incendios\",\"planes higiene\",\"prevenci\u00f3n riesgos laborales\"],\"articleSection\":[\"Empresas asociadas\"],\"inLanguage\":\"es\",\"potentialAction\":[{\"@type\":\"CommentAction\",\"name\":\"Comment\",\"target\":[\"https:\/\/ajeandalucia.org\/granada\/2014\/03\/14\/nuevo-asociado-proinca-consultores\/#respond\"]}]},{\"@type\":\"WebPage\",\"@id\":\"https:\/\/ajeandalucia.org\/granada\/2014\/03\/14\/nuevo-asociado-proinca-consultores\/\",\"url\":\"https:\/\/ajeandalucia.org\/granada\/2014\/03\/14\/nuevo-asociado-proinca-consultores\/\",\"name\":\"Nuevo asociado: Proinca Consultores - AJE Granada\",\"isPartOf\":{\"@id\":\"https:\/\/ajeandalucia.org\/granada\/#website\"},\"primaryImageOfPage\":{\"@id\":\"https:\/\/ajeandalucia.org\/granada\/2014\/03\/14\/nuevo-asociado-proinca-consultores\/#primaryimage\"},\"image\":{\"@id\":\"https:\/\/ajeandalucia.org\/granada\/2014\/03\/14\/nuevo-asociado-proinca-consultores\/#primaryimage\"},\"thumbnailUrl\":\"\",\"datePublished\":\"2014-03-14T11:07:55+00:00\",\"breadcrumb\":{\"@id\":\"https:\/\/ajeandalucia.org\/granada\/2014\/03\/14\/nuevo-asociado-proinca-consultores\/#breadcrumb\"},\"inLanguage\":\"es\",\"potentialAction\":[{\"@type\":\"ReadAction\",\"target\":[\"https:\/\/ajeandalucia.org\/granada\/2014\/03\/14\/nuevo-asociado-proinca-consultores\/\"]}]},{\"@type\":\"ImageObject\",\"inLanguage\":\"es\",\"@id\":\"https:\/\/ajeandalucia.org\/granada\/2014\/03\/14\/nuevo-asociado-proinca-consultores\/#primaryimage\",\"url\":\"\",\"contentUrl\":\"\"},{\"@type\":\"BreadcrumbList\",\"@id\":\"https:\/\/ajeandalucia.org\/granada\/2014\/03\/14\/nuevo-asociado-proinca-consultores\/#breadcrumb\",\"itemListElement\":[{\"@type\":\"ListItem\",\"position\":1,\"name\":\"Portada\",\"item\":\"https:\/\/ajeandalucia.org\/granada\/\"},{\"@type\":\"ListItem\",\"position\":2,\"name\":\"Nuevo asociado: Proinca Consultores\"}]},{\"@type\":\"WebSite\",\"@id\":\"https:\/\/ajeandalucia.org\/granada\/#website\",\"url\":\"https:\/\/ajeandalucia.org\/granada\/\",\"name\":\"AJE Granada\",\"description\":\"J\u00f3venes Empresarios de Granada\",\"publisher\":{\"@id\":\"https:\/\/ajeandalucia.org\/granada\/#organization\"},\"potentialAction\":[{\"@type\":\"SearchAction\",\"target\":{\"@type\":\"EntryPoint\",\"urlTemplate\":\"https:\/\/ajeandalucia.org\/granada\/?s={search_term_string}\"},\"query-input\":{\"@type\":\"PropertyValueSpecification\",\"valueRequired\":true,\"valueName\":\"search_term_string\"}}],\"inLanguage\":\"es\"},{\"@type\":\"Organization\",\"@id\":\"https:\/\/ajeandalucia.org\/granada\/#organization\",\"name\":\"AJE Granada\",\"url\":\"https:\/\/ajeandalucia.org\/granada\/\",\"logo\":{\"@type\":\"ImageObject\",\"inLanguage\":\"es\",\"@id\":\"https:\/\/ajeandalucia.org\/granada\/#\/schema\/logo\/image\/\",\"url\":\"https:\/\/ajeandalucia.org\/granada\/wp-content\/uploads\/sites\/7\/2025\/02\/AJE-GRANADA-horizontal.png\",\"contentUrl\":\"https:\/\/ajeandalucia.org\/granada\/wp-content\/uploads\/sites\/7\/2025\/02\/AJE-GRANADA-horizontal.png\",\"width\":612,\"height\":200,\"caption\":\"AJE Granada\"},\"image\":{\"@id\":\"https:\/\/ajeandalucia.org\/granada\/#\/schema\/logo\/image\/\"}},{\"@type\":\"Person\",\"@id\":\"\",\"url\":\"https:\/\/ajeandalucia.org\/granada\/author\/\"}]}<\/script>\n<!-- \/ Yoast SEO plugin. -->","yoast_head_json":{"title":"Nuevo asociado: Proinca Consultores - AJE Granada","robots":{"index":"index","follow":"follow","max-snippet":"max-snippet:-1","max-image-preview":"max-image-preview:large","max-video-preview":"max-video-preview:-1"},"canonical":"https:\/\/ajeandalucia.org\/granada\/2014\/03\/14\/nuevo-asociado-proinca-consultores\/","og_locale":"es_ES","og_type":"article","og_title":"Nuevo asociado: Proinca Consultores - AJE Granada","og_description":"Os presentamos a nuestro nuevo asociado Proinca Consultores, se trata de\u00a0una empresa especializada en la asistencia t\u00e9cnica a peque\u00f1as y\u00a0medianas [&hellip;]","og_url":"https:\/\/ajeandalucia.org\/granada\/2014\/03\/14\/nuevo-asociado-proinca-consultores\/","og_site_name":"AJE Granada","article_published_time":"2014-03-14T11:07:55+00:00","twitter_card":"summary_large_image","twitter_misc":{"Escrito por":"","Tiempo de lectura":"1 minuto"},"schema":{"@context":"https:\/\/schema.org","@graph":[{"@type":"Article","@id":"https:\/\/ajeandalucia.org\/granada\/2014\/03\/14\/nuevo-asociado-proinca-consultores\/#article","isPartOf":{"@id":"https:\/\/ajeandalucia.org\/granada\/2014\/03\/14\/nuevo-asociado-proinca-consultores\/"},"author":{"name":"","@id":""},"headline":"Nuevo asociado: Proinca Consultores","datePublished":"2014-03-14T11:07:55+00:00","mainEntityOfPage":{"@id":"https:\/\/ajeandalucia.org\/granada\/2014\/03\/14\/nuevo-asociado-proinca-consultores\/"},"wordCount":258,"commentCount":0,"publisher":{"@id":"https:\/\/ajeandalucia.org\/granada\/#organization"},"image":{"@id":"https:\/\/ajeandalucia.org\/granada\/2014\/03\/14\/nuevo-asociado-proinca-consultores\/#primaryimage"},"thumbnailUrl":"","keywords":["asistencia t\u00e9cnica empresas","calidad y medioambiente","control plagas","gesti\u00f3n calidad","ISO","mantenimiento contra incendios","planes higiene","prevenci\u00f3n riesgos laborales"],"articleSection":["Empresas asociadas"],"inLanguage":"es","potentialAction":[{"@type":"CommentAction","name":"Comment","target":["https:\/\/ajeandalucia.org\/granada\/2014\/03\/14\/nuevo-asociado-proinca-consultores\/#respond"]}]},{"@type":"WebPage","@id":"https:\/\/ajeandalucia.org\/granada\/2014\/03\/14\/nuevo-asociado-proinca-consultores\/","url":"https:\/\/ajeandalucia.org\/granada\/2014\/03\/14\/nuevo-asociado-proinca-consultores\/","name":"Nuevo asociado: Proinca Consultores - AJE Granada","isPartOf":{"@id":"https:\/\/ajeandalucia.org\/granada\/#website"},"primaryImageOfPage":{"@id":"https:\/\/ajeandalucia.org\/granada\/2014\/03\/14\/nuevo-asociado-proinca-consultores\/#primaryimage"},"image":{"@id":"https:\/\/ajeandalucia.org\/granada\/2014\/03\/14\/nuevo-asociado-proinca-consultores\/#primaryimage"},"thumbnailUrl":"","datePublished":"2014-03-14T11:07:55+00:00","breadcrumb":{"@id":"https:\/\/ajeandalucia.org\/granada\/2014\/03\/14\/nuevo-asociado-proinca-consultores\/#breadcrumb"},"inLanguage":"es","potentialAction":[{"@type":"ReadAction","target":["https:\/\/ajeandalucia.org\/granada\/2014\/03\/14\/nuevo-asociado-proinca-consultores\/"]}]},{"@type":"ImageObject","inLanguage":"es","@id":"https:\/\/ajeandalucia.org\/granada\/2014\/03\/14\/nuevo-asociado-proinca-consultores\/#primaryimage","url":"","contentUrl":""},{"@type":"BreadcrumbList","@id":"https:\/\/ajeandalucia.org\/granada\/2014\/03\/14\/nuevo-asociado-proinca-consultores\/#breadcrumb","itemListElement":[{"@type":"ListItem","position":1,"name":"Portada","item":"https:\/\/ajeandalucia.org\/granada\/"},{"@type":"ListItem","position":2,"name":"Nuevo asociado: Proinca Consultores"}]},{"@type":"WebSite","@id":"https:\/\/ajeandalucia.org\/granada\/#website","url":"https:\/\/ajeandalucia.org\/granada\/","name":"AJE Granada","description":"J\u00f3venes Empresarios de Granada","publisher":{"@id":"https:\/\/ajeandalucia.org\/granada\/#organization"},"potentialAction":[{"@type":"SearchAction","target":{"@type":"EntryPoint","urlTemplate":"https:\/\/ajeandalucia.org\/granada\/?s={search_term_string}"},"query-input":{"@type":"PropertyValueSpecification","valueRequired":true,"valueName":"search_term_string"}}],"inLanguage":"es"},{"@type":"Organization","@id":"https:\/\/ajeandalucia.org\/granada\/#organization","name":"AJE Granada","url":"https:\/\/ajeandalucia.org\/granada\/","logo":{"@type":"ImageObject","inLanguage":"es","@id":"https:\/\/ajeandalucia.org\/granada\/#\/schema\/logo\/image\/","url":"https:\/\/ajeandalucia.org\/granada\/wp-content\/uploads\/sites\/7\/2025\/02\/AJE-GRANADA-horizontal.png","contentUrl":"https:\/\/ajeandalucia.org\/granada\/wp-content\/uploads\/sites\/7\/2025\/02\/AJE-GRANADA-horizontal.png","width":612,"height":200,"caption":"AJE Granada"},"image":{"@id":"https:\/\/ajeandalucia.org\/granada\/#\/schema\/logo\/image\/"}},{"@type":"Person","@id":"","url":"https:\/\/ajeandalucia.org\/granada\/author\/"}]}},"_links":{"self":[{"href":"https:\/\/ajeandalucia.org\/granada\/wp-json\/wp\/v2\/posts\/12247","targetHints":{"allow":["GET"]}}],"collection":[{"href":"https:\/\/ajeandalucia.org\/granada\/wp-json\/wp\/v2\/posts"}],"about":[{"href":"https:\/\/ajeandalucia.org\/granada\/wp-json\/wp\/v2\/types\/post"}],"author":[{"embeddable":true,"href":"https:\/\/ajeandalucia.org\/granada\/wp-json\/wp\/v2\/users\/1"}],"replies":[{"embeddable":true,"href":"https:\/\/ajeandalucia.org\/granada\/wp-json\/wp\/v2\/comments?post=12247"}],"version-history":[{"count":0,"href":"https:\/\/ajeandalucia.org\/granada\/wp-json\/wp\/v2\/posts\/12247\/revisions"}],"wp:featuredmedia":[{"embeddable":true,"href":"https:\/\/ajeandalucia.org\/granada\/wp-json\/"}],"wp:attachment":[{"href":"https:\/\/ajeandalucia.org\/granada\/wp-json\/wp\/v2\/media?parent=12247"}],"wp:term":[{"taxonomy":"category","embeddable":true,"href":"https:\/\/ajeandalucia.org\/granada\/wp-json\/wp\/v2\/categories?post=12247"},{"taxonomy":"post_tag","embeddable":true,"href":"https:\/\/ajeandalucia.org\/granada\/wp-json\/wp\/v2\/tags?post=12247"}],"curies":[{"name":"wp","href":"https:\/\/api.w.org\/{rel}","templated":true}]}}