{"id":12282,"date":"2014-03-18T09:26:05","date_gmt":"2014-03-18T08:26:05","guid":{"rendered":"http:\/\/www.ajegranada.org\/?p=12282"},"modified":"2014-03-18T09:26:05","modified_gmt":"2014-03-18T08:26:05","slug":"promocion-tragora-traduccion-comunicacion","status":"publish","type":"post","link":"https:\/\/ajeandalucia.org\/granada\/2014\/03\/18\/promocion-tragora-traduccion-comunicacion\/","title":{"rendered":"Promoci\u00f3n Tr\u00e1gora Traducci\u00f3n &amp; Comunicaci\u00f3n"},"content":{"rendered":"<p>Os comunicamos la oferta que nuestro asociado Tr\u00e1gora Traducci\u00f3n &amp; Comunicaci\u00f3n ha preparado exclusiva para asociados de AJE.<\/p>\n<p>Para todos aquellos que quer\u00e1is una locuci\u00f3n profesional para ponerle voz a vuestras empresas, o una grabaci\u00f3n para tu centralita de tel\u00e9fono, ahora es el momento, Tr\u00e1gora ofrece un 30% de descuento para todos los asociados de AJE.<\/p>\n<p>Locuci\u00f3n de hasta 2 minutos en espa\u00f1ol o ingl\u00e9s: 200\u20ac (140\u20ac para socios de AJE).<br \/>\n*IVA no incluido. V\u00e1lido hasta el 31 de marzo.<\/p>\n<p>Para m\u00e1s informaci\u00f3n[wpfilebase tag=file id=527 tpl=download-button \/]<\/p>\n<p>Datos de contacto:<\/p>\n<p>Tel\u00e9fono: 958 520 068 \/\/ 625 600 334<\/p>\n<p>Email:info@tragoratraducciones.com<\/p>\n<p>&nbsp;<\/p>\n<p>&nbsp;<\/p>\n","protected":false},"excerpt":{"rendered":"<p>Os comunicamos la oferta que nuestro asociado Tr\u00e1gora Traducci\u00f3n &amp; Comunicaci\u00f3n ha preparado exclusiva para asociados de AJE. Para todos [&hellip;]<\/p>\n","protected":false},"author":1,"featured_media":12286,"comment_status":"open","ping_status":"open","sticky":false,"template":"","format":"standard","meta":{"_acf_changed":false,"site-sidebar-layout":"default","site-content-layout":"","ast-site-content-layout":"default","site-content-style":"default","site-sidebar-style":"default","ast-global-header-display":"","ast-banner-title-visibility":"","ast-main-header-display":"","ast-hfb-above-header-display":"","ast-hfb-below-header-display":"","ast-hfb-mobile-header-display":"","site-post-title":"","ast-breadcrumbs-content":"","ast-featured-img":"","footer-sml-layout":"","ast-disable-related-posts":"","theme-transparent-header-meta":"","adv-header-id-meta":"","stick-header-meta":"","header-above-stick-meta":"","header-main-stick-meta":"","header-below-stick-meta":"","astra-migrate-meta-layouts":"default","ast-page-background-enabled":"default","ast-page-background-meta":{"desktop":{"background-color":"var(--ast-global-color-5)","background-image":"","background-repeat":"repeat","background-position":"center center","background-size":"auto","background-attachment":"scroll","background-type":"","background-media":"","overlay-type":"","overlay-color":"","overlay-opacity":"","overlay-gradient":""},"tablet":{"background-color":"","background-image":"","background-repeat":"repeat","background-position":"center center","background-size":"auto","background-attachment":"scroll","background-type":"","background-media":"","overlay-type":"","overlay-color":"","overlay-opacity":"","overlay-gradient":""},"mobile":{"background-color":"","background-image":"","background-repeat":"repeat","background-position":"center center","background-size":"auto","background-attachment":"scroll","background-type":"","background-media":"","overlay-type":"","overlay-color":"","overlay-opacity":"","overlay-gradient":""}},"ast-content-background-meta":{"desktop":{"background-color":"var(--ast-global-color-4)","background-image":"","background-repeat":"repeat","background-position":"center center","background-size":"auto","background-attachment":"scroll","background-type":"","background-media":"","overlay-type":"","overlay-color":"","overlay-opacity":"","overlay-gradient":""},"tablet":{"background-color":"var(--ast-global-color-4)","background-image":"","background-repeat":"repeat","background-position":"center center","background-size":"auto","background-attachment":"scroll","background-type":"","background-media":"","overlay-type":"","overlay-color":"","overlay-opacity":"","overlay-gradient":""},"mobile":{"background-color":"var(--ast-global-color-4)","background-image":"","background-repeat":"repeat","background-position":"center center","background-size":"auto","background-attachment":"scroll","background-type":"","background-media":"","overlay-type":"","overlay-color":"","overlay-opacity":"","overlay-gradient":""}},"footnotes":""},"categories":[91],"tags":[260,883,695,884,885,886],"class_list":["post-12282","post","type-post","status-publish","format-standard","has-post-thumbnail","hentry","category-empresas-asociadas","tag-comunicacion-3","tag-grabacion-para-centralita","tag-locucion","tag-locucion-profesional","tag-tragoras-traducciones","tag-trasduccion"],"acf":[],"yoast_head":"<!-- This site is optimized with the Yoast SEO plugin v26.9 - https:\/\/yoast.com\/product\/yoast-seo-wordpress\/ -->\n<title>Promoci\u00f3n Tr\u00e1gora Traducci\u00f3n &amp; Comunicaci\u00f3n - AJE Granada<\/title>\n<meta name=\"robots\" content=\"index, follow, max-snippet:-1, max-image-preview:large, max-video-preview:-1\" \/>\n<link rel=\"canonical\" href=\"https:\/\/ajeandalucia.org\/granada\/2014\/03\/18\/promocion-tragora-traduccion-comunicacion\/\" \/>\n<meta property=\"og:locale\" content=\"es_ES\" \/>\n<meta property=\"og:type\" content=\"article\" \/>\n<meta property=\"og:title\" content=\"Promoci\u00f3n Tr\u00e1gora Traducci\u00f3n &amp; Comunicaci\u00f3n - AJE Granada\" \/>\n<meta property=\"og:description\" content=\"Os comunicamos la oferta que nuestro asociado Tr\u00e1gora Traducci\u00f3n &amp; Comunicaci\u00f3n ha preparado exclusiva para asociados de AJE. Para todos [&hellip;]\" \/>\n<meta property=\"og:url\" content=\"https:\/\/ajeandalucia.org\/granada\/2014\/03\/18\/promocion-tragora-traduccion-comunicacion\/\" \/>\n<meta property=\"og:site_name\" content=\"AJE Granada\" \/>\n<meta property=\"article:published_time\" content=\"2014-03-18T08:26:05+00:00\" \/>\n<meta name=\"twitter:card\" content=\"summary_large_image\" \/>\n<meta name=\"twitter:label1\" content=\"Escrito por\" \/>\n\t<meta name=\"twitter:data1\" content=\"\" \/>\n\t<meta name=\"twitter:label2\" content=\"Tiempo de lectura\" \/>\n\t<meta name=\"twitter:data2\" content=\"1 minuto\" \/>\n<script type=\"application\/ld+json\" class=\"yoast-schema-graph\">{\"@context\":\"https:\/\/schema.org\",\"@graph\":[{\"@type\":\"Article\",\"@id\":\"https:\/\/ajeandalucia.org\/granada\/2014\/03\/18\/promocion-tragora-traduccion-comunicacion\/#article\",\"isPartOf\":{\"@id\":\"https:\/\/ajeandalucia.org\/granada\/2014\/03\/18\/promocion-tragora-traduccion-comunicacion\/\"},\"author\":{\"name\":\"\",\"@id\":\"\"},\"headline\":\"Promoci\u00f3n Tr\u00e1gora Traducci\u00f3n &amp; Comunicaci\u00f3n\",\"datePublished\":\"2014-03-18T08:26:05+00:00\",\"mainEntityOfPage\":{\"@id\":\"https:\/\/ajeandalucia.org\/granada\/2014\/03\/18\/promocion-tragora-traduccion-comunicacion\/\"},\"wordCount\":118,\"commentCount\":0,\"publisher\":{\"@id\":\"https:\/\/ajeandalucia.org\/granada\/#organization\"},\"image\":{\"@id\":\"https:\/\/ajeandalucia.org\/granada\/2014\/03\/18\/promocion-tragora-traduccion-comunicacion\/#primaryimage\"},\"thumbnailUrl\":\"\",\"keywords\":[\"Comunicaci\u00f3n\",\"grabaci\u00f3n para centralita\",\"locuci\u00f3n\",\"locuci\u00f3n profesional\",\"tr\u00e1goras traducciones\",\"trasducci\u00f3n\"],\"articleSection\":[\"Empresas asociadas\"],\"inLanguage\":\"es\",\"potentialAction\":[{\"@type\":\"CommentAction\",\"name\":\"Comment\",\"target\":[\"https:\/\/ajeandalucia.org\/granada\/2014\/03\/18\/promocion-tragora-traduccion-comunicacion\/#respond\"]}]},{\"@type\":\"WebPage\",\"@id\":\"https:\/\/ajeandalucia.org\/granada\/2014\/03\/18\/promocion-tragora-traduccion-comunicacion\/\",\"url\":\"https:\/\/ajeandalucia.org\/granada\/2014\/03\/18\/promocion-tragora-traduccion-comunicacion\/\",\"name\":\"Promoci\u00f3n Tr\u00e1gora Traducci\u00f3n &amp; Comunicaci\u00f3n - AJE Granada\",\"isPartOf\":{\"@id\":\"https:\/\/ajeandalucia.org\/granada\/#website\"},\"primaryImageOfPage\":{\"@id\":\"https:\/\/ajeandalucia.org\/granada\/2014\/03\/18\/promocion-tragora-traduccion-comunicacion\/#primaryimage\"},\"image\":{\"@id\":\"https:\/\/ajeandalucia.org\/granada\/2014\/03\/18\/promocion-tragora-traduccion-comunicacion\/#primaryimage\"},\"thumbnailUrl\":\"\",\"datePublished\":\"2014-03-18T08:26:05+00:00\",\"breadcrumb\":{\"@id\":\"https:\/\/ajeandalucia.org\/granada\/2014\/03\/18\/promocion-tragora-traduccion-comunicacion\/#breadcrumb\"},\"inLanguage\":\"es\",\"potentialAction\":[{\"@type\":\"ReadAction\",\"target\":[\"https:\/\/ajeandalucia.org\/granada\/2014\/03\/18\/promocion-tragora-traduccion-comunicacion\/\"]}]},{\"@type\":\"ImageObject\",\"inLanguage\":\"es\",\"@id\":\"https:\/\/ajeandalucia.org\/granada\/2014\/03\/18\/promocion-tragora-traduccion-comunicacion\/#primaryimage\",\"url\":\"\",\"contentUrl\":\"\"},{\"@type\":\"BreadcrumbList\",\"@id\":\"https:\/\/ajeandalucia.org\/granada\/2014\/03\/18\/promocion-tragora-traduccion-comunicacion\/#breadcrumb\",\"itemListElement\":[{\"@type\":\"ListItem\",\"position\":1,\"name\":\"Portada\",\"item\":\"https:\/\/ajeandalucia.org\/granada\/\"},{\"@type\":\"ListItem\",\"position\":2,\"name\":\"Promoci\u00f3n Tr\u00e1gora Traducci\u00f3n &amp; Comunicaci\u00f3n\"}]},{\"@type\":\"WebSite\",\"@id\":\"https:\/\/ajeandalucia.org\/granada\/#website\",\"url\":\"https:\/\/ajeandalucia.org\/granada\/\",\"name\":\"AJE Granada\",\"description\":\"J\u00f3venes Empresarios de Granada\",\"publisher\":{\"@id\":\"https:\/\/ajeandalucia.org\/granada\/#organization\"},\"potentialAction\":[{\"@type\":\"SearchAction\",\"target\":{\"@type\":\"EntryPoint\",\"urlTemplate\":\"https:\/\/ajeandalucia.org\/granada\/?s={search_term_string}\"},\"query-input\":{\"@type\":\"PropertyValueSpecification\",\"valueRequired\":true,\"valueName\":\"search_term_string\"}}],\"inLanguage\":\"es\"},{\"@type\":\"Organization\",\"@id\":\"https:\/\/ajeandalucia.org\/granada\/#organization\",\"name\":\"AJE Granada\",\"url\":\"https:\/\/ajeandalucia.org\/granada\/\",\"logo\":{\"@type\":\"ImageObject\",\"inLanguage\":\"es\",\"@id\":\"https:\/\/ajeandalucia.org\/granada\/#\/schema\/logo\/image\/\",\"url\":\"https:\/\/ajeandalucia.org\/granada\/wp-content\/uploads\/sites\/7\/2025\/02\/AJE-GRANADA-horizontal.png\",\"contentUrl\":\"https:\/\/ajeandalucia.org\/granada\/wp-content\/uploads\/sites\/7\/2025\/02\/AJE-GRANADA-horizontal.png\",\"width\":612,\"height\":200,\"caption\":\"AJE Granada\"},\"image\":{\"@id\":\"https:\/\/ajeandalucia.org\/granada\/#\/schema\/logo\/image\/\"}},{\"@type\":\"Person\",\"@id\":\"\",\"url\":\"https:\/\/ajeandalucia.org\/granada\/author\/\"}]}<\/script>\n<!-- \/ Yoast SEO plugin. -->","yoast_head_json":{"title":"Promoci\u00f3n Tr\u00e1gora Traducci\u00f3n &amp; Comunicaci\u00f3n - AJE Granada","robots":{"index":"index","follow":"follow","max-snippet":"max-snippet:-1","max-image-preview":"max-image-preview:large","max-video-preview":"max-video-preview:-1"},"canonical":"https:\/\/ajeandalucia.org\/granada\/2014\/03\/18\/promocion-tragora-traduccion-comunicacion\/","og_locale":"es_ES","og_type":"article","og_title":"Promoci\u00f3n Tr\u00e1gora Traducci\u00f3n &amp; Comunicaci\u00f3n - AJE Granada","og_description":"Os comunicamos la oferta que nuestro asociado Tr\u00e1gora Traducci\u00f3n &amp; Comunicaci\u00f3n ha preparado exclusiva para asociados de AJE. Para todos [&hellip;]","og_url":"https:\/\/ajeandalucia.org\/granada\/2014\/03\/18\/promocion-tragora-traduccion-comunicacion\/","og_site_name":"AJE Granada","article_published_time":"2014-03-18T08:26:05+00:00","twitter_card":"summary_large_image","twitter_misc":{"Escrito por":"","Tiempo de lectura":"1 minuto"},"schema":{"@context":"https:\/\/schema.org","@graph":[{"@type":"Article","@id":"https:\/\/ajeandalucia.org\/granada\/2014\/03\/18\/promocion-tragora-traduccion-comunicacion\/#article","isPartOf":{"@id":"https:\/\/ajeandalucia.org\/granada\/2014\/03\/18\/promocion-tragora-traduccion-comunicacion\/"},"author":{"name":"","@id":""},"headline":"Promoci\u00f3n Tr\u00e1gora Traducci\u00f3n &amp; Comunicaci\u00f3n","datePublished":"2014-03-18T08:26:05+00:00","mainEntityOfPage":{"@id":"https:\/\/ajeandalucia.org\/granada\/2014\/03\/18\/promocion-tragora-traduccion-comunicacion\/"},"wordCount":118,"commentCount":0,"publisher":{"@id":"https:\/\/ajeandalucia.org\/granada\/#organization"},"image":{"@id":"https:\/\/ajeandalucia.org\/granada\/2014\/03\/18\/promocion-tragora-traduccion-comunicacion\/#primaryimage"},"thumbnailUrl":"","keywords":["Comunicaci\u00f3n","grabaci\u00f3n para centralita","locuci\u00f3n","locuci\u00f3n profesional","tr\u00e1goras traducciones","trasducci\u00f3n"],"articleSection":["Empresas asociadas"],"inLanguage":"es","potentialAction":[{"@type":"CommentAction","name":"Comment","target":["https:\/\/ajeandalucia.org\/granada\/2014\/03\/18\/promocion-tragora-traduccion-comunicacion\/#respond"]}]},{"@type":"WebPage","@id":"https:\/\/ajeandalucia.org\/granada\/2014\/03\/18\/promocion-tragora-traduccion-comunicacion\/","url":"https:\/\/ajeandalucia.org\/granada\/2014\/03\/18\/promocion-tragora-traduccion-comunicacion\/","name":"Promoci\u00f3n Tr\u00e1gora Traducci\u00f3n &amp; Comunicaci\u00f3n - AJE Granada","isPartOf":{"@id":"https:\/\/ajeandalucia.org\/granada\/#website"},"primaryImageOfPage":{"@id":"https:\/\/ajeandalucia.org\/granada\/2014\/03\/18\/promocion-tragora-traduccion-comunicacion\/#primaryimage"},"image":{"@id":"https:\/\/ajeandalucia.org\/granada\/2014\/03\/18\/promocion-tragora-traduccion-comunicacion\/#primaryimage"},"thumbnailUrl":"","datePublished":"2014-03-18T08:26:05+00:00","breadcrumb":{"@id":"https:\/\/ajeandalucia.org\/granada\/2014\/03\/18\/promocion-tragora-traduccion-comunicacion\/#breadcrumb"},"inLanguage":"es","potentialAction":[{"@type":"ReadAction","target":["https:\/\/ajeandalucia.org\/granada\/2014\/03\/18\/promocion-tragora-traduccion-comunicacion\/"]}]},{"@type":"ImageObject","inLanguage":"es","@id":"https:\/\/ajeandalucia.org\/granada\/2014\/03\/18\/promocion-tragora-traduccion-comunicacion\/#primaryimage","url":"","contentUrl":""},{"@type":"BreadcrumbList","@id":"https:\/\/ajeandalucia.org\/granada\/2014\/03\/18\/promocion-tragora-traduccion-comunicacion\/#breadcrumb","itemListElement":[{"@type":"ListItem","position":1,"name":"Portada","item":"https:\/\/ajeandalucia.org\/granada\/"},{"@type":"ListItem","position":2,"name":"Promoci\u00f3n Tr\u00e1gora Traducci\u00f3n &amp; Comunicaci\u00f3n"}]},{"@type":"WebSite","@id":"https:\/\/ajeandalucia.org\/granada\/#website","url":"https:\/\/ajeandalucia.org\/granada\/","name":"AJE Granada","description":"J\u00f3venes Empresarios de Granada","publisher":{"@id":"https:\/\/ajeandalucia.org\/granada\/#organization"},"potentialAction":[{"@type":"SearchAction","target":{"@type":"EntryPoint","urlTemplate":"https:\/\/ajeandalucia.org\/granada\/?s={search_term_string}"},"query-input":{"@type":"PropertyValueSpecification","valueRequired":true,"valueName":"search_term_string"}}],"inLanguage":"es"},{"@type":"Organization","@id":"https:\/\/ajeandalucia.org\/granada\/#organization","name":"AJE Granada","url":"https:\/\/ajeandalucia.org\/granada\/","logo":{"@type":"ImageObject","inLanguage":"es","@id":"https:\/\/ajeandalucia.org\/granada\/#\/schema\/logo\/image\/","url":"https:\/\/ajeandalucia.org\/granada\/wp-content\/uploads\/sites\/7\/2025\/02\/AJE-GRANADA-horizontal.png","contentUrl":"https:\/\/ajeandalucia.org\/granada\/wp-content\/uploads\/sites\/7\/2025\/02\/AJE-GRANADA-horizontal.png","width":612,"height":200,"caption":"AJE Granada"},"image":{"@id":"https:\/\/ajeandalucia.org\/granada\/#\/schema\/logo\/image\/"}},{"@type":"Person","@id":"","url":"https:\/\/ajeandalucia.org\/granada\/author\/"}]}},"_links":{"self":[{"href":"https:\/\/ajeandalucia.org\/granada\/wp-json\/wp\/v2\/posts\/12282","targetHints":{"allow":["GET"]}}],"collection":[{"href":"https:\/\/ajeandalucia.org\/granada\/wp-json\/wp\/v2\/posts"}],"about":[{"href":"https:\/\/ajeandalucia.org\/granada\/wp-json\/wp\/v2\/types\/post"}],"author":[{"embeddable":true,"href":"https:\/\/ajeandalucia.org\/granada\/wp-json\/wp\/v2\/users\/1"}],"replies":[{"embeddable":true,"href":"https:\/\/ajeandalucia.org\/granada\/wp-json\/wp\/v2\/comments?post=12282"}],"version-history":[{"count":0,"href":"https:\/\/ajeandalucia.org\/granada\/wp-json\/wp\/v2\/posts\/12282\/revisions"}],"wp:featuredmedia":[{"embeddable":true,"href":"https:\/\/ajeandalucia.org\/granada\/wp-json\/"}],"wp:attachment":[{"href":"https:\/\/ajeandalucia.org\/granada\/wp-json\/wp\/v2\/media?parent=12282"}],"wp:term":[{"taxonomy":"category","embeddable":true,"href":"https:\/\/ajeandalucia.org\/granada\/wp-json\/wp\/v2\/categories?post=12282"},{"taxonomy":"post_tag","embeddable":true,"href":"https:\/\/ajeandalucia.org\/granada\/wp-json\/wp\/v2\/tags?post=12282"}],"curies":[{"name":"wp","href":"https:\/\/api.w.org\/{rel}","templated":true}]}}