{"id":12314,"date":"2014-03-19T18:36:31","date_gmt":"2014-03-19T17:36:31","guid":{"rendered":"http:\/\/www.ajegranada.org\/?p=12314"},"modified":"2014-03-19T18:36:31","modified_gmt":"2014-03-19T17:36:31","slug":"curso-de-iniciacion-drupal","status":"publish","type":"post","link":"https:\/\/ajeandalucia.org\/granada\/2014\/03\/19\/curso-de-iniciacion-drupal\/","title":{"rendered":"Curso de Iniciaci\u00f3n Drupal"},"content":{"rendered":"<p>Os informamos de que a partir del d\u00eda 24 de marzo,nuestro asociado ASPgems\u00a0pone en marcha un curso de 8 semanas de Drupal B\u00e1sico, sobre la plataforma neurodidactika.<\/p>\n<p>La meta de este curso es que aprendas a manejar todo el conocimiento que puedes encontrar en la red, adquiriendo habilidades a la hora de montar y administrar un gestor de contenidos con el que podr\u00e1s montar casi cualquier proyecto web.<\/p>\n<p>Drupal te interesa si:<\/p>\n<ul>\n<li>Quieres poner en marcha un proyecto en internet y necesitas aprender algo de tecnolog\u00eda ( sea un e-commerce, una red social, una p\u00e1gina coorporativa\u2026). Sin necesidad de programar, adquirir\u00e1s las habilidades necesarias para empezar a montar tu proyecto desde el primer d\u00eda de curso.<\/li>\n<li>Ya manejas un CMS ( wordpress, joombla, moodel) pero se te ha quedado peque\u00f1o, quieres a\u00f1adir funcionalidades o diferentes usuarios o roles. Drupal es el gestor de contenidos m\u00e1s flexible y customizable que existe.<\/li>\n<li>Eres dise\u00f1ador freelance o maquetador y quieres ofrecer a tus clientes servicios m\u00e1s completos, de manera que puedas integrar tus habilidades como dise\u00f1ador con un servicio web.<\/li>\n<li>Est\u00e1s en el paro y quieres reciclarte o buscar nuevas perspectivas. Aprendiendo Drupal puedes empezar a hacer webs y construirte un nuevo curr\u00edculum.<\/li>\n<\/ul>\n<p>El objetivo del curso no es que memorices contenido, sino el uso de dicho contenido para la adquisici\u00f3n de habilidades. Desde esta perspectiva, cuando acabe el curso ser\u00e1s capaz de:<\/p>\n<ul>\n<li>Conseguir una instalaci\u00f3n estable de Drupal 7. Conocer el men\u00fa de administraci\u00f3n (admin_menu y module_filter) y la estructura del directorio de drupal. Instalar m\u00f3dulos y temas. Uso de la herramienta drush.<\/li>\n<li>Saber los tipos de contenido que te crea Drupal 7 por defecto. Saber crear un tipo de contenido nuevo con la gesti\u00f3n de campos y presentaci\u00f3n.<\/li>\n<li>Crear vistas, tipos de vista, formatos de vista, filtros, paginaci\u00f3n y filtros avanzados.<\/li>\n<li>Saber utilizar blocks, context, panels y menus.<\/li>\n<li>Habilitar y manejar permisos,users y roles.<\/li>\n<li>Crear formularios (form, webforms, smtp, entity forms).<\/li>\n<li>Personalizar tu CSM<\/li>\n<li>Saber crear y configurar una regla con sus opciones: condiciones, acciones.<\/li>\n<\/ul>\n<p>Para ampliar m\u00e1s informaci\u00f3n e<a href=\"http:\/\/aspgems.com\/servicios\/curso-de-iniciacion-drupal?referer=granada_drupal\"> inscripciones<\/a><\/p>\n<p>&nbsp;<\/p>\n","protected":false},"excerpt":{"rendered":"<p>Os informamos de que a partir del d\u00eda 24 de marzo,nuestro asociado ASPgems\u00a0pone en marcha un curso de 8 semanas [&hellip;]<\/p>\n","protected":false},"author":1,"featured_media":12319,"comment_status":"open","ping_status":"open","sticky":false,"template":"","format":"standard","meta":{"_acf_changed":false,"site-sidebar-layout":"default","site-content-layout":"","ast-site-content-layout":"default","site-content-style":"default","site-sidebar-style":"default","ast-global-header-display":"","ast-banner-title-visibility":"","ast-main-header-display":"","ast-hfb-above-header-display":"","ast-hfb-below-header-display":"","ast-hfb-mobile-header-display":"","site-post-title":"","ast-breadcrumbs-content":"","ast-featured-img":"","footer-sml-layout":"","ast-disable-related-posts":"","theme-transparent-header-meta":"","adv-header-id-meta":"","stick-header-meta":"","header-above-stick-meta":"","header-main-stick-meta":"","header-below-stick-meta":"","astra-migrate-meta-layouts":"default","ast-page-background-enabled":"default","ast-page-background-meta":{"desktop":{"background-color":"var(--ast-global-color-5)","background-image":"","background-repeat":"repeat","background-position":"center center","background-size":"auto","background-attachment":"scroll","background-type":"","background-media":"","overlay-type":"","overlay-color":"","overlay-opacity":"","overlay-gradient":""},"tablet":{"background-color":"","background-image":"","background-repeat":"repeat","background-position":"center center","background-size":"auto","background-attachment":"scroll","background-type":"","background-media":"","overlay-type":"","overlay-color":"","overlay-opacity":"","overlay-gradient":""},"mobile":{"background-color":"","background-image":"","background-repeat":"repeat","background-position":"center center","background-size":"auto","background-attachment":"scroll","background-type":"","background-media":"","overlay-type":"","overlay-color":"","overlay-opacity":"","overlay-gradient":""}},"ast-content-background-meta":{"desktop":{"background-color":"var(--ast-global-color-4)","background-image":"","background-repeat":"repeat","background-position":"center center","background-size":"auto","background-attachment":"scroll","background-type":"","background-media":"","overlay-type":"","overlay-color":"","overlay-opacity":"","overlay-gradient":""},"tablet":{"background-color":"var(--ast-global-color-4)","background-image":"","background-repeat":"repeat","background-position":"center center","background-size":"auto","background-attachment":"scroll","background-type":"","background-media":"","overlay-type":"","overlay-color":"","overlay-opacity":"","overlay-gradient":""},"mobile":{"background-color":"var(--ast-global-color-4)","background-image":"","background-repeat":"repeat","background-position":"center center","background-size":"auto","background-attachment":"scroll","background-type":"","background-media":"","overlay-type":"","overlay-color":"","overlay-opacity":"","overlay-gradient":""}},"footnotes":""},"categories":[91],"tags":[911,912,913,914,915],"class_list":["post-12314","post","type-post","status-publish","format-standard","has-post-thumbnail","hentry","category-empresas-asociadas","tag-administrar-gestor-de-contenidos","tag-crear-gestor-de-contenidos","tag-curso-drupal","tag-drupal","tag-tecnologia-drupal"],"acf":[],"yoast_head":"<!-- This site is optimized with the Yoast SEO plugin v26.9 - https:\/\/yoast.com\/product\/yoast-seo-wordpress\/ -->\n<title>Curso de Iniciaci\u00f3n Drupal - AJE Granada<\/title>\n<meta name=\"robots\" content=\"index, follow, max-snippet:-1, max-image-preview:large, max-video-preview:-1\" \/>\n<link rel=\"canonical\" href=\"https:\/\/ajeandalucia.org\/granada\/2014\/03\/19\/curso-de-iniciacion-drupal\/\" \/>\n<meta property=\"og:locale\" content=\"es_ES\" \/>\n<meta property=\"og:type\" content=\"article\" \/>\n<meta property=\"og:title\" content=\"Curso de Iniciaci\u00f3n Drupal - AJE Granada\" \/>\n<meta property=\"og:description\" content=\"Os informamos de que a partir del d\u00eda 24 de marzo,nuestro asociado ASPgems\u00a0pone en marcha un curso de 8 semanas [&hellip;]\" \/>\n<meta property=\"og:url\" content=\"https:\/\/ajeandalucia.org\/granada\/2014\/03\/19\/curso-de-iniciacion-drupal\/\" \/>\n<meta property=\"og:site_name\" content=\"AJE Granada\" \/>\n<meta property=\"article:published_time\" content=\"2014-03-19T17:36:31+00:00\" \/>\n<meta name=\"twitter:card\" content=\"summary_large_image\" \/>\n<meta name=\"twitter:label1\" content=\"Escrito por\" \/>\n\t<meta name=\"twitter:data1\" content=\"\" \/>\n\t<meta name=\"twitter:label2\" content=\"Tiempo de lectura\" \/>\n\t<meta name=\"twitter:data2\" content=\"2 minutos\" \/>\n<script type=\"application\/ld+json\" class=\"yoast-schema-graph\">{\"@context\":\"https:\/\/schema.org\",\"@graph\":[{\"@type\":\"Article\",\"@id\":\"https:\/\/ajeandalucia.org\/granada\/2014\/03\/19\/curso-de-iniciacion-drupal\/#article\",\"isPartOf\":{\"@id\":\"https:\/\/ajeandalucia.org\/granada\/2014\/03\/19\/curso-de-iniciacion-drupal\/\"},\"author\":{\"name\":\"\",\"@id\":\"\"},\"headline\":\"Curso de Iniciaci\u00f3n Drupal\",\"datePublished\":\"2014-03-19T17:36:31+00:00\",\"mainEntityOfPage\":{\"@id\":\"https:\/\/ajeandalucia.org\/granada\/2014\/03\/19\/curso-de-iniciacion-drupal\/\"},\"wordCount\":370,\"commentCount\":0,\"publisher\":{\"@id\":\"https:\/\/ajeandalucia.org\/granada\/#organization\"},\"image\":{\"@id\":\"https:\/\/ajeandalucia.org\/granada\/2014\/03\/19\/curso-de-iniciacion-drupal\/#primaryimage\"},\"thumbnailUrl\":\"\",\"keywords\":[\"administrar gestor de contenidos\",\"crear gestor de contenidos\",\"curso drupal\",\"drupal\",\"tecnolog\u00eda drupal\"],\"articleSection\":[\"Empresas asociadas\"],\"inLanguage\":\"es\",\"potentialAction\":[{\"@type\":\"CommentAction\",\"name\":\"Comment\",\"target\":[\"https:\/\/ajeandalucia.org\/granada\/2014\/03\/19\/curso-de-iniciacion-drupal\/#respond\"]}]},{\"@type\":\"WebPage\",\"@id\":\"https:\/\/ajeandalucia.org\/granada\/2014\/03\/19\/curso-de-iniciacion-drupal\/\",\"url\":\"https:\/\/ajeandalucia.org\/granada\/2014\/03\/19\/curso-de-iniciacion-drupal\/\",\"name\":\"Curso de Iniciaci\u00f3n Drupal - AJE Granada\",\"isPartOf\":{\"@id\":\"https:\/\/ajeandalucia.org\/granada\/#website\"},\"primaryImageOfPage\":{\"@id\":\"https:\/\/ajeandalucia.org\/granada\/2014\/03\/19\/curso-de-iniciacion-drupal\/#primaryimage\"},\"image\":{\"@id\":\"https:\/\/ajeandalucia.org\/granada\/2014\/03\/19\/curso-de-iniciacion-drupal\/#primaryimage\"},\"thumbnailUrl\":\"\",\"datePublished\":\"2014-03-19T17:36:31+00:00\",\"breadcrumb\":{\"@id\":\"https:\/\/ajeandalucia.org\/granada\/2014\/03\/19\/curso-de-iniciacion-drupal\/#breadcrumb\"},\"inLanguage\":\"es\",\"potentialAction\":[{\"@type\":\"ReadAction\",\"target\":[\"https:\/\/ajeandalucia.org\/granada\/2014\/03\/19\/curso-de-iniciacion-drupal\/\"]}]},{\"@type\":\"ImageObject\",\"inLanguage\":\"es\",\"@id\":\"https:\/\/ajeandalucia.org\/granada\/2014\/03\/19\/curso-de-iniciacion-drupal\/#primaryimage\",\"url\":\"\",\"contentUrl\":\"\"},{\"@type\":\"BreadcrumbList\",\"@id\":\"https:\/\/ajeandalucia.org\/granada\/2014\/03\/19\/curso-de-iniciacion-drupal\/#breadcrumb\",\"itemListElement\":[{\"@type\":\"ListItem\",\"position\":1,\"name\":\"Portada\",\"item\":\"https:\/\/ajeandalucia.org\/granada\/\"},{\"@type\":\"ListItem\",\"position\":2,\"name\":\"Curso de Iniciaci\u00f3n Drupal\"}]},{\"@type\":\"WebSite\",\"@id\":\"https:\/\/ajeandalucia.org\/granada\/#website\",\"url\":\"https:\/\/ajeandalucia.org\/granada\/\",\"name\":\"AJE Granada\",\"description\":\"J\u00f3venes Empresarios de Granada\",\"publisher\":{\"@id\":\"https:\/\/ajeandalucia.org\/granada\/#organization\"},\"potentialAction\":[{\"@type\":\"SearchAction\",\"target\":{\"@type\":\"EntryPoint\",\"urlTemplate\":\"https:\/\/ajeandalucia.org\/granada\/?s={search_term_string}\"},\"query-input\":{\"@type\":\"PropertyValueSpecification\",\"valueRequired\":true,\"valueName\":\"search_term_string\"}}],\"inLanguage\":\"es\"},{\"@type\":\"Organization\",\"@id\":\"https:\/\/ajeandalucia.org\/granada\/#organization\",\"name\":\"AJE Granada\",\"url\":\"https:\/\/ajeandalucia.org\/granada\/\",\"logo\":{\"@type\":\"ImageObject\",\"inLanguage\":\"es\",\"@id\":\"https:\/\/ajeandalucia.org\/granada\/#\/schema\/logo\/image\/\",\"url\":\"https:\/\/ajeandalucia.org\/granada\/wp-content\/uploads\/sites\/7\/2025\/02\/AJE-GRANADA-horizontal.png\",\"contentUrl\":\"https:\/\/ajeandalucia.org\/granada\/wp-content\/uploads\/sites\/7\/2025\/02\/AJE-GRANADA-horizontal.png\",\"width\":612,\"height\":200,\"caption\":\"AJE Granada\"},\"image\":{\"@id\":\"https:\/\/ajeandalucia.org\/granada\/#\/schema\/logo\/image\/\"}},{\"@type\":\"Person\",\"@id\":\"\",\"url\":\"https:\/\/ajeandalucia.org\/granada\/author\/\"}]}<\/script>\n<!-- \/ Yoast SEO plugin. -->","yoast_head_json":{"title":"Curso de Iniciaci\u00f3n Drupal - AJE Granada","robots":{"index":"index","follow":"follow","max-snippet":"max-snippet:-1","max-image-preview":"max-image-preview:large","max-video-preview":"max-video-preview:-1"},"canonical":"https:\/\/ajeandalucia.org\/granada\/2014\/03\/19\/curso-de-iniciacion-drupal\/","og_locale":"es_ES","og_type":"article","og_title":"Curso de Iniciaci\u00f3n Drupal - AJE Granada","og_description":"Os informamos de que a partir del d\u00eda 24 de marzo,nuestro asociado ASPgems\u00a0pone en marcha un curso de 8 semanas [&hellip;]","og_url":"https:\/\/ajeandalucia.org\/granada\/2014\/03\/19\/curso-de-iniciacion-drupal\/","og_site_name":"AJE Granada","article_published_time":"2014-03-19T17:36:31+00:00","twitter_card":"summary_large_image","twitter_misc":{"Escrito por":"","Tiempo de lectura":"2 minutos"},"schema":{"@context":"https:\/\/schema.org","@graph":[{"@type":"Article","@id":"https:\/\/ajeandalucia.org\/granada\/2014\/03\/19\/curso-de-iniciacion-drupal\/#article","isPartOf":{"@id":"https:\/\/ajeandalucia.org\/granada\/2014\/03\/19\/curso-de-iniciacion-drupal\/"},"author":{"name":"","@id":""},"headline":"Curso de Iniciaci\u00f3n Drupal","datePublished":"2014-03-19T17:36:31+00:00","mainEntityOfPage":{"@id":"https:\/\/ajeandalucia.org\/granada\/2014\/03\/19\/curso-de-iniciacion-drupal\/"},"wordCount":370,"commentCount":0,"publisher":{"@id":"https:\/\/ajeandalucia.org\/granada\/#organization"},"image":{"@id":"https:\/\/ajeandalucia.org\/granada\/2014\/03\/19\/curso-de-iniciacion-drupal\/#primaryimage"},"thumbnailUrl":"","keywords":["administrar gestor de contenidos","crear gestor de contenidos","curso drupal","drupal","tecnolog\u00eda drupal"],"articleSection":["Empresas asociadas"],"inLanguage":"es","potentialAction":[{"@type":"CommentAction","name":"Comment","target":["https:\/\/ajeandalucia.org\/granada\/2014\/03\/19\/curso-de-iniciacion-drupal\/#respond"]}]},{"@type":"WebPage","@id":"https:\/\/ajeandalucia.org\/granada\/2014\/03\/19\/curso-de-iniciacion-drupal\/","url":"https:\/\/ajeandalucia.org\/granada\/2014\/03\/19\/curso-de-iniciacion-drupal\/","name":"Curso de Iniciaci\u00f3n Drupal - AJE Granada","isPartOf":{"@id":"https:\/\/ajeandalucia.org\/granada\/#website"},"primaryImageOfPage":{"@id":"https:\/\/ajeandalucia.org\/granada\/2014\/03\/19\/curso-de-iniciacion-drupal\/#primaryimage"},"image":{"@id":"https:\/\/ajeandalucia.org\/granada\/2014\/03\/19\/curso-de-iniciacion-drupal\/#primaryimage"},"thumbnailUrl":"","datePublished":"2014-03-19T17:36:31+00:00","breadcrumb":{"@id":"https:\/\/ajeandalucia.org\/granada\/2014\/03\/19\/curso-de-iniciacion-drupal\/#breadcrumb"},"inLanguage":"es","potentialAction":[{"@type":"ReadAction","target":["https:\/\/ajeandalucia.org\/granada\/2014\/03\/19\/curso-de-iniciacion-drupal\/"]}]},{"@type":"ImageObject","inLanguage":"es","@id":"https:\/\/ajeandalucia.org\/granada\/2014\/03\/19\/curso-de-iniciacion-drupal\/#primaryimage","url":"","contentUrl":""},{"@type":"BreadcrumbList","@id":"https:\/\/ajeandalucia.org\/granada\/2014\/03\/19\/curso-de-iniciacion-drupal\/#breadcrumb","itemListElement":[{"@type":"ListItem","position":1,"name":"Portada","item":"https:\/\/ajeandalucia.org\/granada\/"},{"@type":"ListItem","position":2,"name":"Curso de Iniciaci\u00f3n Drupal"}]},{"@type":"WebSite","@id":"https:\/\/ajeandalucia.org\/granada\/#website","url":"https:\/\/ajeandalucia.org\/granada\/","name":"AJE Granada","description":"J\u00f3venes Empresarios de Granada","publisher":{"@id":"https:\/\/ajeandalucia.org\/granada\/#organization"},"potentialAction":[{"@type":"SearchAction","target":{"@type":"EntryPoint","urlTemplate":"https:\/\/ajeandalucia.org\/granada\/?s={search_term_string}"},"query-input":{"@type":"PropertyValueSpecification","valueRequired":true,"valueName":"search_term_string"}}],"inLanguage":"es"},{"@type":"Organization","@id":"https:\/\/ajeandalucia.org\/granada\/#organization","name":"AJE Granada","url":"https:\/\/ajeandalucia.org\/granada\/","logo":{"@type":"ImageObject","inLanguage":"es","@id":"https:\/\/ajeandalucia.org\/granada\/#\/schema\/logo\/image\/","url":"https:\/\/ajeandalucia.org\/granada\/wp-content\/uploads\/sites\/7\/2025\/02\/AJE-GRANADA-horizontal.png","contentUrl":"https:\/\/ajeandalucia.org\/granada\/wp-content\/uploads\/sites\/7\/2025\/02\/AJE-GRANADA-horizontal.png","width":612,"height":200,"caption":"AJE Granada"},"image":{"@id":"https:\/\/ajeandalucia.org\/granada\/#\/schema\/logo\/image\/"}},{"@type":"Person","@id":"","url":"https:\/\/ajeandalucia.org\/granada\/author\/"}]}},"_links":{"self":[{"href":"https:\/\/ajeandalucia.org\/granada\/wp-json\/wp\/v2\/posts\/12314","targetHints":{"allow":["GET"]}}],"collection":[{"href":"https:\/\/ajeandalucia.org\/granada\/wp-json\/wp\/v2\/posts"}],"about":[{"href":"https:\/\/ajeandalucia.org\/granada\/wp-json\/wp\/v2\/types\/post"}],"author":[{"embeddable":true,"href":"https:\/\/ajeandalucia.org\/granada\/wp-json\/wp\/v2\/users\/1"}],"replies":[{"embeddable":true,"href":"https:\/\/ajeandalucia.org\/granada\/wp-json\/wp\/v2\/comments?post=12314"}],"version-history":[{"count":0,"href":"https:\/\/ajeandalucia.org\/granada\/wp-json\/wp\/v2\/posts\/12314\/revisions"}],"wp:featuredmedia":[{"embeddable":true,"href":"https:\/\/ajeandalucia.org\/granada\/wp-json\/"}],"wp:attachment":[{"href":"https:\/\/ajeandalucia.org\/granada\/wp-json\/wp\/v2\/media?parent=12314"}],"wp:term":[{"taxonomy":"category","embeddable":true,"href":"https:\/\/ajeandalucia.org\/granada\/wp-json\/wp\/v2\/categories?post=12314"},{"taxonomy":"post_tag","embeddable":true,"href":"https:\/\/ajeandalucia.org\/granada\/wp-json\/wp\/v2\/tags?post=12314"}],"curies":[{"name":"wp","href":"https:\/\/api.w.org\/{rel}","templated":true}]}}