{"id":12316,"date":"2014-03-19T18:12:09","date_gmt":"2014-03-19T17:12:09","guid":{"rendered":"http:\/\/www.ajegranada.org\/?p=12316"},"modified":"2014-03-19T18:12:09","modified_gmt":"2014-03-19T17:12:09","slug":"promocion-espacio-babel","status":"publish","type":"post","link":"https:\/\/ajeandalucia.org\/granada\/2014\/03\/19\/promocion-espacio-babel\/","title":{"rendered":"Promoci\u00f3n Espacio Babel"},"content":{"rendered":"<p>Nuestro nuevo asociado Espacio Babel\u00a0lanza una promoci\u00f3n para todos los Asociados de AJE.<br \/>\nEn Espacio Babel se centran en el alquiler de espacio de trabajo, ya sea por horas o por el tiempo que a cada\u00a0usuario le sea necesario.<br \/>\nSu centro est\u00e1 pensado para todos aquellos profesionales que necesiten de un Espacio f\u00edsico\u00a0para su actividad profesional, contando con:<br \/>\nSalas de reuniones.<br \/>\nSalas de formaci\u00f3n.<br \/>\nEspacios de trabajo para alquiler por horas o tiempo ilimitado.<\/p>\n<p>La promoci\u00f3n para asociados consiste en:<\/p>\n<p><strong>ALQUILER SALAS DE REUNI\u00d3N \/ FORMACI\u00d3N<\/strong><\/p>\n<ul>\n<li>Primer uso de la sala de reuni\u00f3n o formaci\u00f3n gratuita en horario de ma\u00f1ana o tarde.(Reservando la sala previamente, duraci\u00f3n m\u00e1xima de 2 horas).<\/li>\n<li>\u00a0Precio para asociados, una vez usada la sala una vez, de 10 euros\/hora.<\/li>\n<\/ul>\n<p><strong>COWORKING \/ OFICINAS<\/strong><\/p>\n<ul>\n<li>Uso de puesto de coworking u oficinas gratuitamente durante 15 d\u00edas.<\/li>\n<li>Con la firma de un a\u00f1o de ocupaci\u00f3n en puesto coworking u oficina regalo de una\u00a0mensualidad, entrando en esta mensualidad los 15 primero d\u00edas de prueba suscritos en el\u00a0punto anterior de este acuerdo.<\/li>\n<\/ul>\n<p>Ambas promociones est\u00e1n sujetas a la disponibilidad de las oficinas, puestos de coworking y salas de\u00a0reuni\u00f3n \/ formaci\u00f3n en el centro.<\/p>\n<p>Para cualquier duda o aclaraci\u00f3n podr\u00e1s contactar :<\/p>\n<p>info@espaciobabel.es<br \/>\ntelf.. 958 419156 \/\u00a0622 159 798<\/p>\n","protected":false},"excerpt":{"rendered":"<p>Nuestro nuevo asociado Espacio Babel\u00a0lanza una promoci\u00f3n para todos los Asociados de AJE. En Espacio Babel se centran en el [&hellip;]<\/p>\n","protected":false},"author":1,"featured_media":12174,"comment_status":"open","ping_status":"open","sticky":false,"template":"","format":"standard","meta":{"_acf_changed":false,"site-sidebar-layout":"default","site-content-layout":"","ast-site-content-layout":"default","site-content-style":"default","site-sidebar-style":"default","ast-global-header-display":"","ast-banner-title-visibility":"","ast-main-header-display":"","ast-hfb-above-header-display":"","ast-hfb-below-header-display":"","ast-hfb-mobile-header-display":"","site-post-title":"","ast-breadcrumbs-content":"","ast-featured-img":"","footer-sml-layout":"","ast-disable-related-posts":"","theme-transparent-header-meta":"","adv-header-id-meta":"","stick-header-meta":"","header-above-stick-meta":"","header-main-stick-meta":"","header-below-stick-meta":"","astra-migrate-meta-layouts":"default","ast-page-background-enabled":"default","ast-page-background-meta":{"desktop":{"background-color":"var(--ast-global-color-5)","background-image":"","background-repeat":"repeat","background-position":"center center","background-size":"auto","background-attachment":"scroll","background-type":"","background-media":"","overlay-type":"","overlay-color":"","overlay-opacity":"","overlay-gradient":""},"tablet":{"background-color":"","background-image":"","background-repeat":"repeat","background-position":"center center","background-size":"auto","background-attachment":"scroll","background-type":"","background-media":"","overlay-type":"","overlay-color":"","overlay-opacity":"","overlay-gradient":""},"mobile":{"background-color":"","background-image":"","background-repeat":"repeat","background-position":"center center","background-size":"auto","background-attachment":"scroll","background-type":"","background-media":"","overlay-type":"","overlay-color":"","overlay-opacity":"","overlay-gradient":""}},"ast-content-background-meta":{"desktop":{"background-color":"var(--ast-global-color-4)","background-image":"","background-repeat":"repeat","background-position":"center center","background-size":"auto","background-attachment":"scroll","background-type":"","background-media":"","overlay-type":"","overlay-color":"","overlay-opacity":"","overlay-gradient":""},"tablet":{"background-color":"var(--ast-global-color-4)","background-image":"","background-repeat":"repeat","background-position":"center center","background-size":"auto","background-attachment":"scroll","background-type":"","background-media":"","overlay-type":"","overlay-color":"","overlay-opacity":"","overlay-gradient":""},"mobile":{"background-color":"var(--ast-global-color-4)","background-image":"","background-repeat":"repeat","background-position":"center center","background-size":"auto","background-attachment":"scroll","background-type":"","background-media":"","overlay-type":"","overlay-color":"","overlay-opacity":"","overlay-gradient":""}},"footnotes":""},"categories":[91],"tags":[916,237,917,918,919],"class_list":["post-12316","post","type-post","status-publish","format-standard","has-post-thumbnail","hentry","category-empresas-asociadas","tag-alquiler-salas-de-oficinas","tag-coworking","tag-oficinas","tag-salas-formacion","tag-salas-reunion"],"acf":[],"yoast_head":"<!-- This site is optimized with the Yoast SEO plugin v26.9 - https:\/\/yoast.com\/product\/yoast-seo-wordpress\/ -->\n<title>Promoci\u00f3n Espacio Babel - AJE Granada<\/title>\n<meta name=\"robots\" content=\"index, follow, max-snippet:-1, max-image-preview:large, max-video-preview:-1\" \/>\n<link rel=\"canonical\" href=\"https:\/\/ajeandalucia.org\/granada\/2014\/03\/19\/promocion-espacio-babel\/\" \/>\n<meta property=\"og:locale\" content=\"es_ES\" \/>\n<meta property=\"og:type\" content=\"article\" \/>\n<meta property=\"og:title\" content=\"Promoci\u00f3n Espacio Babel - AJE Granada\" \/>\n<meta property=\"og:description\" content=\"Nuestro nuevo asociado Espacio Babel\u00a0lanza una promoci\u00f3n para todos los Asociados de AJE. En Espacio Babel se centran en el [&hellip;]\" \/>\n<meta property=\"og:url\" content=\"https:\/\/ajeandalucia.org\/granada\/2014\/03\/19\/promocion-espacio-babel\/\" \/>\n<meta property=\"og:site_name\" content=\"AJE Granada\" \/>\n<meta property=\"article:published_time\" content=\"2014-03-19T17:12:09+00:00\" \/>\n<meta name=\"twitter:card\" content=\"summary_large_image\" \/>\n<meta name=\"twitter:label1\" content=\"Escrito por\" \/>\n\t<meta name=\"twitter:data1\" content=\"\" \/>\n\t<meta name=\"twitter:label2\" content=\"Tiempo de lectura\" \/>\n\t<meta name=\"twitter:data2\" content=\"1 minuto\" \/>\n<script type=\"application\/ld+json\" class=\"yoast-schema-graph\">{\"@context\":\"https:\/\/schema.org\",\"@graph\":[{\"@type\":\"Article\",\"@id\":\"https:\/\/ajeandalucia.org\/granada\/2014\/03\/19\/promocion-espacio-babel\/#article\",\"isPartOf\":{\"@id\":\"https:\/\/ajeandalucia.org\/granada\/2014\/03\/19\/promocion-espacio-babel\/\"},\"author\":{\"name\":\"\",\"@id\":\"\"},\"headline\":\"Promoci\u00f3n Espacio Babel\",\"datePublished\":\"2014-03-19T17:12:09+00:00\",\"mainEntityOfPage\":{\"@id\":\"https:\/\/ajeandalucia.org\/granada\/2014\/03\/19\/promocion-espacio-babel\/\"},\"wordCount\":227,\"commentCount\":0,\"publisher\":{\"@id\":\"https:\/\/ajeandalucia.org\/granada\/#organization\"},\"image\":{\"@id\":\"https:\/\/ajeandalucia.org\/granada\/2014\/03\/19\/promocion-espacio-babel\/#primaryimage\"},\"thumbnailUrl\":\"\",\"keywords\":[\"alquiler salas de oficinas\",\"Coworking\",\"oficinas\",\"salas formaci\u00f3n\",\"salas reuni\u00f3n\"],\"articleSection\":[\"Empresas asociadas\"],\"inLanguage\":\"es\",\"potentialAction\":[{\"@type\":\"CommentAction\",\"name\":\"Comment\",\"target\":[\"https:\/\/ajeandalucia.org\/granada\/2014\/03\/19\/promocion-espacio-babel\/#respond\"]}]},{\"@type\":\"WebPage\",\"@id\":\"https:\/\/ajeandalucia.org\/granada\/2014\/03\/19\/promocion-espacio-babel\/\",\"url\":\"https:\/\/ajeandalucia.org\/granada\/2014\/03\/19\/promocion-espacio-babel\/\",\"name\":\"Promoci\u00f3n Espacio Babel - AJE Granada\",\"isPartOf\":{\"@id\":\"https:\/\/ajeandalucia.org\/granada\/#website\"},\"primaryImageOfPage\":{\"@id\":\"https:\/\/ajeandalucia.org\/granada\/2014\/03\/19\/promocion-espacio-babel\/#primaryimage\"},\"image\":{\"@id\":\"https:\/\/ajeandalucia.org\/granada\/2014\/03\/19\/promocion-espacio-babel\/#primaryimage\"},\"thumbnailUrl\":\"\",\"datePublished\":\"2014-03-19T17:12:09+00:00\",\"breadcrumb\":{\"@id\":\"https:\/\/ajeandalucia.org\/granada\/2014\/03\/19\/promocion-espacio-babel\/#breadcrumb\"},\"inLanguage\":\"es\",\"potentialAction\":[{\"@type\":\"ReadAction\",\"target\":[\"https:\/\/ajeandalucia.org\/granada\/2014\/03\/19\/promocion-espacio-babel\/\"]}]},{\"@type\":\"ImageObject\",\"inLanguage\":\"es\",\"@id\":\"https:\/\/ajeandalucia.org\/granada\/2014\/03\/19\/promocion-espacio-babel\/#primaryimage\",\"url\":\"\",\"contentUrl\":\"\"},{\"@type\":\"BreadcrumbList\",\"@id\":\"https:\/\/ajeandalucia.org\/granada\/2014\/03\/19\/promocion-espacio-babel\/#breadcrumb\",\"itemListElement\":[{\"@type\":\"ListItem\",\"position\":1,\"name\":\"Portada\",\"item\":\"https:\/\/ajeandalucia.org\/granada\/\"},{\"@type\":\"ListItem\",\"position\":2,\"name\":\"Promoci\u00f3n Espacio Babel\"}]},{\"@type\":\"WebSite\",\"@id\":\"https:\/\/ajeandalucia.org\/granada\/#website\",\"url\":\"https:\/\/ajeandalucia.org\/granada\/\",\"name\":\"AJE Granada\",\"description\":\"J\u00f3venes Empresarios de Granada\",\"publisher\":{\"@id\":\"https:\/\/ajeandalucia.org\/granada\/#organization\"},\"potentialAction\":[{\"@type\":\"SearchAction\",\"target\":{\"@type\":\"EntryPoint\",\"urlTemplate\":\"https:\/\/ajeandalucia.org\/granada\/?s={search_term_string}\"},\"query-input\":{\"@type\":\"PropertyValueSpecification\",\"valueRequired\":true,\"valueName\":\"search_term_string\"}}],\"inLanguage\":\"es\"},{\"@type\":\"Organization\",\"@id\":\"https:\/\/ajeandalucia.org\/granada\/#organization\",\"name\":\"AJE Granada\",\"url\":\"https:\/\/ajeandalucia.org\/granada\/\",\"logo\":{\"@type\":\"ImageObject\",\"inLanguage\":\"es\",\"@id\":\"https:\/\/ajeandalucia.org\/granada\/#\/schema\/logo\/image\/\",\"url\":\"https:\/\/ajeandalucia.org\/granada\/wp-content\/uploads\/sites\/7\/2025\/02\/AJE-GRANADA-horizontal.png\",\"contentUrl\":\"https:\/\/ajeandalucia.org\/granada\/wp-content\/uploads\/sites\/7\/2025\/02\/AJE-GRANADA-horizontal.png\",\"width\":612,\"height\":200,\"caption\":\"AJE Granada\"},\"image\":{\"@id\":\"https:\/\/ajeandalucia.org\/granada\/#\/schema\/logo\/image\/\"}},{\"@type\":\"Person\",\"@id\":\"\",\"url\":\"https:\/\/ajeandalucia.org\/granada\/author\/\"}]}<\/script>\n<!-- \/ Yoast SEO plugin. -->","yoast_head_json":{"title":"Promoci\u00f3n Espacio Babel - AJE Granada","robots":{"index":"index","follow":"follow","max-snippet":"max-snippet:-1","max-image-preview":"max-image-preview:large","max-video-preview":"max-video-preview:-1"},"canonical":"https:\/\/ajeandalucia.org\/granada\/2014\/03\/19\/promocion-espacio-babel\/","og_locale":"es_ES","og_type":"article","og_title":"Promoci\u00f3n Espacio Babel - AJE Granada","og_description":"Nuestro nuevo asociado Espacio Babel\u00a0lanza una promoci\u00f3n para todos los Asociados de AJE. En Espacio Babel se centran en el [&hellip;]","og_url":"https:\/\/ajeandalucia.org\/granada\/2014\/03\/19\/promocion-espacio-babel\/","og_site_name":"AJE Granada","article_published_time":"2014-03-19T17:12:09+00:00","twitter_card":"summary_large_image","twitter_misc":{"Escrito por":"","Tiempo de lectura":"1 minuto"},"schema":{"@context":"https:\/\/schema.org","@graph":[{"@type":"Article","@id":"https:\/\/ajeandalucia.org\/granada\/2014\/03\/19\/promocion-espacio-babel\/#article","isPartOf":{"@id":"https:\/\/ajeandalucia.org\/granada\/2014\/03\/19\/promocion-espacio-babel\/"},"author":{"name":"","@id":""},"headline":"Promoci\u00f3n Espacio Babel","datePublished":"2014-03-19T17:12:09+00:00","mainEntityOfPage":{"@id":"https:\/\/ajeandalucia.org\/granada\/2014\/03\/19\/promocion-espacio-babel\/"},"wordCount":227,"commentCount":0,"publisher":{"@id":"https:\/\/ajeandalucia.org\/granada\/#organization"},"image":{"@id":"https:\/\/ajeandalucia.org\/granada\/2014\/03\/19\/promocion-espacio-babel\/#primaryimage"},"thumbnailUrl":"","keywords":["alquiler salas de oficinas","Coworking","oficinas","salas formaci\u00f3n","salas reuni\u00f3n"],"articleSection":["Empresas asociadas"],"inLanguage":"es","potentialAction":[{"@type":"CommentAction","name":"Comment","target":["https:\/\/ajeandalucia.org\/granada\/2014\/03\/19\/promocion-espacio-babel\/#respond"]}]},{"@type":"WebPage","@id":"https:\/\/ajeandalucia.org\/granada\/2014\/03\/19\/promocion-espacio-babel\/","url":"https:\/\/ajeandalucia.org\/granada\/2014\/03\/19\/promocion-espacio-babel\/","name":"Promoci\u00f3n Espacio Babel - AJE Granada","isPartOf":{"@id":"https:\/\/ajeandalucia.org\/granada\/#website"},"primaryImageOfPage":{"@id":"https:\/\/ajeandalucia.org\/granada\/2014\/03\/19\/promocion-espacio-babel\/#primaryimage"},"image":{"@id":"https:\/\/ajeandalucia.org\/granada\/2014\/03\/19\/promocion-espacio-babel\/#primaryimage"},"thumbnailUrl":"","datePublished":"2014-03-19T17:12:09+00:00","breadcrumb":{"@id":"https:\/\/ajeandalucia.org\/granada\/2014\/03\/19\/promocion-espacio-babel\/#breadcrumb"},"inLanguage":"es","potentialAction":[{"@type":"ReadAction","target":["https:\/\/ajeandalucia.org\/granada\/2014\/03\/19\/promocion-espacio-babel\/"]}]},{"@type":"ImageObject","inLanguage":"es","@id":"https:\/\/ajeandalucia.org\/granada\/2014\/03\/19\/promocion-espacio-babel\/#primaryimage","url":"","contentUrl":""},{"@type":"BreadcrumbList","@id":"https:\/\/ajeandalucia.org\/granada\/2014\/03\/19\/promocion-espacio-babel\/#breadcrumb","itemListElement":[{"@type":"ListItem","position":1,"name":"Portada","item":"https:\/\/ajeandalucia.org\/granada\/"},{"@type":"ListItem","position":2,"name":"Promoci\u00f3n Espacio Babel"}]},{"@type":"WebSite","@id":"https:\/\/ajeandalucia.org\/granada\/#website","url":"https:\/\/ajeandalucia.org\/granada\/","name":"AJE Granada","description":"J\u00f3venes Empresarios de Granada","publisher":{"@id":"https:\/\/ajeandalucia.org\/granada\/#organization"},"potentialAction":[{"@type":"SearchAction","target":{"@type":"EntryPoint","urlTemplate":"https:\/\/ajeandalucia.org\/granada\/?s={search_term_string}"},"query-input":{"@type":"PropertyValueSpecification","valueRequired":true,"valueName":"search_term_string"}}],"inLanguage":"es"},{"@type":"Organization","@id":"https:\/\/ajeandalucia.org\/granada\/#organization","name":"AJE Granada","url":"https:\/\/ajeandalucia.org\/granada\/","logo":{"@type":"ImageObject","inLanguage":"es","@id":"https:\/\/ajeandalucia.org\/granada\/#\/schema\/logo\/image\/","url":"https:\/\/ajeandalucia.org\/granada\/wp-content\/uploads\/sites\/7\/2025\/02\/AJE-GRANADA-horizontal.png","contentUrl":"https:\/\/ajeandalucia.org\/granada\/wp-content\/uploads\/sites\/7\/2025\/02\/AJE-GRANADA-horizontal.png","width":612,"height":200,"caption":"AJE Granada"},"image":{"@id":"https:\/\/ajeandalucia.org\/granada\/#\/schema\/logo\/image\/"}},{"@type":"Person","@id":"","url":"https:\/\/ajeandalucia.org\/granada\/author\/"}]}},"_links":{"self":[{"href":"https:\/\/ajeandalucia.org\/granada\/wp-json\/wp\/v2\/posts\/12316","targetHints":{"allow":["GET"]}}],"collection":[{"href":"https:\/\/ajeandalucia.org\/granada\/wp-json\/wp\/v2\/posts"}],"about":[{"href":"https:\/\/ajeandalucia.org\/granada\/wp-json\/wp\/v2\/types\/post"}],"author":[{"embeddable":true,"href":"https:\/\/ajeandalucia.org\/granada\/wp-json\/wp\/v2\/users\/1"}],"replies":[{"embeddable":true,"href":"https:\/\/ajeandalucia.org\/granada\/wp-json\/wp\/v2\/comments?post=12316"}],"version-history":[{"count":0,"href":"https:\/\/ajeandalucia.org\/granada\/wp-json\/wp\/v2\/posts\/12316\/revisions"}],"wp:featuredmedia":[{"embeddable":true,"href":"https:\/\/ajeandalucia.org\/granada\/wp-json\/"}],"wp:attachment":[{"href":"https:\/\/ajeandalucia.org\/granada\/wp-json\/wp\/v2\/media?parent=12316"}],"wp:term":[{"taxonomy":"category","embeddable":true,"href":"https:\/\/ajeandalucia.org\/granada\/wp-json\/wp\/v2\/categories?post=12316"},{"taxonomy":"post_tag","embeddable":true,"href":"https:\/\/ajeandalucia.org\/granada\/wp-json\/wp\/v2\/tags?post=12316"}],"curies":[{"name":"wp","href":"https:\/\/api.w.org\/{rel}","templated":true}]}}