{"id":12421,"date":"2014-03-27T10:32:05","date_gmt":"2014-03-27T09:32:05","guid":{"rendered":"http:\/\/www.ajegranada.org\/?p=12421"},"modified":"2014-03-27T10:32:05","modified_gmt":"2014-03-27T09:32:05","slug":"nuevo-asociadodba-acustica","status":"publish","type":"post","link":"https:\/\/ajeandalucia.org\/granada\/2014\/03\/27\/nuevo-asociadodba-acustica\/","title":{"rendered":"Nuevo asociado:dBA Ac\u00fastica"},"content":{"rendered":"<p>Nuestro nuevo asociado dBA AC\u00daSTICA es una marca especializada en Ac\u00fastica Arquitect\u00f3nica y Medioambiental que comenz\u00f3 su andadura en el a\u00f1o 2001. Desde entonces han ido innovando en el mundo de la ac\u00fastica hasta llegar a ser una oficina t\u00e9cnica especializada en el \u00e1mbito de la ingenier\u00eda y consultor\u00eda ac\u00fastica de reconocido prestigio nacional.\u00a0dBA, es una empresa formada por profesionales especializados en servicios de ac\u00fastica para el control del Ruido, proporcionando servicios y soluciones integrales durante todo el desarrollo de la obra.<\/p>\n<p>dBA ofrece los siguientes servicios:<\/p>\n<ul>\n<li><strong>ESTUDIOS AC\u00daSTICOS.<\/strong><\/li>\n<\/ul>\n<p>Conjunto de documentos acreditativos de la identificaci\u00f3n y valoraci\u00f3n de impactos ambientales en materia de ruidos y vibraciones de un proyecto o actividad.<\/p>\n<ul>\n<li><strong>CERTIFICADOS Y MEDICIONES.<\/strong><\/li>\n<\/ul>\n<p>Especializados en mediciones de cualquier par\u00e1metro insitu:<\/p>\n<ol>\n<li>Ac\u00fastica arquitect\u00f3nica.<\/li>\n<li>Ac\u00fastica industrial.<\/li>\n<li>Ac\u00fastica Medioambiental.<\/li>\n<li>Ac\u00fastica Laboral.<\/li>\n<li>Otros.<\/li>\n<\/ol>\n<ul>\n<li><strong>LIMITADORES DE SONIDO.<\/strong><\/li>\n<\/ul>\n<p>Los limitadores de sonido son equipos que se instalan en aquellos locales que cuentan con aparatos de reproducci\u00f3n musical o audiovisual, los cuales son susceptibles de alcanzar niveles sonoros superiores a los l\u00edmites permitidos.<\/p>\n<ul>\n<li><strong>AC\u00daSTICA INDUSTRIAL.<\/strong><\/li>\n<\/ul>\n<p>El control de ruidos en la industria es fundamental para el desarrollo econ\u00f3mico de cualquier sociedad. Son especialistas en el desarrollo de los sistemas adecuados para cada caso.<\/p>\n<ul>\n<li><strong>\u00a0AC\u00daSTICA MEDIOAMBIENTAL<\/strong><\/li>\n<\/ul>\n<p>El cuidado de nuestro medioambiente requiere el control de las emisiones ac\u00fasticas generadas por el hombre. Intervienen en el dise\u00f1o, evaluaci\u00f3n y control del adecuado desarrollo urban\u00edstico.<\/p>\n<ul>\n<li><strong>CONSULTOR\u00cdA AC\u00daSTICA<\/strong><\/li>\n<\/ul>\n<p>Ponen al servicio, tanto del sector publico como privado, suslimitadores de sonido amplios conocimientos, experiencia y formaci\u00f3n en ac\u00fastica con el objetivo de un mejor desarrollo de cualquier proyecto.<\/p>\n<p>&nbsp;<\/p>\n<p>Podr\u00e1s saber m\u00e1s sobre dBA Ac\u00fastica consultando su <a href=\"http:\/\/www.ajegranada.org\/asociados\/dba-acustica\/\">ficha<\/a>.<\/p>\n<p>&nbsp;<\/p>\n<p>&nbsp;<\/p>\n","protected":false},"excerpt":{"rendered":"<p>Nuestro nuevo asociado dBA AC\u00daSTICA es una marca especializada en Ac\u00fastica Arquitect\u00f3nica y Medioambiental que comenz\u00f3 su andadura en el [&hellip;]<\/p>\n","protected":false},"author":1,"featured_media":12419,"comment_status":"open","ping_status":"open","sticky":false,"template":"","format":"standard","meta":{"_acf_changed":false,"site-sidebar-layout":"default","site-content-layout":"","ast-site-content-layout":"default","site-content-style":"default","site-sidebar-style":"default","ast-global-header-display":"","ast-banner-title-visibility":"","ast-main-header-display":"","ast-hfb-above-header-display":"","ast-hfb-below-header-display":"","ast-hfb-mobile-header-display":"","site-post-title":"","ast-breadcrumbs-content":"","ast-featured-img":"","footer-sml-layout":"","ast-disable-related-posts":"","theme-transparent-header-meta":"","adv-header-id-meta":"","stick-header-meta":"","header-above-stick-meta":"","header-main-stick-meta":"","header-below-stick-meta":"","astra-migrate-meta-layouts":"default","ast-page-background-enabled":"default","ast-page-background-meta":{"desktop":{"background-color":"var(--ast-global-color-5)","background-image":"","background-repeat":"repeat","background-position":"center center","background-size":"auto","background-attachment":"scroll","background-type":"","background-media":"","overlay-type":"","overlay-color":"","overlay-opacity":"","overlay-gradient":""},"tablet":{"background-color":"","background-image":"","background-repeat":"repeat","background-position":"center center","background-size":"auto","background-attachment":"scroll","background-type":"","background-media":"","overlay-type":"","overlay-color":"","overlay-opacity":"","overlay-gradient":""},"mobile":{"background-color":"","background-image":"","background-repeat":"repeat","background-position":"center center","background-size":"auto","background-attachment":"scroll","background-type":"","background-media":"","overlay-type":"","overlay-color":"","overlay-opacity":"","overlay-gradient":""}},"ast-content-background-meta":{"desktop":{"background-color":"var(--ast-global-color-4)","background-image":"","background-repeat":"repeat","background-position":"center center","background-size":"auto","background-attachment":"scroll","background-type":"","background-media":"","overlay-type":"","overlay-color":"","overlay-opacity":"","overlay-gradient":""},"tablet":{"background-color":"var(--ast-global-color-4)","background-image":"","background-repeat":"repeat","background-position":"center center","background-size":"auto","background-attachment":"scroll","background-type":"","background-media":"","overlay-type":"","overlay-color":"","overlay-opacity":"","overlay-gradient":""},"mobile":{"background-color":"var(--ast-global-color-4)","background-image":"","background-repeat":"repeat","background-position":"center center","background-size":"auto","background-attachment":"scroll","background-type":"","background-media":"","overlay-type":"","overlay-color":"","overlay-opacity":"","overlay-gradient":""}},"footnotes":""},"categories":[91],"tags":[985,986,987,988,989,990,991,992],"class_list":["post-12421","post","type-post","status-publish","format-standard","has-post-thumbnail","hentry","category-empresas-asociadas","tag-acustica-arquitectonica","tag-acustica-industrial","tag-acustica-laboral","tag-acustica-medioambiental","tag-consultoria-acustica","tag-estudios-acusticos","tag-ingenieria-acustica","tag-servicios-de-acustica"],"acf":[],"yoast_head":"<!-- This site is optimized with the Yoast SEO plugin v26.9 - https:\/\/yoast.com\/product\/yoast-seo-wordpress\/ -->\n<title>Nuevo asociado:dBA Ac\u00fastica - AJE Granada<\/title>\n<meta name=\"robots\" content=\"index, follow, max-snippet:-1, max-image-preview:large, max-video-preview:-1\" \/>\n<link rel=\"canonical\" href=\"https:\/\/ajeandalucia.org\/granada\/2014\/03\/27\/nuevo-asociadodba-acustica\/\" \/>\n<meta property=\"og:locale\" content=\"es_ES\" \/>\n<meta property=\"og:type\" content=\"article\" \/>\n<meta property=\"og:title\" content=\"Nuevo asociado:dBA Ac\u00fastica - AJE Granada\" \/>\n<meta property=\"og:description\" content=\"Nuestro nuevo asociado dBA AC\u00daSTICA es una marca especializada en Ac\u00fastica Arquitect\u00f3nica y Medioambiental que comenz\u00f3 su andadura en el [&hellip;]\" \/>\n<meta property=\"og:url\" content=\"https:\/\/ajeandalucia.org\/granada\/2014\/03\/27\/nuevo-asociadodba-acustica\/\" \/>\n<meta property=\"og:site_name\" content=\"AJE Granada\" \/>\n<meta property=\"article:published_time\" content=\"2014-03-27T09:32:05+00:00\" \/>\n<meta name=\"twitter:card\" content=\"summary_large_image\" \/>\n<meta name=\"twitter:label1\" content=\"Escrito por\" \/>\n\t<meta name=\"twitter:data1\" content=\"\" \/>\n\t<meta name=\"twitter:label2\" content=\"Tiempo de lectura\" \/>\n\t<meta name=\"twitter:data2\" content=\"2 minutos\" \/>\n<script type=\"application\/ld+json\" class=\"yoast-schema-graph\">{\"@context\":\"https:\/\/schema.org\",\"@graph\":[{\"@type\":\"Article\",\"@id\":\"https:\/\/ajeandalucia.org\/granada\/2014\/03\/27\/nuevo-asociadodba-acustica\/#article\",\"isPartOf\":{\"@id\":\"https:\/\/ajeandalucia.org\/granada\/2014\/03\/27\/nuevo-asociadodba-acustica\/\"},\"author\":{\"name\":\"\",\"@id\":\"\"},\"headline\":\"Nuevo asociado:dBA Ac\u00fastica\",\"datePublished\":\"2014-03-27T09:32:05+00:00\",\"mainEntityOfPage\":{\"@id\":\"https:\/\/ajeandalucia.org\/granada\/2014\/03\/27\/nuevo-asociadodba-acustica\/\"},\"wordCount\":310,\"commentCount\":0,\"publisher\":{\"@id\":\"https:\/\/ajeandalucia.org\/granada\/#organization\"},\"image\":{\"@id\":\"https:\/\/ajeandalucia.org\/granada\/2014\/03\/27\/nuevo-asociadodba-acustica\/#primaryimage\"},\"thumbnailUrl\":\"\",\"keywords\":[\"ac\u00fastica arquitect\u00f3nica\",\"ac\u00fastica industrial\",\"ac\u00fastica laboral\",\"ac\u00fastica medioambiental\",\"consultor\u00eda ac\u00fastica\",\"estudios ac\u00fasticos\",\"ingenier\u00eda ac\u00fastica\",\"servicios de ac\u00fastica\"],\"articleSection\":[\"Empresas asociadas\"],\"inLanguage\":\"es\",\"potentialAction\":[{\"@type\":\"CommentAction\",\"name\":\"Comment\",\"target\":[\"https:\/\/ajeandalucia.org\/granada\/2014\/03\/27\/nuevo-asociadodba-acustica\/#respond\"]}]},{\"@type\":\"WebPage\",\"@id\":\"https:\/\/ajeandalucia.org\/granada\/2014\/03\/27\/nuevo-asociadodba-acustica\/\",\"url\":\"https:\/\/ajeandalucia.org\/granada\/2014\/03\/27\/nuevo-asociadodba-acustica\/\",\"name\":\"Nuevo asociado:dBA Ac\u00fastica - AJE Granada\",\"isPartOf\":{\"@id\":\"https:\/\/ajeandalucia.org\/granada\/#website\"},\"primaryImageOfPage\":{\"@id\":\"https:\/\/ajeandalucia.org\/granada\/2014\/03\/27\/nuevo-asociadodba-acustica\/#primaryimage\"},\"image\":{\"@id\":\"https:\/\/ajeandalucia.org\/granada\/2014\/03\/27\/nuevo-asociadodba-acustica\/#primaryimage\"},\"thumbnailUrl\":\"\",\"datePublished\":\"2014-03-27T09:32:05+00:00\",\"breadcrumb\":{\"@id\":\"https:\/\/ajeandalucia.org\/granada\/2014\/03\/27\/nuevo-asociadodba-acustica\/#breadcrumb\"},\"inLanguage\":\"es\",\"potentialAction\":[{\"@type\":\"ReadAction\",\"target\":[\"https:\/\/ajeandalucia.org\/granada\/2014\/03\/27\/nuevo-asociadodba-acustica\/\"]}]},{\"@type\":\"ImageObject\",\"inLanguage\":\"es\",\"@id\":\"https:\/\/ajeandalucia.org\/granada\/2014\/03\/27\/nuevo-asociadodba-acustica\/#primaryimage\",\"url\":\"\",\"contentUrl\":\"\"},{\"@type\":\"BreadcrumbList\",\"@id\":\"https:\/\/ajeandalucia.org\/granada\/2014\/03\/27\/nuevo-asociadodba-acustica\/#breadcrumb\",\"itemListElement\":[{\"@type\":\"ListItem\",\"position\":1,\"name\":\"Portada\",\"item\":\"https:\/\/ajeandalucia.org\/granada\/\"},{\"@type\":\"ListItem\",\"position\":2,\"name\":\"Nuevo asociado:dBA Ac\u00fastica\"}]},{\"@type\":\"WebSite\",\"@id\":\"https:\/\/ajeandalucia.org\/granada\/#website\",\"url\":\"https:\/\/ajeandalucia.org\/granada\/\",\"name\":\"AJE Granada\",\"description\":\"J\u00f3venes Empresarios de Granada\",\"publisher\":{\"@id\":\"https:\/\/ajeandalucia.org\/granada\/#organization\"},\"potentialAction\":[{\"@type\":\"SearchAction\",\"target\":{\"@type\":\"EntryPoint\",\"urlTemplate\":\"https:\/\/ajeandalucia.org\/granada\/?s={search_term_string}\"},\"query-input\":{\"@type\":\"PropertyValueSpecification\",\"valueRequired\":true,\"valueName\":\"search_term_string\"}}],\"inLanguage\":\"es\"},{\"@type\":\"Organization\",\"@id\":\"https:\/\/ajeandalucia.org\/granada\/#organization\",\"name\":\"AJE Granada\",\"url\":\"https:\/\/ajeandalucia.org\/granada\/\",\"logo\":{\"@type\":\"ImageObject\",\"inLanguage\":\"es\",\"@id\":\"https:\/\/ajeandalucia.org\/granada\/#\/schema\/logo\/image\/\",\"url\":\"https:\/\/ajeandalucia.org\/granada\/wp-content\/uploads\/sites\/7\/2025\/02\/AJE-GRANADA-horizontal.png\",\"contentUrl\":\"https:\/\/ajeandalucia.org\/granada\/wp-content\/uploads\/sites\/7\/2025\/02\/AJE-GRANADA-horizontal.png\",\"width\":612,\"height\":200,\"caption\":\"AJE Granada\"},\"image\":{\"@id\":\"https:\/\/ajeandalucia.org\/granada\/#\/schema\/logo\/image\/\"}},{\"@type\":\"Person\",\"@id\":\"\",\"url\":\"https:\/\/ajeandalucia.org\/granada\/author\/\"}]}<\/script>\n<!-- \/ Yoast SEO plugin. -->","yoast_head_json":{"title":"Nuevo asociado:dBA Ac\u00fastica - AJE Granada","robots":{"index":"index","follow":"follow","max-snippet":"max-snippet:-1","max-image-preview":"max-image-preview:large","max-video-preview":"max-video-preview:-1"},"canonical":"https:\/\/ajeandalucia.org\/granada\/2014\/03\/27\/nuevo-asociadodba-acustica\/","og_locale":"es_ES","og_type":"article","og_title":"Nuevo asociado:dBA Ac\u00fastica - AJE Granada","og_description":"Nuestro nuevo asociado dBA AC\u00daSTICA es una marca especializada en Ac\u00fastica Arquitect\u00f3nica y Medioambiental que comenz\u00f3 su andadura en el [&hellip;]","og_url":"https:\/\/ajeandalucia.org\/granada\/2014\/03\/27\/nuevo-asociadodba-acustica\/","og_site_name":"AJE Granada","article_published_time":"2014-03-27T09:32:05+00:00","twitter_card":"summary_large_image","twitter_misc":{"Escrito por":"","Tiempo de lectura":"2 minutos"},"schema":{"@context":"https:\/\/schema.org","@graph":[{"@type":"Article","@id":"https:\/\/ajeandalucia.org\/granada\/2014\/03\/27\/nuevo-asociadodba-acustica\/#article","isPartOf":{"@id":"https:\/\/ajeandalucia.org\/granada\/2014\/03\/27\/nuevo-asociadodba-acustica\/"},"author":{"name":"","@id":""},"headline":"Nuevo asociado:dBA Ac\u00fastica","datePublished":"2014-03-27T09:32:05+00:00","mainEntityOfPage":{"@id":"https:\/\/ajeandalucia.org\/granada\/2014\/03\/27\/nuevo-asociadodba-acustica\/"},"wordCount":310,"commentCount":0,"publisher":{"@id":"https:\/\/ajeandalucia.org\/granada\/#organization"},"image":{"@id":"https:\/\/ajeandalucia.org\/granada\/2014\/03\/27\/nuevo-asociadodba-acustica\/#primaryimage"},"thumbnailUrl":"","keywords":["ac\u00fastica arquitect\u00f3nica","ac\u00fastica industrial","ac\u00fastica laboral","ac\u00fastica medioambiental","consultor\u00eda ac\u00fastica","estudios ac\u00fasticos","ingenier\u00eda ac\u00fastica","servicios de ac\u00fastica"],"articleSection":["Empresas asociadas"],"inLanguage":"es","potentialAction":[{"@type":"CommentAction","name":"Comment","target":["https:\/\/ajeandalucia.org\/granada\/2014\/03\/27\/nuevo-asociadodba-acustica\/#respond"]}]},{"@type":"WebPage","@id":"https:\/\/ajeandalucia.org\/granada\/2014\/03\/27\/nuevo-asociadodba-acustica\/","url":"https:\/\/ajeandalucia.org\/granada\/2014\/03\/27\/nuevo-asociadodba-acustica\/","name":"Nuevo asociado:dBA Ac\u00fastica - AJE Granada","isPartOf":{"@id":"https:\/\/ajeandalucia.org\/granada\/#website"},"primaryImageOfPage":{"@id":"https:\/\/ajeandalucia.org\/granada\/2014\/03\/27\/nuevo-asociadodba-acustica\/#primaryimage"},"image":{"@id":"https:\/\/ajeandalucia.org\/granada\/2014\/03\/27\/nuevo-asociadodba-acustica\/#primaryimage"},"thumbnailUrl":"","datePublished":"2014-03-27T09:32:05+00:00","breadcrumb":{"@id":"https:\/\/ajeandalucia.org\/granada\/2014\/03\/27\/nuevo-asociadodba-acustica\/#breadcrumb"},"inLanguage":"es","potentialAction":[{"@type":"ReadAction","target":["https:\/\/ajeandalucia.org\/granada\/2014\/03\/27\/nuevo-asociadodba-acustica\/"]}]},{"@type":"ImageObject","inLanguage":"es","@id":"https:\/\/ajeandalucia.org\/granada\/2014\/03\/27\/nuevo-asociadodba-acustica\/#primaryimage","url":"","contentUrl":""},{"@type":"BreadcrumbList","@id":"https:\/\/ajeandalucia.org\/granada\/2014\/03\/27\/nuevo-asociadodba-acustica\/#breadcrumb","itemListElement":[{"@type":"ListItem","position":1,"name":"Portada","item":"https:\/\/ajeandalucia.org\/granada\/"},{"@type":"ListItem","position":2,"name":"Nuevo asociado:dBA Ac\u00fastica"}]},{"@type":"WebSite","@id":"https:\/\/ajeandalucia.org\/granada\/#website","url":"https:\/\/ajeandalucia.org\/granada\/","name":"AJE Granada","description":"J\u00f3venes Empresarios de Granada","publisher":{"@id":"https:\/\/ajeandalucia.org\/granada\/#organization"},"potentialAction":[{"@type":"SearchAction","target":{"@type":"EntryPoint","urlTemplate":"https:\/\/ajeandalucia.org\/granada\/?s={search_term_string}"},"query-input":{"@type":"PropertyValueSpecification","valueRequired":true,"valueName":"search_term_string"}}],"inLanguage":"es"},{"@type":"Organization","@id":"https:\/\/ajeandalucia.org\/granada\/#organization","name":"AJE Granada","url":"https:\/\/ajeandalucia.org\/granada\/","logo":{"@type":"ImageObject","inLanguage":"es","@id":"https:\/\/ajeandalucia.org\/granada\/#\/schema\/logo\/image\/","url":"https:\/\/ajeandalucia.org\/granada\/wp-content\/uploads\/sites\/7\/2025\/02\/AJE-GRANADA-horizontal.png","contentUrl":"https:\/\/ajeandalucia.org\/granada\/wp-content\/uploads\/sites\/7\/2025\/02\/AJE-GRANADA-horizontal.png","width":612,"height":200,"caption":"AJE Granada"},"image":{"@id":"https:\/\/ajeandalucia.org\/granada\/#\/schema\/logo\/image\/"}},{"@type":"Person","@id":"","url":"https:\/\/ajeandalucia.org\/granada\/author\/"}]}},"_links":{"self":[{"href":"https:\/\/ajeandalucia.org\/granada\/wp-json\/wp\/v2\/posts\/12421","targetHints":{"allow":["GET"]}}],"collection":[{"href":"https:\/\/ajeandalucia.org\/granada\/wp-json\/wp\/v2\/posts"}],"about":[{"href":"https:\/\/ajeandalucia.org\/granada\/wp-json\/wp\/v2\/types\/post"}],"author":[{"embeddable":true,"href":"https:\/\/ajeandalucia.org\/granada\/wp-json\/wp\/v2\/users\/1"}],"replies":[{"embeddable":true,"href":"https:\/\/ajeandalucia.org\/granada\/wp-json\/wp\/v2\/comments?post=12421"}],"version-history":[{"count":0,"href":"https:\/\/ajeandalucia.org\/granada\/wp-json\/wp\/v2\/posts\/12421\/revisions"}],"wp:featuredmedia":[{"embeddable":true,"href":"https:\/\/ajeandalucia.org\/granada\/wp-json\/"}],"wp:attachment":[{"href":"https:\/\/ajeandalucia.org\/granada\/wp-json\/wp\/v2\/media?parent=12421"}],"wp:term":[{"taxonomy":"category","embeddable":true,"href":"https:\/\/ajeandalucia.org\/granada\/wp-json\/wp\/v2\/categories?post=12421"},{"taxonomy":"post_tag","embeddable":true,"href":"https:\/\/ajeandalucia.org\/granada\/wp-json\/wp\/v2\/tags?post=12421"}],"curies":[{"name":"wp","href":"https:\/\/api.w.org\/{rel}","templated":true}]}}