{"id":12565,"date":"2014-04-07T14:21:26","date_gmt":"2014-04-07T12:21:26","guid":{"rendered":"http:\/\/www.ajegranada.org\/?p=12565"},"modified":"2014-04-07T14:21:26","modified_gmt":"2014-04-07T12:21:26","slug":"nuevo-asociadocarmen-verdejo-centro-de-psicologia-integral","status":"publish","type":"post","link":"https:\/\/ajeandalucia.org\/granada\/2014\/04\/07\/nuevo-asociadocarmen-verdejo-centro-de-psicologia-integral\/","title":{"rendered":"Nuevo asociado:Carmen Verdejo Centro de Psicolog\u00eda Integral"},"content":{"rendered":"<p>Nuestro nuevo asociado <strong>Carmen Verdejo Centro de Psicolog\u00eda Integral<\/strong> est\u00e1 formado por un equipo de psic\u00f3logas con gran experiencia en los campos que abarca la empresa. Tratan toda clase de problemas que tengan que ver con el malestar, el sufrimiento, la salud f\u00edsica y mental, e imparten formaci\u00f3n relacionada con Mindfulness y otros temas de psicolog\u00eda.<\/p>\n<p>B\u00e1sicamente su tarea consiste en ense\u00f1ar a las personas a cuidar de su mente porque a trav\u00e9s de ella vivimos las experiencias de nuestra vida. De ella depende nuestro sentido de la felicidad, nuestro rendimiento, c\u00f3mo vemos la realidad, la forma de relacionarnos con nuestro entorno y con los dem\u00e1s. Por este motivo, es tan importante que funcione adecuadamente y disponer de las herramientas necesarias para poder abordar cualquier circunstancia que se nos presente en la vida de la forma m\u00e1s efectiva. En este Centro gu\u00edan a las personas en el proceso de adquisici\u00f3n y puesta en marcha de las estrategias necesarias para mantener la salud y el bienestar.<\/p>\n<p>Entre los servicios que presta, se encuentran:<\/p>\n<ul>\n<li>Psicolog\u00eda Cl\u00ednica: atienden a personas en todas las edades (ni\u00f1os, adolescentes, j\u00f3venes, adultos y mayores) aquejadas de problemas de naturaleza psicol\u00f3gica que les produzcan sufrimiento y\/o alteren su funcionamiento en la vida cotidiana (estr\u00e9s, ansiedad, miedos, irritabilidad, depresi\u00f3n, alteraciones del comportamiento, trastornos de personalidad, problemas de pareja, conflictos familiares, etc.)<\/li>\n<li>Formaci\u00f3n: imparten cursos y talleres a particulares, empresas y profesionales. Est\u00e1n especializado en formaci\u00f3n en atenci\u00f3n plena o mindfulness,este centro es pionero en este tipo de intervenciones.<\/li>\n<li>Psicolog\u00eda jur\u00eddica: realizan informes periciales a instancias de un juez o de una petici\u00f3n particular para facilitar el entendimiento de situaciones complejas relacionadas con la psicolog\u00eda (divorcio, custodia, adopciones, maltrato, abuso, da\u00f1o cerebral y su repercusi\u00f3n)<\/li>\n<li>Neuropsicolog\u00eda: evaluan y tratan a personas con deterioro cognitivo, demencias, Alzheimer, accidentes cerebro vasculares.<\/li>\n<li>Psicolog\u00eda de la salud: evaluan la interacci\u00f3n entre el bienestar y factores biol\u00f3gicos, psicol\u00f3gicos y sociales para promocionar h\u00e1bitos saludables (estr\u00e9s, insomnio, hipertensi\u00f3n, diabetes, asma, dolor cr\u00f3nico, c\u00e1ncer, etc.).<\/li>\n<\/ul>\n<p>Puedes saber mas sobre <a href=\"http:\/\/www.ajegranada.org\/asociados\/carmen-verdejo-centro-de-psicologia-integral\/\">aqu\u00ed<\/a>.<\/p>\n","protected":false},"excerpt":{"rendered":"<p>Nuestro nuevo asociado Carmen Verdejo Centro de Psicolog\u00eda Integral est\u00e1 formado por un equipo de psic\u00f3logas con gran experiencia en [&hellip;]<\/p>\n","protected":false},"author":1,"featured_media":12563,"comment_status":"open","ping_status":"open","sticky":false,"template":"","format":"standard","meta":{"_acf_changed":false,"site-sidebar-layout":"default","site-content-layout":"","ast-site-content-layout":"default","site-content-style":"default","site-sidebar-style":"default","ast-global-header-display":"","ast-banner-title-visibility":"","ast-main-header-display":"","ast-hfb-above-header-display":"","ast-hfb-below-header-display":"","ast-hfb-mobile-header-display":"","site-post-title":"","ast-breadcrumbs-content":"","ast-featured-img":"","footer-sml-layout":"","ast-disable-related-posts":"","theme-transparent-header-meta":"","adv-header-id-meta":"","stick-header-meta":"","header-above-stick-meta":"","header-main-stick-meta":"","header-below-stick-meta":"","astra-migrate-meta-layouts":"default","ast-page-background-enabled":"default","ast-page-background-meta":{"desktop":{"background-color":"var(--ast-global-color-5)","background-image":"","background-repeat":"repeat","background-position":"center center","background-size":"auto","background-attachment":"scroll","background-type":"","background-media":"","overlay-type":"","overlay-color":"","overlay-opacity":"","overlay-gradient":""},"tablet":{"background-color":"","background-image":"","background-repeat":"repeat","background-position":"center center","background-size":"auto","background-attachment":"scroll","background-type":"","background-media":"","overlay-type":"","overlay-color":"","overlay-opacity":"","overlay-gradient":""},"mobile":{"background-color":"","background-image":"","background-repeat":"repeat","background-position":"center center","background-size":"auto","background-attachment":"scroll","background-type":"","background-media":"","overlay-type":"","overlay-color":"","overlay-opacity":"","overlay-gradient":""}},"ast-content-background-meta":{"desktop":{"background-color":"var(--ast-global-color-4)","background-image":"","background-repeat":"repeat","background-position":"center center","background-size":"auto","background-attachment":"scroll","background-type":"","background-media":"","overlay-type":"","overlay-color":"","overlay-opacity":"","overlay-gradient":""},"tablet":{"background-color":"var(--ast-global-color-4)","background-image":"","background-repeat":"repeat","background-position":"center center","background-size":"auto","background-attachment":"scroll","background-type":"","background-media":"","overlay-type":"","overlay-color":"","overlay-opacity":"","overlay-gradient":""},"mobile":{"background-color":"var(--ast-global-color-4)","background-image":"","background-repeat":"repeat","background-position":"center center","background-size":"auto","background-attachment":"scroll","background-type":"","background-media":"","overlay-type":"","overlay-color":"","overlay-opacity":"","overlay-gradient":""}},"footnotes":""},"categories":[91],"tags":[1102,1103,1104,1105,421,1106,1107,1108,1109,1110],"class_list":["post-12565","post","type-post","status-publish","format-standard","has-post-thumbnail","hentry","category-empresas-asociadas","tag-bienestar","tag-centro-de-psicologia-integral-granada","tag-mindfulness","tag-neuropsicologia","tag-psicologia","tag-psicologia-clinica","tag-psicologia-de-la-salud","tag-psicologia-granada","tag-psicologia-juridica","tag-salud-fisica-y-mental"],"acf":[],"yoast_head":"<!-- This site is optimized with the Yoast SEO plugin v26.9 - https:\/\/yoast.com\/product\/yoast-seo-wordpress\/ -->\n<title>Nuevo asociado:Carmen Verdejo Centro de Psicolog\u00eda Integral - AJE Granada<\/title>\n<meta name=\"robots\" content=\"index, follow, max-snippet:-1, max-image-preview:large, max-video-preview:-1\" \/>\n<link rel=\"canonical\" href=\"https:\/\/ajeandalucia.org\/granada\/2014\/04\/07\/nuevo-asociadocarmen-verdejo-centro-de-psicologia-integral\/\" \/>\n<meta property=\"og:locale\" content=\"es_ES\" \/>\n<meta property=\"og:type\" content=\"article\" \/>\n<meta property=\"og:title\" content=\"Nuevo asociado:Carmen Verdejo Centro de Psicolog\u00eda Integral - AJE Granada\" \/>\n<meta property=\"og:description\" content=\"Nuestro nuevo asociado Carmen Verdejo Centro de Psicolog\u00eda Integral est\u00e1 formado por un equipo de psic\u00f3logas con gran experiencia en [&hellip;]\" \/>\n<meta property=\"og:url\" content=\"https:\/\/ajeandalucia.org\/granada\/2014\/04\/07\/nuevo-asociadocarmen-verdejo-centro-de-psicologia-integral\/\" \/>\n<meta property=\"og:site_name\" content=\"AJE Granada\" \/>\n<meta property=\"article:published_time\" content=\"2014-04-07T12:21:26+00:00\" \/>\n<meta name=\"twitter:card\" content=\"summary_large_image\" \/>\n<meta name=\"twitter:label1\" content=\"Escrito por\" \/>\n\t<meta name=\"twitter:data1\" content=\"\" \/>\n\t<meta name=\"twitter:label2\" content=\"Tiempo de lectura\" \/>\n\t<meta name=\"twitter:data2\" content=\"2 minutos\" \/>\n<script type=\"application\/ld+json\" class=\"yoast-schema-graph\">{\"@context\":\"https:\/\/schema.org\",\"@graph\":[{\"@type\":\"Article\",\"@id\":\"https:\/\/ajeandalucia.org\/granada\/2014\/04\/07\/nuevo-asociadocarmen-verdejo-centro-de-psicologia-integral\/#article\",\"isPartOf\":{\"@id\":\"https:\/\/ajeandalucia.org\/granada\/2014\/04\/07\/nuevo-asociadocarmen-verdejo-centro-de-psicologia-integral\/\"},\"author\":{\"name\":\"\",\"@id\":\"\"},\"headline\":\"Nuevo asociado:Carmen Verdejo Centro de Psicolog\u00eda Integral\",\"datePublished\":\"2014-04-07T12:21:26+00:00\",\"mainEntityOfPage\":{\"@id\":\"https:\/\/ajeandalucia.org\/granada\/2014\/04\/07\/nuevo-asociadocarmen-verdejo-centro-de-psicologia-integral\/\"},\"wordCount\":384,\"commentCount\":0,\"publisher\":{\"@id\":\"https:\/\/ajeandalucia.org\/granada\/#organization\"},\"image\":{\"@id\":\"https:\/\/ajeandalucia.org\/granada\/2014\/04\/07\/nuevo-asociadocarmen-verdejo-centro-de-psicologia-integral\/#primaryimage\"},\"thumbnailUrl\":\"\",\"keywords\":[\"bienestar\",\"centro de psicolog\u00eda integral granada\",\"mindfulness\",\"neuropsicolog\u00eda\",\"psicologia\",\"psicolog\u00eda cl\u00ednica\",\"psicolog\u00eda de la salud\",\"psicolog\u00eda granada\",\"psicolog\u00eda jur\u00eddica\",\"salud f\u00edsica y mental\"],\"articleSection\":[\"Empresas asociadas\"],\"inLanguage\":\"es\",\"potentialAction\":[{\"@type\":\"CommentAction\",\"name\":\"Comment\",\"target\":[\"https:\/\/ajeandalucia.org\/granada\/2014\/04\/07\/nuevo-asociadocarmen-verdejo-centro-de-psicologia-integral\/#respond\"]}]},{\"@type\":\"WebPage\",\"@id\":\"https:\/\/ajeandalucia.org\/granada\/2014\/04\/07\/nuevo-asociadocarmen-verdejo-centro-de-psicologia-integral\/\",\"url\":\"https:\/\/ajeandalucia.org\/granada\/2014\/04\/07\/nuevo-asociadocarmen-verdejo-centro-de-psicologia-integral\/\",\"name\":\"Nuevo asociado:Carmen Verdejo Centro de Psicolog\u00eda Integral - AJE Granada\",\"isPartOf\":{\"@id\":\"https:\/\/ajeandalucia.org\/granada\/#website\"},\"primaryImageOfPage\":{\"@id\":\"https:\/\/ajeandalucia.org\/granada\/2014\/04\/07\/nuevo-asociadocarmen-verdejo-centro-de-psicologia-integral\/#primaryimage\"},\"image\":{\"@id\":\"https:\/\/ajeandalucia.org\/granada\/2014\/04\/07\/nuevo-asociadocarmen-verdejo-centro-de-psicologia-integral\/#primaryimage\"},\"thumbnailUrl\":\"\",\"datePublished\":\"2014-04-07T12:21:26+00:00\",\"breadcrumb\":{\"@id\":\"https:\/\/ajeandalucia.org\/granada\/2014\/04\/07\/nuevo-asociadocarmen-verdejo-centro-de-psicologia-integral\/#breadcrumb\"},\"inLanguage\":\"es\",\"potentialAction\":[{\"@type\":\"ReadAction\",\"target\":[\"https:\/\/ajeandalucia.org\/granada\/2014\/04\/07\/nuevo-asociadocarmen-verdejo-centro-de-psicologia-integral\/\"]}]},{\"@type\":\"ImageObject\",\"inLanguage\":\"es\",\"@id\":\"https:\/\/ajeandalucia.org\/granada\/2014\/04\/07\/nuevo-asociadocarmen-verdejo-centro-de-psicologia-integral\/#primaryimage\",\"url\":\"\",\"contentUrl\":\"\"},{\"@type\":\"BreadcrumbList\",\"@id\":\"https:\/\/ajeandalucia.org\/granada\/2014\/04\/07\/nuevo-asociadocarmen-verdejo-centro-de-psicologia-integral\/#breadcrumb\",\"itemListElement\":[{\"@type\":\"ListItem\",\"position\":1,\"name\":\"Portada\",\"item\":\"https:\/\/ajeandalucia.org\/granada\/\"},{\"@type\":\"ListItem\",\"position\":2,\"name\":\"Nuevo asociado:Carmen Verdejo Centro de Psicolog\u00eda Integral\"}]},{\"@type\":\"WebSite\",\"@id\":\"https:\/\/ajeandalucia.org\/granada\/#website\",\"url\":\"https:\/\/ajeandalucia.org\/granada\/\",\"name\":\"AJE Granada\",\"description\":\"J\u00f3venes Empresarios de Granada\",\"publisher\":{\"@id\":\"https:\/\/ajeandalucia.org\/granada\/#organization\"},\"potentialAction\":[{\"@type\":\"SearchAction\",\"target\":{\"@type\":\"EntryPoint\",\"urlTemplate\":\"https:\/\/ajeandalucia.org\/granada\/?s={search_term_string}\"},\"query-input\":{\"@type\":\"PropertyValueSpecification\",\"valueRequired\":true,\"valueName\":\"search_term_string\"}}],\"inLanguage\":\"es\"},{\"@type\":\"Organization\",\"@id\":\"https:\/\/ajeandalucia.org\/granada\/#organization\",\"name\":\"AJE Granada\",\"url\":\"https:\/\/ajeandalucia.org\/granada\/\",\"logo\":{\"@type\":\"ImageObject\",\"inLanguage\":\"es\",\"@id\":\"https:\/\/ajeandalucia.org\/granada\/#\/schema\/logo\/image\/\",\"url\":\"https:\/\/ajeandalucia.org\/granada\/wp-content\/uploads\/sites\/7\/2025\/02\/AJE-GRANADA-horizontal.png\",\"contentUrl\":\"https:\/\/ajeandalucia.org\/granada\/wp-content\/uploads\/sites\/7\/2025\/02\/AJE-GRANADA-horizontal.png\",\"width\":612,\"height\":200,\"caption\":\"AJE Granada\"},\"image\":{\"@id\":\"https:\/\/ajeandalucia.org\/granada\/#\/schema\/logo\/image\/\"}},{\"@type\":\"Person\",\"@id\":\"\",\"url\":\"https:\/\/ajeandalucia.org\/granada\/author\/\"}]}<\/script>\n<!-- \/ Yoast SEO plugin. -->","yoast_head_json":{"title":"Nuevo asociado:Carmen Verdejo Centro de Psicolog\u00eda Integral - AJE Granada","robots":{"index":"index","follow":"follow","max-snippet":"max-snippet:-1","max-image-preview":"max-image-preview:large","max-video-preview":"max-video-preview:-1"},"canonical":"https:\/\/ajeandalucia.org\/granada\/2014\/04\/07\/nuevo-asociadocarmen-verdejo-centro-de-psicologia-integral\/","og_locale":"es_ES","og_type":"article","og_title":"Nuevo asociado:Carmen Verdejo Centro de Psicolog\u00eda Integral - AJE Granada","og_description":"Nuestro nuevo asociado Carmen Verdejo Centro de Psicolog\u00eda Integral est\u00e1 formado por un equipo de psic\u00f3logas con gran experiencia en [&hellip;]","og_url":"https:\/\/ajeandalucia.org\/granada\/2014\/04\/07\/nuevo-asociadocarmen-verdejo-centro-de-psicologia-integral\/","og_site_name":"AJE Granada","article_published_time":"2014-04-07T12:21:26+00:00","twitter_card":"summary_large_image","twitter_misc":{"Escrito por":"","Tiempo de lectura":"2 minutos"},"schema":{"@context":"https:\/\/schema.org","@graph":[{"@type":"Article","@id":"https:\/\/ajeandalucia.org\/granada\/2014\/04\/07\/nuevo-asociadocarmen-verdejo-centro-de-psicologia-integral\/#article","isPartOf":{"@id":"https:\/\/ajeandalucia.org\/granada\/2014\/04\/07\/nuevo-asociadocarmen-verdejo-centro-de-psicologia-integral\/"},"author":{"name":"","@id":""},"headline":"Nuevo asociado:Carmen Verdejo Centro de Psicolog\u00eda Integral","datePublished":"2014-04-07T12:21:26+00:00","mainEntityOfPage":{"@id":"https:\/\/ajeandalucia.org\/granada\/2014\/04\/07\/nuevo-asociadocarmen-verdejo-centro-de-psicologia-integral\/"},"wordCount":384,"commentCount":0,"publisher":{"@id":"https:\/\/ajeandalucia.org\/granada\/#organization"},"image":{"@id":"https:\/\/ajeandalucia.org\/granada\/2014\/04\/07\/nuevo-asociadocarmen-verdejo-centro-de-psicologia-integral\/#primaryimage"},"thumbnailUrl":"","keywords":["bienestar","centro de psicolog\u00eda integral granada","mindfulness","neuropsicolog\u00eda","psicologia","psicolog\u00eda cl\u00ednica","psicolog\u00eda de la salud","psicolog\u00eda granada","psicolog\u00eda jur\u00eddica","salud f\u00edsica y mental"],"articleSection":["Empresas asociadas"],"inLanguage":"es","potentialAction":[{"@type":"CommentAction","name":"Comment","target":["https:\/\/ajeandalucia.org\/granada\/2014\/04\/07\/nuevo-asociadocarmen-verdejo-centro-de-psicologia-integral\/#respond"]}]},{"@type":"WebPage","@id":"https:\/\/ajeandalucia.org\/granada\/2014\/04\/07\/nuevo-asociadocarmen-verdejo-centro-de-psicologia-integral\/","url":"https:\/\/ajeandalucia.org\/granada\/2014\/04\/07\/nuevo-asociadocarmen-verdejo-centro-de-psicologia-integral\/","name":"Nuevo asociado:Carmen Verdejo Centro de Psicolog\u00eda Integral - AJE Granada","isPartOf":{"@id":"https:\/\/ajeandalucia.org\/granada\/#website"},"primaryImageOfPage":{"@id":"https:\/\/ajeandalucia.org\/granada\/2014\/04\/07\/nuevo-asociadocarmen-verdejo-centro-de-psicologia-integral\/#primaryimage"},"image":{"@id":"https:\/\/ajeandalucia.org\/granada\/2014\/04\/07\/nuevo-asociadocarmen-verdejo-centro-de-psicologia-integral\/#primaryimage"},"thumbnailUrl":"","datePublished":"2014-04-07T12:21:26+00:00","breadcrumb":{"@id":"https:\/\/ajeandalucia.org\/granada\/2014\/04\/07\/nuevo-asociadocarmen-verdejo-centro-de-psicologia-integral\/#breadcrumb"},"inLanguage":"es","potentialAction":[{"@type":"ReadAction","target":["https:\/\/ajeandalucia.org\/granada\/2014\/04\/07\/nuevo-asociadocarmen-verdejo-centro-de-psicologia-integral\/"]}]},{"@type":"ImageObject","inLanguage":"es","@id":"https:\/\/ajeandalucia.org\/granada\/2014\/04\/07\/nuevo-asociadocarmen-verdejo-centro-de-psicologia-integral\/#primaryimage","url":"","contentUrl":""},{"@type":"BreadcrumbList","@id":"https:\/\/ajeandalucia.org\/granada\/2014\/04\/07\/nuevo-asociadocarmen-verdejo-centro-de-psicologia-integral\/#breadcrumb","itemListElement":[{"@type":"ListItem","position":1,"name":"Portada","item":"https:\/\/ajeandalucia.org\/granada\/"},{"@type":"ListItem","position":2,"name":"Nuevo asociado:Carmen Verdejo Centro de Psicolog\u00eda Integral"}]},{"@type":"WebSite","@id":"https:\/\/ajeandalucia.org\/granada\/#website","url":"https:\/\/ajeandalucia.org\/granada\/","name":"AJE Granada","description":"J\u00f3venes Empresarios de Granada","publisher":{"@id":"https:\/\/ajeandalucia.org\/granada\/#organization"},"potentialAction":[{"@type":"SearchAction","target":{"@type":"EntryPoint","urlTemplate":"https:\/\/ajeandalucia.org\/granada\/?s={search_term_string}"},"query-input":{"@type":"PropertyValueSpecification","valueRequired":true,"valueName":"search_term_string"}}],"inLanguage":"es"},{"@type":"Organization","@id":"https:\/\/ajeandalucia.org\/granada\/#organization","name":"AJE Granada","url":"https:\/\/ajeandalucia.org\/granada\/","logo":{"@type":"ImageObject","inLanguage":"es","@id":"https:\/\/ajeandalucia.org\/granada\/#\/schema\/logo\/image\/","url":"https:\/\/ajeandalucia.org\/granada\/wp-content\/uploads\/sites\/7\/2025\/02\/AJE-GRANADA-horizontal.png","contentUrl":"https:\/\/ajeandalucia.org\/granada\/wp-content\/uploads\/sites\/7\/2025\/02\/AJE-GRANADA-horizontal.png","width":612,"height":200,"caption":"AJE Granada"},"image":{"@id":"https:\/\/ajeandalucia.org\/granada\/#\/schema\/logo\/image\/"}},{"@type":"Person","@id":"","url":"https:\/\/ajeandalucia.org\/granada\/author\/"}]}},"_links":{"self":[{"href":"https:\/\/ajeandalucia.org\/granada\/wp-json\/wp\/v2\/posts\/12565","targetHints":{"allow":["GET"]}}],"collection":[{"href":"https:\/\/ajeandalucia.org\/granada\/wp-json\/wp\/v2\/posts"}],"about":[{"href":"https:\/\/ajeandalucia.org\/granada\/wp-json\/wp\/v2\/types\/post"}],"author":[{"embeddable":true,"href":"https:\/\/ajeandalucia.org\/granada\/wp-json\/wp\/v2\/users\/1"}],"replies":[{"embeddable":true,"href":"https:\/\/ajeandalucia.org\/granada\/wp-json\/wp\/v2\/comments?post=12565"}],"version-history":[{"count":0,"href":"https:\/\/ajeandalucia.org\/granada\/wp-json\/wp\/v2\/posts\/12565\/revisions"}],"wp:featuredmedia":[{"embeddable":true,"href":"https:\/\/ajeandalucia.org\/granada\/wp-json\/"}],"wp:attachment":[{"href":"https:\/\/ajeandalucia.org\/granada\/wp-json\/wp\/v2\/media?parent=12565"}],"wp:term":[{"taxonomy":"category","embeddable":true,"href":"https:\/\/ajeandalucia.org\/granada\/wp-json\/wp\/v2\/categories?post=12565"},{"taxonomy":"post_tag","embeddable":true,"href":"https:\/\/ajeandalucia.org\/granada\/wp-json\/wp\/v2\/tags?post=12565"}],"curies":[{"name":"wp","href":"https:\/\/api.w.org\/{rel}","templated":true}]}}