{"id":12686,"date":"2014-04-14T11:20:00","date_gmt":"2014-04-14T09:20:00","guid":{"rendered":"http:\/\/www.ajegranada.org\/?p=12686"},"modified":"2014-04-14T11:20:00","modified_gmt":"2014-04-14T09:20:00","slug":"nuevo-asociado-arquigreen","status":"publish","type":"post","link":"https:\/\/ajeandalucia.org\/granada\/2014\/04\/14\/nuevo-asociado-arquigreen\/","title":{"rendered":"Nuevo asociado: Arquigreen"},"content":{"rendered":"<p>Estudio de arquitectura, dise\u00f1o y decoraci\u00f3n, innovador y pionero en la experimentaci\u00f3n\u00a0e incorporaci\u00f3n de t\u00e9cnicas vegetales en la arquitectura. Es el primer y \u00fanico estudio de<br \/>\narquitectura de Granada que ofrece servicios de arquitectura vegetal, relacionando los\u00a0conceptos de respeto medioambiental y eficiencia energ\u00e9tica. Fundado en 2013 por Ana<br \/>\nCarvajal Garc\u00eda, arquitecta, est\u00e1 especializado en la arquitectura sostenible, y en la\u00a0experimentaci\u00f3n, el dise\u00f1o, y la construcci\u00f3n de la arquitectura vegetal, en particular, las cubiertas vegetales y los jardines verticales (muros vegetales).<\/p>\n<p>Productos y servicios que ofrece Arquigreen:<\/p>\n<ul>\n<li><strong>JARDINES VERTICALES Y CUBIERTAS VEGETALES.<\/strong><\/li>\n<\/ul>\n<p>Arquigreen dise\u00f1a, suministra e instala cubiertas vegetales y jardines verticales con un sistema\u00a0\u00fanico e innovador.Su objetivo es crear la mayor cantidad de \u00e1reas verdes en las<br \/>\nciudades, impulsando el cuidado del medio ambiente, y brindando una mejor calidad de vida,\u00a0dando una soluci\u00f3n arquitect\u00f3nica, est\u00e9tica y funcional, que aporta numerosos beneficios para\u00a0el usuario y su entorno. Tambi\u00e9n comercializa la peque\u00f1a escala del jard\u00edn vertical, como son\u00a0los cuadros vivos. Ofrece cursos y talleres de formaci\u00f3n para aprender estas t\u00e9cnicas.<\/p>\n<ul>\n<li><strong>DECORACI\u00d3N E INTERIORISMO: MUSGOGREEN.<\/strong><\/li>\n<\/ul>\n<p>Es la variable de interiorismo y decoraci\u00f3n de arquigreen. Realizan y ejecutan proyectos\u00a0decorativos de jardines verticales utilizando las plantas preservadas, y en concreto las especies\u00a0de musgo y l\u00edquenes estabilizados, que aportan una espectacular sensaci\u00f3n de naturaleza sin\u00a0ning\u00fan mantenimiento. Son Jardines verticales s\u00f3lo de interior, con plantas naturales\u00a0preservadas. 0% de mantenimiento = 0% de luz, 0% de agua, 0% electricidad\u2026.y 100%\u00a0natural y biodegradable.<\/p>\n<ul>\n<li><strong>SERVICIOS O2. Calculo Huella Carbono.<\/strong><\/li>\n<\/ul>\n<p>Arquigreen en su objetivo de impulsar medidas de mejora del medio ambiente, ofrece\u00a0servicios de C\u00e1lculo de Huella de Carbono, y eficiencia energ\u00e9tica en la edificaci\u00f3n, para<br \/>\npromover los beneficios medioambientales, y favorecer la reducci\u00f3n de consumo energ\u00e9tico.\u00a0Se realizan estudios y auditor\u00edas a nivel corporativo y\/o personal, de la Huella de Carbono, para\u00a0mejorar la responsabilidad social de las empresas, en su compromiso con la reducci\u00f3n de\u00a0emisiones de C02. Adem\u00e1s ofrecen el valor a\u00f1adido de aplicar las t\u00e9cnicas de arquitectura\u00a0vegetal para conseguir reducir el consumo energ\u00e9tico, la contaminaci\u00f3n y la Huella de\u00a0Carbono. Estudian las distintas subvenciones a las que las empresas puedan acogerse para\u00a0adoptar estas t\u00e9cnicas en sus sedes.<\/p>\n<p>Podr\u00e1s conocer m\u00e1s sobre Arquigreen y sus servicios y productos<a href=\"http:\/\/www.ajegranada.org\/blog\/asociados\/arquigreen\/\"> aqu\u00ed<\/a><\/p>\n","protected":false},"excerpt":{"rendered":"<p>Estudio de arquitectura, dise\u00f1o y decoraci\u00f3n, innovador y pionero en la experimentaci\u00f3n\u00a0e incorporaci\u00f3n de t\u00e9cnicas vegetales en la arquitectura. Es [&hellip;]<\/p>\n","protected":false},"author":1,"featured_media":12683,"comment_status":"open","ping_status":"open","sticky":false,"template":"","format":"standard","meta":{"_acf_changed":false,"site-sidebar-layout":"default","site-content-layout":"","ast-site-content-layout":"default","site-content-style":"default","site-sidebar-style":"default","ast-global-header-display":"","ast-banner-title-visibility":"","ast-main-header-display":"","ast-hfb-above-header-display":"","ast-hfb-below-header-display":"","ast-hfb-mobile-header-display":"","site-post-title":"","ast-breadcrumbs-content":"","ast-featured-img":"","footer-sml-layout":"","ast-disable-related-posts":"","theme-transparent-header-meta":"","adv-header-id-meta":"","stick-header-meta":"","header-above-stick-meta":"","header-main-stick-meta":"","header-below-stick-meta":"","astra-migrate-meta-layouts":"default","ast-page-background-enabled":"default","ast-page-background-meta":{"desktop":{"background-color":"var(--ast-global-color-5)","background-image":"","background-repeat":"repeat","background-position":"center center","background-size":"auto","background-attachment":"scroll","background-type":"","background-media":"","overlay-type":"","overlay-color":"","overlay-opacity":"","overlay-gradient":""},"tablet":{"background-color":"","background-image":"","background-repeat":"repeat","background-position":"center center","background-size":"auto","background-attachment":"scroll","background-type":"","background-media":"","overlay-type":"","overlay-color":"","overlay-opacity":"","overlay-gradient":""},"mobile":{"background-color":"","background-image":"","background-repeat":"repeat","background-position":"center center","background-size":"auto","background-attachment":"scroll","background-type":"","background-media":"","overlay-type":"","overlay-color":"","overlay-opacity":"","overlay-gradient":""}},"ast-content-background-meta":{"desktop":{"background-color":"var(--ast-global-color-4)","background-image":"","background-repeat":"repeat","background-position":"center center","background-size":"auto","background-attachment":"scroll","background-type":"","background-media":"","overlay-type":"","overlay-color":"","overlay-opacity":"","overlay-gradient":""},"tablet":{"background-color":"var(--ast-global-color-4)","background-image":"","background-repeat":"repeat","background-position":"center center","background-size":"auto","background-attachment":"scroll","background-type":"","background-media":"","overlay-type":"","overlay-color":"","overlay-opacity":"","overlay-gradient":""},"mobile":{"background-color":"var(--ast-global-color-4)","background-image":"","background-repeat":"repeat","background-position":"center center","background-size":"auto","background-attachment":"scroll","background-type":"","background-media":"","overlay-type":"","overlay-color":"","overlay-opacity":"","overlay-gradient":""}},"footnotes":""},"categories":[91],"tags":[1071,1073,1178,1179,1075,361,654,1080,1180,1181],"class_list":["post-12686","post","type-post","status-publish","format-standard","has-post-thumbnail","hentry","category-empresas-asociadas","tag-arquigreen","tag-arquitectura-sostenible","tag-arquitectura-vegetal","tag-arquitectura-verde","tag-cubiertas-vegetales","tag-decoracion","tag-interiorismo","tag-jardines-verticales","tag-musgogreen","tag-reducir-contaminacion"],"acf":[],"yoast_head":"<!-- This site is optimized with the Yoast SEO plugin v26.9 - https:\/\/yoast.com\/product\/yoast-seo-wordpress\/ -->\n<title>Nuevo asociado: Arquigreen - AJE Granada<\/title>\n<meta name=\"robots\" content=\"index, follow, max-snippet:-1, max-image-preview:large, max-video-preview:-1\" \/>\n<link rel=\"canonical\" href=\"https:\/\/ajeandalucia.org\/granada\/2014\/04\/14\/nuevo-asociado-arquigreen\/\" \/>\n<meta property=\"og:locale\" content=\"es_ES\" \/>\n<meta property=\"og:type\" content=\"article\" \/>\n<meta property=\"og:title\" content=\"Nuevo asociado: Arquigreen - AJE Granada\" \/>\n<meta property=\"og:description\" content=\"Estudio de arquitectura, dise\u00f1o y decoraci\u00f3n, innovador y pionero en la experimentaci\u00f3n\u00a0e incorporaci\u00f3n de t\u00e9cnicas vegetales en la arquitectura. Es [&hellip;]\" \/>\n<meta property=\"og:url\" content=\"https:\/\/ajeandalucia.org\/granada\/2014\/04\/14\/nuevo-asociado-arquigreen\/\" \/>\n<meta property=\"og:site_name\" content=\"AJE Granada\" \/>\n<meta property=\"article:published_time\" content=\"2014-04-14T09:20:00+00:00\" \/>\n<meta name=\"twitter:card\" content=\"summary_large_image\" \/>\n<meta name=\"twitter:label1\" content=\"Escrito por\" \/>\n\t<meta name=\"twitter:data1\" content=\"\" \/>\n\t<meta name=\"twitter:label2\" content=\"Tiempo de lectura\" \/>\n\t<meta name=\"twitter:data2\" content=\"2 minutos\" \/>\n<script type=\"application\/ld+json\" class=\"yoast-schema-graph\">{\"@context\":\"https:\/\/schema.org\",\"@graph\":[{\"@type\":\"Article\",\"@id\":\"https:\/\/ajeandalucia.org\/granada\/2014\/04\/14\/nuevo-asociado-arquigreen\/#article\",\"isPartOf\":{\"@id\":\"https:\/\/ajeandalucia.org\/granada\/2014\/04\/14\/nuevo-asociado-arquigreen\/\"},\"author\":{\"name\":\"\",\"@id\":\"\"},\"headline\":\"Nuevo asociado: Arquigreen\",\"datePublished\":\"2014-04-14T09:20:00+00:00\",\"mainEntityOfPage\":{\"@id\":\"https:\/\/ajeandalucia.org\/granada\/2014\/04\/14\/nuevo-asociado-arquigreen\/\"},\"wordCount\":415,\"commentCount\":0,\"publisher\":{\"@id\":\"https:\/\/ajeandalucia.org\/granada\/#organization\"},\"image\":{\"@id\":\"https:\/\/ajeandalucia.org\/granada\/2014\/04\/14\/nuevo-asociado-arquigreen\/#primaryimage\"},\"thumbnailUrl\":\"\",\"keywords\":[\"arquigreen\",\"arquitectura sostenible\",\"arquitectura vegetal\",\"arquitectura verde\",\"cubiertas vegetales\",\"decoraci\u00f3n\",\"interiorismo\",\"jardines verticales\",\"musgogreen\",\"reducir contaminaci\u00f3n\"],\"articleSection\":[\"Empresas asociadas\"],\"inLanguage\":\"es\",\"potentialAction\":[{\"@type\":\"CommentAction\",\"name\":\"Comment\",\"target\":[\"https:\/\/ajeandalucia.org\/granada\/2014\/04\/14\/nuevo-asociado-arquigreen\/#respond\"]}]},{\"@type\":\"WebPage\",\"@id\":\"https:\/\/ajeandalucia.org\/granada\/2014\/04\/14\/nuevo-asociado-arquigreen\/\",\"url\":\"https:\/\/ajeandalucia.org\/granada\/2014\/04\/14\/nuevo-asociado-arquigreen\/\",\"name\":\"Nuevo asociado: Arquigreen - AJE Granada\",\"isPartOf\":{\"@id\":\"https:\/\/ajeandalucia.org\/granada\/#website\"},\"primaryImageOfPage\":{\"@id\":\"https:\/\/ajeandalucia.org\/granada\/2014\/04\/14\/nuevo-asociado-arquigreen\/#primaryimage\"},\"image\":{\"@id\":\"https:\/\/ajeandalucia.org\/granada\/2014\/04\/14\/nuevo-asociado-arquigreen\/#primaryimage\"},\"thumbnailUrl\":\"\",\"datePublished\":\"2014-04-14T09:20:00+00:00\",\"breadcrumb\":{\"@id\":\"https:\/\/ajeandalucia.org\/granada\/2014\/04\/14\/nuevo-asociado-arquigreen\/#breadcrumb\"},\"inLanguage\":\"es\",\"potentialAction\":[{\"@type\":\"ReadAction\",\"target\":[\"https:\/\/ajeandalucia.org\/granada\/2014\/04\/14\/nuevo-asociado-arquigreen\/\"]}]},{\"@type\":\"ImageObject\",\"inLanguage\":\"es\",\"@id\":\"https:\/\/ajeandalucia.org\/granada\/2014\/04\/14\/nuevo-asociado-arquigreen\/#primaryimage\",\"url\":\"\",\"contentUrl\":\"\"},{\"@type\":\"BreadcrumbList\",\"@id\":\"https:\/\/ajeandalucia.org\/granada\/2014\/04\/14\/nuevo-asociado-arquigreen\/#breadcrumb\",\"itemListElement\":[{\"@type\":\"ListItem\",\"position\":1,\"name\":\"Portada\",\"item\":\"https:\/\/ajeandalucia.org\/granada\/\"},{\"@type\":\"ListItem\",\"position\":2,\"name\":\"Nuevo asociado: Arquigreen\"}]},{\"@type\":\"WebSite\",\"@id\":\"https:\/\/ajeandalucia.org\/granada\/#website\",\"url\":\"https:\/\/ajeandalucia.org\/granada\/\",\"name\":\"AJE Granada\",\"description\":\"J\u00f3venes Empresarios de Granada\",\"publisher\":{\"@id\":\"https:\/\/ajeandalucia.org\/granada\/#organization\"},\"potentialAction\":[{\"@type\":\"SearchAction\",\"target\":{\"@type\":\"EntryPoint\",\"urlTemplate\":\"https:\/\/ajeandalucia.org\/granada\/?s={search_term_string}\"},\"query-input\":{\"@type\":\"PropertyValueSpecification\",\"valueRequired\":true,\"valueName\":\"search_term_string\"}}],\"inLanguage\":\"es\"},{\"@type\":\"Organization\",\"@id\":\"https:\/\/ajeandalucia.org\/granada\/#organization\",\"name\":\"AJE Granada\",\"url\":\"https:\/\/ajeandalucia.org\/granada\/\",\"logo\":{\"@type\":\"ImageObject\",\"inLanguage\":\"es\",\"@id\":\"https:\/\/ajeandalucia.org\/granada\/#\/schema\/logo\/image\/\",\"url\":\"https:\/\/ajeandalucia.org\/granada\/wp-content\/uploads\/sites\/7\/2025\/02\/AJE-GRANADA-horizontal.png\",\"contentUrl\":\"https:\/\/ajeandalucia.org\/granada\/wp-content\/uploads\/sites\/7\/2025\/02\/AJE-GRANADA-horizontal.png\",\"width\":612,\"height\":200,\"caption\":\"AJE Granada\"},\"image\":{\"@id\":\"https:\/\/ajeandalucia.org\/granada\/#\/schema\/logo\/image\/\"}},{\"@type\":\"Person\",\"@id\":\"\",\"url\":\"https:\/\/ajeandalucia.org\/granada\/author\/\"}]}<\/script>\n<!-- \/ Yoast SEO plugin. -->","yoast_head_json":{"title":"Nuevo asociado: Arquigreen - AJE Granada","robots":{"index":"index","follow":"follow","max-snippet":"max-snippet:-1","max-image-preview":"max-image-preview:large","max-video-preview":"max-video-preview:-1"},"canonical":"https:\/\/ajeandalucia.org\/granada\/2014\/04\/14\/nuevo-asociado-arquigreen\/","og_locale":"es_ES","og_type":"article","og_title":"Nuevo asociado: Arquigreen - AJE Granada","og_description":"Estudio de arquitectura, dise\u00f1o y decoraci\u00f3n, innovador y pionero en la experimentaci\u00f3n\u00a0e incorporaci\u00f3n de t\u00e9cnicas vegetales en la arquitectura. Es [&hellip;]","og_url":"https:\/\/ajeandalucia.org\/granada\/2014\/04\/14\/nuevo-asociado-arquigreen\/","og_site_name":"AJE Granada","article_published_time":"2014-04-14T09:20:00+00:00","twitter_card":"summary_large_image","twitter_misc":{"Escrito por":"","Tiempo de lectura":"2 minutos"},"schema":{"@context":"https:\/\/schema.org","@graph":[{"@type":"Article","@id":"https:\/\/ajeandalucia.org\/granada\/2014\/04\/14\/nuevo-asociado-arquigreen\/#article","isPartOf":{"@id":"https:\/\/ajeandalucia.org\/granada\/2014\/04\/14\/nuevo-asociado-arquigreen\/"},"author":{"name":"","@id":""},"headline":"Nuevo asociado: Arquigreen","datePublished":"2014-04-14T09:20:00+00:00","mainEntityOfPage":{"@id":"https:\/\/ajeandalucia.org\/granada\/2014\/04\/14\/nuevo-asociado-arquigreen\/"},"wordCount":415,"commentCount":0,"publisher":{"@id":"https:\/\/ajeandalucia.org\/granada\/#organization"},"image":{"@id":"https:\/\/ajeandalucia.org\/granada\/2014\/04\/14\/nuevo-asociado-arquigreen\/#primaryimage"},"thumbnailUrl":"","keywords":["arquigreen","arquitectura sostenible","arquitectura vegetal","arquitectura verde","cubiertas vegetales","decoraci\u00f3n","interiorismo","jardines verticales","musgogreen","reducir contaminaci\u00f3n"],"articleSection":["Empresas asociadas"],"inLanguage":"es","potentialAction":[{"@type":"CommentAction","name":"Comment","target":["https:\/\/ajeandalucia.org\/granada\/2014\/04\/14\/nuevo-asociado-arquigreen\/#respond"]}]},{"@type":"WebPage","@id":"https:\/\/ajeandalucia.org\/granada\/2014\/04\/14\/nuevo-asociado-arquigreen\/","url":"https:\/\/ajeandalucia.org\/granada\/2014\/04\/14\/nuevo-asociado-arquigreen\/","name":"Nuevo asociado: Arquigreen - AJE Granada","isPartOf":{"@id":"https:\/\/ajeandalucia.org\/granada\/#website"},"primaryImageOfPage":{"@id":"https:\/\/ajeandalucia.org\/granada\/2014\/04\/14\/nuevo-asociado-arquigreen\/#primaryimage"},"image":{"@id":"https:\/\/ajeandalucia.org\/granada\/2014\/04\/14\/nuevo-asociado-arquigreen\/#primaryimage"},"thumbnailUrl":"","datePublished":"2014-04-14T09:20:00+00:00","breadcrumb":{"@id":"https:\/\/ajeandalucia.org\/granada\/2014\/04\/14\/nuevo-asociado-arquigreen\/#breadcrumb"},"inLanguage":"es","potentialAction":[{"@type":"ReadAction","target":["https:\/\/ajeandalucia.org\/granada\/2014\/04\/14\/nuevo-asociado-arquigreen\/"]}]},{"@type":"ImageObject","inLanguage":"es","@id":"https:\/\/ajeandalucia.org\/granada\/2014\/04\/14\/nuevo-asociado-arquigreen\/#primaryimage","url":"","contentUrl":""},{"@type":"BreadcrumbList","@id":"https:\/\/ajeandalucia.org\/granada\/2014\/04\/14\/nuevo-asociado-arquigreen\/#breadcrumb","itemListElement":[{"@type":"ListItem","position":1,"name":"Portada","item":"https:\/\/ajeandalucia.org\/granada\/"},{"@type":"ListItem","position":2,"name":"Nuevo asociado: Arquigreen"}]},{"@type":"WebSite","@id":"https:\/\/ajeandalucia.org\/granada\/#website","url":"https:\/\/ajeandalucia.org\/granada\/","name":"AJE Granada","description":"J\u00f3venes Empresarios de Granada","publisher":{"@id":"https:\/\/ajeandalucia.org\/granada\/#organization"},"potentialAction":[{"@type":"SearchAction","target":{"@type":"EntryPoint","urlTemplate":"https:\/\/ajeandalucia.org\/granada\/?s={search_term_string}"},"query-input":{"@type":"PropertyValueSpecification","valueRequired":true,"valueName":"search_term_string"}}],"inLanguage":"es"},{"@type":"Organization","@id":"https:\/\/ajeandalucia.org\/granada\/#organization","name":"AJE Granada","url":"https:\/\/ajeandalucia.org\/granada\/","logo":{"@type":"ImageObject","inLanguage":"es","@id":"https:\/\/ajeandalucia.org\/granada\/#\/schema\/logo\/image\/","url":"https:\/\/ajeandalucia.org\/granada\/wp-content\/uploads\/sites\/7\/2025\/02\/AJE-GRANADA-horizontal.png","contentUrl":"https:\/\/ajeandalucia.org\/granada\/wp-content\/uploads\/sites\/7\/2025\/02\/AJE-GRANADA-horizontal.png","width":612,"height":200,"caption":"AJE Granada"},"image":{"@id":"https:\/\/ajeandalucia.org\/granada\/#\/schema\/logo\/image\/"}},{"@type":"Person","@id":"","url":"https:\/\/ajeandalucia.org\/granada\/author\/"}]}},"_links":{"self":[{"href":"https:\/\/ajeandalucia.org\/granada\/wp-json\/wp\/v2\/posts\/12686","targetHints":{"allow":["GET"]}}],"collection":[{"href":"https:\/\/ajeandalucia.org\/granada\/wp-json\/wp\/v2\/posts"}],"about":[{"href":"https:\/\/ajeandalucia.org\/granada\/wp-json\/wp\/v2\/types\/post"}],"author":[{"embeddable":true,"href":"https:\/\/ajeandalucia.org\/granada\/wp-json\/wp\/v2\/users\/1"}],"replies":[{"embeddable":true,"href":"https:\/\/ajeandalucia.org\/granada\/wp-json\/wp\/v2\/comments?post=12686"}],"version-history":[{"count":0,"href":"https:\/\/ajeandalucia.org\/granada\/wp-json\/wp\/v2\/posts\/12686\/revisions"}],"wp:featuredmedia":[{"embeddable":true,"href":"https:\/\/ajeandalucia.org\/granada\/wp-json\/"}],"wp:attachment":[{"href":"https:\/\/ajeandalucia.org\/granada\/wp-json\/wp\/v2\/media?parent=12686"}],"wp:term":[{"taxonomy":"category","embeddable":true,"href":"https:\/\/ajeandalucia.org\/granada\/wp-json\/wp\/v2\/categories?post=12686"},{"taxonomy":"post_tag","embeddable":true,"href":"https:\/\/ajeandalucia.org\/granada\/wp-json\/wp\/v2\/tags?post=12686"}],"curies":[{"name":"wp","href":"https:\/\/api.w.org\/{rel}","templated":true}]}}