{"id":12689,"date":"2014-04-14T11:40:19","date_gmt":"2014-04-14T09:40:19","guid":{"rendered":"http:\/\/www.ajegranada.org\/?p=12689"},"modified":"2014-04-14T11:40:19","modified_gmt":"2014-04-14T09:40:19","slug":"curso-trajano-emprendete","status":"publish","type":"post","link":"https:\/\/ajeandalucia.org\/granada\/2014\/04\/14\/curso-trajano-emprendete\/","title":{"rendered":"Curso Trajano: Empr\u00e9ndete"},"content":{"rendered":"<p><a href=\"http:\/\/www.ajegranada.org\/wp-content\/uploads\/2014\/04\/CURSO-EMPRENDETE-TRAJANO.png\"><img loading=\"lazy\" decoding=\"async\" class=\"aligncenter size-full wp-image-12690\" alt=\"CURSO EMPRENDETE TRAJANO\" src=\"http:\/\/www.ajegranada.org\/wp-content\/uploads\/2014\/04\/CURSO-EMPRENDETE-TRAJANO.png\" width=\"571\" height=\"429\" \/><\/a><br \/>\nPrograma especializado que te permite adquirir la capacitaci\u00f3n t\u00e9cnica como emprendedor para el desarrollo de un proyecto de empresa, incluyendo la elaboraci\u00f3n de un plan de empresa, la presentaci\u00f3n del mismo, y la b\u00fasqueda de fuentes de financiaci\u00f3n para su puesta en marcha. As\u00ed como la gesti\u00f3n de uno mismo y las herramientas principales de Marketing y Redes Sociales necesarias para cualquier actividad empresarial.<\/p>\n<p>El emprendedor aprender\u00e1 las t\u00e9cnicas m\u00e1s eficaces del marketing: segmentaci\u00f3n de mercado, marketing mix, pol\u00edticas y directrices, informaci\u00f3n de mercado, planificaci\u00f3n de medios y marketing directo. Con el fin de obtener un conocimiento pr\u00e1ctico y profundo de los puntos clave que le permitir\u00e1n alcanzar la mejor posici\u00f3n competitiva de su proyecto emprendedor, aprovechando todas las t\u00e9cnicas y herramientas que el marketing pone a nuestra disposici\u00f3n.<\/p>\n<p>El emprendedor conocer\u00e1 las principales variables y utilidades disponibles en Internet, tanto para su uso como herramienta de teletrabajo, como para la comercializaci\u00f3n online de distintos tipos de productos y servicios de su proyecto emprendedor, identificando las variables que intervienen en la conducta y las motivaciones de compra del cliente-internauta.<\/p>\n<p>DURACI\u00d3N: 75 horas en modalidad elearning.<\/p>\n<p>En la documentaci\u00f3n adjunta podr\u00e1s conocer m\u00e1s sobre contenidos y objetivos del curso[wpfilebase tag=file id=564 tpl=download-button \/]<\/p>\n<p>&nbsp;<\/p>\n","protected":false},"excerpt":{"rendered":"<p>Programa especializado que te permite adquirir la capacitaci\u00f3n t\u00e9cnica como emprendedor para el desarrollo de un proyecto de empresa, incluyendo [&hellip;]<\/p>\n","protected":false},"author":1,"featured_media":12691,"comment_status":"open","ping_status":"open","sticky":false,"template":"","format":"standard","meta":{"_acf_changed":false,"site-sidebar-layout":"default","site-content-layout":"","ast-site-content-layout":"default","site-content-style":"default","site-sidebar-style":"default","ast-global-header-display":"","ast-banner-title-visibility":"","ast-main-header-display":"","ast-hfb-above-header-display":"","ast-hfb-below-header-display":"","ast-hfb-mobile-header-display":"","site-post-title":"","ast-breadcrumbs-content":"","ast-featured-img":"","footer-sml-layout":"","ast-disable-related-posts":"","theme-transparent-header-meta":"","adv-header-id-meta":"","stick-header-meta":"","header-above-stick-meta":"","header-main-stick-meta":"","header-below-stick-meta":"","astra-migrate-meta-layouts":"default","ast-page-background-enabled":"default","ast-page-background-meta":{"desktop":{"background-color":"var(--ast-global-color-5)","background-image":"","background-repeat":"repeat","background-position":"center center","background-size":"auto","background-attachment":"scroll","background-type":"","background-media":"","overlay-type":"","overlay-color":"","overlay-opacity":"","overlay-gradient":""},"tablet":{"background-color":"","background-image":"","background-repeat":"repeat","background-position":"center center","background-size":"auto","background-attachment":"scroll","background-type":"","background-media":"","overlay-type":"","overlay-color":"","overlay-opacity":"","overlay-gradient":""},"mobile":{"background-color":"","background-image":"","background-repeat":"repeat","background-position":"center center","background-size":"auto","background-attachment":"scroll","background-type":"","background-media":"","overlay-type":"","overlay-color":"","overlay-opacity":"","overlay-gradient":""}},"ast-content-background-meta":{"desktop":{"background-color":"var(--ast-global-color-4)","background-image":"","background-repeat":"repeat","background-position":"center center","background-size":"auto","background-attachment":"scroll","background-type":"","background-media":"","overlay-type":"","overlay-color":"","overlay-opacity":"","overlay-gradient":""},"tablet":{"background-color":"var(--ast-global-color-4)","background-image":"","background-repeat":"repeat","background-position":"center center","background-size":"auto","background-attachment":"scroll","background-type":"","background-media":"","overlay-type":"","overlay-color":"","overlay-opacity":"","overlay-gradient":""},"mobile":{"background-color":"var(--ast-global-color-4)","background-image":"","background-repeat":"repeat","background-position":"center center","background-size":"auto","background-attachment":"scroll","background-type":"","background-media":"","overlay-type":"","overlay-color":"","overlay-opacity":"","overlay-gradient":""}},"footnotes":""},"categories":[8],"tags":[1182,96,1183,1184,1185],"class_list":["post-12689","post","type-post","status-publish","format-standard","has-post-thumbnail","hentry","category-noticias","tag-curso-capacitacion-emprendedores","tag-formacion-2","tag-formacion-emprendedores","tag-plan-de-empresa-emprendedores","tag-proyecto-empresarial"],"acf":[],"yoast_head":"<!-- This site is optimized with the Yoast SEO plugin v26.9 - https:\/\/yoast.com\/product\/yoast-seo-wordpress\/ -->\n<title>Curso Trajano: Empr\u00e9ndete - AJE Granada<\/title>\n<meta name=\"robots\" content=\"index, follow, max-snippet:-1, max-image-preview:large, max-video-preview:-1\" \/>\n<link rel=\"canonical\" href=\"https:\/\/ajeandalucia.org\/granada\/2014\/04\/14\/curso-trajano-emprendete\/\" \/>\n<meta property=\"og:locale\" content=\"es_ES\" \/>\n<meta property=\"og:type\" content=\"article\" \/>\n<meta property=\"og:title\" content=\"Curso Trajano: Empr\u00e9ndete - AJE Granada\" \/>\n<meta property=\"og:description\" content=\"Programa especializado que te permite adquirir la capacitaci\u00f3n t\u00e9cnica como emprendedor para el desarrollo de un proyecto de empresa, incluyendo [&hellip;]\" \/>\n<meta property=\"og:url\" content=\"https:\/\/ajeandalucia.org\/granada\/2014\/04\/14\/curso-trajano-emprendete\/\" \/>\n<meta property=\"og:site_name\" content=\"AJE Granada\" \/>\n<meta property=\"article:published_time\" content=\"2014-04-14T09:40:19+00:00\" \/>\n<meta name=\"twitter:card\" content=\"summary_large_image\" \/>\n<meta name=\"twitter:label1\" content=\"Escrito por\" \/>\n\t<meta name=\"twitter:data1\" content=\"\" \/>\n\t<meta name=\"twitter:label2\" content=\"Tiempo de lectura\" \/>\n\t<meta name=\"twitter:data2\" content=\"1 minuto\" \/>\n<script type=\"application\/ld+json\" class=\"yoast-schema-graph\">{\"@context\":\"https:\/\/schema.org\",\"@graph\":[{\"@type\":\"Article\",\"@id\":\"https:\/\/ajeandalucia.org\/granada\/2014\/04\/14\/curso-trajano-emprendete\/#article\",\"isPartOf\":{\"@id\":\"https:\/\/ajeandalucia.org\/granada\/2014\/04\/14\/curso-trajano-emprendete\/\"},\"author\":{\"name\":\"\",\"@id\":\"\"},\"headline\":\"Curso Trajano: Empr\u00e9ndete\",\"datePublished\":\"2014-04-14T09:40:19+00:00\",\"mainEntityOfPage\":{\"@id\":\"https:\/\/ajeandalucia.org\/granada\/2014\/04\/14\/curso-trajano-emprendete\/\"},\"wordCount\":231,\"commentCount\":0,\"publisher\":{\"@id\":\"https:\/\/ajeandalucia.org\/granada\/#organization\"},\"image\":{\"@id\":\"https:\/\/ajeandalucia.org\/granada\/2014\/04\/14\/curso-trajano-emprendete\/#primaryimage\"},\"thumbnailUrl\":\"\",\"keywords\":[\"CURSO CAPACITACI\u00d3N EMPRENDEDORES\",\"Formaci\u00f3n\",\"FORMACION EMPRENDEDORES\",\"plan de empresa emprendedores\",\"proyecto empresarial\"],\"articleSection\":[\"Noticias\"],\"inLanguage\":\"es\",\"potentialAction\":[{\"@type\":\"CommentAction\",\"name\":\"Comment\",\"target\":[\"https:\/\/ajeandalucia.org\/granada\/2014\/04\/14\/curso-trajano-emprendete\/#respond\"]}]},{\"@type\":\"WebPage\",\"@id\":\"https:\/\/ajeandalucia.org\/granada\/2014\/04\/14\/curso-trajano-emprendete\/\",\"url\":\"https:\/\/ajeandalucia.org\/granada\/2014\/04\/14\/curso-trajano-emprendete\/\",\"name\":\"Curso Trajano: Empr\u00e9ndete - AJE Granada\",\"isPartOf\":{\"@id\":\"https:\/\/ajeandalucia.org\/granada\/#website\"},\"primaryImageOfPage\":{\"@id\":\"https:\/\/ajeandalucia.org\/granada\/2014\/04\/14\/curso-trajano-emprendete\/#primaryimage\"},\"image\":{\"@id\":\"https:\/\/ajeandalucia.org\/granada\/2014\/04\/14\/curso-trajano-emprendete\/#primaryimage\"},\"thumbnailUrl\":\"\",\"datePublished\":\"2014-04-14T09:40:19+00:00\",\"breadcrumb\":{\"@id\":\"https:\/\/ajeandalucia.org\/granada\/2014\/04\/14\/curso-trajano-emprendete\/#breadcrumb\"},\"inLanguage\":\"es\",\"potentialAction\":[{\"@type\":\"ReadAction\",\"target\":[\"https:\/\/ajeandalucia.org\/granada\/2014\/04\/14\/curso-trajano-emprendete\/\"]}]},{\"@type\":\"ImageObject\",\"inLanguage\":\"es\",\"@id\":\"https:\/\/ajeandalucia.org\/granada\/2014\/04\/14\/curso-trajano-emprendete\/#primaryimage\",\"url\":\"\",\"contentUrl\":\"\"},{\"@type\":\"BreadcrumbList\",\"@id\":\"https:\/\/ajeandalucia.org\/granada\/2014\/04\/14\/curso-trajano-emprendete\/#breadcrumb\",\"itemListElement\":[{\"@type\":\"ListItem\",\"position\":1,\"name\":\"Portada\",\"item\":\"https:\/\/ajeandalucia.org\/granada\/\"},{\"@type\":\"ListItem\",\"position\":2,\"name\":\"Curso Trajano: Empr\u00e9ndete\"}]},{\"@type\":\"WebSite\",\"@id\":\"https:\/\/ajeandalucia.org\/granada\/#website\",\"url\":\"https:\/\/ajeandalucia.org\/granada\/\",\"name\":\"AJE Granada\",\"description\":\"J\u00f3venes Empresarios de Granada\",\"publisher\":{\"@id\":\"https:\/\/ajeandalucia.org\/granada\/#organization\"},\"potentialAction\":[{\"@type\":\"SearchAction\",\"target\":{\"@type\":\"EntryPoint\",\"urlTemplate\":\"https:\/\/ajeandalucia.org\/granada\/?s={search_term_string}\"},\"query-input\":{\"@type\":\"PropertyValueSpecification\",\"valueRequired\":true,\"valueName\":\"search_term_string\"}}],\"inLanguage\":\"es\"},{\"@type\":\"Organization\",\"@id\":\"https:\/\/ajeandalucia.org\/granada\/#organization\",\"name\":\"AJE Granada\",\"url\":\"https:\/\/ajeandalucia.org\/granada\/\",\"logo\":{\"@type\":\"ImageObject\",\"inLanguage\":\"es\",\"@id\":\"https:\/\/ajeandalucia.org\/granada\/#\/schema\/logo\/image\/\",\"url\":\"https:\/\/ajeandalucia.org\/granada\/wp-content\/uploads\/sites\/7\/2025\/02\/AJE-GRANADA-horizontal.png\",\"contentUrl\":\"https:\/\/ajeandalucia.org\/granada\/wp-content\/uploads\/sites\/7\/2025\/02\/AJE-GRANADA-horizontal.png\",\"width\":612,\"height\":200,\"caption\":\"AJE Granada\"},\"image\":{\"@id\":\"https:\/\/ajeandalucia.org\/granada\/#\/schema\/logo\/image\/\"}},{\"@type\":\"Person\",\"@id\":\"\",\"url\":\"https:\/\/ajeandalucia.org\/granada\/author\/\"}]}<\/script>\n<!-- \/ Yoast SEO plugin. -->","yoast_head_json":{"title":"Curso Trajano: Empr\u00e9ndete - AJE Granada","robots":{"index":"index","follow":"follow","max-snippet":"max-snippet:-1","max-image-preview":"max-image-preview:large","max-video-preview":"max-video-preview:-1"},"canonical":"https:\/\/ajeandalucia.org\/granada\/2014\/04\/14\/curso-trajano-emprendete\/","og_locale":"es_ES","og_type":"article","og_title":"Curso Trajano: Empr\u00e9ndete - AJE Granada","og_description":"Programa especializado que te permite adquirir la capacitaci\u00f3n t\u00e9cnica como emprendedor para el desarrollo de un proyecto de empresa, incluyendo [&hellip;]","og_url":"https:\/\/ajeandalucia.org\/granada\/2014\/04\/14\/curso-trajano-emprendete\/","og_site_name":"AJE Granada","article_published_time":"2014-04-14T09:40:19+00:00","twitter_card":"summary_large_image","twitter_misc":{"Escrito por":"","Tiempo de lectura":"1 minuto"},"schema":{"@context":"https:\/\/schema.org","@graph":[{"@type":"Article","@id":"https:\/\/ajeandalucia.org\/granada\/2014\/04\/14\/curso-trajano-emprendete\/#article","isPartOf":{"@id":"https:\/\/ajeandalucia.org\/granada\/2014\/04\/14\/curso-trajano-emprendete\/"},"author":{"name":"","@id":""},"headline":"Curso Trajano: Empr\u00e9ndete","datePublished":"2014-04-14T09:40:19+00:00","mainEntityOfPage":{"@id":"https:\/\/ajeandalucia.org\/granada\/2014\/04\/14\/curso-trajano-emprendete\/"},"wordCount":231,"commentCount":0,"publisher":{"@id":"https:\/\/ajeandalucia.org\/granada\/#organization"},"image":{"@id":"https:\/\/ajeandalucia.org\/granada\/2014\/04\/14\/curso-trajano-emprendete\/#primaryimage"},"thumbnailUrl":"","keywords":["CURSO CAPACITACI\u00d3N EMPRENDEDORES","Formaci\u00f3n","FORMACION EMPRENDEDORES","plan de empresa emprendedores","proyecto empresarial"],"articleSection":["Noticias"],"inLanguage":"es","potentialAction":[{"@type":"CommentAction","name":"Comment","target":["https:\/\/ajeandalucia.org\/granada\/2014\/04\/14\/curso-trajano-emprendete\/#respond"]}]},{"@type":"WebPage","@id":"https:\/\/ajeandalucia.org\/granada\/2014\/04\/14\/curso-trajano-emprendete\/","url":"https:\/\/ajeandalucia.org\/granada\/2014\/04\/14\/curso-trajano-emprendete\/","name":"Curso Trajano: Empr\u00e9ndete - AJE Granada","isPartOf":{"@id":"https:\/\/ajeandalucia.org\/granada\/#website"},"primaryImageOfPage":{"@id":"https:\/\/ajeandalucia.org\/granada\/2014\/04\/14\/curso-trajano-emprendete\/#primaryimage"},"image":{"@id":"https:\/\/ajeandalucia.org\/granada\/2014\/04\/14\/curso-trajano-emprendete\/#primaryimage"},"thumbnailUrl":"","datePublished":"2014-04-14T09:40:19+00:00","breadcrumb":{"@id":"https:\/\/ajeandalucia.org\/granada\/2014\/04\/14\/curso-trajano-emprendete\/#breadcrumb"},"inLanguage":"es","potentialAction":[{"@type":"ReadAction","target":["https:\/\/ajeandalucia.org\/granada\/2014\/04\/14\/curso-trajano-emprendete\/"]}]},{"@type":"ImageObject","inLanguage":"es","@id":"https:\/\/ajeandalucia.org\/granada\/2014\/04\/14\/curso-trajano-emprendete\/#primaryimage","url":"","contentUrl":""},{"@type":"BreadcrumbList","@id":"https:\/\/ajeandalucia.org\/granada\/2014\/04\/14\/curso-trajano-emprendete\/#breadcrumb","itemListElement":[{"@type":"ListItem","position":1,"name":"Portada","item":"https:\/\/ajeandalucia.org\/granada\/"},{"@type":"ListItem","position":2,"name":"Curso Trajano: Empr\u00e9ndete"}]},{"@type":"WebSite","@id":"https:\/\/ajeandalucia.org\/granada\/#website","url":"https:\/\/ajeandalucia.org\/granada\/","name":"AJE Granada","description":"J\u00f3venes Empresarios de Granada","publisher":{"@id":"https:\/\/ajeandalucia.org\/granada\/#organization"},"potentialAction":[{"@type":"SearchAction","target":{"@type":"EntryPoint","urlTemplate":"https:\/\/ajeandalucia.org\/granada\/?s={search_term_string}"},"query-input":{"@type":"PropertyValueSpecification","valueRequired":true,"valueName":"search_term_string"}}],"inLanguage":"es"},{"@type":"Organization","@id":"https:\/\/ajeandalucia.org\/granada\/#organization","name":"AJE Granada","url":"https:\/\/ajeandalucia.org\/granada\/","logo":{"@type":"ImageObject","inLanguage":"es","@id":"https:\/\/ajeandalucia.org\/granada\/#\/schema\/logo\/image\/","url":"https:\/\/ajeandalucia.org\/granada\/wp-content\/uploads\/sites\/7\/2025\/02\/AJE-GRANADA-horizontal.png","contentUrl":"https:\/\/ajeandalucia.org\/granada\/wp-content\/uploads\/sites\/7\/2025\/02\/AJE-GRANADA-horizontal.png","width":612,"height":200,"caption":"AJE Granada"},"image":{"@id":"https:\/\/ajeandalucia.org\/granada\/#\/schema\/logo\/image\/"}},{"@type":"Person","@id":"","url":"https:\/\/ajeandalucia.org\/granada\/author\/"}]}},"_links":{"self":[{"href":"https:\/\/ajeandalucia.org\/granada\/wp-json\/wp\/v2\/posts\/12689","targetHints":{"allow":["GET"]}}],"collection":[{"href":"https:\/\/ajeandalucia.org\/granada\/wp-json\/wp\/v2\/posts"}],"about":[{"href":"https:\/\/ajeandalucia.org\/granada\/wp-json\/wp\/v2\/types\/post"}],"author":[{"embeddable":true,"href":"https:\/\/ajeandalucia.org\/granada\/wp-json\/wp\/v2\/users\/1"}],"replies":[{"embeddable":true,"href":"https:\/\/ajeandalucia.org\/granada\/wp-json\/wp\/v2\/comments?post=12689"}],"version-history":[{"count":0,"href":"https:\/\/ajeandalucia.org\/granada\/wp-json\/wp\/v2\/posts\/12689\/revisions"}],"wp:featuredmedia":[{"embeddable":true,"href":"https:\/\/ajeandalucia.org\/granada\/wp-json\/"}],"wp:attachment":[{"href":"https:\/\/ajeandalucia.org\/granada\/wp-json\/wp\/v2\/media?parent=12689"}],"wp:term":[{"taxonomy":"category","embeddable":true,"href":"https:\/\/ajeandalucia.org\/granada\/wp-json\/wp\/v2\/categories?post=12689"},{"taxonomy":"post_tag","embeddable":true,"href":"https:\/\/ajeandalucia.org\/granada\/wp-json\/wp\/v2\/tags?post=12689"}],"curies":[{"name":"wp","href":"https:\/\/api.w.org\/{rel}","templated":true}]}}