{"id":12728,"date":"2014-04-16T11:46:57","date_gmt":"2014-04-16T09:46:57","guid":{"rendered":"http:\/\/www.ajegranada.org\/?p=12728"},"modified":"2014-04-16T11:46:57","modified_gmt":"2014-04-16T09:46:57","slug":"inteligencia-emocional-entendiendo-el-comportamiento-humano","status":"publish","type":"post","link":"https:\/\/ajeandalucia.org\/granada\/2014\/04\/16\/inteligencia-emocional-entendiendo-el-comportamiento-humano\/","title":{"rendered":"Inteligencia Emocional: Entendiendo el comportamiento humano"},"content":{"rendered":"<p>El pr\u00f3ximo<strong> 24 de abril de 2014, ASPACE\u00a0<\/strong>organiza\u00a0un curso sobre INTELIGENCIA EMOCIONAL.<\/p>\n<p>DA UN GRAN PASO HACIA LA FELICIDAD\u00a0porque\u00bfQuieres entender por qu\u00e9 las personas se comportan de una manera determinada?<\/p>\n<p>\u00bfTe ocurre que tienes personas cercanas a las que no comprendes?<\/p>\n<p>La mayor causa de Infelicidad Humana son los problemas en nuestras relaciones interpersonales.<\/p>\n<p>Las personas que poseen una elevada INTELIGENCIA EMOCIONAL suelen ser socialmente equilibradas, extrovertidas, alegres, poco predispuestas a la timidez y a darle vueltas a sus preocupaciones. Demuestran estar dotadas de una notable capacidad para comprometerse con las causas y las personas, suelen adoptar responsabilidades, mantienen una visi\u00f3n \u00e9tica de la vida, son afables y cari\u00f1osas en sus relaciones. Su vida emocional es rica y apropiada, se sienten a gusto consigo mismas, con sus semejantes y con el entorno social en el que viven, adem\u00e1s tienen visi\u00f3n positiva de ellas mismas y superan mucho antes y mejor los reveses de la vida.<\/p>\n<p>A trav\u00e9s de este programa los asistentes obtendr\u00e1n herramientas pr\u00e1cticas de Coaching e Inteligencia Emocional que les permitir\u00e1n ver y entenderse a s\u00ed mismo y a los dem\u00e1s, lo que sin duda redundar\u00e1 en una mejora palpable de sus relaciones interpersonales.<\/p>\n<p>Jornada de\u00a0<strong>9:00 a 19:00 horas<\/strong>\u00a0con dos horas para comer.<\/p>\n<p>Precio: 120 euros<\/p>\n<p>Promoci\u00f3n especial asociados:\u00a0<strong>80 euros<\/strong> precio socios AJE.<\/p>\n<p>Desempleados: 60 euros presentando tarjeta de demanda de empleo.<\/p>\n<p><a href=\"http:\/\/aspacegranada.org\/inteligencia-emocional-entendiendo-el-comportamiento-humano\/\"><strong>M\u00e1s informaci\u00f3n e inscripciones<\/strong><\/a><\/p>\n<p style=\"text-align: center\"><a href=\"http:\/\/www.ajegranada.org\/wp-content\/uploads\/2014\/04\/Formaci\u00f3n-ASPACE.png\"><img loading=\"lazy\" decoding=\"async\" class=\"aligncenter  wp-image-12729\" alt=\"Formaci\u00f3n ASPACE\" src=\"http:\/\/www.ajegranada.org\/wp-content\/uploads\/2014\/04\/Formaci\u00f3n-ASPACE.png\" width=\"553\" height=\"415\" \/><\/a><\/p>\n","protected":false},"excerpt":{"rendered":"<p>El pr\u00f3ximo 24 de abril de 2014, ASPACE\u00a0organiza\u00a0un curso sobre INTELIGENCIA EMOCIONAL. DA UN GRAN PASO HACIA LA FELICIDAD\u00a0porque\u00bfQuieres entender [&hellip;]<\/p>\n","protected":false},"author":1,"featured_media":12729,"comment_status":"open","ping_status":"open","sticky":false,"template":"","format":"standard","meta":{"_acf_changed":false,"site-sidebar-layout":"default","site-content-layout":"","ast-site-content-layout":"default","site-content-style":"default","site-sidebar-style":"default","ast-global-header-display":"","ast-banner-title-visibility":"","ast-main-header-display":"","ast-hfb-above-header-display":"","ast-hfb-below-header-display":"","ast-hfb-mobile-header-display":"","site-post-title":"","ast-breadcrumbs-content":"","ast-featured-img":"","footer-sml-layout":"","ast-disable-related-posts":"","theme-transparent-header-meta":"","adv-header-id-meta":"","stick-header-meta":"","header-above-stick-meta":"","header-main-stick-meta":"","header-below-stick-meta":"","astra-migrate-meta-layouts":"default","ast-page-background-enabled":"default","ast-page-background-meta":{"desktop":{"background-color":"var(--ast-global-color-5)","background-image":"","background-repeat":"repeat","background-position":"center center","background-size":"auto","background-attachment":"scroll","background-type":"","background-media":"","overlay-type":"","overlay-color":"","overlay-opacity":"","overlay-gradient":""},"tablet":{"background-color":"","background-image":"","background-repeat":"repeat","background-position":"center center","background-size":"auto","background-attachment":"scroll","background-type":"","background-media":"","overlay-type":"","overlay-color":"","overlay-opacity":"","overlay-gradient":""},"mobile":{"background-color":"","background-image":"","background-repeat":"repeat","background-position":"center center","background-size":"auto","background-attachment":"scroll","background-type":"","background-media":"","overlay-type":"","overlay-color":"","overlay-opacity":"","overlay-gradient":""}},"ast-content-background-meta":{"desktop":{"background-color":"var(--ast-global-color-4)","background-image":"","background-repeat":"repeat","background-position":"center center","background-size":"auto","background-attachment":"scroll","background-type":"","background-media":"","overlay-type":"","overlay-color":"","overlay-opacity":"","overlay-gradient":""},"tablet":{"background-color":"var(--ast-global-color-4)","background-image":"","background-repeat":"repeat","background-position":"center center","background-size":"auto","background-attachment":"scroll","background-type":"","background-media":"","overlay-type":"","overlay-color":"","overlay-opacity":"","overlay-gradient":""},"mobile":{"background-color":"var(--ast-global-color-4)","background-image":"","background-repeat":"repeat","background-position":"center center","background-size":"auto","background-attachment":"scroll","background-type":"","background-media":"","overlay-type":"","overlay-color":"","overlay-opacity":"","overlay-gradient":""}},"footnotes":""},"categories":[8],"tags":[1159,191,1219,96,785],"class_list":["post-12728","post","type-post","status-publish","format-standard","has-post-thumbnail","hentry","category-noticias","tag-aspace","tag-coaching","tag-comportamiento-humano","tag-formacion-2","tag-inteligencia-emocional"],"acf":[],"yoast_head":"<!-- This site is optimized with the Yoast SEO plugin v26.9 - https:\/\/yoast.com\/product\/yoast-seo-wordpress\/ -->\n<title>Inteligencia Emocional: Entendiendo el comportamiento humano - AJE Granada<\/title>\n<meta name=\"robots\" content=\"index, follow, max-snippet:-1, max-image-preview:large, max-video-preview:-1\" \/>\n<link rel=\"canonical\" href=\"https:\/\/ajeandalucia.org\/granada\/2014\/04\/16\/inteligencia-emocional-entendiendo-el-comportamiento-humano\/\" \/>\n<meta property=\"og:locale\" content=\"es_ES\" \/>\n<meta property=\"og:type\" content=\"article\" \/>\n<meta property=\"og:title\" content=\"Inteligencia Emocional: Entendiendo el comportamiento humano - AJE Granada\" \/>\n<meta property=\"og:description\" content=\"El pr\u00f3ximo 24 de abril de 2014, ASPACE\u00a0organiza\u00a0un curso sobre INTELIGENCIA EMOCIONAL. DA UN GRAN PASO HACIA LA FELICIDAD\u00a0porque\u00bfQuieres entender [&hellip;]\" \/>\n<meta property=\"og:url\" content=\"https:\/\/ajeandalucia.org\/granada\/2014\/04\/16\/inteligencia-emocional-entendiendo-el-comportamiento-humano\/\" \/>\n<meta property=\"og:site_name\" content=\"AJE Granada\" \/>\n<meta property=\"article:published_time\" content=\"2014-04-16T09:46:57+00:00\" \/>\n<meta name=\"twitter:card\" content=\"summary_large_image\" \/>\n<meta name=\"twitter:label1\" content=\"Escrito por\" \/>\n\t<meta name=\"twitter:data1\" content=\"\" \/>\n\t<meta name=\"twitter:label2\" content=\"Tiempo de lectura\" \/>\n\t<meta name=\"twitter:data2\" content=\"1 minuto\" \/>\n<script type=\"application\/ld+json\" class=\"yoast-schema-graph\">{\"@context\":\"https:\/\/schema.org\",\"@graph\":[{\"@type\":\"Article\",\"@id\":\"https:\/\/ajeandalucia.org\/granada\/2014\/04\/16\/inteligencia-emocional-entendiendo-el-comportamiento-humano\/#article\",\"isPartOf\":{\"@id\":\"https:\/\/ajeandalucia.org\/granada\/2014\/04\/16\/inteligencia-emocional-entendiendo-el-comportamiento-humano\/\"},\"author\":{\"name\":\"\",\"@id\":\"\"},\"headline\":\"Inteligencia Emocional: Entendiendo el comportamiento humano\",\"datePublished\":\"2014-04-16T09:46:57+00:00\",\"mainEntityOfPage\":{\"@id\":\"https:\/\/ajeandalucia.org\/granada\/2014\/04\/16\/inteligencia-emocional-entendiendo-el-comportamiento-humano\/\"},\"wordCount\":247,\"commentCount\":0,\"publisher\":{\"@id\":\"https:\/\/ajeandalucia.org\/granada\/#organization\"},\"image\":{\"@id\":\"https:\/\/ajeandalucia.org\/granada\/2014\/04\/16\/inteligencia-emocional-entendiendo-el-comportamiento-humano\/#primaryimage\"},\"thumbnailUrl\":\"\",\"keywords\":[\"ASPACE\",\"Coaching\",\"comportamiento humano\",\"Formaci\u00f3n\",\"inteligencia emocional\"],\"articleSection\":[\"Noticias\"],\"inLanguage\":\"es\",\"potentialAction\":[{\"@type\":\"CommentAction\",\"name\":\"Comment\",\"target\":[\"https:\/\/ajeandalucia.org\/granada\/2014\/04\/16\/inteligencia-emocional-entendiendo-el-comportamiento-humano\/#respond\"]}]},{\"@type\":\"WebPage\",\"@id\":\"https:\/\/ajeandalucia.org\/granada\/2014\/04\/16\/inteligencia-emocional-entendiendo-el-comportamiento-humano\/\",\"url\":\"https:\/\/ajeandalucia.org\/granada\/2014\/04\/16\/inteligencia-emocional-entendiendo-el-comportamiento-humano\/\",\"name\":\"Inteligencia Emocional: Entendiendo el comportamiento humano - AJE Granada\",\"isPartOf\":{\"@id\":\"https:\/\/ajeandalucia.org\/granada\/#website\"},\"primaryImageOfPage\":{\"@id\":\"https:\/\/ajeandalucia.org\/granada\/2014\/04\/16\/inteligencia-emocional-entendiendo-el-comportamiento-humano\/#primaryimage\"},\"image\":{\"@id\":\"https:\/\/ajeandalucia.org\/granada\/2014\/04\/16\/inteligencia-emocional-entendiendo-el-comportamiento-humano\/#primaryimage\"},\"thumbnailUrl\":\"\",\"datePublished\":\"2014-04-16T09:46:57+00:00\",\"breadcrumb\":{\"@id\":\"https:\/\/ajeandalucia.org\/granada\/2014\/04\/16\/inteligencia-emocional-entendiendo-el-comportamiento-humano\/#breadcrumb\"},\"inLanguage\":\"es\",\"potentialAction\":[{\"@type\":\"ReadAction\",\"target\":[\"https:\/\/ajeandalucia.org\/granada\/2014\/04\/16\/inteligencia-emocional-entendiendo-el-comportamiento-humano\/\"]}]},{\"@type\":\"ImageObject\",\"inLanguage\":\"es\",\"@id\":\"https:\/\/ajeandalucia.org\/granada\/2014\/04\/16\/inteligencia-emocional-entendiendo-el-comportamiento-humano\/#primaryimage\",\"url\":\"\",\"contentUrl\":\"\"},{\"@type\":\"BreadcrumbList\",\"@id\":\"https:\/\/ajeandalucia.org\/granada\/2014\/04\/16\/inteligencia-emocional-entendiendo-el-comportamiento-humano\/#breadcrumb\",\"itemListElement\":[{\"@type\":\"ListItem\",\"position\":1,\"name\":\"Portada\",\"item\":\"https:\/\/ajeandalucia.org\/granada\/\"},{\"@type\":\"ListItem\",\"position\":2,\"name\":\"Inteligencia Emocional: Entendiendo el comportamiento humano\"}]},{\"@type\":\"WebSite\",\"@id\":\"https:\/\/ajeandalucia.org\/granada\/#website\",\"url\":\"https:\/\/ajeandalucia.org\/granada\/\",\"name\":\"AJE Granada\",\"description\":\"J\u00f3venes Empresarios de Granada\",\"publisher\":{\"@id\":\"https:\/\/ajeandalucia.org\/granada\/#organization\"},\"potentialAction\":[{\"@type\":\"SearchAction\",\"target\":{\"@type\":\"EntryPoint\",\"urlTemplate\":\"https:\/\/ajeandalucia.org\/granada\/?s={search_term_string}\"},\"query-input\":{\"@type\":\"PropertyValueSpecification\",\"valueRequired\":true,\"valueName\":\"search_term_string\"}}],\"inLanguage\":\"es\"},{\"@type\":\"Organization\",\"@id\":\"https:\/\/ajeandalucia.org\/granada\/#organization\",\"name\":\"AJE Granada\",\"url\":\"https:\/\/ajeandalucia.org\/granada\/\",\"logo\":{\"@type\":\"ImageObject\",\"inLanguage\":\"es\",\"@id\":\"https:\/\/ajeandalucia.org\/granada\/#\/schema\/logo\/image\/\",\"url\":\"https:\/\/ajeandalucia.org\/granada\/wp-content\/uploads\/sites\/7\/2025\/02\/AJE-GRANADA-horizontal.png\",\"contentUrl\":\"https:\/\/ajeandalucia.org\/granada\/wp-content\/uploads\/sites\/7\/2025\/02\/AJE-GRANADA-horizontal.png\",\"width\":612,\"height\":200,\"caption\":\"AJE Granada\"},\"image\":{\"@id\":\"https:\/\/ajeandalucia.org\/granada\/#\/schema\/logo\/image\/\"}},{\"@type\":\"Person\",\"@id\":\"\",\"url\":\"https:\/\/ajeandalucia.org\/granada\/author\/\"}]}<\/script>\n<!-- \/ Yoast SEO plugin. -->","yoast_head_json":{"title":"Inteligencia Emocional: Entendiendo el comportamiento humano - AJE Granada","robots":{"index":"index","follow":"follow","max-snippet":"max-snippet:-1","max-image-preview":"max-image-preview:large","max-video-preview":"max-video-preview:-1"},"canonical":"https:\/\/ajeandalucia.org\/granada\/2014\/04\/16\/inteligencia-emocional-entendiendo-el-comportamiento-humano\/","og_locale":"es_ES","og_type":"article","og_title":"Inteligencia Emocional: Entendiendo el comportamiento humano - AJE Granada","og_description":"El pr\u00f3ximo 24 de abril de 2014, ASPACE\u00a0organiza\u00a0un curso sobre INTELIGENCIA EMOCIONAL. DA UN GRAN PASO HACIA LA FELICIDAD\u00a0porque\u00bfQuieres entender [&hellip;]","og_url":"https:\/\/ajeandalucia.org\/granada\/2014\/04\/16\/inteligencia-emocional-entendiendo-el-comportamiento-humano\/","og_site_name":"AJE Granada","article_published_time":"2014-04-16T09:46:57+00:00","twitter_card":"summary_large_image","twitter_misc":{"Escrito por":"","Tiempo de lectura":"1 minuto"},"schema":{"@context":"https:\/\/schema.org","@graph":[{"@type":"Article","@id":"https:\/\/ajeandalucia.org\/granada\/2014\/04\/16\/inteligencia-emocional-entendiendo-el-comportamiento-humano\/#article","isPartOf":{"@id":"https:\/\/ajeandalucia.org\/granada\/2014\/04\/16\/inteligencia-emocional-entendiendo-el-comportamiento-humano\/"},"author":{"name":"","@id":""},"headline":"Inteligencia Emocional: Entendiendo el comportamiento humano","datePublished":"2014-04-16T09:46:57+00:00","mainEntityOfPage":{"@id":"https:\/\/ajeandalucia.org\/granada\/2014\/04\/16\/inteligencia-emocional-entendiendo-el-comportamiento-humano\/"},"wordCount":247,"commentCount":0,"publisher":{"@id":"https:\/\/ajeandalucia.org\/granada\/#organization"},"image":{"@id":"https:\/\/ajeandalucia.org\/granada\/2014\/04\/16\/inteligencia-emocional-entendiendo-el-comportamiento-humano\/#primaryimage"},"thumbnailUrl":"","keywords":["ASPACE","Coaching","comportamiento humano","Formaci\u00f3n","inteligencia emocional"],"articleSection":["Noticias"],"inLanguage":"es","potentialAction":[{"@type":"CommentAction","name":"Comment","target":["https:\/\/ajeandalucia.org\/granada\/2014\/04\/16\/inteligencia-emocional-entendiendo-el-comportamiento-humano\/#respond"]}]},{"@type":"WebPage","@id":"https:\/\/ajeandalucia.org\/granada\/2014\/04\/16\/inteligencia-emocional-entendiendo-el-comportamiento-humano\/","url":"https:\/\/ajeandalucia.org\/granada\/2014\/04\/16\/inteligencia-emocional-entendiendo-el-comportamiento-humano\/","name":"Inteligencia Emocional: Entendiendo el comportamiento humano - AJE Granada","isPartOf":{"@id":"https:\/\/ajeandalucia.org\/granada\/#website"},"primaryImageOfPage":{"@id":"https:\/\/ajeandalucia.org\/granada\/2014\/04\/16\/inteligencia-emocional-entendiendo-el-comportamiento-humano\/#primaryimage"},"image":{"@id":"https:\/\/ajeandalucia.org\/granada\/2014\/04\/16\/inteligencia-emocional-entendiendo-el-comportamiento-humano\/#primaryimage"},"thumbnailUrl":"","datePublished":"2014-04-16T09:46:57+00:00","breadcrumb":{"@id":"https:\/\/ajeandalucia.org\/granada\/2014\/04\/16\/inteligencia-emocional-entendiendo-el-comportamiento-humano\/#breadcrumb"},"inLanguage":"es","potentialAction":[{"@type":"ReadAction","target":["https:\/\/ajeandalucia.org\/granada\/2014\/04\/16\/inteligencia-emocional-entendiendo-el-comportamiento-humano\/"]}]},{"@type":"ImageObject","inLanguage":"es","@id":"https:\/\/ajeandalucia.org\/granada\/2014\/04\/16\/inteligencia-emocional-entendiendo-el-comportamiento-humano\/#primaryimage","url":"","contentUrl":""},{"@type":"BreadcrumbList","@id":"https:\/\/ajeandalucia.org\/granada\/2014\/04\/16\/inteligencia-emocional-entendiendo-el-comportamiento-humano\/#breadcrumb","itemListElement":[{"@type":"ListItem","position":1,"name":"Portada","item":"https:\/\/ajeandalucia.org\/granada\/"},{"@type":"ListItem","position":2,"name":"Inteligencia Emocional: Entendiendo el comportamiento humano"}]},{"@type":"WebSite","@id":"https:\/\/ajeandalucia.org\/granada\/#website","url":"https:\/\/ajeandalucia.org\/granada\/","name":"AJE Granada","description":"J\u00f3venes Empresarios de Granada","publisher":{"@id":"https:\/\/ajeandalucia.org\/granada\/#organization"},"potentialAction":[{"@type":"SearchAction","target":{"@type":"EntryPoint","urlTemplate":"https:\/\/ajeandalucia.org\/granada\/?s={search_term_string}"},"query-input":{"@type":"PropertyValueSpecification","valueRequired":true,"valueName":"search_term_string"}}],"inLanguage":"es"},{"@type":"Organization","@id":"https:\/\/ajeandalucia.org\/granada\/#organization","name":"AJE Granada","url":"https:\/\/ajeandalucia.org\/granada\/","logo":{"@type":"ImageObject","inLanguage":"es","@id":"https:\/\/ajeandalucia.org\/granada\/#\/schema\/logo\/image\/","url":"https:\/\/ajeandalucia.org\/granada\/wp-content\/uploads\/sites\/7\/2025\/02\/AJE-GRANADA-horizontal.png","contentUrl":"https:\/\/ajeandalucia.org\/granada\/wp-content\/uploads\/sites\/7\/2025\/02\/AJE-GRANADA-horizontal.png","width":612,"height":200,"caption":"AJE Granada"},"image":{"@id":"https:\/\/ajeandalucia.org\/granada\/#\/schema\/logo\/image\/"}},{"@type":"Person","@id":"","url":"https:\/\/ajeandalucia.org\/granada\/author\/"}]}},"_links":{"self":[{"href":"https:\/\/ajeandalucia.org\/granada\/wp-json\/wp\/v2\/posts\/12728","targetHints":{"allow":["GET"]}}],"collection":[{"href":"https:\/\/ajeandalucia.org\/granada\/wp-json\/wp\/v2\/posts"}],"about":[{"href":"https:\/\/ajeandalucia.org\/granada\/wp-json\/wp\/v2\/types\/post"}],"author":[{"embeddable":true,"href":"https:\/\/ajeandalucia.org\/granada\/wp-json\/wp\/v2\/users\/1"}],"replies":[{"embeddable":true,"href":"https:\/\/ajeandalucia.org\/granada\/wp-json\/wp\/v2\/comments?post=12728"}],"version-history":[{"count":0,"href":"https:\/\/ajeandalucia.org\/granada\/wp-json\/wp\/v2\/posts\/12728\/revisions"}],"wp:featuredmedia":[{"embeddable":true,"href":"https:\/\/ajeandalucia.org\/granada\/wp-json\/"}],"wp:attachment":[{"href":"https:\/\/ajeandalucia.org\/granada\/wp-json\/wp\/v2\/media?parent=12728"}],"wp:term":[{"taxonomy":"category","embeddable":true,"href":"https:\/\/ajeandalucia.org\/granada\/wp-json\/wp\/v2\/categories?post=12728"},{"taxonomy":"post_tag","embeddable":true,"href":"https:\/\/ajeandalucia.org\/granada\/wp-json\/wp\/v2\/tags?post=12728"}],"curies":[{"name":"wp","href":"https:\/\/api.w.org\/{rel}","templated":true}]}}