{"id":12973,"date":"2014-05-09T11:03:32","date_gmt":"2014-05-09T09:03:32","guid":{"rendered":"http:\/\/www.ajegranada.org\/?p=12973"},"modified":"2014-05-09T11:03:32","modified_gmt":"2014-05-09T09:03:32","slug":"nuevo-asociado-talleres-rayfra","status":"publish","type":"post","link":"https:\/\/ajeandalucia.org\/granada\/2014\/05\/09\/nuevo-asociado-talleres-rayfra\/","title":{"rendered":"Nuevo asociado: Talleres Rayfra"},"content":{"rendered":"<p>Os presentamos a nuestro nuevo asociado\u00a0<strong>Talleres Rayfra<\/strong>, perteneciente al grupo\u00a0BOSCH Car Service, trabaja desde 1980 ofreciendo soluci\u00f3n a todas las necesidades de\u00a0mantenimiento y reparaci\u00f3n\u00a0de su veh\u00edculo.Todo ello es posible gracias a herramientas de\u00a0alta precisi\u00f3n\u00a0y a la tecnolog\u00eda m\u00e1s avanzada presente en sus instalaciones.<\/p>\n<p>Cuentan con un\u00a0personal altamente cualificado, que realiza un estudio exhaustivo de tu veh\u00edculo, para as\u00ed conocer las necesidades de mantenimiento que necesita, con toda la calidad y profesionalidad de un mercado cada vez m\u00e1s exigente.<\/p>\n<p>Talleres Rayfra presta los siguientes servicios:<\/p>\n<ul>\n<li>\u00a0Mantenimiento y reparaci\u00f3n de veh\u00edculos Multimarca.<\/li>\n<li>Electricidad \/ Electr\u00f3nica.<\/li>\n<li>Veh\u00edculos Hibridos.<\/li>\n<li>Sistema de Climatizaci\u00f3n y Aire Acondicionado.<\/li>\n<li>Reparaci\u00f3n de chapa y pintura.<\/li>\n<li>Frenos ABS y ESP.<\/li>\n<li>Car Multimedia.<\/li>\n<li>Pre-ITV. Revisi\u00f3n, mantenimiento necesarios para que el veh\u00edculo supere la Inspecci\u00f3n T\u00e9cnica.<\/li>\n<\/ul>\n<p>Su filosof\u00eda de trabajo se basa en:<\/p>\n<p>La filosof\u00eda del taller se basa en:<\/p>\n<ol>\n<li>Atenci\u00f3n personalizada por el jefe del taller para el estudio del caso.<\/li>\n<li>Servicio integral del autom\u00f3vil, con amplia y avanzada gama de maquinaria de apoyo,<\/li>\n<li>Servicio de recogida y entrega del coche, para comodidad del cliente.<\/li>\n<li>Veh\u00edculo de sustituci\u00f3n para clientes.<\/li>\n<li>Tel\u00e9fono y atenci\u00f3n al cliente, incluso fin de semana.<\/li>\n<li>Personal con reciclaje y formaci\u00f3n continua , para estar a la vanguardia de los cambios.<\/li>\n<\/ol>\n<p>Conoce m\u00e1s sobre <a href=\"http:\/\/www.ajegranada.org\/blog\/asociados\/talleres-rayfra\/\">Talleres Rayfra<\/a><\/p>\n","protected":false},"excerpt":{"rendered":"<p>Os presentamos a nuestro nuevo asociado\u00a0Talleres Rayfra, perteneciente al grupo\u00a0BOSCH Car Service, trabaja desde 1980 ofreciendo soluci\u00f3n a todas las [&hellip;]<\/p>\n","protected":false},"author":1,"featured_media":12971,"comment_status":"open","ping_status":"open","sticky":false,"template":"","format":"standard","meta":{"_acf_changed":false,"site-sidebar-layout":"default","site-content-layout":"","ast-site-content-layout":"default","site-content-style":"default","site-sidebar-style":"default","ast-global-header-display":"","ast-banner-title-visibility":"","ast-main-header-display":"","ast-hfb-above-header-display":"","ast-hfb-below-header-display":"","ast-hfb-mobile-header-display":"","site-post-title":"","ast-breadcrumbs-content":"","ast-featured-img":"","footer-sml-layout":"","ast-disable-related-posts":"","theme-transparent-header-meta":"","adv-header-id-meta":"","stick-header-meta":"","header-above-stick-meta":"","header-main-stick-meta":"","header-below-stick-meta":"","astra-migrate-meta-layouts":"default","ast-page-background-enabled":"default","ast-page-background-meta":{"desktop":{"background-color":"var(--ast-global-color-5)","background-image":"","background-repeat":"repeat","background-position":"center center","background-size":"auto","background-attachment":"scroll","background-type":"","background-media":"","overlay-type":"","overlay-color":"","overlay-opacity":"","overlay-gradient":""},"tablet":{"background-color":"","background-image":"","background-repeat":"repeat","background-position":"center center","background-size":"auto","background-attachment":"scroll","background-type":"","background-media":"","overlay-type":"","overlay-color":"","overlay-opacity":"","overlay-gradient":""},"mobile":{"background-color":"","background-image":"","background-repeat":"repeat","background-position":"center center","background-size":"auto","background-attachment":"scroll","background-type":"","background-media":"","overlay-type":"","overlay-color":"","overlay-opacity":"","overlay-gradient":""}},"ast-content-background-meta":{"desktop":{"background-color":"var(--ast-global-color-4)","background-image":"","background-repeat":"repeat","background-position":"center center","background-size":"auto","background-attachment":"scroll","background-type":"","background-media":"","overlay-type":"","overlay-color":"","overlay-opacity":"","overlay-gradient":""},"tablet":{"background-color":"var(--ast-global-color-4)","background-image":"","background-repeat":"repeat","background-position":"center center","background-size":"auto","background-attachment":"scroll","background-type":"","background-media":"","overlay-type":"","overlay-color":"","overlay-opacity":"","overlay-gradient":""},"mobile":{"background-color":"var(--ast-global-color-4)","background-image":"","background-repeat":"repeat","background-position":"center center","background-size":"auto","background-attachment":"scroll","background-type":"","background-media":"","overlay-type":"","overlay-color":"","overlay-opacity":"","overlay-gradient":""}},"footnotes":""},"categories":[91],"tags":[1411,1412,1413,1414,1415,1416],"class_list":["post-12973","post","type-post","status-publish","format-standard","has-post-thumbnail","hentry","category-empresas-asociadas","tag-bosch-car-service","tag-recogida-y-entrega-del-vehiculo","tag-taller-bosch-car-service","tag-taller-con-vehiculo-sustitucion","tag-taller-de-confianza","tag-tu-taller-mecanico-granada"],"acf":[],"yoast_head":"<!-- This site is optimized with the Yoast SEO plugin v26.9 - https:\/\/yoast.com\/product\/yoast-seo-wordpress\/ -->\n<title>Nuevo asociado: Talleres Rayfra - AJE Granada<\/title>\n<meta name=\"robots\" content=\"index, follow, max-snippet:-1, max-image-preview:large, max-video-preview:-1\" \/>\n<link rel=\"canonical\" href=\"https:\/\/ajeandalucia.org\/granada\/2014\/05\/09\/nuevo-asociado-talleres-rayfra\/\" \/>\n<meta property=\"og:locale\" content=\"es_ES\" \/>\n<meta property=\"og:type\" content=\"article\" \/>\n<meta property=\"og:title\" content=\"Nuevo asociado: Talleres Rayfra - AJE Granada\" \/>\n<meta property=\"og:description\" content=\"Os presentamos a nuestro nuevo asociado\u00a0Talleres Rayfra, perteneciente al grupo\u00a0BOSCH Car Service, trabaja desde 1980 ofreciendo soluci\u00f3n a todas las [&hellip;]\" \/>\n<meta property=\"og:url\" content=\"https:\/\/ajeandalucia.org\/granada\/2014\/05\/09\/nuevo-asociado-talleres-rayfra\/\" \/>\n<meta property=\"og:site_name\" content=\"AJE Granada\" \/>\n<meta property=\"article:published_time\" content=\"2014-05-09T09:03:32+00:00\" \/>\n<meta name=\"twitter:card\" content=\"summary_large_image\" \/>\n<meta name=\"twitter:label1\" content=\"Escrito por\" \/>\n\t<meta name=\"twitter:data1\" content=\"\" \/>\n\t<meta name=\"twitter:label2\" content=\"Tiempo de lectura\" \/>\n\t<meta name=\"twitter:data2\" content=\"1 minuto\" \/>\n<script type=\"application\/ld+json\" class=\"yoast-schema-graph\">{\"@context\":\"https:\/\/schema.org\",\"@graph\":[{\"@type\":\"Article\",\"@id\":\"https:\/\/ajeandalucia.org\/granada\/2014\/05\/09\/nuevo-asociado-talleres-rayfra\/#article\",\"isPartOf\":{\"@id\":\"https:\/\/ajeandalucia.org\/granada\/2014\/05\/09\/nuevo-asociado-talleres-rayfra\/\"},\"author\":{\"name\":\"\",\"@id\":\"\"},\"headline\":\"Nuevo asociado: Talleres Rayfra\",\"datePublished\":\"2014-05-09T09:03:32+00:00\",\"mainEntityOfPage\":{\"@id\":\"https:\/\/ajeandalucia.org\/granada\/2014\/05\/09\/nuevo-asociado-talleres-rayfra\/\"},\"wordCount\":245,\"commentCount\":0,\"publisher\":{\"@id\":\"https:\/\/ajeandalucia.org\/granada\/#organization\"},\"image\":{\"@id\":\"https:\/\/ajeandalucia.org\/granada\/2014\/05\/09\/nuevo-asociado-talleres-rayfra\/#primaryimage\"},\"thumbnailUrl\":\"\",\"keywords\":[\"bosch car service\",\"recog\u00edda y entrega del veh\u00edculo\",\"taller Bosch car service\",\"taller con veh\u00edculo sustituci\u00f3n\",\"taller de confianza\",\"tu taller mec\u00e1nico granada\"],\"articleSection\":[\"Empresas asociadas\"],\"inLanguage\":\"es\",\"potentialAction\":[{\"@type\":\"CommentAction\",\"name\":\"Comment\",\"target\":[\"https:\/\/ajeandalucia.org\/granada\/2014\/05\/09\/nuevo-asociado-talleres-rayfra\/#respond\"]}]},{\"@type\":\"WebPage\",\"@id\":\"https:\/\/ajeandalucia.org\/granada\/2014\/05\/09\/nuevo-asociado-talleres-rayfra\/\",\"url\":\"https:\/\/ajeandalucia.org\/granada\/2014\/05\/09\/nuevo-asociado-talleres-rayfra\/\",\"name\":\"Nuevo asociado: Talleres Rayfra - AJE Granada\",\"isPartOf\":{\"@id\":\"https:\/\/ajeandalucia.org\/granada\/#website\"},\"primaryImageOfPage\":{\"@id\":\"https:\/\/ajeandalucia.org\/granada\/2014\/05\/09\/nuevo-asociado-talleres-rayfra\/#primaryimage\"},\"image\":{\"@id\":\"https:\/\/ajeandalucia.org\/granada\/2014\/05\/09\/nuevo-asociado-talleres-rayfra\/#primaryimage\"},\"thumbnailUrl\":\"\",\"datePublished\":\"2014-05-09T09:03:32+00:00\",\"breadcrumb\":{\"@id\":\"https:\/\/ajeandalucia.org\/granada\/2014\/05\/09\/nuevo-asociado-talleres-rayfra\/#breadcrumb\"},\"inLanguage\":\"es\",\"potentialAction\":[{\"@type\":\"ReadAction\",\"target\":[\"https:\/\/ajeandalucia.org\/granada\/2014\/05\/09\/nuevo-asociado-talleres-rayfra\/\"]}]},{\"@type\":\"ImageObject\",\"inLanguage\":\"es\",\"@id\":\"https:\/\/ajeandalucia.org\/granada\/2014\/05\/09\/nuevo-asociado-talleres-rayfra\/#primaryimage\",\"url\":\"\",\"contentUrl\":\"\"},{\"@type\":\"BreadcrumbList\",\"@id\":\"https:\/\/ajeandalucia.org\/granada\/2014\/05\/09\/nuevo-asociado-talleres-rayfra\/#breadcrumb\",\"itemListElement\":[{\"@type\":\"ListItem\",\"position\":1,\"name\":\"Portada\",\"item\":\"https:\/\/ajeandalucia.org\/granada\/\"},{\"@type\":\"ListItem\",\"position\":2,\"name\":\"Nuevo asociado: Talleres Rayfra\"}]},{\"@type\":\"WebSite\",\"@id\":\"https:\/\/ajeandalucia.org\/granada\/#website\",\"url\":\"https:\/\/ajeandalucia.org\/granada\/\",\"name\":\"AJE Granada\",\"description\":\"J\u00f3venes Empresarios de Granada\",\"publisher\":{\"@id\":\"https:\/\/ajeandalucia.org\/granada\/#organization\"},\"potentialAction\":[{\"@type\":\"SearchAction\",\"target\":{\"@type\":\"EntryPoint\",\"urlTemplate\":\"https:\/\/ajeandalucia.org\/granada\/?s={search_term_string}\"},\"query-input\":{\"@type\":\"PropertyValueSpecification\",\"valueRequired\":true,\"valueName\":\"search_term_string\"}}],\"inLanguage\":\"es\"},{\"@type\":\"Organization\",\"@id\":\"https:\/\/ajeandalucia.org\/granada\/#organization\",\"name\":\"AJE Granada\",\"url\":\"https:\/\/ajeandalucia.org\/granada\/\",\"logo\":{\"@type\":\"ImageObject\",\"inLanguage\":\"es\",\"@id\":\"https:\/\/ajeandalucia.org\/granada\/#\/schema\/logo\/image\/\",\"url\":\"https:\/\/ajeandalucia.org\/granada\/wp-content\/uploads\/sites\/7\/2025\/02\/AJE-GRANADA-horizontal.png\",\"contentUrl\":\"https:\/\/ajeandalucia.org\/granada\/wp-content\/uploads\/sites\/7\/2025\/02\/AJE-GRANADA-horizontal.png\",\"width\":612,\"height\":200,\"caption\":\"AJE Granada\"},\"image\":{\"@id\":\"https:\/\/ajeandalucia.org\/granada\/#\/schema\/logo\/image\/\"}},{\"@type\":\"Person\",\"@id\":\"\",\"url\":\"https:\/\/ajeandalucia.org\/granada\/author\/\"}]}<\/script>\n<!-- \/ Yoast SEO plugin. -->","yoast_head_json":{"title":"Nuevo asociado: Talleres Rayfra - AJE Granada","robots":{"index":"index","follow":"follow","max-snippet":"max-snippet:-1","max-image-preview":"max-image-preview:large","max-video-preview":"max-video-preview:-1"},"canonical":"https:\/\/ajeandalucia.org\/granada\/2014\/05\/09\/nuevo-asociado-talleres-rayfra\/","og_locale":"es_ES","og_type":"article","og_title":"Nuevo asociado: Talleres Rayfra - AJE Granada","og_description":"Os presentamos a nuestro nuevo asociado\u00a0Talleres Rayfra, perteneciente al grupo\u00a0BOSCH Car Service, trabaja desde 1980 ofreciendo soluci\u00f3n a todas las [&hellip;]","og_url":"https:\/\/ajeandalucia.org\/granada\/2014\/05\/09\/nuevo-asociado-talleres-rayfra\/","og_site_name":"AJE Granada","article_published_time":"2014-05-09T09:03:32+00:00","twitter_card":"summary_large_image","twitter_misc":{"Escrito por":"","Tiempo de lectura":"1 minuto"},"schema":{"@context":"https:\/\/schema.org","@graph":[{"@type":"Article","@id":"https:\/\/ajeandalucia.org\/granada\/2014\/05\/09\/nuevo-asociado-talleres-rayfra\/#article","isPartOf":{"@id":"https:\/\/ajeandalucia.org\/granada\/2014\/05\/09\/nuevo-asociado-talleres-rayfra\/"},"author":{"name":"","@id":""},"headline":"Nuevo asociado: Talleres Rayfra","datePublished":"2014-05-09T09:03:32+00:00","mainEntityOfPage":{"@id":"https:\/\/ajeandalucia.org\/granada\/2014\/05\/09\/nuevo-asociado-talleres-rayfra\/"},"wordCount":245,"commentCount":0,"publisher":{"@id":"https:\/\/ajeandalucia.org\/granada\/#organization"},"image":{"@id":"https:\/\/ajeandalucia.org\/granada\/2014\/05\/09\/nuevo-asociado-talleres-rayfra\/#primaryimage"},"thumbnailUrl":"","keywords":["bosch car service","recog\u00edda y entrega del veh\u00edculo","taller Bosch car service","taller con veh\u00edculo sustituci\u00f3n","taller de confianza","tu taller mec\u00e1nico granada"],"articleSection":["Empresas asociadas"],"inLanguage":"es","potentialAction":[{"@type":"CommentAction","name":"Comment","target":["https:\/\/ajeandalucia.org\/granada\/2014\/05\/09\/nuevo-asociado-talleres-rayfra\/#respond"]}]},{"@type":"WebPage","@id":"https:\/\/ajeandalucia.org\/granada\/2014\/05\/09\/nuevo-asociado-talleres-rayfra\/","url":"https:\/\/ajeandalucia.org\/granada\/2014\/05\/09\/nuevo-asociado-talleres-rayfra\/","name":"Nuevo asociado: Talleres Rayfra - AJE Granada","isPartOf":{"@id":"https:\/\/ajeandalucia.org\/granada\/#website"},"primaryImageOfPage":{"@id":"https:\/\/ajeandalucia.org\/granada\/2014\/05\/09\/nuevo-asociado-talleres-rayfra\/#primaryimage"},"image":{"@id":"https:\/\/ajeandalucia.org\/granada\/2014\/05\/09\/nuevo-asociado-talleres-rayfra\/#primaryimage"},"thumbnailUrl":"","datePublished":"2014-05-09T09:03:32+00:00","breadcrumb":{"@id":"https:\/\/ajeandalucia.org\/granada\/2014\/05\/09\/nuevo-asociado-talleres-rayfra\/#breadcrumb"},"inLanguage":"es","potentialAction":[{"@type":"ReadAction","target":["https:\/\/ajeandalucia.org\/granada\/2014\/05\/09\/nuevo-asociado-talleres-rayfra\/"]}]},{"@type":"ImageObject","inLanguage":"es","@id":"https:\/\/ajeandalucia.org\/granada\/2014\/05\/09\/nuevo-asociado-talleres-rayfra\/#primaryimage","url":"","contentUrl":""},{"@type":"BreadcrumbList","@id":"https:\/\/ajeandalucia.org\/granada\/2014\/05\/09\/nuevo-asociado-talleres-rayfra\/#breadcrumb","itemListElement":[{"@type":"ListItem","position":1,"name":"Portada","item":"https:\/\/ajeandalucia.org\/granada\/"},{"@type":"ListItem","position":2,"name":"Nuevo asociado: Talleres Rayfra"}]},{"@type":"WebSite","@id":"https:\/\/ajeandalucia.org\/granada\/#website","url":"https:\/\/ajeandalucia.org\/granada\/","name":"AJE Granada","description":"J\u00f3venes Empresarios de Granada","publisher":{"@id":"https:\/\/ajeandalucia.org\/granada\/#organization"},"potentialAction":[{"@type":"SearchAction","target":{"@type":"EntryPoint","urlTemplate":"https:\/\/ajeandalucia.org\/granada\/?s={search_term_string}"},"query-input":{"@type":"PropertyValueSpecification","valueRequired":true,"valueName":"search_term_string"}}],"inLanguage":"es"},{"@type":"Organization","@id":"https:\/\/ajeandalucia.org\/granada\/#organization","name":"AJE Granada","url":"https:\/\/ajeandalucia.org\/granada\/","logo":{"@type":"ImageObject","inLanguage":"es","@id":"https:\/\/ajeandalucia.org\/granada\/#\/schema\/logo\/image\/","url":"https:\/\/ajeandalucia.org\/granada\/wp-content\/uploads\/sites\/7\/2025\/02\/AJE-GRANADA-horizontal.png","contentUrl":"https:\/\/ajeandalucia.org\/granada\/wp-content\/uploads\/sites\/7\/2025\/02\/AJE-GRANADA-horizontal.png","width":612,"height":200,"caption":"AJE Granada"},"image":{"@id":"https:\/\/ajeandalucia.org\/granada\/#\/schema\/logo\/image\/"}},{"@type":"Person","@id":"","url":"https:\/\/ajeandalucia.org\/granada\/author\/"}]}},"_links":{"self":[{"href":"https:\/\/ajeandalucia.org\/granada\/wp-json\/wp\/v2\/posts\/12973","targetHints":{"allow":["GET"]}}],"collection":[{"href":"https:\/\/ajeandalucia.org\/granada\/wp-json\/wp\/v2\/posts"}],"about":[{"href":"https:\/\/ajeandalucia.org\/granada\/wp-json\/wp\/v2\/types\/post"}],"author":[{"embeddable":true,"href":"https:\/\/ajeandalucia.org\/granada\/wp-json\/wp\/v2\/users\/1"}],"replies":[{"embeddable":true,"href":"https:\/\/ajeandalucia.org\/granada\/wp-json\/wp\/v2\/comments?post=12973"}],"version-history":[{"count":0,"href":"https:\/\/ajeandalucia.org\/granada\/wp-json\/wp\/v2\/posts\/12973\/revisions"}],"wp:featuredmedia":[{"embeddable":true,"href":"https:\/\/ajeandalucia.org\/granada\/wp-json\/"}],"wp:attachment":[{"href":"https:\/\/ajeandalucia.org\/granada\/wp-json\/wp\/v2\/media?parent=12973"}],"wp:term":[{"taxonomy":"category","embeddable":true,"href":"https:\/\/ajeandalucia.org\/granada\/wp-json\/wp\/v2\/categories?post=12973"},{"taxonomy":"post_tag","embeddable":true,"href":"https:\/\/ajeandalucia.org\/granada\/wp-json\/wp\/v2\/tags?post=12973"}],"curies":[{"name":"wp","href":"https:\/\/api.w.org\/{rel}","templated":true}]}}