{"id":13054,"date":"2014-05-15T10:52:48","date_gmt":"2014-05-15T08:52:48","guid":{"rendered":"http:\/\/www.ajegranada.org\/?p=13054"},"modified":"2014-05-15T10:52:48","modified_gmt":"2014-05-15T08:52:48","slug":"nuevo-asociadorayko-lorenzo-comunicacion-marketing-formacion","status":"publish","type":"post","link":"https:\/\/ajeandalucia.org\/granada\/2014\/05\/15\/nuevo-asociadorayko-lorenzo-comunicacion-marketing-formacion\/","title":{"rendered":"Nuevo asociado: Rayko Lorenzo, Comunicaci\u00f3n, Marketing, Formaci\u00f3n"},"content":{"rendered":"<p>Os presentamos a nuestro nuevo asociado\u00a0<strong style=\"font-weight: bold\">Rayko Lorenzo, Comunicaci\u00f3n, Marketing y Formaci\u00f3n-<\/strong><\/p>\n<p>Rayko Lorenzo se considera uno de esos emprendedores, que est\u00e1n convencidos de que no todo est\u00e1 inventado; de que hay que buscar la diferenciaci\u00f3n en las ideas empresariales, primando la innovaci\u00f3n y la mejora continua. De esos emprendedores que versan que la observaci\u00f3n (m\u00e9todo de recuperaci\u00f3n de informaci\u00f3n gratuito), es un \u201cdon\u201d indispensable para poder tener \u00e9xito en las 2 vidas.<\/p>\n<p>Presta los siguientes servicios:<\/p>\n<ul>\n<li><strong style=\"font-weight: bold\">Consultor\u00eda Personal.<\/strong><\/li>\n<\/ul>\n<p>Realiza sesiones de Consultor\u00eda para grupos y\/o personas individuales; presenciales o a distancia. Mediante sus t\u00e9cnicas, te ayudar\u00e1 a darte cuenta de donde est\u00e1s realmente y trabajareis para que consigas llegar \u00a0donde quieras llegar.<\/p>\n<p>Construyendo autoconfianza, analizando el poder de la motivaci\u00f3n\u2026 todo ello a trav\u00e9s de un entrenamiento personalizado y totalmente confidencial.<\/p>\n<ul>\n<li><strong style=\"font-weight: bold\">Consultor\u00eda Estrat\u00e9gica.<\/strong><\/li>\n<\/ul>\n<p>Te ayuda a transformar tu negocio para que vuelva a ser competitivo, adapt\u00e1ndolo a los tiempos que corren.<\/p>\n<p>\u00bfC\u00f3mo lo hace?, m\u00e1s que reduciendo costes, lo que logra es abrir diferentes canales, oportunidades y nuevas estrategias para incrementar los ingresos.<\/p>\n<p>\u201cSi intentas ser el mejor, puede que lo consigas, pero no te garantizar\u00e1 el \u00e9xito; preoc\u00fapate en ser diferente\u201d, el te ayudar\u00e1 a conseguirlo.<\/p>\n<ul>\n<li><strong style=\"font-weight: bold\">Consultor\u00eda Tecnol\u00f3gica.<\/strong><\/li>\n<\/ul>\n<p>Antiguamente la empresa que no aparec\u00eda en el Registro Mercantil, no exist\u00eda, actualmente qui\u00e9n no est\u00e9 en la WWW, tampoco.<\/p>\n<p>Necesitas tener una presencia en la red acorde con lo que est\u00e9s vendiendo y posicionada para que puedas ser visible a tus clientes.<\/p>\n<p>Creemos una Web sencilla, usable para el cliente\/usuario, donde no le sea dif\u00edcil navegar y tus servicios o productos, as\u00ed como la informaci\u00f3n que quieras proporcionar, est\u00e9 en todo momento actualizada.<\/p>\n<p>Las Redes Sociales, aunque depender\u00e1 de la tipolog\u00eda de negocio, se antojan como un canal de una anchura notable a la par de aprovechable, donde tenemos que estar. Te ayudaran a planificar las campa\u00f1as en redes como Facebook, Twiterr, etc\u2026 para lograr incrementar tu \u00edndice de impacto en la red.<\/p>\n<ul>\n<li><strong style=\"font-weight: bold\">Formaci\u00f3n.<\/strong><\/li>\n<\/ul>\n<p>Imparte sesiones para Fundaciones, Congresos, Universidades, Academias, Grupos de Desarrollo, Empresas, Centros de Emprendedores, etc\u2026 sobre diferentes ramas del conocimiento, aunque siempre una formaci\u00f3n que \u00e9l tilda de \u201cen valores\u201d.Consulta\u00a0su\u00a0<a style=\"color: #0088cc\" href=\"http:\/\/raykolorenzo.com\/catalogo-formativo\/\">cat\u00e1logo formativo<\/a><\/p>\n<p>Podr\u00e1s conocer m\u00e1s sobre<a href=\"http:\/\/www.ajegranada.org\/blog\/asociados\/rayko-lorenzo-comunicacion-marketing-formacion\/\"> Rayko Lorenzo<\/a><\/p>\n","protected":false},"excerpt":{"rendered":"<p>Os presentamos a nuestro nuevo asociado\u00a0Rayko Lorenzo, Comunicaci\u00f3n, Marketing y Formaci\u00f3n- Rayko Lorenzo se considera uno de esos emprendedores, que [&hellip;]<\/p>\n","protected":false},"author":1,"featured_media":13053,"comment_status":"open","ping_status":"open","sticky":false,"template":"","format":"standard","meta":{"_acf_changed":false,"site-sidebar-layout":"default","site-content-layout":"","ast-site-content-layout":"default","site-content-style":"default","site-sidebar-style":"default","ast-global-header-display":"","ast-banner-title-visibility":"","ast-main-header-display":"","ast-hfb-above-header-display":"","ast-hfb-below-header-display":"","ast-hfb-mobile-header-display":"","site-post-title":"","ast-breadcrumbs-content":"","ast-featured-img":"","footer-sml-layout":"","ast-disable-related-posts":"","theme-transparent-header-meta":"","adv-header-id-meta":"","stick-header-meta":"","header-above-stick-meta":"","header-main-stick-meta":"","header-below-stick-meta":"","astra-migrate-meta-layouts":"default","ast-page-background-enabled":"default","ast-page-background-meta":{"desktop":{"background-color":"var(--ast-global-color-5)","background-image":"","background-repeat":"repeat","background-position":"center center","background-size":"auto","background-attachment":"scroll","background-type":"","background-media":"","overlay-type":"","overlay-color":"","overlay-opacity":"","overlay-gradient":""},"tablet":{"background-color":"","background-image":"","background-repeat":"repeat","background-position":"center center","background-size":"auto","background-attachment":"scroll","background-type":"","background-media":"","overlay-type":"","overlay-color":"","overlay-opacity":"","overlay-gradient":""},"mobile":{"background-color":"","background-image":"","background-repeat":"repeat","background-position":"center center","background-size":"auto","background-attachment":"scroll","background-type":"","background-media":"","overlay-type":"","overlay-color":"","overlay-opacity":"","overlay-gradient":""}},"ast-content-background-meta":{"desktop":{"background-color":"var(--ast-global-color-4)","background-image":"","background-repeat":"repeat","background-position":"center center","background-size":"auto","background-attachment":"scroll","background-type":"","background-media":"","overlay-type":"","overlay-color":"","overlay-opacity":"","overlay-gradient":""},"tablet":{"background-color":"var(--ast-global-color-4)","background-image":"","background-repeat":"repeat","background-position":"center center","background-size":"auto","background-attachment":"scroll","background-type":"","background-media":"","overlay-type":"","overlay-color":"","overlay-opacity":"","overlay-gradient":""},"mobile":{"background-color":"var(--ast-global-color-4)","background-image":"","background-repeat":"repeat","background-position":"center center","background-size":"auto","background-attachment":"scroll","background-type":"","background-media":"","overlay-type":"","overlay-color":"","overlay-opacity":"","overlay-gradient":""}},"footnotes":""},"categories":[91],"tags":[260,1457,1458,1459,96,867,1460,1461,1462],"class_list":["post-13054","post","type-post","status-publish","format-standard","has-post-thumbnail","hentry","category-empresas-asociadas","tag-comunicacion-3","tag-consultoria-estrategica","tag-consultoria-personal","tag-consultoria-tencologica","tag-formacion-2","tag-gestion-redes-sociales","tag-gestion-web","tag-marketing-y-formacion","tag-rayko-lorenzo"],"acf":[],"yoast_head":"<!-- This site is optimized with the Yoast SEO plugin v26.9 - https:\/\/yoast.com\/product\/yoast-seo-wordpress\/ -->\n<title>Nuevo asociado: Rayko Lorenzo, Comunicaci\u00f3n, Marketing, Formaci\u00f3n - AJE Granada<\/title>\n<meta name=\"robots\" content=\"index, follow, max-snippet:-1, max-image-preview:large, max-video-preview:-1\" \/>\n<link rel=\"canonical\" href=\"https:\/\/ajeandalucia.org\/granada\/2014\/05\/15\/nuevo-asociadorayko-lorenzo-comunicacion-marketing-formacion\/\" \/>\n<meta property=\"og:locale\" content=\"es_ES\" \/>\n<meta property=\"og:type\" content=\"article\" \/>\n<meta property=\"og:title\" content=\"Nuevo asociado: Rayko Lorenzo, Comunicaci\u00f3n, Marketing, Formaci\u00f3n - AJE Granada\" \/>\n<meta property=\"og:description\" content=\"Os presentamos a nuestro nuevo asociado\u00a0Rayko Lorenzo, Comunicaci\u00f3n, Marketing y Formaci\u00f3n- Rayko Lorenzo se considera uno de esos emprendedores, que [&hellip;]\" \/>\n<meta property=\"og:url\" content=\"https:\/\/ajeandalucia.org\/granada\/2014\/05\/15\/nuevo-asociadorayko-lorenzo-comunicacion-marketing-formacion\/\" \/>\n<meta property=\"og:site_name\" content=\"AJE Granada\" \/>\n<meta property=\"article:published_time\" content=\"2014-05-15T08:52:48+00:00\" \/>\n<meta name=\"twitter:card\" content=\"summary_large_image\" \/>\n<meta name=\"twitter:label1\" content=\"Escrito por\" \/>\n\t<meta name=\"twitter:data1\" content=\"\" \/>\n\t<meta name=\"twitter:label2\" content=\"Tiempo de lectura\" \/>\n\t<meta name=\"twitter:data2\" content=\"2 minutos\" \/>\n<script type=\"application\/ld+json\" class=\"yoast-schema-graph\">{\"@context\":\"https:\/\/schema.org\",\"@graph\":[{\"@type\":\"Article\",\"@id\":\"https:\/\/ajeandalucia.org\/granada\/2014\/05\/15\/nuevo-asociadorayko-lorenzo-comunicacion-marketing-formacion\/#article\",\"isPartOf\":{\"@id\":\"https:\/\/ajeandalucia.org\/granada\/2014\/05\/15\/nuevo-asociadorayko-lorenzo-comunicacion-marketing-formacion\/\"},\"author\":{\"name\":\"\",\"@id\":\"\"},\"headline\":\"Nuevo asociado: Rayko Lorenzo, Comunicaci\u00f3n, Marketing, Formaci\u00f3n\",\"datePublished\":\"2014-05-15T08:52:48+00:00\",\"mainEntityOfPage\":{\"@id\":\"https:\/\/ajeandalucia.org\/granada\/2014\/05\/15\/nuevo-asociadorayko-lorenzo-comunicacion-marketing-formacion\/\"},\"wordCount\":411,\"commentCount\":0,\"publisher\":{\"@id\":\"https:\/\/ajeandalucia.org\/granada\/#organization\"},\"image\":{\"@id\":\"https:\/\/ajeandalucia.org\/granada\/2014\/05\/15\/nuevo-asociadorayko-lorenzo-comunicacion-marketing-formacion\/#primaryimage\"},\"thumbnailUrl\":\"\",\"keywords\":[\"Comunicaci\u00f3n\",\"consultor\u00eda estrat\u00e9gica\",\"consultor\u00eda personal\",\"consultor\u00eda tencol\u00f3gica\",\"Formaci\u00f3n\",\"gestion redes sociales\",\"gesti\u00f3n web\",\"marketing y formaci\u00f3n\",\"rayko lorenzo\"],\"articleSection\":[\"Empresas asociadas\"],\"inLanguage\":\"es\",\"potentialAction\":[{\"@type\":\"CommentAction\",\"name\":\"Comment\",\"target\":[\"https:\/\/ajeandalucia.org\/granada\/2014\/05\/15\/nuevo-asociadorayko-lorenzo-comunicacion-marketing-formacion\/#respond\"]}]},{\"@type\":\"WebPage\",\"@id\":\"https:\/\/ajeandalucia.org\/granada\/2014\/05\/15\/nuevo-asociadorayko-lorenzo-comunicacion-marketing-formacion\/\",\"url\":\"https:\/\/ajeandalucia.org\/granada\/2014\/05\/15\/nuevo-asociadorayko-lorenzo-comunicacion-marketing-formacion\/\",\"name\":\"Nuevo asociado: Rayko Lorenzo, Comunicaci\u00f3n, Marketing, Formaci\u00f3n - AJE Granada\",\"isPartOf\":{\"@id\":\"https:\/\/ajeandalucia.org\/granada\/#website\"},\"primaryImageOfPage\":{\"@id\":\"https:\/\/ajeandalucia.org\/granada\/2014\/05\/15\/nuevo-asociadorayko-lorenzo-comunicacion-marketing-formacion\/#primaryimage\"},\"image\":{\"@id\":\"https:\/\/ajeandalucia.org\/granada\/2014\/05\/15\/nuevo-asociadorayko-lorenzo-comunicacion-marketing-formacion\/#primaryimage\"},\"thumbnailUrl\":\"\",\"datePublished\":\"2014-05-15T08:52:48+00:00\",\"breadcrumb\":{\"@id\":\"https:\/\/ajeandalucia.org\/granada\/2014\/05\/15\/nuevo-asociadorayko-lorenzo-comunicacion-marketing-formacion\/#breadcrumb\"},\"inLanguage\":\"es\",\"potentialAction\":[{\"@type\":\"ReadAction\",\"target\":[\"https:\/\/ajeandalucia.org\/granada\/2014\/05\/15\/nuevo-asociadorayko-lorenzo-comunicacion-marketing-formacion\/\"]}]},{\"@type\":\"ImageObject\",\"inLanguage\":\"es\",\"@id\":\"https:\/\/ajeandalucia.org\/granada\/2014\/05\/15\/nuevo-asociadorayko-lorenzo-comunicacion-marketing-formacion\/#primaryimage\",\"url\":\"\",\"contentUrl\":\"\"},{\"@type\":\"BreadcrumbList\",\"@id\":\"https:\/\/ajeandalucia.org\/granada\/2014\/05\/15\/nuevo-asociadorayko-lorenzo-comunicacion-marketing-formacion\/#breadcrumb\",\"itemListElement\":[{\"@type\":\"ListItem\",\"position\":1,\"name\":\"Portada\",\"item\":\"https:\/\/ajeandalucia.org\/granada\/\"},{\"@type\":\"ListItem\",\"position\":2,\"name\":\"Nuevo asociado: Rayko Lorenzo, Comunicaci\u00f3n, Marketing, Formaci\u00f3n\"}]},{\"@type\":\"WebSite\",\"@id\":\"https:\/\/ajeandalucia.org\/granada\/#website\",\"url\":\"https:\/\/ajeandalucia.org\/granada\/\",\"name\":\"AJE Granada\",\"description\":\"J\u00f3venes Empresarios de Granada\",\"publisher\":{\"@id\":\"https:\/\/ajeandalucia.org\/granada\/#organization\"},\"potentialAction\":[{\"@type\":\"SearchAction\",\"target\":{\"@type\":\"EntryPoint\",\"urlTemplate\":\"https:\/\/ajeandalucia.org\/granada\/?s={search_term_string}\"},\"query-input\":{\"@type\":\"PropertyValueSpecification\",\"valueRequired\":true,\"valueName\":\"search_term_string\"}}],\"inLanguage\":\"es\"},{\"@type\":\"Organization\",\"@id\":\"https:\/\/ajeandalucia.org\/granada\/#organization\",\"name\":\"AJE Granada\",\"url\":\"https:\/\/ajeandalucia.org\/granada\/\",\"logo\":{\"@type\":\"ImageObject\",\"inLanguage\":\"es\",\"@id\":\"https:\/\/ajeandalucia.org\/granada\/#\/schema\/logo\/image\/\",\"url\":\"https:\/\/ajeandalucia.org\/granada\/wp-content\/uploads\/sites\/7\/2025\/02\/AJE-GRANADA-horizontal.png\",\"contentUrl\":\"https:\/\/ajeandalucia.org\/granada\/wp-content\/uploads\/sites\/7\/2025\/02\/AJE-GRANADA-horizontal.png\",\"width\":612,\"height\":200,\"caption\":\"AJE Granada\"},\"image\":{\"@id\":\"https:\/\/ajeandalucia.org\/granada\/#\/schema\/logo\/image\/\"}},{\"@type\":\"Person\",\"@id\":\"\",\"url\":\"https:\/\/ajeandalucia.org\/granada\/author\/\"}]}<\/script>\n<!-- \/ Yoast SEO plugin. -->","yoast_head_json":{"title":"Nuevo asociado: Rayko Lorenzo, Comunicaci\u00f3n, Marketing, Formaci\u00f3n - AJE Granada","robots":{"index":"index","follow":"follow","max-snippet":"max-snippet:-1","max-image-preview":"max-image-preview:large","max-video-preview":"max-video-preview:-1"},"canonical":"https:\/\/ajeandalucia.org\/granada\/2014\/05\/15\/nuevo-asociadorayko-lorenzo-comunicacion-marketing-formacion\/","og_locale":"es_ES","og_type":"article","og_title":"Nuevo asociado: Rayko Lorenzo, Comunicaci\u00f3n, Marketing, Formaci\u00f3n - AJE Granada","og_description":"Os presentamos a nuestro nuevo asociado\u00a0Rayko Lorenzo, Comunicaci\u00f3n, Marketing y Formaci\u00f3n- Rayko Lorenzo se considera uno de esos emprendedores, que [&hellip;]","og_url":"https:\/\/ajeandalucia.org\/granada\/2014\/05\/15\/nuevo-asociadorayko-lorenzo-comunicacion-marketing-formacion\/","og_site_name":"AJE Granada","article_published_time":"2014-05-15T08:52:48+00:00","twitter_card":"summary_large_image","twitter_misc":{"Escrito por":"","Tiempo de lectura":"2 minutos"},"schema":{"@context":"https:\/\/schema.org","@graph":[{"@type":"Article","@id":"https:\/\/ajeandalucia.org\/granada\/2014\/05\/15\/nuevo-asociadorayko-lorenzo-comunicacion-marketing-formacion\/#article","isPartOf":{"@id":"https:\/\/ajeandalucia.org\/granada\/2014\/05\/15\/nuevo-asociadorayko-lorenzo-comunicacion-marketing-formacion\/"},"author":{"name":"","@id":""},"headline":"Nuevo asociado: Rayko Lorenzo, Comunicaci\u00f3n, Marketing, Formaci\u00f3n","datePublished":"2014-05-15T08:52:48+00:00","mainEntityOfPage":{"@id":"https:\/\/ajeandalucia.org\/granada\/2014\/05\/15\/nuevo-asociadorayko-lorenzo-comunicacion-marketing-formacion\/"},"wordCount":411,"commentCount":0,"publisher":{"@id":"https:\/\/ajeandalucia.org\/granada\/#organization"},"image":{"@id":"https:\/\/ajeandalucia.org\/granada\/2014\/05\/15\/nuevo-asociadorayko-lorenzo-comunicacion-marketing-formacion\/#primaryimage"},"thumbnailUrl":"","keywords":["Comunicaci\u00f3n","consultor\u00eda estrat\u00e9gica","consultor\u00eda personal","consultor\u00eda tencol\u00f3gica","Formaci\u00f3n","gestion redes sociales","gesti\u00f3n web","marketing y formaci\u00f3n","rayko lorenzo"],"articleSection":["Empresas asociadas"],"inLanguage":"es","potentialAction":[{"@type":"CommentAction","name":"Comment","target":["https:\/\/ajeandalucia.org\/granada\/2014\/05\/15\/nuevo-asociadorayko-lorenzo-comunicacion-marketing-formacion\/#respond"]}]},{"@type":"WebPage","@id":"https:\/\/ajeandalucia.org\/granada\/2014\/05\/15\/nuevo-asociadorayko-lorenzo-comunicacion-marketing-formacion\/","url":"https:\/\/ajeandalucia.org\/granada\/2014\/05\/15\/nuevo-asociadorayko-lorenzo-comunicacion-marketing-formacion\/","name":"Nuevo asociado: Rayko Lorenzo, Comunicaci\u00f3n, Marketing, Formaci\u00f3n - AJE Granada","isPartOf":{"@id":"https:\/\/ajeandalucia.org\/granada\/#website"},"primaryImageOfPage":{"@id":"https:\/\/ajeandalucia.org\/granada\/2014\/05\/15\/nuevo-asociadorayko-lorenzo-comunicacion-marketing-formacion\/#primaryimage"},"image":{"@id":"https:\/\/ajeandalucia.org\/granada\/2014\/05\/15\/nuevo-asociadorayko-lorenzo-comunicacion-marketing-formacion\/#primaryimage"},"thumbnailUrl":"","datePublished":"2014-05-15T08:52:48+00:00","breadcrumb":{"@id":"https:\/\/ajeandalucia.org\/granada\/2014\/05\/15\/nuevo-asociadorayko-lorenzo-comunicacion-marketing-formacion\/#breadcrumb"},"inLanguage":"es","potentialAction":[{"@type":"ReadAction","target":["https:\/\/ajeandalucia.org\/granada\/2014\/05\/15\/nuevo-asociadorayko-lorenzo-comunicacion-marketing-formacion\/"]}]},{"@type":"ImageObject","inLanguage":"es","@id":"https:\/\/ajeandalucia.org\/granada\/2014\/05\/15\/nuevo-asociadorayko-lorenzo-comunicacion-marketing-formacion\/#primaryimage","url":"","contentUrl":""},{"@type":"BreadcrumbList","@id":"https:\/\/ajeandalucia.org\/granada\/2014\/05\/15\/nuevo-asociadorayko-lorenzo-comunicacion-marketing-formacion\/#breadcrumb","itemListElement":[{"@type":"ListItem","position":1,"name":"Portada","item":"https:\/\/ajeandalucia.org\/granada\/"},{"@type":"ListItem","position":2,"name":"Nuevo asociado: Rayko Lorenzo, Comunicaci\u00f3n, Marketing, Formaci\u00f3n"}]},{"@type":"WebSite","@id":"https:\/\/ajeandalucia.org\/granada\/#website","url":"https:\/\/ajeandalucia.org\/granada\/","name":"AJE Granada","description":"J\u00f3venes Empresarios de Granada","publisher":{"@id":"https:\/\/ajeandalucia.org\/granada\/#organization"},"potentialAction":[{"@type":"SearchAction","target":{"@type":"EntryPoint","urlTemplate":"https:\/\/ajeandalucia.org\/granada\/?s={search_term_string}"},"query-input":{"@type":"PropertyValueSpecification","valueRequired":true,"valueName":"search_term_string"}}],"inLanguage":"es"},{"@type":"Organization","@id":"https:\/\/ajeandalucia.org\/granada\/#organization","name":"AJE Granada","url":"https:\/\/ajeandalucia.org\/granada\/","logo":{"@type":"ImageObject","inLanguage":"es","@id":"https:\/\/ajeandalucia.org\/granada\/#\/schema\/logo\/image\/","url":"https:\/\/ajeandalucia.org\/granada\/wp-content\/uploads\/sites\/7\/2025\/02\/AJE-GRANADA-horizontal.png","contentUrl":"https:\/\/ajeandalucia.org\/granada\/wp-content\/uploads\/sites\/7\/2025\/02\/AJE-GRANADA-horizontal.png","width":612,"height":200,"caption":"AJE Granada"},"image":{"@id":"https:\/\/ajeandalucia.org\/granada\/#\/schema\/logo\/image\/"}},{"@type":"Person","@id":"","url":"https:\/\/ajeandalucia.org\/granada\/author\/"}]}},"_links":{"self":[{"href":"https:\/\/ajeandalucia.org\/granada\/wp-json\/wp\/v2\/posts\/13054","targetHints":{"allow":["GET"]}}],"collection":[{"href":"https:\/\/ajeandalucia.org\/granada\/wp-json\/wp\/v2\/posts"}],"about":[{"href":"https:\/\/ajeandalucia.org\/granada\/wp-json\/wp\/v2\/types\/post"}],"author":[{"embeddable":true,"href":"https:\/\/ajeandalucia.org\/granada\/wp-json\/wp\/v2\/users\/1"}],"replies":[{"embeddable":true,"href":"https:\/\/ajeandalucia.org\/granada\/wp-json\/wp\/v2\/comments?post=13054"}],"version-history":[{"count":0,"href":"https:\/\/ajeandalucia.org\/granada\/wp-json\/wp\/v2\/posts\/13054\/revisions"}],"wp:featuredmedia":[{"embeddable":true,"href":"https:\/\/ajeandalucia.org\/granada\/wp-json\/"}],"wp:attachment":[{"href":"https:\/\/ajeandalucia.org\/granada\/wp-json\/wp\/v2\/media?parent=13054"}],"wp:term":[{"taxonomy":"category","embeddable":true,"href":"https:\/\/ajeandalucia.org\/granada\/wp-json\/wp\/v2\/categories?post=13054"},{"taxonomy":"post_tag","embeddable":true,"href":"https:\/\/ajeandalucia.org\/granada\/wp-json\/wp\/v2\/tags?post=13054"}],"curies":[{"name":"wp","href":"https:\/\/api.w.org\/{rel}","templated":true}]}}