{"id":13310,"date":"2014-06-11T09:29:27","date_gmt":"2014-06-11T07:29:27","guid":{"rendered":"http:\/\/www.ajegranada.org\/?p=13310"},"modified":"2014-06-11T09:29:27","modified_gmt":"2014-06-11T07:29:27","slug":"talleres-arquitectin-verano","status":"publish","type":"post","link":"https:\/\/ajeandalucia.org\/granada\/2014\/06\/11\/talleres-arquitectin-verano\/","title":{"rendered":"Talleres Arquitect\u00edn Verano"},"content":{"rendered":"<p><a href=\"http:\/\/www.ajegranada.org\/wp-content\/uploads\/2014\/06\/Arquitectin1.png\"><img loading=\"lazy\" decoding=\"async\" class=\"aligncenter size-full wp-image-13311\" src=\"http:\/\/www.ajegranada.org\/wp-content\/uploads\/2014\/06\/Arquitectin1.png\" alt=\"Arquitectin1\" width=\"571\" height=\"404\" \/><\/a>Nuestro asociado Arquitect\u00edn, taller de arquitectura para ni\u00f1os, que trata de acercarles esta disciplina de forma l\u00fadica, mediante diferentes din\u00e1micas \u00a0t\u00e9cnicas ( dibujos, maquetas, collage, murales&#8230;), nos manda informaci\u00f3n sobre los talleres que se van a impartir este verano.<\/p>\n<p>Se tratan de talleres semanales en horario escolar , destinados a todos los ni\u00f1os entre 3 y 12 a\u00f1os de edad, en los cuales se realizar\u00e1n multitud de actividades relacionadas con las manualidades y el arte que sacar\u00e1n toda la imaginaci\u00f3n de los mas peques de una forma original y divertida, tales como : dibujos a carboncillo, con cretas, pasteles, t\u00e9mperas, ceras blandas, l\u00e1pices de todo tipo, manualidades con material reciclado, con goma eva, maquetas, arcilla, , fofuchas, decoraci\u00f3n con fondant, taller de cocina&#8230;etc<\/p>\n<p>El objetivo de los talleres es que los ni\u00f1os experimenten con diferentes t\u00e9cnicas, disfruten y se manchen con materiales aptos para los mas peques!.<\/p>\n<p><a href=\"http:\/\/www.ajegranada.org\/wp-content\/uploads\/2014\/06\/Arquitectin-2.png\"><img loading=\"lazy\" decoding=\"async\" class=\"aligncenter size-full wp-image-13312\" src=\"http:\/\/www.ajegranada.org\/wp-content\/uploads\/2014\/06\/Arquitectin-2.png\" alt=\"Arquitectin 2\" width=\"571\" height=\"406\" \/><\/a><\/p>\n","protected":false},"excerpt":{"rendered":"<p>Nuestro asociado Arquitect\u00edn, taller de arquitectura para ni\u00f1os, que trata de acercarles esta disciplina de forma l\u00fadica, mediante diferentes din\u00e1micas [&hellip;]<\/p>\n","protected":false},"author":1,"featured_media":13313,"comment_status":"open","ping_status":"open","sticky":false,"template":"","format":"standard","meta":{"_acf_changed":false,"site-sidebar-layout":"default","site-content-layout":"","ast-site-content-layout":"default","site-content-style":"default","site-sidebar-style":"default","ast-global-header-display":"","ast-banner-title-visibility":"","ast-main-header-display":"","ast-hfb-above-header-display":"","ast-hfb-below-header-display":"","ast-hfb-mobile-header-display":"","site-post-title":"","ast-breadcrumbs-content":"","ast-featured-img":"","footer-sml-layout":"","ast-disable-related-posts":"","theme-transparent-header-meta":"","adv-header-id-meta":"","stick-header-meta":"","header-above-stick-meta":"","header-main-stick-meta":"","header-below-stick-meta":"","astra-migrate-meta-layouts":"default","ast-page-background-enabled":"default","ast-page-background-meta":{"desktop":{"background-color":"var(--ast-global-color-5)","background-image":"","background-repeat":"repeat","background-position":"center center","background-size":"auto","background-attachment":"scroll","background-type":"","background-media":"","overlay-type":"","overlay-color":"","overlay-opacity":"","overlay-gradient":""},"tablet":{"background-color":"","background-image":"","background-repeat":"repeat","background-position":"center center","background-size":"auto","background-attachment":"scroll","background-type":"","background-media":"","overlay-type":"","overlay-color":"","overlay-opacity":"","overlay-gradient":""},"mobile":{"background-color":"","background-image":"","background-repeat":"repeat","background-position":"center center","background-size":"auto","background-attachment":"scroll","background-type":"","background-media":"","overlay-type":"","overlay-color":"","overlay-opacity":"","overlay-gradient":""}},"ast-content-background-meta":{"desktop":{"background-color":"var(--ast-global-color-4)","background-image":"","background-repeat":"repeat","background-position":"center center","background-size":"auto","background-attachment":"scroll","background-type":"","background-media":"","overlay-type":"","overlay-color":"","overlay-opacity":"","overlay-gradient":""},"tablet":{"background-color":"var(--ast-global-color-4)","background-image":"","background-repeat":"repeat","background-position":"center center","background-size":"auto","background-attachment":"scroll","background-type":"","background-media":"","overlay-type":"","overlay-color":"","overlay-opacity":"","overlay-gradient":""},"mobile":{"background-color":"var(--ast-global-color-4)","background-image":"","background-repeat":"repeat","background-position":"center center","background-size":"auto","background-attachment":"scroll","background-type":"","background-media":"","overlay-type":"","overlay-color":"","overlay-opacity":"","overlay-gradient":""}},"footnotes":""},"categories":[91],"tags":[1523,1617,1618,1619,1620,1621,1622],"class_list":["post-13310","post","type-post","status-publish","format-standard","has-post-thumbnail","hentry","category-empresas-asociadas","tag-actividades-para-ninos","tag-arquitectin","tag-manualidades","tag-taller-arquitectura","tag-taller-arquitectura-para-ninos","tag-taller-dibujo","tag-taller-pintura"],"acf":[],"yoast_head":"<!-- This site is optimized with the Yoast SEO plugin v26.9 - https:\/\/yoast.com\/product\/yoast-seo-wordpress\/ -->\n<title>Talleres Arquitect\u00edn Verano - AJE Granada<\/title>\n<meta name=\"robots\" content=\"index, follow, max-snippet:-1, max-image-preview:large, max-video-preview:-1\" \/>\n<link rel=\"canonical\" href=\"https:\/\/ajeandalucia.org\/granada\/2014\/06\/11\/talleres-arquitectin-verano\/\" \/>\n<meta property=\"og:locale\" content=\"es_ES\" \/>\n<meta property=\"og:type\" content=\"article\" \/>\n<meta property=\"og:title\" content=\"Talleres Arquitect\u00edn Verano - AJE Granada\" \/>\n<meta property=\"og:description\" content=\"Nuestro asociado Arquitect\u00edn, taller de arquitectura para ni\u00f1os, que trata de acercarles esta disciplina de forma l\u00fadica, mediante diferentes din\u00e1micas [&hellip;]\" \/>\n<meta property=\"og:url\" content=\"https:\/\/ajeandalucia.org\/granada\/2014\/06\/11\/talleres-arquitectin-verano\/\" \/>\n<meta property=\"og:site_name\" content=\"AJE Granada\" \/>\n<meta property=\"article:published_time\" content=\"2014-06-11T07:29:27+00:00\" \/>\n<meta name=\"twitter:card\" content=\"summary_large_image\" \/>\n<meta name=\"twitter:label1\" content=\"Escrito por\" \/>\n\t<meta name=\"twitter:data1\" content=\"\" \/>\n\t<meta name=\"twitter:label2\" content=\"Tiempo de lectura\" \/>\n\t<meta name=\"twitter:data2\" content=\"1 minuto\" \/>\n<script type=\"application\/ld+json\" class=\"yoast-schema-graph\">{\"@context\":\"https:\/\/schema.org\",\"@graph\":[{\"@type\":\"Article\",\"@id\":\"https:\/\/ajeandalucia.org\/granada\/2014\/06\/11\/talleres-arquitectin-verano\/#article\",\"isPartOf\":{\"@id\":\"https:\/\/ajeandalucia.org\/granada\/2014\/06\/11\/talleres-arquitectin-verano\/\"},\"author\":{\"name\":\"\",\"@id\":\"\"},\"headline\":\"Talleres Arquitect\u00edn Verano\",\"datePublished\":\"2014-06-11T07:29:27+00:00\",\"mainEntityOfPage\":{\"@id\":\"https:\/\/ajeandalucia.org\/granada\/2014\/06\/11\/talleres-arquitectin-verano\/\"},\"wordCount\":162,\"commentCount\":0,\"publisher\":{\"@id\":\"https:\/\/ajeandalucia.org\/granada\/#organization\"},\"image\":{\"@id\":\"https:\/\/ajeandalucia.org\/granada\/2014\/06\/11\/talleres-arquitectin-verano\/#primaryimage\"},\"thumbnailUrl\":\"\",\"keywords\":[\"actividades para ni\u00f1os\",\"arquitect\u00edn\",\"manualidades\",\"taller arquitectura\",\"taller arquitectura para ni\u00f1os\",\"taller dibujo\",\"taller pintura\"],\"articleSection\":[\"Empresas asociadas\"],\"inLanguage\":\"es\",\"potentialAction\":[{\"@type\":\"CommentAction\",\"name\":\"Comment\",\"target\":[\"https:\/\/ajeandalucia.org\/granada\/2014\/06\/11\/talleres-arquitectin-verano\/#respond\"]}]},{\"@type\":\"WebPage\",\"@id\":\"https:\/\/ajeandalucia.org\/granada\/2014\/06\/11\/talleres-arquitectin-verano\/\",\"url\":\"https:\/\/ajeandalucia.org\/granada\/2014\/06\/11\/talleres-arquitectin-verano\/\",\"name\":\"Talleres Arquitect\u00edn Verano - AJE Granada\",\"isPartOf\":{\"@id\":\"https:\/\/ajeandalucia.org\/granada\/#website\"},\"primaryImageOfPage\":{\"@id\":\"https:\/\/ajeandalucia.org\/granada\/2014\/06\/11\/talleres-arquitectin-verano\/#primaryimage\"},\"image\":{\"@id\":\"https:\/\/ajeandalucia.org\/granada\/2014\/06\/11\/talleres-arquitectin-verano\/#primaryimage\"},\"thumbnailUrl\":\"\",\"datePublished\":\"2014-06-11T07:29:27+00:00\",\"breadcrumb\":{\"@id\":\"https:\/\/ajeandalucia.org\/granada\/2014\/06\/11\/talleres-arquitectin-verano\/#breadcrumb\"},\"inLanguage\":\"es\",\"potentialAction\":[{\"@type\":\"ReadAction\",\"target\":[\"https:\/\/ajeandalucia.org\/granada\/2014\/06\/11\/talleres-arquitectin-verano\/\"]}]},{\"@type\":\"ImageObject\",\"inLanguage\":\"es\",\"@id\":\"https:\/\/ajeandalucia.org\/granada\/2014\/06\/11\/talleres-arquitectin-verano\/#primaryimage\",\"url\":\"\",\"contentUrl\":\"\"},{\"@type\":\"BreadcrumbList\",\"@id\":\"https:\/\/ajeandalucia.org\/granada\/2014\/06\/11\/talleres-arquitectin-verano\/#breadcrumb\",\"itemListElement\":[{\"@type\":\"ListItem\",\"position\":1,\"name\":\"Portada\",\"item\":\"https:\/\/ajeandalucia.org\/granada\/\"},{\"@type\":\"ListItem\",\"position\":2,\"name\":\"Talleres Arquitect\u00edn Verano\"}]},{\"@type\":\"WebSite\",\"@id\":\"https:\/\/ajeandalucia.org\/granada\/#website\",\"url\":\"https:\/\/ajeandalucia.org\/granada\/\",\"name\":\"AJE Granada\",\"description\":\"J\u00f3venes Empresarios de Granada\",\"publisher\":{\"@id\":\"https:\/\/ajeandalucia.org\/granada\/#organization\"},\"potentialAction\":[{\"@type\":\"SearchAction\",\"target\":{\"@type\":\"EntryPoint\",\"urlTemplate\":\"https:\/\/ajeandalucia.org\/granada\/?s={search_term_string}\"},\"query-input\":{\"@type\":\"PropertyValueSpecification\",\"valueRequired\":true,\"valueName\":\"search_term_string\"}}],\"inLanguage\":\"es\"},{\"@type\":\"Organization\",\"@id\":\"https:\/\/ajeandalucia.org\/granada\/#organization\",\"name\":\"AJE Granada\",\"url\":\"https:\/\/ajeandalucia.org\/granada\/\",\"logo\":{\"@type\":\"ImageObject\",\"inLanguage\":\"es\",\"@id\":\"https:\/\/ajeandalucia.org\/granada\/#\/schema\/logo\/image\/\",\"url\":\"https:\/\/ajeandalucia.org\/granada\/wp-content\/uploads\/sites\/7\/2025\/02\/AJE-GRANADA-horizontal.png\",\"contentUrl\":\"https:\/\/ajeandalucia.org\/granada\/wp-content\/uploads\/sites\/7\/2025\/02\/AJE-GRANADA-horizontal.png\",\"width\":612,\"height\":200,\"caption\":\"AJE Granada\"},\"image\":{\"@id\":\"https:\/\/ajeandalucia.org\/granada\/#\/schema\/logo\/image\/\"}},{\"@type\":\"Person\",\"@id\":\"\",\"url\":\"https:\/\/ajeandalucia.org\/granada\/author\/\"}]}<\/script>\n<!-- \/ Yoast SEO plugin. -->","yoast_head_json":{"title":"Talleres Arquitect\u00edn Verano - AJE Granada","robots":{"index":"index","follow":"follow","max-snippet":"max-snippet:-1","max-image-preview":"max-image-preview:large","max-video-preview":"max-video-preview:-1"},"canonical":"https:\/\/ajeandalucia.org\/granada\/2014\/06\/11\/talleres-arquitectin-verano\/","og_locale":"es_ES","og_type":"article","og_title":"Talleres Arquitect\u00edn Verano - AJE Granada","og_description":"Nuestro asociado Arquitect\u00edn, taller de arquitectura para ni\u00f1os, que trata de acercarles esta disciplina de forma l\u00fadica, mediante diferentes din\u00e1micas [&hellip;]","og_url":"https:\/\/ajeandalucia.org\/granada\/2014\/06\/11\/talleres-arquitectin-verano\/","og_site_name":"AJE Granada","article_published_time":"2014-06-11T07:29:27+00:00","twitter_card":"summary_large_image","twitter_misc":{"Escrito por":"","Tiempo de lectura":"1 minuto"},"schema":{"@context":"https:\/\/schema.org","@graph":[{"@type":"Article","@id":"https:\/\/ajeandalucia.org\/granada\/2014\/06\/11\/talleres-arquitectin-verano\/#article","isPartOf":{"@id":"https:\/\/ajeandalucia.org\/granada\/2014\/06\/11\/talleres-arquitectin-verano\/"},"author":{"name":"","@id":""},"headline":"Talleres Arquitect\u00edn Verano","datePublished":"2014-06-11T07:29:27+00:00","mainEntityOfPage":{"@id":"https:\/\/ajeandalucia.org\/granada\/2014\/06\/11\/talleres-arquitectin-verano\/"},"wordCount":162,"commentCount":0,"publisher":{"@id":"https:\/\/ajeandalucia.org\/granada\/#organization"},"image":{"@id":"https:\/\/ajeandalucia.org\/granada\/2014\/06\/11\/talleres-arquitectin-verano\/#primaryimage"},"thumbnailUrl":"","keywords":["actividades para ni\u00f1os","arquitect\u00edn","manualidades","taller arquitectura","taller arquitectura para ni\u00f1os","taller dibujo","taller pintura"],"articleSection":["Empresas asociadas"],"inLanguage":"es","potentialAction":[{"@type":"CommentAction","name":"Comment","target":["https:\/\/ajeandalucia.org\/granada\/2014\/06\/11\/talleres-arquitectin-verano\/#respond"]}]},{"@type":"WebPage","@id":"https:\/\/ajeandalucia.org\/granada\/2014\/06\/11\/talleres-arquitectin-verano\/","url":"https:\/\/ajeandalucia.org\/granada\/2014\/06\/11\/talleres-arquitectin-verano\/","name":"Talleres Arquitect\u00edn Verano - AJE Granada","isPartOf":{"@id":"https:\/\/ajeandalucia.org\/granada\/#website"},"primaryImageOfPage":{"@id":"https:\/\/ajeandalucia.org\/granada\/2014\/06\/11\/talleres-arquitectin-verano\/#primaryimage"},"image":{"@id":"https:\/\/ajeandalucia.org\/granada\/2014\/06\/11\/talleres-arquitectin-verano\/#primaryimage"},"thumbnailUrl":"","datePublished":"2014-06-11T07:29:27+00:00","breadcrumb":{"@id":"https:\/\/ajeandalucia.org\/granada\/2014\/06\/11\/talleres-arquitectin-verano\/#breadcrumb"},"inLanguage":"es","potentialAction":[{"@type":"ReadAction","target":["https:\/\/ajeandalucia.org\/granada\/2014\/06\/11\/talleres-arquitectin-verano\/"]}]},{"@type":"ImageObject","inLanguage":"es","@id":"https:\/\/ajeandalucia.org\/granada\/2014\/06\/11\/talleres-arquitectin-verano\/#primaryimage","url":"","contentUrl":""},{"@type":"BreadcrumbList","@id":"https:\/\/ajeandalucia.org\/granada\/2014\/06\/11\/talleres-arquitectin-verano\/#breadcrumb","itemListElement":[{"@type":"ListItem","position":1,"name":"Portada","item":"https:\/\/ajeandalucia.org\/granada\/"},{"@type":"ListItem","position":2,"name":"Talleres Arquitect\u00edn Verano"}]},{"@type":"WebSite","@id":"https:\/\/ajeandalucia.org\/granada\/#website","url":"https:\/\/ajeandalucia.org\/granada\/","name":"AJE Granada","description":"J\u00f3venes Empresarios de Granada","publisher":{"@id":"https:\/\/ajeandalucia.org\/granada\/#organization"},"potentialAction":[{"@type":"SearchAction","target":{"@type":"EntryPoint","urlTemplate":"https:\/\/ajeandalucia.org\/granada\/?s={search_term_string}"},"query-input":{"@type":"PropertyValueSpecification","valueRequired":true,"valueName":"search_term_string"}}],"inLanguage":"es"},{"@type":"Organization","@id":"https:\/\/ajeandalucia.org\/granada\/#organization","name":"AJE Granada","url":"https:\/\/ajeandalucia.org\/granada\/","logo":{"@type":"ImageObject","inLanguage":"es","@id":"https:\/\/ajeandalucia.org\/granada\/#\/schema\/logo\/image\/","url":"https:\/\/ajeandalucia.org\/granada\/wp-content\/uploads\/sites\/7\/2025\/02\/AJE-GRANADA-horizontal.png","contentUrl":"https:\/\/ajeandalucia.org\/granada\/wp-content\/uploads\/sites\/7\/2025\/02\/AJE-GRANADA-horizontal.png","width":612,"height":200,"caption":"AJE Granada"},"image":{"@id":"https:\/\/ajeandalucia.org\/granada\/#\/schema\/logo\/image\/"}},{"@type":"Person","@id":"","url":"https:\/\/ajeandalucia.org\/granada\/author\/"}]}},"_links":{"self":[{"href":"https:\/\/ajeandalucia.org\/granada\/wp-json\/wp\/v2\/posts\/13310","targetHints":{"allow":["GET"]}}],"collection":[{"href":"https:\/\/ajeandalucia.org\/granada\/wp-json\/wp\/v2\/posts"}],"about":[{"href":"https:\/\/ajeandalucia.org\/granada\/wp-json\/wp\/v2\/types\/post"}],"author":[{"embeddable":true,"href":"https:\/\/ajeandalucia.org\/granada\/wp-json\/wp\/v2\/users\/1"}],"replies":[{"embeddable":true,"href":"https:\/\/ajeandalucia.org\/granada\/wp-json\/wp\/v2\/comments?post=13310"}],"version-history":[{"count":0,"href":"https:\/\/ajeandalucia.org\/granada\/wp-json\/wp\/v2\/posts\/13310\/revisions"}],"wp:featuredmedia":[{"embeddable":true,"href":"https:\/\/ajeandalucia.org\/granada\/wp-json\/"}],"wp:attachment":[{"href":"https:\/\/ajeandalucia.org\/granada\/wp-json\/wp\/v2\/media?parent=13310"}],"wp:term":[{"taxonomy":"category","embeddable":true,"href":"https:\/\/ajeandalucia.org\/granada\/wp-json\/wp\/v2\/categories?post=13310"},{"taxonomy":"post_tag","embeddable":true,"href":"https:\/\/ajeandalucia.org\/granada\/wp-json\/wp\/v2\/tags?post=13310"}],"curies":[{"name":"wp","href":"https:\/\/api.w.org\/{rel}","templated":true}]}}