{"id":13329,"date":"2014-06-13T09:37:06","date_gmt":"2014-06-13T07:37:06","guid":{"rendered":"http:\/\/www.ajegranada.org\/?p=13329"},"modified":"2014-06-13T09:37:06","modified_gmt":"2014-06-13T07:37:06","slug":"talleres-innovacion-y-tecnologia","status":"publish","type":"post","link":"https:\/\/ajeandalucia.org\/granada\/2014\/06\/13\/talleres-innovacion-y-tecnologia\/","title":{"rendered":"Talleres innovaci\u00f3n y tecnolog\u00eda"},"content":{"rendered":"<p><a href=\"http:\/\/www.ajegranada.org\/wp-content\/uploads\/2014\/06\/talleres-innovaci\u00f3n2.png\"><img loading=\"lazy\" decoding=\"async\" class=\"aligncenter size-full wp-image-13330\" src=\"http:\/\/www.ajegranada.org\/wp-content\/uploads\/2014\/06\/talleres-innovaci\u00f3n2.png\" alt=\"talleres innovaci\u00f3n2\" width=\"708\" height=\"304\" \/><\/a>Os informamos \u00a0del Plan de formaci\u00f3n para pymes andaluzas 2014 impulsado por la Consejer\u00eda de Econom\u00eda, Innovaci\u00f3n, Ciencia y Empleo en colaboraci\u00f3n con Sandetel con el objetivo de acercar a los empresarios y empresarias de nuestra comunidad los conocimientos y herramientas de innovaci\u00f3n TIC que pueden tener m\u00e1s impacto positivo sobre sus negocios.<\/p>\n<p>Este Plan de Formaci\u00f3n para Pymes Andaluzas ofrece un cat\u00e1logo de cursos constituido por 5 talleres presenciales, correspondientes a 5 tem\u00e1ticas diferentes relacionadas con la Innovaci\u00f3n y la Tecnolog\u00eda. Se celebrar\u00e1n a lo largo del mes de junio en todas las provincias andaluzas. Se puede ampliar la informaci\u00f3n y realizar la inscripci\u00f3n en el siguiente enlace: <a href=\"http:\/\/www.juntadeandalucia.es\/organismos\/economiainnovacioncienciayempleo\/sandetel\/areas\/sociedad-informacion\/pymes\/paginas\/talleres.html\">http:\/\/juntadeandalucia.es\/organismos\/economiainnovacioncienciayempleo\/sandetel\/areas\/sociedad-informacion\/pymes\/paginas\/talleres.html<\/a><\/p>\n<p>Para m\u00e1s informaci\u00f3n o aclaraci\u00f3n:<\/p>\n<p>empresas.sandetel@juntadeandalucia.es y por tel\u00e9fono al 671563975.<\/p>\n<p>&nbsp;<\/p>\n","protected":false},"excerpt":{"rendered":"<p>Os informamos \u00a0del Plan de formaci\u00f3n para pymes andaluzas 2014 impulsado por la Consejer\u00eda de Econom\u00eda, Innovaci\u00f3n, Ciencia y Empleo [&hellip;]<\/p>\n","protected":false},"author":1,"featured_media":13331,"comment_status":"open","ping_status":"open","sticky":false,"template":"","format":"standard","meta":{"_acf_changed":false,"site-sidebar-layout":"default","site-content-layout":"","ast-site-content-layout":"default","site-content-style":"default","site-sidebar-style":"default","ast-global-header-display":"","ast-banner-title-visibility":"","ast-main-header-display":"","ast-hfb-above-header-display":"","ast-hfb-below-header-display":"","ast-hfb-mobile-header-display":"","site-post-title":"","ast-breadcrumbs-content":"","ast-featured-img":"","footer-sml-layout":"","ast-disable-related-posts":"","theme-transparent-header-meta":"","adv-header-id-meta":"","stick-header-meta":"","header-above-stick-meta":"","header-main-stick-meta":"","header-below-stick-meta":"","astra-migrate-meta-layouts":"default","ast-page-background-enabled":"default","ast-page-background-meta":{"desktop":{"background-color":"var(--ast-global-color-5)","background-image":"","background-repeat":"repeat","background-position":"center center","background-size":"auto","background-attachment":"scroll","background-type":"","background-media":"","overlay-type":"","overlay-color":"","overlay-opacity":"","overlay-gradient":""},"tablet":{"background-color":"","background-image":"","background-repeat":"repeat","background-position":"center center","background-size":"auto","background-attachment":"scroll","background-type":"","background-media":"","overlay-type":"","overlay-color":"","overlay-opacity":"","overlay-gradient":""},"mobile":{"background-color":"","background-image":"","background-repeat":"repeat","background-position":"center center","background-size":"auto","background-attachment":"scroll","background-type":"","background-media":"","overlay-type":"","overlay-color":"","overlay-opacity":"","overlay-gradient":""}},"ast-content-background-meta":{"desktop":{"background-color":"var(--ast-global-color-4)","background-image":"","background-repeat":"repeat","background-position":"center center","background-size":"auto","background-attachment":"scroll","background-type":"","background-media":"","overlay-type":"","overlay-color":"","overlay-opacity":"","overlay-gradient":""},"tablet":{"background-color":"var(--ast-global-color-4)","background-image":"","background-repeat":"repeat","background-position":"center center","background-size":"auto","background-attachment":"scroll","background-type":"","background-media":"","overlay-type":"","overlay-color":"","overlay-opacity":"","overlay-gradient":""},"mobile":{"background-color":"var(--ast-global-color-4)","background-image":"","background-repeat":"repeat","background-position":"center center","background-size":"auto","background-attachment":"scroll","background-type":"","background-media":"","overlay-type":"","overlay-color":"","overlay-opacity":"","overlay-gradient":""}},"footnotes":""},"categories":[8],"tags":[96,748,175,198,280],"class_list":["post-13329","post","type-post","status-publish","format-standard","has-post-thumbnail","hentry","category-noticias","tag-formacion-2","tag-innovacion-2","tag-talleres","tag-tecnologia-2","tag-tic"],"acf":[],"yoast_head":"<!-- This site is optimized with the Yoast SEO plugin v26.9 - https:\/\/yoast.com\/product\/yoast-seo-wordpress\/ -->\n<title>Talleres innovaci\u00f3n y tecnolog\u00eda - AJE Granada<\/title>\n<meta name=\"robots\" content=\"index, follow, max-snippet:-1, max-image-preview:large, max-video-preview:-1\" \/>\n<link rel=\"canonical\" href=\"https:\/\/ajeandalucia.org\/granada\/2014\/06\/13\/talleres-innovacion-y-tecnologia\/\" \/>\n<meta property=\"og:locale\" content=\"es_ES\" \/>\n<meta property=\"og:type\" content=\"article\" \/>\n<meta property=\"og:title\" content=\"Talleres innovaci\u00f3n y tecnolog\u00eda - AJE Granada\" \/>\n<meta property=\"og:description\" content=\"Os informamos \u00a0del Plan de formaci\u00f3n para pymes andaluzas 2014 impulsado por la Consejer\u00eda de Econom\u00eda, Innovaci\u00f3n, Ciencia y Empleo [&hellip;]\" \/>\n<meta property=\"og:url\" content=\"https:\/\/ajeandalucia.org\/granada\/2014\/06\/13\/talleres-innovacion-y-tecnologia\/\" \/>\n<meta property=\"og:site_name\" content=\"AJE Granada\" \/>\n<meta property=\"article:published_time\" content=\"2014-06-13T07:37:06+00:00\" \/>\n<meta name=\"twitter:card\" content=\"summary_large_image\" \/>\n<meta name=\"twitter:label1\" content=\"Escrito por\" \/>\n\t<meta name=\"twitter:data1\" content=\"\" \/>\n\t<meta name=\"twitter:label2\" content=\"Tiempo de lectura\" \/>\n\t<meta name=\"twitter:data2\" content=\"1 minuto\" \/>\n<script type=\"application\/ld+json\" class=\"yoast-schema-graph\">{\"@context\":\"https:\/\/schema.org\",\"@graph\":[{\"@type\":\"Article\",\"@id\":\"https:\/\/ajeandalucia.org\/granada\/2014\/06\/13\/talleres-innovacion-y-tecnologia\/#article\",\"isPartOf\":{\"@id\":\"https:\/\/ajeandalucia.org\/granada\/2014\/06\/13\/talleres-innovacion-y-tecnologia\/\"},\"author\":{\"name\":\"\",\"@id\":\"\"},\"headline\":\"Talleres innovaci\u00f3n y tecnolog\u00eda\",\"datePublished\":\"2014-06-13T07:37:06+00:00\",\"mainEntityOfPage\":{\"@id\":\"https:\/\/ajeandalucia.org\/granada\/2014\/06\/13\/talleres-innovacion-y-tecnologia\/\"},\"wordCount\":157,\"commentCount\":0,\"publisher\":{\"@id\":\"https:\/\/ajeandalucia.org\/granada\/#organization\"},\"image\":{\"@id\":\"https:\/\/ajeandalucia.org\/granada\/2014\/06\/13\/talleres-innovacion-y-tecnologia\/#primaryimage\"},\"thumbnailUrl\":\"\",\"keywords\":[\"Formaci\u00f3n\",\"innovaci\u00f3n\",\"Talleres\",\"Tecnolog\u00eda\",\"TIC\"],\"articleSection\":[\"Noticias\"],\"inLanguage\":\"es\",\"potentialAction\":[{\"@type\":\"CommentAction\",\"name\":\"Comment\",\"target\":[\"https:\/\/ajeandalucia.org\/granada\/2014\/06\/13\/talleres-innovacion-y-tecnologia\/#respond\"]}]},{\"@type\":\"WebPage\",\"@id\":\"https:\/\/ajeandalucia.org\/granada\/2014\/06\/13\/talleres-innovacion-y-tecnologia\/\",\"url\":\"https:\/\/ajeandalucia.org\/granada\/2014\/06\/13\/talleres-innovacion-y-tecnologia\/\",\"name\":\"Talleres innovaci\u00f3n y tecnolog\u00eda - AJE Granada\",\"isPartOf\":{\"@id\":\"https:\/\/ajeandalucia.org\/granada\/#website\"},\"primaryImageOfPage\":{\"@id\":\"https:\/\/ajeandalucia.org\/granada\/2014\/06\/13\/talleres-innovacion-y-tecnologia\/#primaryimage\"},\"image\":{\"@id\":\"https:\/\/ajeandalucia.org\/granada\/2014\/06\/13\/talleres-innovacion-y-tecnologia\/#primaryimage\"},\"thumbnailUrl\":\"\",\"datePublished\":\"2014-06-13T07:37:06+00:00\",\"breadcrumb\":{\"@id\":\"https:\/\/ajeandalucia.org\/granada\/2014\/06\/13\/talleres-innovacion-y-tecnologia\/#breadcrumb\"},\"inLanguage\":\"es\",\"potentialAction\":[{\"@type\":\"ReadAction\",\"target\":[\"https:\/\/ajeandalucia.org\/granada\/2014\/06\/13\/talleres-innovacion-y-tecnologia\/\"]}]},{\"@type\":\"ImageObject\",\"inLanguage\":\"es\",\"@id\":\"https:\/\/ajeandalucia.org\/granada\/2014\/06\/13\/talleres-innovacion-y-tecnologia\/#primaryimage\",\"url\":\"\",\"contentUrl\":\"\"},{\"@type\":\"BreadcrumbList\",\"@id\":\"https:\/\/ajeandalucia.org\/granada\/2014\/06\/13\/talleres-innovacion-y-tecnologia\/#breadcrumb\",\"itemListElement\":[{\"@type\":\"ListItem\",\"position\":1,\"name\":\"Portada\",\"item\":\"https:\/\/ajeandalucia.org\/granada\/\"},{\"@type\":\"ListItem\",\"position\":2,\"name\":\"Talleres innovaci\u00f3n y tecnolog\u00eda\"}]},{\"@type\":\"WebSite\",\"@id\":\"https:\/\/ajeandalucia.org\/granada\/#website\",\"url\":\"https:\/\/ajeandalucia.org\/granada\/\",\"name\":\"AJE Granada\",\"description\":\"J\u00f3venes Empresarios de Granada\",\"publisher\":{\"@id\":\"https:\/\/ajeandalucia.org\/granada\/#organization\"},\"potentialAction\":[{\"@type\":\"SearchAction\",\"target\":{\"@type\":\"EntryPoint\",\"urlTemplate\":\"https:\/\/ajeandalucia.org\/granada\/?s={search_term_string}\"},\"query-input\":{\"@type\":\"PropertyValueSpecification\",\"valueRequired\":true,\"valueName\":\"search_term_string\"}}],\"inLanguage\":\"es\"},{\"@type\":\"Organization\",\"@id\":\"https:\/\/ajeandalucia.org\/granada\/#organization\",\"name\":\"AJE Granada\",\"url\":\"https:\/\/ajeandalucia.org\/granada\/\",\"logo\":{\"@type\":\"ImageObject\",\"inLanguage\":\"es\",\"@id\":\"https:\/\/ajeandalucia.org\/granada\/#\/schema\/logo\/image\/\",\"url\":\"https:\/\/ajeandalucia.org\/granada\/wp-content\/uploads\/sites\/7\/2025\/02\/AJE-GRANADA-horizontal.png\",\"contentUrl\":\"https:\/\/ajeandalucia.org\/granada\/wp-content\/uploads\/sites\/7\/2025\/02\/AJE-GRANADA-horizontal.png\",\"width\":612,\"height\":200,\"caption\":\"AJE Granada\"},\"image\":{\"@id\":\"https:\/\/ajeandalucia.org\/granada\/#\/schema\/logo\/image\/\"}},{\"@type\":\"Person\",\"@id\":\"\",\"url\":\"https:\/\/ajeandalucia.org\/granada\/author\/\"}]}<\/script>\n<!-- \/ Yoast SEO plugin. -->","yoast_head_json":{"title":"Talleres innovaci\u00f3n y tecnolog\u00eda - AJE Granada","robots":{"index":"index","follow":"follow","max-snippet":"max-snippet:-1","max-image-preview":"max-image-preview:large","max-video-preview":"max-video-preview:-1"},"canonical":"https:\/\/ajeandalucia.org\/granada\/2014\/06\/13\/talleres-innovacion-y-tecnologia\/","og_locale":"es_ES","og_type":"article","og_title":"Talleres innovaci\u00f3n y tecnolog\u00eda - AJE Granada","og_description":"Os informamos \u00a0del Plan de formaci\u00f3n para pymes andaluzas 2014 impulsado por la Consejer\u00eda de Econom\u00eda, Innovaci\u00f3n, Ciencia y Empleo [&hellip;]","og_url":"https:\/\/ajeandalucia.org\/granada\/2014\/06\/13\/talleres-innovacion-y-tecnologia\/","og_site_name":"AJE Granada","article_published_time":"2014-06-13T07:37:06+00:00","twitter_card":"summary_large_image","twitter_misc":{"Escrito por":"","Tiempo de lectura":"1 minuto"},"schema":{"@context":"https:\/\/schema.org","@graph":[{"@type":"Article","@id":"https:\/\/ajeandalucia.org\/granada\/2014\/06\/13\/talleres-innovacion-y-tecnologia\/#article","isPartOf":{"@id":"https:\/\/ajeandalucia.org\/granada\/2014\/06\/13\/talleres-innovacion-y-tecnologia\/"},"author":{"name":"","@id":""},"headline":"Talleres innovaci\u00f3n y tecnolog\u00eda","datePublished":"2014-06-13T07:37:06+00:00","mainEntityOfPage":{"@id":"https:\/\/ajeandalucia.org\/granada\/2014\/06\/13\/talleres-innovacion-y-tecnologia\/"},"wordCount":157,"commentCount":0,"publisher":{"@id":"https:\/\/ajeandalucia.org\/granada\/#organization"},"image":{"@id":"https:\/\/ajeandalucia.org\/granada\/2014\/06\/13\/talleres-innovacion-y-tecnologia\/#primaryimage"},"thumbnailUrl":"","keywords":["Formaci\u00f3n","innovaci\u00f3n","Talleres","Tecnolog\u00eda","TIC"],"articleSection":["Noticias"],"inLanguage":"es","potentialAction":[{"@type":"CommentAction","name":"Comment","target":["https:\/\/ajeandalucia.org\/granada\/2014\/06\/13\/talleres-innovacion-y-tecnologia\/#respond"]}]},{"@type":"WebPage","@id":"https:\/\/ajeandalucia.org\/granada\/2014\/06\/13\/talleres-innovacion-y-tecnologia\/","url":"https:\/\/ajeandalucia.org\/granada\/2014\/06\/13\/talleres-innovacion-y-tecnologia\/","name":"Talleres innovaci\u00f3n y tecnolog\u00eda - AJE Granada","isPartOf":{"@id":"https:\/\/ajeandalucia.org\/granada\/#website"},"primaryImageOfPage":{"@id":"https:\/\/ajeandalucia.org\/granada\/2014\/06\/13\/talleres-innovacion-y-tecnologia\/#primaryimage"},"image":{"@id":"https:\/\/ajeandalucia.org\/granada\/2014\/06\/13\/talleres-innovacion-y-tecnologia\/#primaryimage"},"thumbnailUrl":"","datePublished":"2014-06-13T07:37:06+00:00","breadcrumb":{"@id":"https:\/\/ajeandalucia.org\/granada\/2014\/06\/13\/talleres-innovacion-y-tecnologia\/#breadcrumb"},"inLanguage":"es","potentialAction":[{"@type":"ReadAction","target":["https:\/\/ajeandalucia.org\/granada\/2014\/06\/13\/talleres-innovacion-y-tecnologia\/"]}]},{"@type":"ImageObject","inLanguage":"es","@id":"https:\/\/ajeandalucia.org\/granada\/2014\/06\/13\/talleres-innovacion-y-tecnologia\/#primaryimage","url":"","contentUrl":""},{"@type":"BreadcrumbList","@id":"https:\/\/ajeandalucia.org\/granada\/2014\/06\/13\/talleres-innovacion-y-tecnologia\/#breadcrumb","itemListElement":[{"@type":"ListItem","position":1,"name":"Portada","item":"https:\/\/ajeandalucia.org\/granada\/"},{"@type":"ListItem","position":2,"name":"Talleres innovaci\u00f3n y tecnolog\u00eda"}]},{"@type":"WebSite","@id":"https:\/\/ajeandalucia.org\/granada\/#website","url":"https:\/\/ajeandalucia.org\/granada\/","name":"AJE Granada","description":"J\u00f3venes Empresarios de Granada","publisher":{"@id":"https:\/\/ajeandalucia.org\/granada\/#organization"},"potentialAction":[{"@type":"SearchAction","target":{"@type":"EntryPoint","urlTemplate":"https:\/\/ajeandalucia.org\/granada\/?s={search_term_string}"},"query-input":{"@type":"PropertyValueSpecification","valueRequired":true,"valueName":"search_term_string"}}],"inLanguage":"es"},{"@type":"Organization","@id":"https:\/\/ajeandalucia.org\/granada\/#organization","name":"AJE Granada","url":"https:\/\/ajeandalucia.org\/granada\/","logo":{"@type":"ImageObject","inLanguage":"es","@id":"https:\/\/ajeandalucia.org\/granada\/#\/schema\/logo\/image\/","url":"https:\/\/ajeandalucia.org\/granada\/wp-content\/uploads\/sites\/7\/2025\/02\/AJE-GRANADA-horizontal.png","contentUrl":"https:\/\/ajeandalucia.org\/granada\/wp-content\/uploads\/sites\/7\/2025\/02\/AJE-GRANADA-horizontal.png","width":612,"height":200,"caption":"AJE Granada"},"image":{"@id":"https:\/\/ajeandalucia.org\/granada\/#\/schema\/logo\/image\/"}},{"@type":"Person","@id":"","url":"https:\/\/ajeandalucia.org\/granada\/author\/"}]}},"_links":{"self":[{"href":"https:\/\/ajeandalucia.org\/granada\/wp-json\/wp\/v2\/posts\/13329","targetHints":{"allow":["GET"]}}],"collection":[{"href":"https:\/\/ajeandalucia.org\/granada\/wp-json\/wp\/v2\/posts"}],"about":[{"href":"https:\/\/ajeandalucia.org\/granada\/wp-json\/wp\/v2\/types\/post"}],"author":[{"embeddable":true,"href":"https:\/\/ajeandalucia.org\/granada\/wp-json\/wp\/v2\/users\/1"}],"replies":[{"embeddable":true,"href":"https:\/\/ajeandalucia.org\/granada\/wp-json\/wp\/v2\/comments?post=13329"}],"version-history":[{"count":0,"href":"https:\/\/ajeandalucia.org\/granada\/wp-json\/wp\/v2\/posts\/13329\/revisions"}],"wp:featuredmedia":[{"embeddable":true,"href":"https:\/\/ajeandalucia.org\/granada\/wp-json\/"}],"wp:attachment":[{"href":"https:\/\/ajeandalucia.org\/granada\/wp-json\/wp\/v2\/media?parent=13329"}],"wp:term":[{"taxonomy":"category","embeddable":true,"href":"https:\/\/ajeandalucia.org\/granada\/wp-json\/wp\/v2\/categories?post=13329"},{"taxonomy":"post_tag","embeddable":true,"href":"https:\/\/ajeandalucia.org\/granada\/wp-json\/wp\/v2\/tags?post=13329"}],"curies":[{"name":"wp","href":"https:\/\/api.w.org\/{rel}","templated":true}]}}