{"id":13740,"date":"2014-07-30T12:26:22","date_gmt":"2014-07-30T10:26:22","guid":{"rendered":"http:\/\/www.ajegranada.org\/?p=13740"},"modified":"2014-07-30T12:26:22","modified_gmt":"2014-07-30T10:26:22","slug":"promocion-estacion-diseno","status":"publish","type":"post","link":"https:\/\/ajeandalucia.org\/granada\/2014\/07\/30\/promocion-estacion-diseno\/","title":{"rendered":"Promoci\u00f3n Estaci\u00f3n Dise\u00f1o"},"content":{"rendered":"<p><a href=\"http:\/\/www.ajegranada.org\/wp-content\/uploads\/2014\/07\/aje-granada.estaci\u00f3n-dise\u00f1o.jpg\"><img loading=\"lazy\" decoding=\"async\" class=\"aligncenter size-full wp-image-13741\" src=\"http:\/\/www.ajegranada.org\/wp-content\/uploads\/2014\/07\/aje-granada.estaci\u00f3n-dise\u00f1o.jpg\" alt=\"aje-granada.estaci\u00f3n dise\u00f1o\" width=\"557\" height=\"438\" \/><\/a>La Asociaci\u00f3n de J\u00f3venes Empresarios de Granada (AJE Granada) y Estaci\u00f3n Dise\u00f1o han firmado recientemente un convenio de colaboraci\u00f3n que permitir\u00e1 que los asociados de AJE (incluyendo a sus hijos) puedan beneficiarse de un descuento del 10% en los cursos ofrecidos por el centro granadino, as\u00ed como de otras ventajas tales como precios preferentes para el alquiler de aulas, participaci\u00f3n en la bolsa de trabajo de Estaci\u00f3n Dise\u00f1o, etc.<\/p>\n<p>Con este nuevo convenio de colaboraci\u00f3n Estaci\u00f3n Dise\u00f1o pretende reforzar su relaci\u00f3n con el entorno empresarial m\u00e1s pr\u00f3ximo, as\u00ed como trabajar para una mayor integraci\u00f3n del dise\u00f1o en el mundo empresarial andaluz.<\/p>\n<p>Los socios y socias de AJE Granada pueden informarse sobre estas condiciones especiales a trav\u00e9s del correo info@estaciondiseno.es, o bien llamando al 958 138 453.<\/p>\n<p><a href=\"http:\/\/www.elintercambiador.es\/aje-granada-descuentos-estacion-diseno\/\">http:\/\/www.elintercambiador.es\/aje-granada-descuentos-estacion-diseno\/<\/a><\/p>\n","protected":false},"excerpt":{"rendered":"<p>La Asociaci\u00f3n de J\u00f3venes Empresarios de Granada (AJE Granada) y Estaci\u00f3n Dise\u00f1o han firmado recientemente un convenio de colaboraci\u00f3n que [&hellip;]<\/p>\n","protected":false},"author":1,"featured_media":8756,"comment_status":"open","ping_status":"open","sticky":false,"template":"","format":"standard","meta":{"_acf_changed":false,"site-sidebar-layout":"default","site-content-layout":"","ast-site-content-layout":"default","site-content-style":"default","site-sidebar-style":"default","ast-global-header-display":"","ast-banner-title-visibility":"","ast-main-header-display":"","ast-hfb-above-header-display":"","ast-hfb-below-header-display":"","ast-hfb-mobile-header-display":"","site-post-title":"","ast-breadcrumbs-content":"","ast-featured-img":"","footer-sml-layout":"","ast-disable-related-posts":"","theme-transparent-header-meta":"","adv-header-id-meta":"","stick-header-meta":"","header-above-stick-meta":"","header-main-stick-meta":"","header-below-stick-meta":"","astra-migrate-meta-layouts":"default","ast-page-background-enabled":"default","ast-page-background-meta":{"desktop":{"background-color":"var(--ast-global-color-5)","background-image":"","background-repeat":"repeat","background-position":"center center","background-size":"auto","background-attachment":"scroll","background-type":"","background-media":"","overlay-type":"","overlay-color":"","overlay-opacity":"","overlay-gradient":""},"tablet":{"background-color":"","background-image":"","background-repeat":"repeat","background-position":"center center","background-size":"auto","background-attachment":"scroll","background-type":"","background-media":"","overlay-type":"","overlay-color":"","overlay-opacity":"","overlay-gradient":""},"mobile":{"background-color":"","background-image":"","background-repeat":"repeat","background-position":"center center","background-size":"auto","background-attachment":"scroll","background-type":"","background-media":"","overlay-type":"","overlay-color":"","overlay-opacity":"","overlay-gradient":""}},"ast-content-background-meta":{"desktop":{"background-color":"var(--ast-global-color-4)","background-image":"","background-repeat":"repeat","background-position":"center center","background-size":"auto","background-attachment":"scroll","background-type":"","background-media":"","overlay-type":"","overlay-color":"","overlay-opacity":"","overlay-gradient":""},"tablet":{"background-color":"var(--ast-global-color-4)","background-image":"","background-repeat":"repeat","background-position":"center center","background-size":"auto","background-attachment":"scroll","background-type":"","background-media":"","overlay-type":"","overlay-color":"","overlay-opacity":"","overlay-gradient":""},"mobile":{"background-color":"var(--ast-global-color-4)","background-image":"","background-repeat":"repeat","background-position":"center center","background-size":"auto","background-attachment":"scroll","background-type":"","background-media":"","overlay-type":"","overlay-color":"","overlay-opacity":"","overlay-gradient":""}},"footnotes":""},"categories":[90],"tags":[1870,1871,904,96,1872],"class_list":["post-13740","post","type-post","status-publish","format-standard","has-post-thumbnail","hentry","category-beneficios","tag-escuela-artes-visuales","tag-escuela-de-diseno","tag-estacion-diseno","tag-formacion-2","tag-formacion-granada"],"acf":[],"yoast_head":"<!-- This site is optimized with the Yoast SEO plugin v26.9 - https:\/\/yoast.com\/product\/yoast-seo-wordpress\/ -->\n<title>Promoci\u00f3n Estaci\u00f3n Dise\u00f1o - AJE Granada<\/title>\n<meta name=\"robots\" content=\"index, follow, max-snippet:-1, max-image-preview:large, max-video-preview:-1\" \/>\n<link rel=\"canonical\" href=\"https:\/\/ajeandalucia.org\/granada\/2014\/07\/30\/promocion-estacion-diseno\/\" \/>\n<meta property=\"og:locale\" content=\"es_ES\" \/>\n<meta property=\"og:type\" content=\"article\" \/>\n<meta property=\"og:title\" content=\"Promoci\u00f3n Estaci\u00f3n Dise\u00f1o - AJE Granada\" \/>\n<meta property=\"og:description\" content=\"La Asociaci\u00f3n de J\u00f3venes Empresarios de Granada (AJE Granada) y Estaci\u00f3n Dise\u00f1o han firmado recientemente un convenio de colaboraci\u00f3n que [&hellip;]\" \/>\n<meta property=\"og:url\" content=\"https:\/\/ajeandalucia.org\/granada\/2014\/07\/30\/promocion-estacion-diseno\/\" \/>\n<meta property=\"og:site_name\" content=\"AJE Granada\" \/>\n<meta property=\"article:published_time\" content=\"2014-07-30T10:26:22+00:00\" \/>\n<meta name=\"twitter:card\" content=\"summary_large_image\" \/>\n<meta name=\"twitter:label1\" content=\"Escrito por\" \/>\n\t<meta name=\"twitter:data1\" content=\"\" \/>\n\t<meta name=\"twitter:label2\" content=\"Tiempo de lectura\" \/>\n\t<meta name=\"twitter:data2\" content=\"1 minuto\" \/>\n<script type=\"application\/ld+json\" class=\"yoast-schema-graph\">{\"@context\":\"https:\/\/schema.org\",\"@graph\":[{\"@type\":\"Article\",\"@id\":\"https:\/\/ajeandalucia.org\/granada\/2014\/07\/30\/promocion-estacion-diseno\/#article\",\"isPartOf\":{\"@id\":\"https:\/\/ajeandalucia.org\/granada\/2014\/07\/30\/promocion-estacion-diseno\/\"},\"author\":{\"name\":\"\",\"@id\":\"\"},\"headline\":\"Promoci\u00f3n Estaci\u00f3n Dise\u00f1o\",\"datePublished\":\"2014-07-30T10:26:22+00:00\",\"mainEntityOfPage\":{\"@id\":\"https:\/\/ajeandalucia.org\/granada\/2014\/07\/30\/promocion-estacion-diseno\/\"},\"wordCount\":152,\"commentCount\":0,\"publisher\":{\"@id\":\"https:\/\/ajeandalucia.org\/granada\/#organization\"},\"image\":{\"@id\":\"https:\/\/ajeandalucia.org\/granada\/2014\/07\/30\/promocion-estacion-diseno\/#primaryimage\"},\"thumbnailUrl\":\"\",\"keywords\":[\"escuela artes visuales\",\"escuela de dise\u00f1o\",\"Estaci\u00f3n Dise\u00f1o\",\"Formaci\u00f3n\",\"formaci\u00f3n Granada\"],\"articleSection\":[\"beneficios entre socios\"],\"inLanguage\":\"es\",\"potentialAction\":[{\"@type\":\"CommentAction\",\"name\":\"Comment\",\"target\":[\"https:\/\/ajeandalucia.org\/granada\/2014\/07\/30\/promocion-estacion-diseno\/#respond\"]}]},{\"@type\":\"WebPage\",\"@id\":\"https:\/\/ajeandalucia.org\/granada\/2014\/07\/30\/promocion-estacion-diseno\/\",\"url\":\"https:\/\/ajeandalucia.org\/granada\/2014\/07\/30\/promocion-estacion-diseno\/\",\"name\":\"Promoci\u00f3n Estaci\u00f3n Dise\u00f1o - AJE Granada\",\"isPartOf\":{\"@id\":\"https:\/\/ajeandalucia.org\/granada\/#website\"},\"primaryImageOfPage\":{\"@id\":\"https:\/\/ajeandalucia.org\/granada\/2014\/07\/30\/promocion-estacion-diseno\/#primaryimage\"},\"image\":{\"@id\":\"https:\/\/ajeandalucia.org\/granada\/2014\/07\/30\/promocion-estacion-diseno\/#primaryimage\"},\"thumbnailUrl\":\"\",\"datePublished\":\"2014-07-30T10:26:22+00:00\",\"breadcrumb\":{\"@id\":\"https:\/\/ajeandalucia.org\/granada\/2014\/07\/30\/promocion-estacion-diseno\/#breadcrumb\"},\"inLanguage\":\"es\",\"potentialAction\":[{\"@type\":\"ReadAction\",\"target\":[\"https:\/\/ajeandalucia.org\/granada\/2014\/07\/30\/promocion-estacion-diseno\/\"]}]},{\"@type\":\"ImageObject\",\"inLanguage\":\"es\",\"@id\":\"https:\/\/ajeandalucia.org\/granada\/2014\/07\/30\/promocion-estacion-diseno\/#primaryimage\",\"url\":\"\",\"contentUrl\":\"\"},{\"@type\":\"BreadcrumbList\",\"@id\":\"https:\/\/ajeandalucia.org\/granada\/2014\/07\/30\/promocion-estacion-diseno\/#breadcrumb\",\"itemListElement\":[{\"@type\":\"ListItem\",\"position\":1,\"name\":\"Portada\",\"item\":\"https:\/\/ajeandalucia.org\/granada\/\"},{\"@type\":\"ListItem\",\"position\":2,\"name\":\"Promoci\u00f3n Estaci\u00f3n Dise\u00f1o\"}]},{\"@type\":\"WebSite\",\"@id\":\"https:\/\/ajeandalucia.org\/granada\/#website\",\"url\":\"https:\/\/ajeandalucia.org\/granada\/\",\"name\":\"AJE Granada\",\"description\":\"J\u00f3venes Empresarios de Granada\",\"publisher\":{\"@id\":\"https:\/\/ajeandalucia.org\/granada\/#organization\"},\"potentialAction\":[{\"@type\":\"SearchAction\",\"target\":{\"@type\":\"EntryPoint\",\"urlTemplate\":\"https:\/\/ajeandalucia.org\/granada\/?s={search_term_string}\"},\"query-input\":{\"@type\":\"PropertyValueSpecification\",\"valueRequired\":true,\"valueName\":\"search_term_string\"}}],\"inLanguage\":\"es\"},{\"@type\":\"Organization\",\"@id\":\"https:\/\/ajeandalucia.org\/granada\/#organization\",\"name\":\"AJE Granada\",\"url\":\"https:\/\/ajeandalucia.org\/granada\/\",\"logo\":{\"@type\":\"ImageObject\",\"inLanguage\":\"es\",\"@id\":\"https:\/\/ajeandalucia.org\/granada\/#\/schema\/logo\/image\/\",\"url\":\"https:\/\/ajeandalucia.org\/granada\/wp-content\/uploads\/sites\/7\/2025\/02\/AJE-GRANADA-horizontal.png\",\"contentUrl\":\"https:\/\/ajeandalucia.org\/granada\/wp-content\/uploads\/sites\/7\/2025\/02\/AJE-GRANADA-horizontal.png\",\"width\":612,\"height\":200,\"caption\":\"AJE Granada\"},\"image\":{\"@id\":\"https:\/\/ajeandalucia.org\/granada\/#\/schema\/logo\/image\/\"}},{\"@type\":\"Person\",\"@id\":\"\",\"url\":\"https:\/\/ajeandalucia.org\/granada\/author\/\"}]}<\/script>\n<!-- \/ Yoast SEO plugin. -->","yoast_head_json":{"title":"Promoci\u00f3n Estaci\u00f3n Dise\u00f1o - AJE Granada","robots":{"index":"index","follow":"follow","max-snippet":"max-snippet:-1","max-image-preview":"max-image-preview:large","max-video-preview":"max-video-preview:-1"},"canonical":"https:\/\/ajeandalucia.org\/granada\/2014\/07\/30\/promocion-estacion-diseno\/","og_locale":"es_ES","og_type":"article","og_title":"Promoci\u00f3n Estaci\u00f3n Dise\u00f1o - AJE Granada","og_description":"La Asociaci\u00f3n de J\u00f3venes Empresarios de Granada (AJE Granada) y Estaci\u00f3n Dise\u00f1o han firmado recientemente un convenio de colaboraci\u00f3n que [&hellip;]","og_url":"https:\/\/ajeandalucia.org\/granada\/2014\/07\/30\/promocion-estacion-diseno\/","og_site_name":"AJE Granada","article_published_time":"2014-07-30T10:26:22+00:00","twitter_card":"summary_large_image","twitter_misc":{"Escrito por":"","Tiempo de lectura":"1 minuto"},"schema":{"@context":"https:\/\/schema.org","@graph":[{"@type":"Article","@id":"https:\/\/ajeandalucia.org\/granada\/2014\/07\/30\/promocion-estacion-diseno\/#article","isPartOf":{"@id":"https:\/\/ajeandalucia.org\/granada\/2014\/07\/30\/promocion-estacion-diseno\/"},"author":{"name":"","@id":""},"headline":"Promoci\u00f3n Estaci\u00f3n Dise\u00f1o","datePublished":"2014-07-30T10:26:22+00:00","mainEntityOfPage":{"@id":"https:\/\/ajeandalucia.org\/granada\/2014\/07\/30\/promocion-estacion-diseno\/"},"wordCount":152,"commentCount":0,"publisher":{"@id":"https:\/\/ajeandalucia.org\/granada\/#organization"},"image":{"@id":"https:\/\/ajeandalucia.org\/granada\/2014\/07\/30\/promocion-estacion-diseno\/#primaryimage"},"thumbnailUrl":"","keywords":["escuela artes visuales","escuela de dise\u00f1o","Estaci\u00f3n Dise\u00f1o","Formaci\u00f3n","formaci\u00f3n Granada"],"articleSection":["beneficios entre socios"],"inLanguage":"es","potentialAction":[{"@type":"CommentAction","name":"Comment","target":["https:\/\/ajeandalucia.org\/granada\/2014\/07\/30\/promocion-estacion-diseno\/#respond"]}]},{"@type":"WebPage","@id":"https:\/\/ajeandalucia.org\/granada\/2014\/07\/30\/promocion-estacion-diseno\/","url":"https:\/\/ajeandalucia.org\/granada\/2014\/07\/30\/promocion-estacion-diseno\/","name":"Promoci\u00f3n Estaci\u00f3n Dise\u00f1o - AJE Granada","isPartOf":{"@id":"https:\/\/ajeandalucia.org\/granada\/#website"},"primaryImageOfPage":{"@id":"https:\/\/ajeandalucia.org\/granada\/2014\/07\/30\/promocion-estacion-diseno\/#primaryimage"},"image":{"@id":"https:\/\/ajeandalucia.org\/granada\/2014\/07\/30\/promocion-estacion-diseno\/#primaryimage"},"thumbnailUrl":"","datePublished":"2014-07-30T10:26:22+00:00","breadcrumb":{"@id":"https:\/\/ajeandalucia.org\/granada\/2014\/07\/30\/promocion-estacion-diseno\/#breadcrumb"},"inLanguage":"es","potentialAction":[{"@type":"ReadAction","target":["https:\/\/ajeandalucia.org\/granada\/2014\/07\/30\/promocion-estacion-diseno\/"]}]},{"@type":"ImageObject","inLanguage":"es","@id":"https:\/\/ajeandalucia.org\/granada\/2014\/07\/30\/promocion-estacion-diseno\/#primaryimage","url":"","contentUrl":""},{"@type":"BreadcrumbList","@id":"https:\/\/ajeandalucia.org\/granada\/2014\/07\/30\/promocion-estacion-diseno\/#breadcrumb","itemListElement":[{"@type":"ListItem","position":1,"name":"Portada","item":"https:\/\/ajeandalucia.org\/granada\/"},{"@type":"ListItem","position":2,"name":"Promoci\u00f3n Estaci\u00f3n Dise\u00f1o"}]},{"@type":"WebSite","@id":"https:\/\/ajeandalucia.org\/granada\/#website","url":"https:\/\/ajeandalucia.org\/granada\/","name":"AJE Granada","description":"J\u00f3venes Empresarios de Granada","publisher":{"@id":"https:\/\/ajeandalucia.org\/granada\/#organization"},"potentialAction":[{"@type":"SearchAction","target":{"@type":"EntryPoint","urlTemplate":"https:\/\/ajeandalucia.org\/granada\/?s={search_term_string}"},"query-input":{"@type":"PropertyValueSpecification","valueRequired":true,"valueName":"search_term_string"}}],"inLanguage":"es"},{"@type":"Organization","@id":"https:\/\/ajeandalucia.org\/granada\/#organization","name":"AJE Granada","url":"https:\/\/ajeandalucia.org\/granada\/","logo":{"@type":"ImageObject","inLanguage":"es","@id":"https:\/\/ajeandalucia.org\/granada\/#\/schema\/logo\/image\/","url":"https:\/\/ajeandalucia.org\/granada\/wp-content\/uploads\/sites\/7\/2025\/02\/AJE-GRANADA-horizontal.png","contentUrl":"https:\/\/ajeandalucia.org\/granada\/wp-content\/uploads\/sites\/7\/2025\/02\/AJE-GRANADA-horizontal.png","width":612,"height":200,"caption":"AJE Granada"},"image":{"@id":"https:\/\/ajeandalucia.org\/granada\/#\/schema\/logo\/image\/"}},{"@type":"Person","@id":"","url":"https:\/\/ajeandalucia.org\/granada\/author\/"}]}},"_links":{"self":[{"href":"https:\/\/ajeandalucia.org\/granada\/wp-json\/wp\/v2\/posts\/13740","targetHints":{"allow":["GET"]}}],"collection":[{"href":"https:\/\/ajeandalucia.org\/granada\/wp-json\/wp\/v2\/posts"}],"about":[{"href":"https:\/\/ajeandalucia.org\/granada\/wp-json\/wp\/v2\/types\/post"}],"author":[{"embeddable":true,"href":"https:\/\/ajeandalucia.org\/granada\/wp-json\/wp\/v2\/users\/1"}],"replies":[{"embeddable":true,"href":"https:\/\/ajeandalucia.org\/granada\/wp-json\/wp\/v2\/comments?post=13740"}],"version-history":[{"count":0,"href":"https:\/\/ajeandalucia.org\/granada\/wp-json\/wp\/v2\/posts\/13740\/revisions"}],"wp:featuredmedia":[{"embeddable":true,"href":"https:\/\/ajeandalucia.org\/granada\/wp-json\/"}],"wp:attachment":[{"href":"https:\/\/ajeandalucia.org\/granada\/wp-json\/wp\/v2\/media?parent=13740"}],"wp:term":[{"taxonomy":"category","embeddable":true,"href":"https:\/\/ajeandalucia.org\/granada\/wp-json\/wp\/v2\/categories?post=13740"},{"taxonomy":"post_tag","embeddable":true,"href":"https:\/\/ajeandalucia.org\/granada\/wp-json\/wp\/v2\/tags?post=13740"}],"curies":[{"name":"wp","href":"https:\/\/api.w.org\/{rel}","templated":true}]}}