{"id":13911,"date":"2014-09-10T11:07:47","date_gmt":"2014-09-10T09:07:47","guid":{"rendered":"http:\/\/www.ajegranada.org\/?p=13911"},"modified":"2014-09-10T11:07:47","modified_gmt":"2014-09-10T09:07:47","slug":"convenio-eaai-y-aje-granada","status":"publish","type":"post","link":"https:\/\/ajeandalucia.org\/granada\/2014\/09\/10\/convenio-eaai-y-aje-granada\/","title":{"rendered":"Convenio EAAI y AJE Granada"},"content":{"rendered":"<p>Os informamos del nuevo acuerdo de colaboraci\u00f3n que desde AJE Granada se ha firmado con la<a href=\"http:\/\/www.ajegranada.org\/asociados\/escuela-andaluza-de-arquitectura-e-ingenieria\/\"> Escuela Andaluza de Arquitectura e Ingenier\u00eda, EAAI<\/a>, en el cual se establecen condiciones beneficiosas para el acceso a la formaci\u00f3n de todos los asociados,familiares y trabajadores de las empresas asociadas consistentes en :<\/p>\n<ul>\n<li><strong>Descuento del 10 % en el importe del cr\u00e9dito de la formaci\u00f3n oficial reglada.<\/strong><\/li>\n<li><strong>Descuento del 10% en el importe de la reserva de plaza de la formaci\u00f3n oficial reglada.<\/strong><\/li>\n<li><strong>Descuento del 10% en el importe de la formaci\u00f3n no reglada.<\/strong><\/li>\n<li><strong>Los descuentos se aplicar\u00e1n sobre matr\u00edculas individuales, ya sea sobre los propios asociados, sus familias en primer grado de consanguineidad, y personal que trabaje en sus empresas.<\/strong><\/li>\n<\/ul>\n<p>Contacto:<\/p>\n<div class=\"companyWeb\">Tel\u00e9fono: 958292844 \/ \u00a0631355586<\/div>\n<div class=\"companyAddress\"><\/div>\n<div class=\"companyAddress\">Email:<a style=\"color: #1c65be\" href=\"mailto:info@eaai.es\">info@eaai.es<\/a><\/div>\n<p>&nbsp;<\/p>\n","protected":false},"excerpt":{"rendered":"<p>Os informamos del nuevo acuerdo de colaboraci\u00f3n que desde AJE Granada se ha firmado con la Escuela Andaluza de Arquitectura [&hellip;]<\/p>\n","protected":false},"author":1,"featured_media":11891,"comment_status":"open","ping_status":"open","sticky":false,"template":"","format":"standard","meta":{"_acf_changed":false,"site-sidebar-layout":"default","site-content-layout":"","ast-site-content-layout":"default","site-content-style":"default","site-sidebar-style":"default","ast-global-header-display":"","ast-banner-title-visibility":"","ast-main-header-display":"","ast-hfb-above-header-display":"","ast-hfb-below-header-display":"","ast-hfb-mobile-header-display":"","site-post-title":"","ast-breadcrumbs-content":"","ast-featured-img":"","footer-sml-layout":"","ast-disable-related-posts":"","theme-transparent-header-meta":"","adv-header-id-meta":"","stick-header-meta":"","header-above-stick-meta":"","header-main-stick-meta":"","header-below-stick-meta":"","astra-migrate-meta-layouts":"default","ast-page-background-enabled":"default","ast-page-background-meta":{"desktop":{"background-color":"var(--ast-global-color-5)","background-image":"","background-repeat":"repeat","background-position":"center center","background-size":"auto","background-attachment":"scroll","background-type":"","background-media":"","overlay-type":"","overlay-color":"","overlay-opacity":"","overlay-gradient":""},"tablet":{"background-color":"","background-image":"","background-repeat":"repeat","background-position":"center center","background-size":"auto","background-attachment":"scroll","background-type":"","background-media":"","overlay-type":"","overlay-color":"","overlay-opacity":"","overlay-gradient":""},"mobile":{"background-color":"","background-image":"","background-repeat":"repeat","background-position":"center center","background-size":"auto","background-attachment":"scroll","background-type":"","background-media":"","overlay-type":"","overlay-color":"","overlay-opacity":"","overlay-gradient":""}},"ast-content-background-meta":{"desktop":{"background-color":"var(--ast-global-color-4)","background-image":"","background-repeat":"repeat","background-position":"center center","background-size":"auto","background-attachment":"scroll","background-type":"","background-media":"","overlay-type":"","overlay-color":"","overlay-opacity":"","overlay-gradient":""},"tablet":{"background-color":"var(--ast-global-color-4)","background-image":"","background-repeat":"repeat","background-position":"center center","background-size":"auto","background-attachment":"scroll","background-type":"","background-media":"","overlay-type":"","overlay-color":"","overlay-opacity":"","overlay-gradient":""},"mobile":{"background-color":"var(--ast-global-color-4)","background-image":"","background-repeat":"repeat","background-position":"center center","background-size":"auto","background-attachment":"scroll","background-type":"","background-media":"","overlay-type":"","overlay-color":"","overlay-opacity":"","overlay-gradient":""}},"footnotes":""},"categories":[90],"tags":[42,498,652,1974,96,1975,1976,45],"class_list":["post-13911","post","type-post","status-publish","format-standard","has-post-thumbnail","hentry","category-beneficios","tag-arquitectura","tag-diseno","tag-diseno-interiores","tag-escuela-arquitectura-e-ingenieria","tag-formacion-2","tag-formacion-oficial-reglada","tag-grados-oficiales-diseno","tag-ingenieria"],"acf":[],"yoast_head":"<!-- This site is optimized with the Yoast SEO plugin v26.9 - https:\/\/yoast.com\/product\/yoast-seo-wordpress\/ -->\n<title>Convenio EAAI y AJE Granada - AJE Granada<\/title>\n<meta name=\"robots\" content=\"index, follow, max-snippet:-1, max-image-preview:large, max-video-preview:-1\" \/>\n<link rel=\"canonical\" href=\"https:\/\/ajeandalucia.org\/granada\/2014\/09\/10\/convenio-eaai-y-aje-granada\/\" \/>\n<meta property=\"og:locale\" content=\"es_ES\" \/>\n<meta property=\"og:type\" content=\"article\" \/>\n<meta property=\"og:title\" content=\"Convenio EAAI y AJE Granada - AJE Granada\" \/>\n<meta property=\"og:description\" content=\"Os informamos del nuevo acuerdo de colaboraci\u00f3n que desde AJE Granada se ha firmado con la Escuela Andaluza de Arquitectura [&hellip;]\" \/>\n<meta property=\"og:url\" content=\"https:\/\/ajeandalucia.org\/granada\/2014\/09\/10\/convenio-eaai-y-aje-granada\/\" \/>\n<meta property=\"og:site_name\" content=\"AJE Granada\" \/>\n<meta property=\"article:published_time\" content=\"2014-09-10T09:07:47+00:00\" \/>\n<meta name=\"twitter:card\" content=\"summary_large_image\" \/>\n<meta name=\"twitter:label1\" content=\"Escrito por\" \/>\n\t<meta name=\"twitter:data1\" content=\"\" \/>\n\t<meta name=\"twitter:label2\" content=\"Tiempo de lectura\" \/>\n\t<meta name=\"twitter:data2\" content=\"1 minuto\" \/>\n<script type=\"application\/ld+json\" class=\"yoast-schema-graph\">{\"@context\":\"https:\/\/schema.org\",\"@graph\":[{\"@type\":\"Article\",\"@id\":\"https:\/\/ajeandalucia.org\/granada\/2014\/09\/10\/convenio-eaai-y-aje-granada\/#article\",\"isPartOf\":{\"@id\":\"https:\/\/ajeandalucia.org\/granada\/2014\/09\/10\/convenio-eaai-y-aje-granada\/\"},\"author\":{\"name\":\"\",\"@id\":\"\"},\"headline\":\"Convenio EAAI y AJE Granada\",\"datePublished\":\"2014-09-10T09:07:47+00:00\",\"mainEntityOfPage\":{\"@id\":\"https:\/\/ajeandalucia.org\/granada\/2014\/09\/10\/convenio-eaai-y-aje-granada\/\"},\"wordCount\":135,\"commentCount\":0,\"publisher\":{\"@id\":\"https:\/\/ajeandalucia.org\/granada\/#organization\"},\"image\":{\"@id\":\"https:\/\/ajeandalucia.org\/granada\/2014\/09\/10\/convenio-eaai-y-aje-granada\/#primaryimage\"},\"thumbnailUrl\":\"\",\"keywords\":[\"arquitectura\",\"Dise\u00f1o\",\"dise\u00f1o interiores\",\"escuela arquitectura e ingenier\u00eda\",\"Formaci\u00f3n\",\"formaci\u00f3n oficial reglada\",\"grados oficiales dise\u00f1o\",\"ingenier\u00eda\"],\"articleSection\":[\"beneficios entre socios\"],\"inLanguage\":\"es\",\"potentialAction\":[{\"@type\":\"CommentAction\",\"name\":\"Comment\",\"target\":[\"https:\/\/ajeandalucia.org\/granada\/2014\/09\/10\/convenio-eaai-y-aje-granada\/#respond\"]}]},{\"@type\":\"WebPage\",\"@id\":\"https:\/\/ajeandalucia.org\/granada\/2014\/09\/10\/convenio-eaai-y-aje-granada\/\",\"url\":\"https:\/\/ajeandalucia.org\/granada\/2014\/09\/10\/convenio-eaai-y-aje-granada\/\",\"name\":\"Convenio EAAI y AJE Granada - AJE Granada\",\"isPartOf\":{\"@id\":\"https:\/\/ajeandalucia.org\/granada\/#website\"},\"primaryImageOfPage\":{\"@id\":\"https:\/\/ajeandalucia.org\/granada\/2014\/09\/10\/convenio-eaai-y-aje-granada\/#primaryimage\"},\"image\":{\"@id\":\"https:\/\/ajeandalucia.org\/granada\/2014\/09\/10\/convenio-eaai-y-aje-granada\/#primaryimage\"},\"thumbnailUrl\":\"\",\"datePublished\":\"2014-09-10T09:07:47+00:00\",\"breadcrumb\":{\"@id\":\"https:\/\/ajeandalucia.org\/granada\/2014\/09\/10\/convenio-eaai-y-aje-granada\/#breadcrumb\"},\"inLanguage\":\"es\",\"potentialAction\":[{\"@type\":\"ReadAction\",\"target\":[\"https:\/\/ajeandalucia.org\/granada\/2014\/09\/10\/convenio-eaai-y-aje-granada\/\"]}]},{\"@type\":\"ImageObject\",\"inLanguage\":\"es\",\"@id\":\"https:\/\/ajeandalucia.org\/granada\/2014\/09\/10\/convenio-eaai-y-aje-granada\/#primaryimage\",\"url\":\"\",\"contentUrl\":\"\"},{\"@type\":\"BreadcrumbList\",\"@id\":\"https:\/\/ajeandalucia.org\/granada\/2014\/09\/10\/convenio-eaai-y-aje-granada\/#breadcrumb\",\"itemListElement\":[{\"@type\":\"ListItem\",\"position\":1,\"name\":\"Portada\",\"item\":\"https:\/\/ajeandalucia.org\/granada\/\"},{\"@type\":\"ListItem\",\"position\":2,\"name\":\"Convenio EAAI y AJE Granada\"}]},{\"@type\":\"WebSite\",\"@id\":\"https:\/\/ajeandalucia.org\/granada\/#website\",\"url\":\"https:\/\/ajeandalucia.org\/granada\/\",\"name\":\"AJE Granada\",\"description\":\"J\u00f3venes Empresarios de Granada\",\"publisher\":{\"@id\":\"https:\/\/ajeandalucia.org\/granada\/#organization\"},\"potentialAction\":[{\"@type\":\"SearchAction\",\"target\":{\"@type\":\"EntryPoint\",\"urlTemplate\":\"https:\/\/ajeandalucia.org\/granada\/?s={search_term_string}\"},\"query-input\":{\"@type\":\"PropertyValueSpecification\",\"valueRequired\":true,\"valueName\":\"search_term_string\"}}],\"inLanguage\":\"es\"},{\"@type\":\"Organization\",\"@id\":\"https:\/\/ajeandalucia.org\/granada\/#organization\",\"name\":\"AJE Granada\",\"url\":\"https:\/\/ajeandalucia.org\/granada\/\",\"logo\":{\"@type\":\"ImageObject\",\"inLanguage\":\"es\",\"@id\":\"https:\/\/ajeandalucia.org\/granada\/#\/schema\/logo\/image\/\",\"url\":\"https:\/\/ajeandalucia.org\/granada\/wp-content\/uploads\/sites\/7\/2025\/02\/AJE-GRANADA-horizontal.png\",\"contentUrl\":\"https:\/\/ajeandalucia.org\/granada\/wp-content\/uploads\/sites\/7\/2025\/02\/AJE-GRANADA-horizontal.png\",\"width\":612,\"height\":200,\"caption\":\"AJE Granada\"},\"image\":{\"@id\":\"https:\/\/ajeandalucia.org\/granada\/#\/schema\/logo\/image\/\"}},{\"@type\":\"Person\",\"@id\":\"\",\"url\":\"https:\/\/ajeandalucia.org\/granada\/author\/\"}]}<\/script>\n<!-- \/ Yoast SEO plugin. -->","yoast_head_json":{"title":"Convenio EAAI y AJE Granada - AJE Granada","robots":{"index":"index","follow":"follow","max-snippet":"max-snippet:-1","max-image-preview":"max-image-preview:large","max-video-preview":"max-video-preview:-1"},"canonical":"https:\/\/ajeandalucia.org\/granada\/2014\/09\/10\/convenio-eaai-y-aje-granada\/","og_locale":"es_ES","og_type":"article","og_title":"Convenio EAAI y AJE Granada - AJE Granada","og_description":"Os informamos del nuevo acuerdo de colaboraci\u00f3n que desde AJE Granada se ha firmado con la Escuela Andaluza de Arquitectura [&hellip;]","og_url":"https:\/\/ajeandalucia.org\/granada\/2014\/09\/10\/convenio-eaai-y-aje-granada\/","og_site_name":"AJE Granada","article_published_time":"2014-09-10T09:07:47+00:00","twitter_card":"summary_large_image","twitter_misc":{"Escrito por":"","Tiempo de lectura":"1 minuto"},"schema":{"@context":"https:\/\/schema.org","@graph":[{"@type":"Article","@id":"https:\/\/ajeandalucia.org\/granada\/2014\/09\/10\/convenio-eaai-y-aje-granada\/#article","isPartOf":{"@id":"https:\/\/ajeandalucia.org\/granada\/2014\/09\/10\/convenio-eaai-y-aje-granada\/"},"author":{"name":"","@id":""},"headline":"Convenio EAAI y AJE Granada","datePublished":"2014-09-10T09:07:47+00:00","mainEntityOfPage":{"@id":"https:\/\/ajeandalucia.org\/granada\/2014\/09\/10\/convenio-eaai-y-aje-granada\/"},"wordCount":135,"commentCount":0,"publisher":{"@id":"https:\/\/ajeandalucia.org\/granada\/#organization"},"image":{"@id":"https:\/\/ajeandalucia.org\/granada\/2014\/09\/10\/convenio-eaai-y-aje-granada\/#primaryimage"},"thumbnailUrl":"","keywords":["arquitectura","Dise\u00f1o","dise\u00f1o interiores","escuela arquitectura e ingenier\u00eda","Formaci\u00f3n","formaci\u00f3n oficial reglada","grados oficiales dise\u00f1o","ingenier\u00eda"],"articleSection":["beneficios entre socios"],"inLanguage":"es","potentialAction":[{"@type":"CommentAction","name":"Comment","target":["https:\/\/ajeandalucia.org\/granada\/2014\/09\/10\/convenio-eaai-y-aje-granada\/#respond"]}]},{"@type":"WebPage","@id":"https:\/\/ajeandalucia.org\/granada\/2014\/09\/10\/convenio-eaai-y-aje-granada\/","url":"https:\/\/ajeandalucia.org\/granada\/2014\/09\/10\/convenio-eaai-y-aje-granada\/","name":"Convenio EAAI y AJE Granada - AJE Granada","isPartOf":{"@id":"https:\/\/ajeandalucia.org\/granada\/#website"},"primaryImageOfPage":{"@id":"https:\/\/ajeandalucia.org\/granada\/2014\/09\/10\/convenio-eaai-y-aje-granada\/#primaryimage"},"image":{"@id":"https:\/\/ajeandalucia.org\/granada\/2014\/09\/10\/convenio-eaai-y-aje-granada\/#primaryimage"},"thumbnailUrl":"","datePublished":"2014-09-10T09:07:47+00:00","breadcrumb":{"@id":"https:\/\/ajeandalucia.org\/granada\/2014\/09\/10\/convenio-eaai-y-aje-granada\/#breadcrumb"},"inLanguage":"es","potentialAction":[{"@type":"ReadAction","target":["https:\/\/ajeandalucia.org\/granada\/2014\/09\/10\/convenio-eaai-y-aje-granada\/"]}]},{"@type":"ImageObject","inLanguage":"es","@id":"https:\/\/ajeandalucia.org\/granada\/2014\/09\/10\/convenio-eaai-y-aje-granada\/#primaryimage","url":"","contentUrl":""},{"@type":"BreadcrumbList","@id":"https:\/\/ajeandalucia.org\/granada\/2014\/09\/10\/convenio-eaai-y-aje-granada\/#breadcrumb","itemListElement":[{"@type":"ListItem","position":1,"name":"Portada","item":"https:\/\/ajeandalucia.org\/granada\/"},{"@type":"ListItem","position":2,"name":"Convenio EAAI y AJE Granada"}]},{"@type":"WebSite","@id":"https:\/\/ajeandalucia.org\/granada\/#website","url":"https:\/\/ajeandalucia.org\/granada\/","name":"AJE Granada","description":"J\u00f3venes Empresarios de Granada","publisher":{"@id":"https:\/\/ajeandalucia.org\/granada\/#organization"},"potentialAction":[{"@type":"SearchAction","target":{"@type":"EntryPoint","urlTemplate":"https:\/\/ajeandalucia.org\/granada\/?s={search_term_string}"},"query-input":{"@type":"PropertyValueSpecification","valueRequired":true,"valueName":"search_term_string"}}],"inLanguage":"es"},{"@type":"Organization","@id":"https:\/\/ajeandalucia.org\/granada\/#organization","name":"AJE Granada","url":"https:\/\/ajeandalucia.org\/granada\/","logo":{"@type":"ImageObject","inLanguage":"es","@id":"https:\/\/ajeandalucia.org\/granada\/#\/schema\/logo\/image\/","url":"https:\/\/ajeandalucia.org\/granada\/wp-content\/uploads\/sites\/7\/2025\/02\/AJE-GRANADA-horizontal.png","contentUrl":"https:\/\/ajeandalucia.org\/granada\/wp-content\/uploads\/sites\/7\/2025\/02\/AJE-GRANADA-horizontal.png","width":612,"height":200,"caption":"AJE Granada"},"image":{"@id":"https:\/\/ajeandalucia.org\/granada\/#\/schema\/logo\/image\/"}},{"@type":"Person","@id":"","url":"https:\/\/ajeandalucia.org\/granada\/author\/"}]}},"_links":{"self":[{"href":"https:\/\/ajeandalucia.org\/granada\/wp-json\/wp\/v2\/posts\/13911","targetHints":{"allow":["GET"]}}],"collection":[{"href":"https:\/\/ajeandalucia.org\/granada\/wp-json\/wp\/v2\/posts"}],"about":[{"href":"https:\/\/ajeandalucia.org\/granada\/wp-json\/wp\/v2\/types\/post"}],"author":[{"embeddable":true,"href":"https:\/\/ajeandalucia.org\/granada\/wp-json\/wp\/v2\/users\/1"}],"replies":[{"embeddable":true,"href":"https:\/\/ajeandalucia.org\/granada\/wp-json\/wp\/v2\/comments?post=13911"}],"version-history":[{"count":0,"href":"https:\/\/ajeandalucia.org\/granada\/wp-json\/wp\/v2\/posts\/13911\/revisions"}],"wp:featuredmedia":[{"embeddable":true,"href":"https:\/\/ajeandalucia.org\/granada\/wp-json\/"}],"wp:attachment":[{"href":"https:\/\/ajeandalucia.org\/granada\/wp-json\/wp\/v2\/media?parent=13911"}],"wp:term":[{"taxonomy":"category","embeddable":true,"href":"https:\/\/ajeandalucia.org\/granada\/wp-json\/wp\/v2\/categories?post=13911"},{"taxonomy":"post_tag","embeddable":true,"href":"https:\/\/ajeandalucia.org\/granada\/wp-json\/wp\/v2\/tags?post=13911"}],"curies":[{"name":"wp","href":"https:\/\/api.w.org\/{rel}","templated":true}]}}