{"id":13948,"date":"2014-09-12T10:45:04","date_gmt":"2014-09-12T08:45:04","guid":{"rendered":"http:\/\/www.ajegranada.org\/?p=13948"},"modified":"2014-09-12T10:45:04","modified_gmt":"2014-09-12T08:45:04","slug":"curso-redes-sociales-y-seo-trajano-formacion","status":"publish","type":"post","link":"https:\/\/ajeandalucia.org\/granada\/2014\/09\/12\/curso-redes-sociales-y-seo-trajano-formacion\/","title":{"rendered":"Curso Redes Sociales y SEO Trajano Formaci\u00f3n"},"content":{"rendered":"<p><a href=\"http:\/\/www.ajegranada.org\/wp-content\/uploads\/2014\/09\/trajano-curso-redes-y-seo.png\"><img loading=\"lazy\" decoding=\"async\" class=\"aligncenter size-full wp-image-13949\" src=\"http:\/\/www.ajegranada.org\/wp-content\/uploads\/2014\/09\/trajano-curso-redes-y-seo.png\" alt=\"trajano curso redes y seo\" width=\"571\" height=\"397\" \/><\/a><\/p>\n<p>\u00bfQuieres desarrollar habilidades de mejora para obtener impactos efectivos en las Redes Sociales? \u00bfQuieres conocer t\u00e9cnicas para conseguir que los buscadores nos sit\u00faen en las primeras posiciones sin necesidad de invertir en publicidad adicional?<\/p>\n<p>Nuestro asociado <a href=\"http:\/\/www.ajegranada.org\/asociados\/trajano-comunicacion\/\">Trajano Formaci\u00f3n <\/a>nos ofrece la posibilidad de realizar este curso en modalidad de teleformaci\u00f3n, compatible con tu horario laboral, y que te permitir\u00e1 conocer las distintas redes sociales y adquirir las capacidades necesarias para su aplicaci\u00f3n como estrategias de mejora de tu empresa, as\u00ed como adquirir los conocimientos necesarios para posicionar su web en los resultados de b\u00fasqueda de los principales buscadores.<\/p>\n<p><strong>Para solicitar esta formaci\u00f3n es necesario entregar \u00a0hasta el pr\u00f3ximo Martes, 16 de Septiembre<\/strong> la siguiente documentaci\u00f3n:<\/p>\n<p>&#8211; Ficha de Inscripci\u00f3n (completamente rellena y firmada con bol\u00edgrafo azul)[wpfilebase tag=file id=666 \/]<br \/>\n&#8211; Fotocopia del DNI (por las dos caras)<br \/>\n&#8211; Fotocopia S.S.<br \/>\n&#8211; Recibo de Aut\u00f3nomo del mes de Septiembre y Octubre.<\/p>\n<p>Contacto:<\/p>\n<p>gestion@trajanoformacion.com<br \/>\nTfno: 958 287072<br \/>\nC\/ Trajano 8,<br \/>\n18002 GRANADA<\/p>\n<p>&nbsp;<\/p>\n","protected":false},"excerpt":{"rendered":"<p>\u00bfQuieres desarrollar habilidades de mejora para obtener impactos efectivos en las Redes Sociales? \u00bfQuieres conocer t\u00e9cnicas para conseguir que los [&hellip;]<\/p>\n","protected":false},"author":1,"featured_media":12691,"comment_status":"open","ping_status":"open","sticky":false,"template":"","format":"standard","meta":{"_acf_changed":false,"site-sidebar-layout":"default","site-content-layout":"","ast-site-content-layout":"default","site-content-style":"default","site-sidebar-style":"default","ast-global-header-display":"","ast-banner-title-visibility":"","ast-main-header-display":"","ast-hfb-above-header-display":"","ast-hfb-below-header-display":"","ast-hfb-mobile-header-display":"","site-post-title":"","ast-breadcrumbs-content":"","ast-featured-img":"","footer-sml-layout":"","ast-disable-related-posts":"","theme-transparent-header-meta":"","adv-header-id-meta":"","stick-header-meta":"","header-above-stick-meta":"","header-main-stick-meta":"","header-below-stick-meta":"","astra-migrate-meta-layouts":"default","ast-page-background-enabled":"default","ast-page-background-meta":{"desktop":{"background-color":"var(--ast-global-color-5)","background-image":"","background-repeat":"repeat","background-position":"center center","background-size":"auto","background-attachment":"scroll","background-type":"","background-media":"","overlay-type":"","overlay-color":"","overlay-opacity":"","overlay-gradient":""},"tablet":{"background-color":"","background-image":"","background-repeat":"repeat","background-position":"center center","background-size":"auto","background-attachment":"scroll","background-type":"","background-media":"","overlay-type":"","overlay-color":"","overlay-opacity":"","overlay-gradient":""},"mobile":{"background-color":"","background-image":"","background-repeat":"repeat","background-position":"center center","background-size":"auto","background-attachment":"scroll","background-type":"","background-media":"","overlay-type":"","overlay-color":"","overlay-opacity":"","overlay-gradient":""}},"ast-content-background-meta":{"desktop":{"background-color":"var(--ast-global-color-4)","background-image":"","background-repeat":"repeat","background-position":"center center","background-size":"auto","background-attachment":"scroll","background-type":"","background-media":"","overlay-type":"","overlay-color":"","overlay-opacity":"","overlay-gradient":""},"tablet":{"background-color":"var(--ast-global-color-4)","background-image":"","background-repeat":"repeat","background-position":"center center","background-size":"auto","background-attachment":"scroll","background-type":"","background-media":"","overlay-type":"","overlay-color":"","overlay-opacity":"","overlay-gradient":""},"mobile":{"background-color":"var(--ast-global-color-4)","background-image":"","background-repeat":"repeat","background-position":"center center","background-size":"auto","background-attachment":"scroll","background-type":"","background-media":"","overlay-type":"","overlay-color":"","overlay-opacity":"","overlay-gradient":""}},"footnotes":""},"categories":[8],"tags":[1992,96,1993,97,1601,402],"class_list":["post-13948","post","type-post","status-publish","format-standard","has-post-thumbnail","hentry","category-noticias","tag-buscadores","tag-formacion-2","tag-impacto-redes","tag-redes-sociales","tag-seo","tag-trajano-formacion"],"acf":[],"yoast_head":"<!-- This site is optimized with the Yoast SEO plugin v26.9 - https:\/\/yoast.com\/product\/yoast-seo-wordpress\/ -->\n<title>Curso Redes Sociales y SEO Trajano Formaci\u00f3n - AJE Granada<\/title>\n<meta name=\"robots\" content=\"index, follow, max-snippet:-1, max-image-preview:large, max-video-preview:-1\" \/>\n<link rel=\"canonical\" href=\"https:\/\/ajeandalucia.org\/granada\/2014\/09\/12\/curso-redes-sociales-y-seo-trajano-formacion\/\" \/>\n<meta property=\"og:locale\" content=\"es_ES\" \/>\n<meta property=\"og:type\" content=\"article\" \/>\n<meta property=\"og:title\" content=\"Curso Redes Sociales y SEO Trajano Formaci\u00f3n - AJE Granada\" \/>\n<meta property=\"og:description\" content=\"\u00bfQuieres desarrollar habilidades de mejora para obtener impactos efectivos en las Redes Sociales? \u00bfQuieres conocer t\u00e9cnicas para conseguir que los [&hellip;]\" \/>\n<meta property=\"og:url\" content=\"https:\/\/ajeandalucia.org\/granada\/2014\/09\/12\/curso-redes-sociales-y-seo-trajano-formacion\/\" \/>\n<meta property=\"og:site_name\" content=\"AJE Granada\" \/>\n<meta property=\"article:published_time\" content=\"2014-09-12T08:45:04+00:00\" \/>\n<meta name=\"twitter:card\" content=\"summary_large_image\" \/>\n<meta name=\"twitter:label1\" content=\"Escrito por\" \/>\n\t<meta name=\"twitter:data1\" content=\"\" \/>\n\t<meta name=\"twitter:label2\" content=\"Tiempo de lectura\" \/>\n\t<meta name=\"twitter:data2\" content=\"1 minuto\" \/>\n<script type=\"application\/ld+json\" class=\"yoast-schema-graph\">{\"@context\":\"https:\/\/schema.org\",\"@graph\":[{\"@type\":\"Article\",\"@id\":\"https:\/\/ajeandalucia.org\/granada\/2014\/09\/12\/curso-redes-sociales-y-seo-trajano-formacion\/#article\",\"isPartOf\":{\"@id\":\"https:\/\/ajeandalucia.org\/granada\/2014\/09\/12\/curso-redes-sociales-y-seo-trajano-formacion\/\"},\"author\":{\"name\":\"\",\"@id\":\"\"},\"headline\":\"Curso Redes Sociales y SEO Trajano Formaci\u00f3n\",\"datePublished\":\"2014-09-12T08:45:04+00:00\",\"mainEntityOfPage\":{\"@id\":\"https:\/\/ajeandalucia.org\/granada\/2014\/09\/12\/curso-redes-sociales-y-seo-trajano-formacion\/\"},\"wordCount\":180,\"commentCount\":0,\"publisher\":{\"@id\":\"https:\/\/ajeandalucia.org\/granada\/#organization\"},\"image\":{\"@id\":\"https:\/\/ajeandalucia.org\/granada\/2014\/09\/12\/curso-redes-sociales-y-seo-trajano-formacion\/#primaryimage\"},\"thumbnailUrl\":\"\",\"keywords\":[\"buscadores\",\"Formaci\u00f3n\",\"impacto redes\",\"redes sociales\",\"SEO\",\"trajano formacion\"],\"articleSection\":[\"Noticias\"],\"inLanguage\":\"es\",\"potentialAction\":[{\"@type\":\"CommentAction\",\"name\":\"Comment\",\"target\":[\"https:\/\/ajeandalucia.org\/granada\/2014\/09\/12\/curso-redes-sociales-y-seo-trajano-formacion\/#respond\"]}]},{\"@type\":\"WebPage\",\"@id\":\"https:\/\/ajeandalucia.org\/granada\/2014\/09\/12\/curso-redes-sociales-y-seo-trajano-formacion\/\",\"url\":\"https:\/\/ajeandalucia.org\/granada\/2014\/09\/12\/curso-redes-sociales-y-seo-trajano-formacion\/\",\"name\":\"Curso Redes Sociales y SEO Trajano Formaci\u00f3n - AJE Granada\",\"isPartOf\":{\"@id\":\"https:\/\/ajeandalucia.org\/granada\/#website\"},\"primaryImageOfPage\":{\"@id\":\"https:\/\/ajeandalucia.org\/granada\/2014\/09\/12\/curso-redes-sociales-y-seo-trajano-formacion\/#primaryimage\"},\"image\":{\"@id\":\"https:\/\/ajeandalucia.org\/granada\/2014\/09\/12\/curso-redes-sociales-y-seo-trajano-formacion\/#primaryimage\"},\"thumbnailUrl\":\"\",\"datePublished\":\"2014-09-12T08:45:04+00:00\",\"breadcrumb\":{\"@id\":\"https:\/\/ajeandalucia.org\/granada\/2014\/09\/12\/curso-redes-sociales-y-seo-trajano-formacion\/#breadcrumb\"},\"inLanguage\":\"es\",\"potentialAction\":[{\"@type\":\"ReadAction\",\"target\":[\"https:\/\/ajeandalucia.org\/granada\/2014\/09\/12\/curso-redes-sociales-y-seo-trajano-formacion\/\"]}]},{\"@type\":\"ImageObject\",\"inLanguage\":\"es\",\"@id\":\"https:\/\/ajeandalucia.org\/granada\/2014\/09\/12\/curso-redes-sociales-y-seo-trajano-formacion\/#primaryimage\",\"url\":\"\",\"contentUrl\":\"\"},{\"@type\":\"BreadcrumbList\",\"@id\":\"https:\/\/ajeandalucia.org\/granada\/2014\/09\/12\/curso-redes-sociales-y-seo-trajano-formacion\/#breadcrumb\",\"itemListElement\":[{\"@type\":\"ListItem\",\"position\":1,\"name\":\"Portada\",\"item\":\"https:\/\/ajeandalucia.org\/granada\/\"},{\"@type\":\"ListItem\",\"position\":2,\"name\":\"Curso Redes Sociales y SEO Trajano Formaci\u00f3n\"}]},{\"@type\":\"WebSite\",\"@id\":\"https:\/\/ajeandalucia.org\/granada\/#website\",\"url\":\"https:\/\/ajeandalucia.org\/granada\/\",\"name\":\"AJE Granada\",\"description\":\"J\u00f3venes Empresarios de Granada\",\"publisher\":{\"@id\":\"https:\/\/ajeandalucia.org\/granada\/#organization\"},\"potentialAction\":[{\"@type\":\"SearchAction\",\"target\":{\"@type\":\"EntryPoint\",\"urlTemplate\":\"https:\/\/ajeandalucia.org\/granada\/?s={search_term_string}\"},\"query-input\":{\"@type\":\"PropertyValueSpecification\",\"valueRequired\":true,\"valueName\":\"search_term_string\"}}],\"inLanguage\":\"es\"},{\"@type\":\"Organization\",\"@id\":\"https:\/\/ajeandalucia.org\/granada\/#organization\",\"name\":\"AJE Granada\",\"url\":\"https:\/\/ajeandalucia.org\/granada\/\",\"logo\":{\"@type\":\"ImageObject\",\"inLanguage\":\"es\",\"@id\":\"https:\/\/ajeandalucia.org\/granada\/#\/schema\/logo\/image\/\",\"url\":\"https:\/\/ajeandalucia.org\/granada\/wp-content\/uploads\/sites\/7\/2025\/02\/AJE-GRANADA-horizontal.png\",\"contentUrl\":\"https:\/\/ajeandalucia.org\/granada\/wp-content\/uploads\/sites\/7\/2025\/02\/AJE-GRANADA-horizontal.png\",\"width\":612,\"height\":200,\"caption\":\"AJE Granada\"},\"image\":{\"@id\":\"https:\/\/ajeandalucia.org\/granada\/#\/schema\/logo\/image\/\"}},{\"@type\":\"Person\",\"@id\":\"\",\"url\":\"https:\/\/ajeandalucia.org\/granada\/author\/\"}]}<\/script>\n<!-- \/ Yoast SEO plugin. -->","yoast_head_json":{"title":"Curso Redes Sociales y SEO Trajano Formaci\u00f3n - AJE Granada","robots":{"index":"index","follow":"follow","max-snippet":"max-snippet:-1","max-image-preview":"max-image-preview:large","max-video-preview":"max-video-preview:-1"},"canonical":"https:\/\/ajeandalucia.org\/granada\/2014\/09\/12\/curso-redes-sociales-y-seo-trajano-formacion\/","og_locale":"es_ES","og_type":"article","og_title":"Curso Redes Sociales y SEO Trajano Formaci\u00f3n - AJE Granada","og_description":"\u00bfQuieres desarrollar habilidades de mejora para obtener impactos efectivos en las Redes Sociales? \u00bfQuieres conocer t\u00e9cnicas para conseguir que los [&hellip;]","og_url":"https:\/\/ajeandalucia.org\/granada\/2014\/09\/12\/curso-redes-sociales-y-seo-trajano-formacion\/","og_site_name":"AJE Granada","article_published_time":"2014-09-12T08:45:04+00:00","twitter_card":"summary_large_image","twitter_misc":{"Escrito por":"","Tiempo de lectura":"1 minuto"},"schema":{"@context":"https:\/\/schema.org","@graph":[{"@type":"Article","@id":"https:\/\/ajeandalucia.org\/granada\/2014\/09\/12\/curso-redes-sociales-y-seo-trajano-formacion\/#article","isPartOf":{"@id":"https:\/\/ajeandalucia.org\/granada\/2014\/09\/12\/curso-redes-sociales-y-seo-trajano-formacion\/"},"author":{"name":"","@id":""},"headline":"Curso Redes Sociales y SEO Trajano Formaci\u00f3n","datePublished":"2014-09-12T08:45:04+00:00","mainEntityOfPage":{"@id":"https:\/\/ajeandalucia.org\/granada\/2014\/09\/12\/curso-redes-sociales-y-seo-trajano-formacion\/"},"wordCount":180,"commentCount":0,"publisher":{"@id":"https:\/\/ajeandalucia.org\/granada\/#organization"},"image":{"@id":"https:\/\/ajeandalucia.org\/granada\/2014\/09\/12\/curso-redes-sociales-y-seo-trajano-formacion\/#primaryimage"},"thumbnailUrl":"","keywords":["buscadores","Formaci\u00f3n","impacto redes","redes sociales","SEO","trajano formacion"],"articleSection":["Noticias"],"inLanguage":"es","potentialAction":[{"@type":"CommentAction","name":"Comment","target":["https:\/\/ajeandalucia.org\/granada\/2014\/09\/12\/curso-redes-sociales-y-seo-trajano-formacion\/#respond"]}]},{"@type":"WebPage","@id":"https:\/\/ajeandalucia.org\/granada\/2014\/09\/12\/curso-redes-sociales-y-seo-trajano-formacion\/","url":"https:\/\/ajeandalucia.org\/granada\/2014\/09\/12\/curso-redes-sociales-y-seo-trajano-formacion\/","name":"Curso Redes Sociales y SEO Trajano Formaci\u00f3n - AJE Granada","isPartOf":{"@id":"https:\/\/ajeandalucia.org\/granada\/#website"},"primaryImageOfPage":{"@id":"https:\/\/ajeandalucia.org\/granada\/2014\/09\/12\/curso-redes-sociales-y-seo-trajano-formacion\/#primaryimage"},"image":{"@id":"https:\/\/ajeandalucia.org\/granada\/2014\/09\/12\/curso-redes-sociales-y-seo-trajano-formacion\/#primaryimage"},"thumbnailUrl":"","datePublished":"2014-09-12T08:45:04+00:00","breadcrumb":{"@id":"https:\/\/ajeandalucia.org\/granada\/2014\/09\/12\/curso-redes-sociales-y-seo-trajano-formacion\/#breadcrumb"},"inLanguage":"es","potentialAction":[{"@type":"ReadAction","target":["https:\/\/ajeandalucia.org\/granada\/2014\/09\/12\/curso-redes-sociales-y-seo-trajano-formacion\/"]}]},{"@type":"ImageObject","inLanguage":"es","@id":"https:\/\/ajeandalucia.org\/granada\/2014\/09\/12\/curso-redes-sociales-y-seo-trajano-formacion\/#primaryimage","url":"","contentUrl":""},{"@type":"BreadcrumbList","@id":"https:\/\/ajeandalucia.org\/granada\/2014\/09\/12\/curso-redes-sociales-y-seo-trajano-formacion\/#breadcrumb","itemListElement":[{"@type":"ListItem","position":1,"name":"Portada","item":"https:\/\/ajeandalucia.org\/granada\/"},{"@type":"ListItem","position":2,"name":"Curso Redes Sociales y SEO Trajano Formaci\u00f3n"}]},{"@type":"WebSite","@id":"https:\/\/ajeandalucia.org\/granada\/#website","url":"https:\/\/ajeandalucia.org\/granada\/","name":"AJE Granada","description":"J\u00f3venes Empresarios de Granada","publisher":{"@id":"https:\/\/ajeandalucia.org\/granada\/#organization"},"potentialAction":[{"@type":"SearchAction","target":{"@type":"EntryPoint","urlTemplate":"https:\/\/ajeandalucia.org\/granada\/?s={search_term_string}"},"query-input":{"@type":"PropertyValueSpecification","valueRequired":true,"valueName":"search_term_string"}}],"inLanguage":"es"},{"@type":"Organization","@id":"https:\/\/ajeandalucia.org\/granada\/#organization","name":"AJE Granada","url":"https:\/\/ajeandalucia.org\/granada\/","logo":{"@type":"ImageObject","inLanguage":"es","@id":"https:\/\/ajeandalucia.org\/granada\/#\/schema\/logo\/image\/","url":"https:\/\/ajeandalucia.org\/granada\/wp-content\/uploads\/sites\/7\/2025\/02\/AJE-GRANADA-horizontal.png","contentUrl":"https:\/\/ajeandalucia.org\/granada\/wp-content\/uploads\/sites\/7\/2025\/02\/AJE-GRANADA-horizontal.png","width":612,"height":200,"caption":"AJE Granada"},"image":{"@id":"https:\/\/ajeandalucia.org\/granada\/#\/schema\/logo\/image\/"}},{"@type":"Person","@id":"","url":"https:\/\/ajeandalucia.org\/granada\/author\/"}]}},"_links":{"self":[{"href":"https:\/\/ajeandalucia.org\/granada\/wp-json\/wp\/v2\/posts\/13948","targetHints":{"allow":["GET"]}}],"collection":[{"href":"https:\/\/ajeandalucia.org\/granada\/wp-json\/wp\/v2\/posts"}],"about":[{"href":"https:\/\/ajeandalucia.org\/granada\/wp-json\/wp\/v2\/types\/post"}],"author":[{"embeddable":true,"href":"https:\/\/ajeandalucia.org\/granada\/wp-json\/wp\/v2\/users\/1"}],"replies":[{"embeddable":true,"href":"https:\/\/ajeandalucia.org\/granada\/wp-json\/wp\/v2\/comments?post=13948"}],"version-history":[{"count":0,"href":"https:\/\/ajeandalucia.org\/granada\/wp-json\/wp\/v2\/posts\/13948\/revisions"}],"wp:featuredmedia":[{"embeddable":true,"href":"https:\/\/ajeandalucia.org\/granada\/wp-json\/"}],"wp:attachment":[{"href":"https:\/\/ajeandalucia.org\/granada\/wp-json\/wp\/v2\/media?parent=13948"}],"wp:term":[{"taxonomy":"category","embeddable":true,"href":"https:\/\/ajeandalucia.org\/granada\/wp-json\/wp\/v2\/categories?post=13948"},{"taxonomy":"post_tag","embeddable":true,"href":"https:\/\/ajeandalucia.org\/granada\/wp-json\/wp\/v2\/tags?post=13948"}],"curies":[{"name":"wp","href":"https:\/\/api.w.org\/{rel}","templated":true}]}}