{"id":17317,"date":"2015-09-10T10:21:32","date_gmt":"2015-09-10T08:21:32","guid":{"rendered":"http:\/\/www.ajegranada.org\/?p=17317"},"modified":"2015-09-10T10:21:32","modified_gmt":"2015-09-10T08:21:32","slug":"programas-de-formacion-confederacion-granadina-de-empresarios","status":"publish","type":"post","link":"https:\/\/ajeandalucia.org\/granada\/2015\/09\/10\/programas-de-formacion-confederacion-granadina-de-empresarios\/","title":{"rendered":"Programas de formaci\u00f3n Confederaci\u00f3n Granadina de Empresarios"},"content":{"rendered":"<p>La Confederaci\u00f3n Granadina de Empresarios (CGE) en colaboraci\u00f3n con la Confederaci\u00f3n Espa\u00f1ola de Organizaciones Empresariales (CEOE) y la Confederaci\u00f3n Espa\u00f1ola para la Peque\u00f1a y Mediana Empresa (CEPYME), ha abierto el plazo de los nuevos Planes Intersectoriales de Formaci\u00f3n Profesional para el Empleo CEOE y CEPYME 2015, dirigidos prioritariamente a trabajadores ocupados y con un cupo reservado para desempleados.<\/p>\n<p>Estos Programas de Formaci\u00f3n tienen car\u00e1cter gratuito, y\u00a0van destinados a trabajadores por cuenta ajena, aut\u00f3nomos y desempleados, se podr\u00e1 solicitar un curso por persona.<\/p>\n<p>Si ha realizado alg\u00fan curso de CEOE o de CEPYME correspondiente a la convocatoria 2014-2015, deber\u00e1 ponerlo en conocimiento del Departamento de Formaci\u00f3n.<\/p>\n<p>Modalidad mixta:<\/p>\n<ul>\n<li><strong>Desarrollo Profesional.[wpfilebase tag=file id=916 tpl=download-button \/]<\/strong><br \/>\n60 HORAS (15h presenciales \/ 45 teleformaci\u00f3n)<br \/>\nInicio: 19\/10\/2015 FIN: 27 \/11\/20145<\/li>\n<li><strong>Gesti\u00f3n de proyectos de innovaci\u00f3n.[wpfilebase tag=file id=917 tpl=download-button \/]<\/strong><br \/>\n59 HORAS (9h presenciales \/50 teleformaci\u00f3n)<br \/>\nInicio: 19\/10\/2015 FIN: 26\/11\/2015<\/li>\n<li><strong>Creaci\u00f3n de Star Up\u00b4s.[wpfilebase tag=file id=919 tpl=download-button \/]<\/strong><br \/>\n60 HORAS (15h presenciales \/ 45 teleformaci\u00f3n)<br \/>\nInicio: 19\/10\/2015 FIN: 11 \/12\/2015<\/li>\n<li><strong>Nuevos mercados para pymes.[wpfilebase tag=file id=918 tpl=download-button \/]<\/strong><br \/>\n60 HORAS (15h presenciales \/45 teleformaci\u00f3n)<br \/>\nInicio: 19\/10\/2015 FIN: 11\/12\/2015<\/li>\n<\/ul>\n<p>Modalidad presencial:<\/p>\n<ul>\n<li><strong>C\u00f3mo aterrizar las ideas para emprender un negocio.<\/strong><br \/>\n6 HORAS<br \/>\nInicio: 9\/10\/2015 DE: 17.00H -21.00H Fin: 10\/10\/2015 DE 17.00H -21.00H<\/li>\n<li><strong>Mi negocio se ha quedado peque\u00f1o.<\/strong><br \/>\n6 HORAS<br \/>\nInicio: 11\/10\/2015DE: 17.00H -21.00H Fin: 12\/10\/2015 DE 17.00H -21.00H<\/li>\n<\/ul>\n<p>La documentaci\u00f3n para poder solicitar los cursos es la siguiente:<br \/>\n\u2022 Solicitud de participaci\u00f3n completamente cumplimentada y firmada.[wpfilebase tag=file id=921 tpl=download-button \/]<br \/>\no No rellenar los campos n\u00ba expediente ni entidad solicitante del Plan.<br \/>\no Cumplimentar la solicitud con bol\u00edgrafo azul.<br \/>\no No realizar correcciones ni tachaduras.<br \/>\n\u2022 Documento de autorizaci\u00f3n al tratamiento de datos personales.[wpfilebase tag=file id=623 tpl=download-button \/]<br \/>\n\u2022 Fotocopia del NIF o NIE (por ambos lados).<br \/>\n\u2022 Documentaci\u00f3n que acredite la situaci\u00f3n laboral del participante.<br \/>\no Vida laboral, \u00faltima n\u00f3mina o recibo de aut\u00f3nomo o colegio profesional (Trabajadores).<br \/>\no Tarjeta de demanda de empleo actualizada (Desempleados).<br \/>\n\u2022 Tarjeta de la Seguridad Social.<br \/>\nPara poder participar en la selecci\u00f3n de los cursos ser\u00e1 necesario presentar los originales de: la solicitud de participaci\u00f3n y el documento de autorizaci\u00f3n al tratamiento de datos personales acompa\u00f1ados de la fotocopia del NIF o NIE, tarjeta de la Seguridad Social (solo desempleados) y la documentaci\u00f3n acreditativa de la situaci\u00f3n del participante. Esta documentaci\u00f3n se podr\u00e1 presentar en persona o remitir por correo postal a la direcci\u00f3n de la CGE.<\/p>\n<p>M\u00e1s informaci\u00f3n y contacto:<\/p>\n<p>Confederaci\u00f3n Granadina de Empresarios<br \/>\nC\/ Maestro Montero, 23<br \/>\n18004 Granada<br \/>\nTel\u00e9fono: 958 535041<br \/>\nmfajardo@cge.es<\/p>\n","protected":false},"excerpt":{"rendered":"<p>La Confederaci\u00f3n Granadina de Empresarios (CGE) en colaboraci\u00f3n con la Confederaci\u00f3n Espa\u00f1ola de Organizaciones Empresariales (CEOE) y la Confederaci\u00f3n Espa\u00f1ola [&hellip;]<\/p>\n","protected":false},"author":1,"featured_media":12136,"comment_status":"open","ping_status":"open","sticky":false,"template":"","format":"standard","meta":{"_acf_changed":false,"site-sidebar-layout":"default","site-content-layout":"","ast-site-content-layout":"default","site-content-style":"default","site-sidebar-style":"default","ast-global-header-display":"","ast-banner-title-visibility":"","ast-main-header-display":"","ast-hfb-above-header-display":"","ast-hfb-below-header-display":"","ast-hfb-mobile-header-display":"","site-post-title":"","ast-breadcrumbs-content":"","ast-featured-img":"","footer-sml-layout":"","ast-disable-related-posts":"","theme-transparent-header-meta":"","adv-header-id-meta":"","stick-header-meta":"","header-above-stick-meta":"","header-main-stick-meta":"","header-below-stick-meta":"","astra-migrate-meta-layouts":"default","ast-page-background-enabled":"default","ast-page-background-meta":{"desktop":{"background-color":"var(--ast-global-color-5)","background-image":"","background-repeat":"repeat","background-position":"center center","background-size":"auto","background-attachment":"scroll","background-type":"","background-media":"","overlay-type":"","overlay-color":"","overlay-opacity":"","overlay-gradient":""},"tablet":{"background-color":"","background-image":"","background-repeat":"repeat","background-position":"center center","background-size":"auto","background-attachment":"scroll","background-type":"","background-media":"","overlay-type":"","overlay-color":"","overlay-opacity":"","overlay-gradient":""},"mobile":{"background-color":"","background-image":"","background-repeat":"repeat","background-position":"center center","background-size":"auto","background-attachment":"scroll","background-type":"","background-media":"","overlay-type":"","overlay-color":"","overlay-opacity":"","overlay-gradient":""}},"ast-content-background-meta":{"desktop":{"background-color":"var(--ast-global-color-4)","background-image":"","background-repeat":"repeat","background-position":"center center","background-size":"auto","background-attachment":"scroll","background-type":"","background-media":"","overlay-type":"","overlay-color":"","overlay-opacity":"","overlay-gradient":""},"tablet":{"background-color":"var(--ast-global-color-4)","background-image":"","background-repeat":"repeat","background-position":"center center","background-size":"auto","background-attachment":"scroll","background-type":"","background-media":"","overlay-type":"","overlay-color":"","overlay-opacity":"","overlay-gradient":""},"mobile":{"background-color":"var(--ast-global-color-4)","background-image":"","background-repeat":"repeat","background-position":"center center","background-size":"auto","background-attachment":"scroll","background-type":"","background-media":"","overlay-type":"","overlay-color":"","overlay-opacity":"","overlay-gradient":""}},"footnotes":""},"categories":[8],"tags":[247,96,751],"class_list":["post-17317","post","type-post","status-publish","format-standard","has-post-thumbnail","hentry","category-noticias","tag-desempleados","tag-formacion-2","tag-formacion-gratuita"],"acf":[],"yoast_head":"<!-- This site is optimized with the Yoast SEO plugin v26.9 - https:\/\/yoast.com\/product\/yoast-seo-wordpress\/ -->\n<title>Programas de formaci\u00f3n Confederaci\u00f3n Granadina de Empresarios - AJE Granada<\/title>\n<meta name=\"robots\" content=\"index, follow, max-snippet:-1, max-image-preview:large, max-video-preview:-1\" \/>\n<link rel=\"canonical\" href=\"https:\/\/ajeandalucia.org\/granada\/2015\/09\/10\/programas-de-formacion-confederacion-granadina-de-empresarios\/\" \/>\n<meta property=\"og:locale\" content=\"es_ES\" \/>\n<meta property=\"og:type\" content=\"article\" \/>\n<meta property=\"og:title\" content=\"Programas de formaci\u00f3n Confederaci\u00f3n Granadina de Empresarios - AJE Granada\" \/>\n<meta property=\"og:description\" content=\"La Confederaci\u00f3n Granadina de Empresarios (CGE) en colaboraci\u00f3n con la Confederaci\u00f3n Espa\u00f1ola de Organizaciones Empresariales (CEOE) y la Confederaci\u00f3n Espa\u00f1ola [&hellip;]\" \/>\n<meta property=\"og:url\" content=\"https:\/\/ajeandalucia.org\/granada\/2015\/09\/10\/programas-de-formacion-confederacion-granadina-de-empresarios\/\" \/>\n<meta property=\"og:site_name\" content=\"AJE Granada\" \/>\n<meta property=\"article:published_time\" content=\"2015-09-10T08:21:32+00:00\" \/>\n<meta name=\"twitter:card\" content=\"summary_large_image\" \/>\n<meta name=\"twitter:label1\" content=\"Escrito por\" \/>\n\t<meta name=\"twitter:data1\" content=\"\" \/>\n\t<meta name=\"twitter:label2\" content=\"Tiempo de lectura\" \/>\n\t<meta name=\"twitter:data2\" content=\"2 minutos\" \/>\n<script type=\"application\/ld+json\" class=\"yoast-schema-graph\">{\"@context\":\"https:\/\/schema.org\",\"@graph\":[{\"@type\":\"Article\",\"@id\":\"https:\/\/ajeandalucia.org\/granada\/2015\/09\/10\/programas-de-formacion-confederacion-granadina-de-empresarios\/#article\",\"isPartOf\":{\"@id\":\"https:\/\/ajeandalucia.org\/granada\/2015\/09\/10\/programas-de-formacion-confederacion-granadina-de-empresarios\/\"},\"author\":{\"name\":\"\",\"@id\":\"\"},\"headline\":\"Programas de formaci\u00f3n Confederaci\u00f3n Granadina de Empresarios\",\"datePublished\":\"2015-09-10T08:21:32+00:00\",\"mainEntityOfPage\":{\"@id\":\"https:\/\/ajeandalucia.org\/granada\/2015\/09\/10\/programas-de-formacion-confederacion-granadina-de-empresarios\/\"},\"wordCount\":451,\"commentCount\":0,\"publisher\":{\"@id\":\"https:\/\/ajeandalucia.org\/granada\/#organization\"},\"image\":{\"@id\":\"https:\/\/ajeandalucia.org\/granada\/2015\/09\/10\/programas-de-formacion-confederacion-granadina-de-empresarios\/#primaryimage\"},\"thumbnailUrl\":\"\",\"keywords\":[\"Desempleados\",\"Formaci\u00f3n\",\"formaci\u00f3n gratuita\"],\"articleSection\":[\"Noticias\"],\"inLanguage\":\"es\",\"potentialAction\":[{\"@type\":\"CommentAction\",\"name\":\"Comment\",\"target\":[\"https:\/\/ajeandalucia.org\/granada\/2015\/09\/10\/programas-de-formacion-confederacion-granadina-de-empresarios\/#respond\"]}]},{\"@type\":\"WebPage\",\"@id\":\"https:\/\/ajeandalucia.org\/granada\/2015\/09\/10\/programas-de-formacion-confederacion-granadina-de-empresarios\/\",\"url\":\"https:\/\/ajeandalucia.org\/granada\/2015\/09\/10\/programas-de-formacion-confederacion-granadina-de-empresarios\/\",\"name\":\"Programas de formaci\u00f3n Confederaci\u00f3n Granadina de Empresarios - AJE Granada\",\"isPartOf\":{\"@id\":\"https:\/\/ajeandalucia.org\/granada\/#website\"},\"primaryImageOfPage\":{\"@id\":\"https:\/\/ajeandalucia.org\/granada\/2015\/09\/10\/programas-de-formacion-confederacion-granadina-de-empresarios\/#primaryimage\"},\"image\":{\"@id\":\"https:\/\/ajeandalucia.org\/granada\/2015\/09\/10\/programas-de-formacion-confederacion-granadina-de-empresarios\/#primaryimage\"},\"thumbnailUrl\":\"\",\"datePublished\":\"2015-09-10T08:21:32+00:00\",\"breadcrumb\":{\"@id\":\"https:\/\/ajeandalucia.org\/granada\/2015\/09\/10\/programas-de-formacion-confederacion-granadina-de-empresarios\/#breadcrumb\"},\"inLanguage\":\"es\",\"potentialAction\":[{\"@type\":\"ReadAction\",\"target\":[\"https:\/\/ajeandalucia.org\/granada\/2015\/09\/10\/programas-de-formacion-confederacion-granadina-de-empresarios\/\"]}]},{\"@type\":\"ImageObject\",\"inLanguage\":\"es\",\"@id\":\"https:\/\/ajeandalucia.org\/granada\/2015\/09\/10\/programas-de-formacion-confederacion-granadina-de-empresarios\/#primaryimage\",\"url\":\"\",\"contentUrl\":\"\"},{\"@type\":\"BreadcrumbList\",\"@id\":\"https:\/\/ajeandalucia.org\/granada\/2015\/09\/10\/programas-de-formacion-confederacion-granadina-de-empresarios\/#breadcrumb\",\"itemListElement\":[{\"@type\":\"ListItem\",\"position\":1,\"name\":\"Portada\",\"item\":\"https:\/\/ajeandalucia.org\/granada\/\"},{\"@type\":\"ListItem\",\"position\":2,\"name\":\"Programas de formaci\u00f3n Confederaci\u00f3n Granadina de Empresarios\"}]},{\"@type\":\"WebSite\",\"@id\":\"https:\/\/ajeandalucia.org\/granada\/#website\",\"url\":\"https:\/\/ajeandalucia.org\/granada\/\",\"name\":\"AJE Granada\",\"description\":\"J\u00f3venes Empresarios de Granada\",\"publisher\":{\"@id\":\"https:\/\/ajeandalucia.org\/granada\/#organization\"},\"potentialAction\":[{\"@type\":\"SearchAction\",\"target\":{\"@type\":\"EntryPoint\",\"urlTemplate\":\"https:\/\/ajeandalucia.org\/granada\/?s={search_term_string}\"},\"query-input\":{\"@type\":\"PropertyValueSpecification\",\"valueRequired\":true,\"valueName\":\"search_term_string\"}}],\"inLanguage\":\"es\"},{\"@type\":\"Organization\",\"@id\":\"https:\/\/ajeandalucia.org\/granada\/#organization\",\"name\":\"AJE Granada\",\"url\":\"https:\/\/ajeandalucia.org\/granada\/\",\"logo\":{\"@type\":\"ImageObject\",\"inLanguage\":\"es\",\"@id\":\"https:\/\/ajeandalucia.org\/granada\/#\/schema\/logo\/image\/\",\"url\":\"https:\/\/ajeandalucia.org\/granada\/wp-content\/uploads\/sites\/7\/2025\/02\/AJE-GRANADA-horizontal.png\",\"contentUrl\":\"https:\/\/ajeandalucia.org\/granada\/wp-content\/uploads\/sites\/7\/2025\/02\/AJE-GRANADA-horizontal.png\",\"width\":612,\"height\":200,\"caption\":\"AJE Granada\"},\"image\":{\"@id\":\"https:\/\/ajeandalucia.org\/granada\/#\/schema\/logo\/image\/\"}},{\"@type\":\"Person\",\"@id\":\"\",\"url\":\"https:\/\/ajeandalucia.org\/granada\/author\/\"}]}<\/script>\n<!-- \/ Yoast SEO plugin. -->","yoast_head_json":{"title":"Programas de formaci\u00f3n Confederaci\u00f3n Granadina de Empresarios - AJE Granada","robots":{"index":"index","follow":"follow","max-snippet":"max-snippet:-1","max-image-preview":"max-image-preview:large","max-video-preview":"max-video-preview:-1"},"canonical":"https:\/\/ajeandalucia.org\/granada\/2015\/09\/10\/programas-de-formacion-confederacion-granadina-de-empresarios\/","og_locale":"es_ES","og_type":"article","og_title":"Programas de formaci\u00f3n Confederaci\u00f3n Granadina de Empresarios - AJE Granada","og_description":"La Confederaci\u00f3n Granadina de Empresarios (CGE) en colaboraci\u00f3n con la Confederaci\u00f3n Espa\u00f1ola de Organizaciones Empresariales (CEOE) y la Confederaci\u00f3n Espa\u00f1ola [&hellip;]","og_url":"https:\/\/ajeandalucia.org\/granada\/2015\/09\/10\/programas-de-formacion-confederacion-granadina-de-empresarios\/","og_site_name":"AJE Granada","article_published_time":"2015-09-10T08:21:32+00:00","twitter_card":"summary_large_image","twitter_misc":{"Escrito por":"","Tiempo de lectura":"2 minutos"},"schema":{"@context":"https:\/\/schema.org","@graph":[{"@type":"Article","@id":"https:\/\/ajeandalucia.org\/granada\/2015\/09\/10\/programas-de-formacion-confederacion-granadina-de-empresarios\/#article","isPartOf":{"@id":"https:\/\/ajeandalucia.org\/granada\/2015\/09\/10\/programas-de-formacion-confederacion-granadina-de-empresarios\/"},"author":{"name":"","@id":""},"headline":"Programas de formaci\u00f3n Confederaci\u00f3n Granadina de Empresarios","datePublished":"2015-09-10T08:21:32+00:00","mainEntityOfPage":{"@id":"https:\/\/ajeandalucia.org\/granada\/2015\/09\/10\/programas-de-formacion-confederacion-granadina-de-empresarios\/"},"wordCount":451,"commentCount":0,"publisher":{"@id":"https:\/\/ajeandalucia.org\/granada\/#organization"},"image":{"@id":"https:\/\/ajeandalucia.org\/granada\/2015\/09\/10\/programas-de-formacion-confederacion-granadina-de-empresarios\/#primaryimage"},"thumbnailUrl":"","keywords":["Desempleados","Formaci\u00f3n","formaci\u00f3n gratuita"],"articleSection":["Noticias"],"inLanguage":"es","potentialAction":[{"@type":"CommentAction","name":"Comment","target":["https:\/\/ajeandalucia.org\/granada\/2015\/09\/10\/programas-de-formacion-confederacion-granadina-de-empresarios\/#respond"]}]},{"@type":"WebPage","@id":"https:\/\/ajeandalucia.org\/granada\/2015\/09\/10\/programas-de-formacion-confederacion-granadina-de-empresarios\/","url":"https:\/\/ajeandalucia.org\/granada\/2015\/09\/10\/programas-de-formacion-confederacion-granadina-de-empresarios\/","name":"Programas de formaci\u00f3n Confederaci\u00f3n Granadina de Empresarios - AJE Granada","isPartOf":{"@id":"https:\/\/ajeandalucia.org\/granada\/#website"},"primaryImageOfPage":{"@id":"https:\/\/ajeandalucia.org\/granada\/2015\/09\/10\/programas-de-formacion-confederacion-granadina-de-empresarios\/#primaryimage"},"image":{"@id":"https:\/\/ajeandalucia.org\/granada\/2015\/09\/10\/programas-de-formacion-confederacion-granadina-de-empresarios\/#primaryimage"},"thumbnailUrl":"","datePublished":"2015-09-10T08:21:32+00:00","breadcrumb":{"@id":"https:\/\/ajeandalucia.org\/granada\/2015\/09\/10\/programas-de-formacion-confederacion-granadina-de-empresarios\/#breadcrumb"},"inLanguage":"es","potentialAction":[{"@type":"ReadAction","target":["https:\/\/ajeandalucia.org\/granada\/2015\/09\/10\/programas-de-formacion-confederacion-granadina-de-empresarios\/"]}]},{"@type":"ImageObject","inLanguage":"es","@id":"https:\/\/ajeandalucia.org\/granada\/2015\/09\/10\/programas-de-formacion-confederacion-granadina-de-empresarios\/#primaryimage","url":"","contentUrl":""},{"@type":"BreadcrumbList","@id":"https:\/\/ajeandalucia.org\/granada\/2015\/09\/10\/programas-de-formacion-confederacion-granadina-de-empresarios\/#breadcrumb","itemListElement":[{"@type":"ListItem","position":1,"name":"Portada","item":"https:\/\/ajeandalucia.org\/granada\/"},{"@type":"ListItem","position":2,"name":"Programas de formaci\u00f3n Confederaci\u00f3n Granadina de Empresarios"}]},{"@type":"WebSite","@id":"https:\/\/ajeandalucia.org\/granada\/#website","url":"https:\/\/ajeandalucia.org\/granada\/","name":"AJE Granada","description":"J\u00f3venes Empresarios de Granada","publisher":{"@id":"https:\/\/ajeandalucia.org\/granada\/#organization"},"potentialAction":[{"@type":"SearchAction","target":{"@type":"EntryPoint","urlTemplate":"https:\/\/ajeandalucia.org\/granada\/?s={search_term_string}"},"query-input":{"@type":"PropertyValueSpecification","valueRequired":true,"valueName":"search_term_string"}}],"inLanguage":"es"},{"@type":"Organization","@id":"https:\/\/ajeandalucia.org\/granada\/#organization","name":"AJE Granada","url":"https:\/\/ajeandalucia.org\/granada\/","logo":{"@type":"ImageObject","inLanguage":"es","@id":"https:\/\/ajeandalucia.org\/granada\/#\/schema\/logo\/image\/","url":"https:\/\/ajeandalucia.org\/granada\/wp-content\/uploads\/sites\/7\/2025\/02\/AJE-GRANADA-horizontal.png","contentUrl":"https:\/\/ajeandalucia.org\/granada\/wp-content\/uploads\/sites\/7\/2025\/02\/AJE-GRANADA-horizontal.png","width":612,"height":200,"caption":"AJE Granada"},"image":{"@id":"https:\/\/ajeandalucia.org\/granada\/#\/schema\/logo\/image\/"}},{"@type":"Person","@id":"","url":"https:\/\/ajeandalucia.org\/granada\/author\/"}]}},"_links":{"self":[{"href":"https:\/\/ajeandalucia.org\/granada\/wp-json\/wp\/v2\/posts\/17317","targetHints":{"allow":["GET"]}}],"collection":[{"href":"https:\/\/ajeandalucia.org\/granada\/wp-json\/wp\/v2\/posts"}],"about":[{"href":"https:\/\/ajeandalucia.org\/granada\/wp-json\/wp\/v2\/types\/post"}],"author":[{"embeddable":true,"href":"https:\/\/ajeandalucia.org\/granada\/wp-json\/wp\/v2\/users\/1"}],"replies":[{"embeddable":true,"href":"https:\/\/ajeandalucia.org\/granada\/wp-json\/wp\/v2\/comments?post=17317"}],"version-history":[{"count":0,"href":"https:\/\/ajeandalucia.org\/granada\/wp-json\/wp\/v2\/posts\/17317\/revisions"}],"wp:featuredmedia":[{"embeddable":true,"href":"https:\/\/ajeandalucia.org\/granada\/wp-json\/"}],"wp:attachment":[{"href":"https:\/\/ajeandalucia.org\/granada\/wp-json\/wp\/v2\/media?parent=17317"}],"wp:term":[{"taxonomy":"category","embeddable":true,"href":"https:\/\/ajeandalucia.org\/granada\/wp-json\/wp\/v2\/categories?post=17317"},{"taxonomy":"post_tag","embeddable":true,"href":"https:\/\/ajeandalucia.org\/granada\/wp-json\/wp\/v2\/tags?post=17317"}],"curies":[{"name":"wp","href":"https:\/\/api.w.org\/{rel}","templated":true}]}}