{"id":24273,"date":"2018-01-03T11:42:21","date_gmt":"2018-01-03T10:42:21","guid":{"rendered":"http:\/\/www.ajegranada.org\/?p=24273"},"modified":"2018-01-03T11:42:21","modified_gmt":"2018-01-03T10:42:21","slug":"emociona-mas-que-un-sueno-una-nueva-forma-de-vivir","status":"publish","type":"post","link":"https:\/\/ajeandalucia.org\/granada\/2018\/01\/03\/emociona-mas-que-un-sueno-una-nueva-forma-de-vivir\/","title":{"rendered":"Emociona, m\u00e1s que un sue\u00f1o, una nueva forma de vivir"},"content":{"rendered":"<p>Emociona es una <strong>spin-off de la Universidad de Granada<\/strong> con un prop\u00f3sito claro, <strong>promover un cambio profundo en personas y organizaciones<\/strong><br \/>\nEs una empresa de Coaching e Inteligencia Emocional con sede en Granada y actuaci\u00f3n en distintas provincias espa\u00f1olas. Desde hace m\u00e1s de 6 a\u00f1os viene desarrollando su actividad, una actividad que conecta directamente con un sue\u00f1o, un proyecto que pretende aplicar los pilares de la Inteligencia Emocional a nuestra vida cotidiana, propiciando as\u00ed las bases de un cambio profundo en la sociedad.<\/p>\n<p>Esta empresa ofrece <strong>servicios de alta calidad en Inteligencia Emocional, coaching, formaci\u00f3n y actuaci\u00f3n directa en equipos de trabajo<\/strong> en empresas de cualquier sector. Adem\u00e1s, es la primera empresa de coaching con un departamento de I + D, a trav\u00e9s del cual se demuestran cientificamente los resultados obtenidos.<\/p>\n<p>A lo largo de estos a\u00f1os ha visto crecer de forma exponencial la demanda de sus servicios, convirtiendose en un importante referente a nivel nacional, y habiendo sido considerada por distintos medios de comunicaci\u00f3n como \u201cLos mejores Coach de Espa\u00f1a\u201d. Este \u00e9xito sin precedentes se asienta en unas bases muy claras, una visi\u00f3n que se extiende a toda la organizaci\u00f3n y al equipo que sustenta el trabajo de \u00e9sta empresa. Tal y como explica su gerente, Miguel Castillo, doctor en Psicologia y Coach, \u201cNuestra clave, tanto en el \u00e1mbito personal como en el \u00e1mbito empresarial, es el entrenamiento personalizado, un entrenamiento profundo que trabaja sobre las conductas, h\u00e1bitos, actitudes y base emocional de las personas involucradas en el proceso. Trabajamos por y para la persona, ahondando en su realidad emocional y promoviendo cambios profundos que repercutir\u00e1n en todos los \u00e1mbitos de su vida\u201d.<\/p>\n<p>En lo que se refiere a la actuaci\u00f3n en empresas, los cambios en las personas generan un profundo compromiso con la empresa, una nueva disposici\u00f3n hac\u00eda su puesto de trabajo, una toma de conciencia acerca de su responsabilidad y un empuje de motivaci\u00f3n para ser parte de un equipo consolidado y altamente efectivo.<\/p>\n<p>&nbsp;<\/p>\n<p><strong>SERVICIOS:<\/strong><\/p>\n<p>&#8211; Maestria en Coaching e Inteligencia Emocional Aplicada. Programa Formativo Completo para dedicarte de forma profesional al Coaching o para aplicarlo a tu Actividad Profesional. (600 h)<\/p>\n<p>&#8211; Vivencias Emocionales: Formaci\u00f3n Totalmente Pr\u00e1ctica en la que se trabaja en primera persona un proceso de entrenamiento personal profundo, donde alcanzar\u00e1s niveles de rendimiento y plenitud personal indescriptibles<\/p>\n<p>&#8211; Nivel 1 &#8211; AUTOCONOCIMIENTO<\/p>\n<p>&#8211; Nivel 2 &#8211; SUPERACI\u00d3N DE BARRERAS<\/p>\n<p>&#8211; Nivel 3 &#8211; SUE\u00d1OS Y LIDERAZGO<\/p>\n<p>&#8211; Escuela de Talento: Formaci\u00f3n e Intervenci\u00f3n Empresarial y de Trabajo en Equipo.<\/p>\n<p>&nbsp;<\/p>\n<p><strong>PR\u00d3XIMAS CONVOCATORIAS QUE NO TE PUEDES PERDER:<\/strong><\/p>\n<p>CURSO DE INTELIGENCIA EMOCIONAL Y COACHING<\/p>\n<p>Nivel 1 &#8211; AUTOCONOCIMIENTO<\/p>\n<p><strong>M\u00c1LAGA &#8211; 2 a 4 de Febrero<\/strong><br \/>\n<strong> GRANADA &#8211; 16 a 18 de Febrero<\/strong><br \/>\n<strong> SEVILLA &#8211; 2 a 4 de Marzo<\/strong><\/p>\n<p>TALLER DEGUSTACI\u00d3N GRANADA: Ac\u00e9rcate y conoce como trabajamos.<\/p>\n<p><strong>7 de Febrero de 2018 de 19.00 a 21.30<\/strong> &nbsp; &nbsp; Precio: 10\u20ac &nbsp;(se debe hacer reserva de plaza)<\/p>\n<p>&nbsp;<\/p>\n<p>Para <strong>inscribirte<\/strong> al taller o cualquiera de nuestros programas envia un e-mail a <strong><a href=\"mailto:infoemociona@gmail.com\">infoemociona@gmail.com<\/a><\/strong> con tu nombre, apellido, tel\u00e9fono y el curso de tu inter\u00e9s.<\/p>\n<p>Tambi\u00e9n puedes consultar nuestra web:<br \/>\n<a href=\"http:\/\/www.emociona.es\">www.emociona.es<\/a><br \/>\n<a href=\"http:\/\/www.inteligenciaemocionalcoaching.com\">www.inteligenciaemocionalcoaching.com<\/a><\/p>\n<p>O puedes llamar al tel\u00e9fono: <strong>647 62 75 32<\/strong><\/p>\n","protected":false},"excerpt":{"rendered":"<p>Emociona es una spin-off de la Universidad de Granada con un prop\u00f3sito claro, promover un cambio profundo en personas y [&hellip;]<\/p>\n","protected":false},"author":6,"featured_media":20733,"comment_status":"open","ping_status":"open","sticky":false,"template":"","format":"standard","meta":{"_acf_changed":false,"site-sidebar-layout":"default","site-content-layout":"","ast-site-content-layout":"default","site-content-style":"default","site-sidebar-style":"default","ast-global-header-display":"","ast-banner-title-visibility":"","ast-main-header-display":"","ast-hfb-above-header-display":"","ast-hfb-below-header-display":"","ast-hfb-mobile-header-display":"","site-post-title":"","ast-breadcrumbs-content":"","ast-featured-img":"","footer-sml-layout":"","ast-disable-related-posts":"","theme-transparent-header-meta":"","adv-header-id-meta":"","stick-header-meta":"","header-above-stick-meta":"","header-main-stick-meta":"","header-below-stick-meta":"","astra-migrate-meta-layouts":"default","ast-page-background-enabled":"default","ast-page-background-meta":{"desktop":{"background-color":"var(--ast-global-color-5)","background-image":"","background-repeat":"repeat","background-position":"center center","background-size":"auto","background-attachment":"scroll","background-type":"","background-media":"","overlay-type":"","overlay-color":"","overlay-opacity":"","overlay-gradient":""},"tablet":{"background-color":"","background-image":"","background-repeat":"repeat","background-position":"center center","background-size":"auto","background-attachment":"scroll","background-type":"","background-media":"","overlay-type":"","overlay-color":"","overlay-opacity":"","overlay-gradient":""},"mobile":{"background-color":"","background-image":"","background-repeat":"repeat","background-position":"center center","background-size":"auto","background-attachment":"scroll","background-type":"","background-media":"","overlay-type":"","overlay-color":"","overlay-opacity":"","overlay-gradient":""}},"ast-content-background-meta":{"desktop":{"background-color":"var(--ast-global-color-4)","background-image":"","background-repeat":"repeat","background-position":"center center","background-size":"auto","background-attachment":"scroll","background-type":"","background-media":"","overlay-type":"","overlay-color":"","overlay-opacity":"","overlay-gradient":""},"tablet":{"background-color":"var(--ast-global-color-4)","background-image":"","background-repeat":"repeat","background-position":"center center","background-size":"auto","background-attachment":"scroll","background-type":"","background-media":"","overlay-type":"","overlay-color":"","overlay-opacity":"","overlay-gradient":""},"mobile":{"background-color":"var(--ast-global-color-4)","background-image":"","background-repeat":"repeat","background-position":"center center","background-size":"auto","background-attachment":"scroll","background-type":"","background-media":"","overlay-type":"","overlay-color":"","overlay-opacity":"","overlay-gradient":""}},"footnotes":""},"categories":[4345],"tags":[999,4346,785],"class_list":["post-24273","post","type-post","status-publish","format-standard","has-post-thumbnail","hentry","category-destacada","tag-coach","tag-emociona","tag-inteligencia-emocional"],"acf":[],"yoast_head":"<!-- This site is optimized with the Yoast SEO plugin v26.9 - https:\/\/yoast.com\/product\/yoast-seo-wordpress\/ -->\n<title>Emociona, m\u00e1s que un sue\u00f1o, una nueva forma de vivir - AJE Granada<\/title>\n<meta name=\"robots\" content=\"index, follow, max-snippet:-1, max-image-preview:large, max-video-preview:-1\" \/>\n<link rel=\"canonical\" href=\"https:\/\/ajeandalucia.org\/granada\/2018\/01\/03\/emociona-mas-que-un-sueno-una-nueva-forma-de-vivir\/\" \/>\n<meta property=\"og:locale\" content=\"es_ES\" \/>\n<meta property=\"og:type\" content=\"article\" \/>\n<meta property=\"og:title\" content=\"Emociona, m\u00e1s que un sue\u00f1o, una nueva forma de vivir - AJE Granada\" \/>\n<meta property=\"og:description\" content=\"Emociona es una spin-off de la Universidad de Granada con un prop\u00f3sito claro, promover un cambio profundo en personas y [&hellip;]\" \/>\n<meta property=\"og:url\" content=\"https:\/\/ajeandalucia.org\/granada\/2018\/01\/03\/emociona-mas-que-un-sueno-una-nueva-forma-de-vivir\/\" \/>\n<meta property=\"og:site_name\" content=\"AJE Granada\" \/>\n<meta property=\"article:published_time\" content=\"2018-01-03T10:42:21+00:00\" \/>\n<meta name=\"author\" content=\"granada\" \/>\n<meta name=\"twitter:card\" content=\"summary_large_image\" \/>\n<meta name=\"twitter:label1\" content=\"Escrito por\" \/>\n\t<meta name=\"twitter:data1\" content=\"granada\" \/>\n\t<meta name=\"twitter:label2\" content=\"Tiempo de lectura\" \/>\n\t<meta name=\"twitter:data2\" content=\"3 minutos\" \/>\n<script type=\"application\/ld+json\" class=\"yoast-schema-graph\">{\"@context\":\"https:\/\/schema.org\",\"@graph\":[{\"@type\":\"Article\",\"@id\":\"https:\/\/ajeandalucia.org\/granada\/2018\/01\/03\/emociona-mas-que-un-sueno-una-nueva-forma-de-vivir\/#article\",\"isPartOf\":{\"@id\":\"https:\/\/ajeandalucia.org\/granada\/2018\/01\/03\/emociona-mas-que-un-sueno-una-nueva-forma-de-vivir\/\"},\"author\":{\"name\":\"granada\",\"@id\":\"https:\/\/ajeandalucia.org\/granada\/#\/schema\/person\/11740bd602b2087a5d9913ce7ad3b931\"},\"headline\":\"Emociona, m\u00e1s que un sue\u00f1o, una nueva forma de vivir\",\"datePublished\":\"2018-01-03T10:42:21+00:00\",\"mainEntityOfPage\":{\"@id\":\"https:\/\/ajeandalucia.org\/granada\/2018\/01\/03\/emociona-mas-que-un-sueno-una-nueva-forma-de-vivir\/\"},\"wordCount\":558,\"commentCount\":0,\"publisher\":{\"@id\":\"https:\/\/ajeandalucia.org\/granada\/#organization\"},\"image\":{\"@id\":\"https:\/\/ajeandalucia.org\/granada\/2018\/01\/03\/emociona-mas-que-un-sueno-una-nueva-forma-de-vivir\/#primaryimage\"},\"thumbnailUrl\":\"\",\"keywords\":[\"coach\",\"EMOCIONA\",\"inteligencia emocional\"],\"articleSection\":[\"Destacada\"],\"inLanguage\":\"es\",\"potentialAction\":[{\"@type\":\"CommentAction\",\"name\":\"Comment\",\"target\":[\"https:\/\/ajeandalucia.org\/granada\/2018\/01\/03\/emociona-mas-que-un-sueno-una-nueva-forma-de-vivir\/#respond\"]}]},{\"@type\":\"WebPage\",\"@id\":\"https:\/\/ajeandalucia.org\/granada\/2018\/01\/03\/emociona-mas-que-un-sueno-una-nueva-forma-de-vivir\/\",\"url\":\"https:\/\/ajeandalucia.org\/granada\/2018\/01\/03\/emociona-mas-que-un-sueno-una-nueva-forma-de-vivir\/\",\"name\":\"Emociona, m\u00e1s que un sue\u00f1o, una nueva forma de vivir - AJE Granada\",\"isPartOf\":{\"@id\":\"https:\/\/ajeandalucia.org\/granada\/#website\"},\"primaryImageOfPage\":{\"@id\":\"https:\/\/ajeandalucia.org\/granada\/2018\/01\/03\/emociona-mas-que-un-sueno-una-nueva-forma-de-vivir\/#primaryimage\"},\"image\":{\"@id\":\"https:\/\/ajeandalucia.org\/granada\/2018\/01\/03\/emociona-mas-que-un-sueno-una-nueva-forma-de-vivir\/#primaryimage\"},\"thumbnailUrl\":\"\",\"datePublished\":\"2018-01-03T10:42:21+00:00\",\"breadcrumb\":{\"@id\":\"https:\/\/ajeandalucia.org\/granada\/2018\/01\/03\/emociona-mas-que-un-sueno-una-nueva-forma-de-vivir\/#breadcrumb\"},\"inLanguage\":\"es\",\"potentialAction\":[{\"@type\":\"ReadAction\",\"target\":[\"https:\/\/ajeandalucia.org\/granada\/2018\/01\/03\/emociona-mas-que-un-sueno-una-nueva-forma-de-vivir\/\"]}]},{\"@type\":\"ImageObject\",\"inLanguage\":\"es\",\"@id\":\"https:\/\/ajeandalucia.org\/granada\/2018\/01\/03\/emociona-mas-que-un-sueno-una-nueva-forma-de-vivir\/#primaryimage\",\"url\":\"\",\"contentUrl\":\"\"},{\"@type\":\"BreadcrumbList\",\"@id\":\"https:\/\/ajeandalucia.org\/granada\/2018\/01\/03\/emociona-mas-que-un-sueno-una-nueva-forma-de-vivir\/#breadcrumb\",\"itemListElement\":[{\"@type\":\"ListItem\",\"position\":1,\"name\":\"Portada\",\"item\":\"https:\/\/ajeandalucia.org\/granada\/\"},{\"@type\":\"ListItem\",\"position\":2,\"name\":\"Emociona, m\u00e1s que un sue\u00f1o, una nueva forma de vivir\"}]},{\"@type\":\"WebSite\",\"@id\":\"https:\/\/ajeandalucia.org\/granada\/#website\",\"url\":\"https:\/\/ajeandalucia.org\/granada\/\",\"name\":\"AJE Granada\",\"description\":\"J\u00f3venes Empresarios de Granada\",\"publisher\":{\"@id\":\"https:\/\/ajeandalucia.org\/granada\/#organization\"},\"potentialAction\":[{\"@type\":\"SearchAction\",\"target\":{\"@type\":\"EntryPoint\",\"urlTemplate\":\"https:\/\/ajeandalucia.org\/granada\/?s={search_term_string}\"},\"query-input\":{\"@type\":\"PropertyValueSpecification\",\"valueRequired\":true,\"valueName\":\"search_term_string\"}}],\"inLanguage\":\"es\"},{\"@type\":\"Organization\",\"@id\":\"https:\/\/ajeandalucia.org\/granada\/#organization\",\"name\":\"AJE Granada\",\"url\":\"https:\/\/ajeandalucia.org\/granada\/\",\"logo\":{\"@type\":\"ImageObject\",\"inLanguage\":\"es\",\"@id\":\"https:\/\/ajeandalucia.org\/granada\/#\/schema\/logo\/image\/\",\"url\":\"https:\/\/ajeandalucia.org\/granada\/wp-content\/uploads\/sites\/7\/2025\/02\/AJE-GRANADA-horizontal.png\",\"contentUrl\":\"https:\/\/ajeandalucia.org\/granada\/wp-content\/uploads\/sites\/7\/2025\/02\/AJE-GRANADA-horizontal.png\",\"width\":612,\"height\":200,\"caption\":\"AJE Granada\"},\"image\":{\"@id\":\"https:\/\/ajeandalucia.org\/granada\/#\/schema\/logo\/image\/\"}},{\"@type\":\"Person\",\"@id\":\"https:\/\/ajeandalucia.org\/granada\/#\/schema\/person\/11740bd602b2087a5d9913ce7ad3b931\",\"name\":\"granada\",\"image\":{\"@type\":\"ImageObject\",\"inLanguage\":\"es\",\"@id\":\"https:\/\/ajeandalucia.org\/granada\/#\/schema\/person\/image\/\",\"url\":\"https:\/\/secure.gravatar.com\/avatar\/d3efaa03945b79a8aad01845a3fd3b3535448eae49310ea0a5677e96e0e68b63?s=96&d=mm&r=g\",\"contentUrl\":\"https:\/\/secure.gravatar.com\/avatar\/d3efaa03945b79a8aad01845a3fd3b3535448eae49310ea0a5677e96e0e68b63?s=96&d=mm&r=g\",\"caption\":\"granada\"},\"url\":\"https:\/\/ajeandalucia.org\/granada\/author\/granada\/\"}]}<\/script>\n<!-- \/ Yoast SEO plugin. -->","yoast_head_json":{"title":"Emociona, m\u00e1s que un sue\u00f1o, una nueva forma de vivir - AJE Granada","robots":{"index":"index","follow":"follow","max-snippet":"max-snippet:-1","max-image-preview":"max-image-preview:large","max-video-preview":"max-video-preview:-1"},"canonical":"https:\/\/ajeandalucia.org\/granada\/2018\/01\/03\/emociona-mas-que-un-sueno-una-nueva-forma-de-vivir\/","og_locale":"es_ES","og_type":"article","og_title":"Emociona, m\u00e1s que un sue\u00f1o, una nueva forma de vivir - AJE Granada","og_description":"Emociona es una spin-off de la Universidad de Granada con un prop\u00f3sito claro, promover un cambio profundo en personas y [&hellip;]","og_url":"https:\/\/ajeandalucia.org\/granada\/2018\/01\/03\/emociona-mas-que-un-sueno-una-nueva-forma-de-vivir\/","og_site_name":"AJE Granada","article_published_time":"2018-01-03T10:42:21+00:00","author":"granada","twitter_card":"summary_large_image","twitter_misc":{"Escrito por":"granada","Tiempo de lectura":"3 minutos"},"schema":{"@context":"https:\/\/schema.org","@graph":[{"@type":"Article","@id":"https:\/\/ajeandalucia.org\/granada\/2018\/01\/03\/emociona-mas-que-un-sueno-una-nueva-forma-de-vivir\/#article","isPartOf":{"@id":"https:\/\/ajeandalucia.org\/granada\/2018\/01\/03\/emociona-mas-que-un-sueno-una-nueva-forma-de-vivir\/"},"author":{"name":"granada","@id":"https:\/\/ajeandalucia.org\/granada\/#\/schema\/person\/11740bd602b2087a5d9913ce7ad3b931"},"headline":"Emociona, m\u00e1s que un sue\u00f1o, una nueva forma de vivir","datePublished":"2018-01-03T10:42:21+00:00","mainEntityOfPage":{"@id":"https:\/\/ajeandalucia.org\/granada\/2018\/01\/03\/emociona-mas-que-un-sueno-una-nueva-forma-de-vivir\/"},"wordCount":558,"commentCount":0,"publisher":{"@id":"https:\/\/ajeandalucia.org\/granada\/#organization"},"image":{"@id":"https:\/\/ajeandalucia.org\/granada\/2018\/01\/03\/emociona-mas-que-un-sueno-una-nueva-forma-de-vivir\/#primaryimage"},"thumbnailUrl":"","keywords":["coach","EMOCIONA","inteligencia emocional"],"articleSection":["Destacada"],"inLanguage":"es","potentialAction":[{"@type":"CommentAction","name":"Comment","target":["https:\/\/ajeandalucia.org\/granada\/2018\/01\/03\/emociona-mas-que-un-sueno-una-nueva-forma-de-vivir\/#respond"]}]},{"@type":"WebPage","@id":"https:\/\/ajeandalucia.org\/granada\/2018\/01\/03\/emociona-mas-que-un-sueno-una-nueva-forma-de-vivir\/","url":"https:\/\/ajeandalucia.org\/granada\/2018\/01\/03\/emociona-mas-que-un-sueno-una-nueva-forma-de-vivir\/","name":"Emociona, m\u00e1s que un sue\u00f1o, una nueva forma de vivir - AJE Granada","isPartOf":{"@id":"https:\/\/ajeandalucia.org\/granada\/#website"},"primaryImageOfPage":{"@id":"https:\/\/ajeandalucia.org\/granada\/2018\/01\/03\/emociona-mas-que-un-sueno-una-nueva-forma-de-vivir\/#primaryimage"},"image":{"@id":"https:\/\/ajeandalucia.org\/granada\/2018\/01\/03\/emociona-mas-que-un-sueno-una-nueva-forma-de-vivir\/#primaryimage"},"thumbnailUrl":"","datePublished":"2018-01-03T10:42:21+00:00","breadcrumb":{"@id":"https:\/\/ajeandalucia.org\/granada\/2018\/01\/03\/emociona-mas-que-un-sueno-una-nueva-forma-de-vivir\/#breadcrumb"},"inLanguage":"es","potentialAction":[{"@type":"ReadAction","target":["https:\/\/ajeandalucia.org\/granada\/2018\/01\/03\/emociona-mas-que-un-sueno-una-nueva-forma-de-vivir\/"]}]},{"@type":"ImageObject","inLanguage":"es","@id":"https:\/\/ajeandalucia.org\/granada\/2018\/01\/03\/emociona-mas-que-un-sueno-una-nueva-forma-de-vivir\/#primaryimage","url":"","contentUrl":""},{"@type":"BreadcrumbList","@id":"https:\/\/ajeandalucia.org\/granada\/2018\/01\/03\/emociona-mas-que-un-sueno-una-nueva-forma-de-vivir\/#breadcrumb","itemListElement":[{"@type":"ListItem","position":1,"name":"Portada","item":"https:\/\/ajeandalucia.org\/granada\/"},{"@type":"ListItem","position":2,"name":"Emociona, m\u00e1s que un sue\u00f1o, una nueva forma de vivir"}]},{"@type":"WebSite","@id":"https:\/\/ajeandalucia.org\/granada\/#website","url":"https:\/\/ajeandalucia.org\/granada\/","name":"AJE Granada","description":"J\u00f3venes Empresarios de Granada","publisher":{"@id":"https:\/\/ajeandalucia.org\/granada\/#organization"},"potentialAction":[{"@type":"SearchAction","target":{"@type":"EntryPoint","urlTemplate":"https:\/\/ajeandalucia.org\/granada\/?s={search_term_string}"},"query-input":{"@type":"PropertyValueSpecification","valueRequired":true,"valueName":"search_term_string"}}],"inLanguage":"es"},{"@type":"Organization","@id":"https:\/\/ajeandalucia.org\/granada\/#organization","name":"AJE Granada","url":"https:\/\/ajeandalucia.org\/granada\/","logo":{"@type":"ImageObject","inLanguage":"es","@id":"https:\/\/ajeandalucia.org\/granada\/#\/schema\/logo\/image\/","url":"https:\/\/ajeandalucia.org\/granada\/wp-content\/uploads\/sites\/7\/2025\/02\/AJE-GRANADA-horizontal.png","contentUrl":"https:\/\/ajeandalucia.org\/granada\/wp-content\/uploads\/sites\/7\/2025\/02\/AJE-GRANADA-horizontal.png","width":612,"height":200,"caption":"AJE Granada"},"image":{"@id":"https:\/\/ajeandalucia.org\/granada\/#\/schema\/logo\/image\/"}},{"@type":"Person","@id":"https:\/\/ajeandalucia.org\/granada\/#\/schema\/person\/11740bd602b2087a5d9913ce7ad3b931","name":"granada","image":{"@type":"ImageObject","inLanguage":"es","@id":"https:\/\/ajeandalucia.org\/granada\/#\/schema\/person\/image\/","url":"https:\/\/secure.gravatar.com\/avatar\/d3efaa03945b79a8aad01845a3fd3b3535448eae49310ea0a5677e96e0e68b63?s=96&d=mm&r=g","contentUrl":"https:\/\/secure.gravatar.com\/avatar\/d3efaa03945b79a8aad01845a3fd3b3535448eae49310ea0a5677e96e0e68b63?s=96&d=mm&r=g","caption":"granada"},"url":"https:\/\/ajeandalucia.org\/granada\/author\/granada\/"}]}},"_links":{"self":[{"href":"https:\/\/ajeandalucia.org\/granada\/wp-json\/wp\/v2\/posts\/24273","targetHints":{"allow":["GET"]}}],"collection":[{"href":"https:\/\/ajeandalucia.org\/granada\/wp-json\/wp\/v2\/posts"}],"about":[{"href":"https:\/\/ajeandalucia.org\/granada\/wp-json\/wp\/v2\/types\/post"}],"author":[{"embeddable":true,"href":"https:\/\/ajeandalucia.org\/granada\/wp-json\/wp\/v2\/users\/6"}],"replies":[{"embeddable":true,"href":"https:\/\/ajeandalucia.org\/granada\/wp-json\/wp\/v2\/comments?post=24273"}],"version-history":[{"count":0,"href":"https:\/\/ajeandalucia.org\/granada\/wp-json\/wp\/v2\/posts\/24273\/revisions"}],"wp:featuredmedia":[{"embeddable":true,"href":"https:\/\/ajeandalucia.org\/granada\/wp-json\/"}],"wp:attachment":[{"href":"https:\/\/ajeandalucia.org\/granada\/wp-json\/wp\/v2\/media?parent=24273"}],"wp:term":[{"taxonomy":"category","embeddable":true,"href":"https:\/\/ajeandalucia.org\/granada\/wp-json\/wp\/v2\/categories?post=24273"},{"taxonomy":"post_tag","embeddable":true,"href":"https:\/\/ajeandalucia.org\/granada\/wp-json\/wp\/v2\/tags?post=24273"}],"curies":[{"name":"wp","href":"https:\/\/api.w.org\/{rel}","templated":true}]}}