{"id":24463,"date":"2018-01-18T17:25:58","date_gmt":"2018-01-18T16:25:58","guid":{"rendered":"http:\/\/www.ajegranada.org\/?p=24463"},"modified":"2018-01-18T17:25:58","modified_gmt":"2018-01-18T16:25:58","slug":"curso-marketing-digital-y-comercio-electronico-jovenesenformaccion","status":"publish","type":"post","link":"https:\/\/ajeandalucia.org\/granada\/2018\/01\/18\/curso-marketing-digital-y-comercio-electronico-jovenesenformaccion\/","title":{"rendered":"Curso Marketing Digital y Comercio Electr\u00f3nico. #JovenesEnFormAccion"},"content":{"rendered":"<p style=\"margin: 0cm 0cm 7.5pt 0cm\">El pr\u00f3ximo <strong>19 de febrero<\/strong> comenzar\u00e1 el <strong>Curso Marketing Digital y Comercio Electr\u00f3nico<\/strong> del proyecto <strong>#JovenesEnFormAccion<\/strong>, programa destinado a j\u00f3venes financiado por el Fondo Social perteneciente al POEJ (Programa Operativo de Empleo Juvenil).<\/p>\n<p style=\"margin: 0cm 0cm 7.5pt 0cm\">Tendr\u00e1 una duraci\u00f3n de <strong>435 horas de formaci\u00f3n<\/strong> y <strong>125 horas de pr\u00e1cticas<\/strong> no laborales en empresas y se impartir\u00e1 en el <strong>Centro de Iniciativas Empresariales (C.I.E.) del Ayuntamiento de Granada<\/strong>.<\/p>\n<p style=\"margin: 0cm 0cm 7.5pt 0cm\">Puedes consultar toda la informaci\u00f3n <a href=\"http:\/\/empleo.granada.org\/index.php\/menu-formacion\/men-formacion-empleo\/56-for-cursos-fpe\/322-art-abierto-plazo-curso-mark-digi-come-elec\">aqu\u00ed.<\/a><\/p>\n<p><strong>Inscripciones:<\/strong><\/p>\n<p>Registro General del Ayuntamiento de Granada (Edificio &#8220;C&#8221; Mondragones), Registro del \u00c1rea de Empleo (C\/ Horno de San Mat\u00edas, n\u00ba 4) y Registro de las Oficinas Municipales Desconcentradas hasta el 2 de febrero de 2018 de 09:00 a 14:00 horas.<\/p>\n<p><a href=\"http:\/\/empleo.granada.org\/images\/PDF\/SA0517.pdf\">Descargar documento de inscripci\u00f3n<\/a><\/p>\n<p>&nbsp;<\/p>\n<p><strong>M\u00e1s informaci\u00f3n y contacto:&nbsp;<\/strong><\/p>\n<p><strong>M\u00aaTeresa Cayuela:<\/strong> 958180081 \/ mtcayuela@granada.org&nbsp;<\/p>\n<p>&nbsp;<\/p>\n<p>&nbsp;<\/p>\n","protected":false},"excerpt":{"rendered":"<p>El pr\u00f3ximo 19 de febrero comenzar\u00e1 el Curso Marketing Digital y Comercio Electr\u00f3nico del proyecto #JovenesEnFormAccion, programa destinado a j\u00f3venes [&hellip;]<\/p>\n","protected":false},"author":6,"featured_media":24353,"comment_status":"open","ping_status":"open","sticky":false,"template":"","format":"standard","meta":{"_acf_changed":false,"site-sidebar-layout":"default","site-content-layout":"","ast-site-content-layout":"default","site-content-style":"default","site-sidebar-style":"default","ast-global-header-display":"","ast-banner-title-visibility":"","ast-main-header-display":"","ast-hfb-above-header-display":"","ast-hfb-below-header-display":"","ast-hfb-mobile-header-display":"","site-post-title":"","ast-breadcrumbs-content":"","ast-featured-img":"","footer-sml-layout":"","ast-disable-related-posts":"","theme-transparent-header-meta":"","adv-header-id-meta":"","stick-header-meta":"","header-above-stick-meta":"","header-main-stick-meta":"","header-below-stick-meta":"","astra-migrate-meta-layouts":"default","ast-page-background-enabled":"default","ast-page-background-meta":{"desktop":{"background-color":"var(--ast-global-color-5)","background-image":"","background-repeat":"repeat","background-position":"center center","background-size":"auto","background-attachment":"scroll","background-type":"","background-media":"","overlay-type":"","overlay-color":"","overlay-opacity":"","overlay-gradient":""},"tablet":{"background-color":"","background-image":"","background-repeat":"repeat","background-position":"center center","background-size":"auto","background-attachment":"scroll","background-type":"","background-media":"","overlay-type":"","overlay-color":"","overlay-opacity":"","overlay-gradient":""},"mobile":{"background-color":"","background-image":"","background-repeat":"repeat","background-position":"center center","background-size":"auto","background-attachment":"scroll","background-type":"","background-media":"","overlay-type":"","overlay-color":"","overlay-opacity":"","overlay-gradient":""}},"ast-content-background-meta":{"desktop":{"background-color":"var(--ast-global-color-4)","background-image":"","background-repeat":"repeat","background-position":"center center","background-size":"auto","background-attachment":"scroll","background-type":"","background-media":"","overlay-type":"","overlay-color":"","overlay-opacity":"","overlay-gradient":""},"tablet":{"background-color":"var(--ast-global-color-4)","background-image":"","background-repeat":"repeat","background-position":"center center","background-size":"auto","background-attachment":"scroll","background-type":"","background-media":"","overlay-type":"","overlay-color":"","overlay-opacity":"","overlay-gradient":""},"mobile":{"background-color":"var(--ast-global-color-4)","background-image":"","background-repeat":"repeat","background-position":"center center","background-size":"auto","background-attachment":"scroll","background-type":"","background-media":"","overlay-type":"","overlay-color":"","overlay-opacity":"","overlay-gradient":""}},"footnotes":""},"categories":[4342],"tags":[4408,3384,211,4409,4410,4411,2265],"class_list":["post-24463","post","type-post","status-publish","format-standard","has-post-thumbnail","hentry","category-formacion-4","tag-jovenesenformaccion","tag-ayuntamiento-de-granada","tag-comercio","tag-curso-marketing-digital-y-comercio-electronico","tag-empleo-joven","tag-formacion-en-marketing-y-comercio","tag-marketing"],"acf":[],"yoast_head":"<!-- This site is optimized with the Yoast SEO plugin v26.9 - https:\/\/yoast.com\/product\/yoast-seo-wordpress\/ -->\n<title>Curso Marketing Digital y Comercio Electr\u00f3nico. #JovenesEnFormAccion - AJE Granada<\/title>\n<meta name=\"robots\" content=\"index, follow, max-snippet:-1, max-image-preview:large, max-video-preview:-1\" \/>\n<link rel=\"canonical\" href=\"https:\/\/ajeandalucia.org\/granada\/2018\/01\/18\/curso-marketing-digital-y-comercio-electronico-jovenesenformaccion\/\" \/>\n<meta property=\"og:locale\" content=\"es_ES\" \/>\n<meta property=\"og:type\" content=\"article\" \/>\n<meta property=\"og:title\" content=\"Curso Marketing Digital y Comercio Electr\u00f3nico. #JovenesEnFormAccion - AJE Granada\" \/>\n<meta property=\"og:description\" content=\"El pr\u00f3ximo 19 de febrero comenzar\u00e1 el Curso Marketing Digital y Comercio Electr\u00f3nico del proyecto #JovenesEnFormAccion, programa destinado a j\u00f3venes [&hellip;]\" \/>\n<meta property=\"og:url\" content=\"https:\/\/ajeandalucia.org\/granada\/2018\/01\/18\/curso-marketing-digital-y-comercio-electronico-jovenesenformaccion\/\" \/>\n<meta property=\"og:site_name\" content=\"AJE Granada\" \/>\n<meta property=\"article:published_time\" content=\"2018-01-18T16:25:58+00:00\" \/>\n<meta name=\"author\" content=\"granada\" \/>\n<meta name=\"twitter:card\" content=\"summary_large_image\" \/>\n<meta name=\"twitter:label1\" content=\"Escrito por\" \/>\n\t<meta name=\"twitter:data1\" content=\"granada\" \/>\n\t<meta name=\"twitter:label2\" content=\"Tiempo de lectura\" \/>\n\t<meta name=\"twitter:data2\" content=\"1 minuto\" \/>\n<script type=\"application\/ld+json\" class=\"yoast-schema-graph\">{\"@context\":\"https:\/\/schema.org\",\"@graph\":[{\"@type\":\"Article\",\"@id\":\"https:\/\/ajeandalucia.org\/granada\/2018\/01\/18\/curso-marketing-digital-y-comercio-electronico-jovenesenformaccion\/#article\",\"isPartOf\":{\"@id\":\"https:\/\/ajeandalucia.org\/granada\/2018\/01\/18\/curso-marketing-digital-y-comercio-electronico-jovenesenformaccion\/\"},\"author\":{\"name\":\"granada\",\"@id\":\"https:\/\/ajeandalucia.org\/granada\/#\/schema\/person\/11740bd602b2087a5d9913ce7ad3b931\"},\"headline\":\"Curso Marketing Digital y Comercio Electr\u00f3nico. #JovenesEnFormAccion\",\"datePublished\":\"2018-01-18T16:25:58+00:00\",\"mainEntityOfPage\":{\"@id\":\"https:\/\/ajeandalucia.org\/granada\/2018\/01\/18\/curso-marketing-digital-y-comercio-electronico-jovenesenformaccion\/\"},\"wordCount\":143,\"commentCount\":0,\"publisher\":{\"@id\":\"https:\/\/ajeandalucia.org\/granada\/#organization\"},\"image\":{\"@id\":\"https:\/\/ajeandalucia.org\/granada\/2018\/01\/18\/curso-marketing-digital-y-comercio-electronico-jovenesenformaccion\/#primaryimage\"},\"thumbnailUrl\":\"\",\"keywords\":[\"#JovenesEnFormAccion\",\"ayuntamiento de granada\",\"Comercio\",\"Curso Marketing Digital y Comercio Electr\u00f3nico\",\"empleo joven\",\"formaci\u00f3n en marketing y comercio\",\"marketing\"],\"articleSection\":[\"Formaci\u00f3n\"],\"inLanguage\":\"es\",\"potentialAction\":[{\"@type\":\"CommentAction\",\"name\":\"Comment\",\"target\":[\"https:\/\/ajeandalucia.org\/granada\/2018\/01\/18\/curso-marketing-digital-y-comercio-electronico-jovenesenformaccion\/#respond\"]}]},{\"@type\":\"WebPage\",\"@id\":\"https:\/\/ajeandalucia.org\/granada\/2018\/01\/18\/curso-marketing-digital-y-comercio-electronico-jovenesenformaccion\/\",\"url\":\"https:\/\/ajeandalucia.org\/granada\/2018\/01\/18\/curso-marketing-digital-y-comercio-electronico-jovenesenformaccion\/\",\"name\":\"Curso Marketing Digital y Comercio Electr\u00f3nico. #JovenesEnFormAccion - AJE Granada\",\"isPartOf\":{\"@id\":\"https:\/\/ajeandalucia.org\/granada\/#website\"},\"primaryImageOfPage\":{\"@id\":\"https:\/\/ajeandalucia.org\/granada\/2018\/01\/18\/curso-marketing-digital-y-comercio-electronico-jovenesenformaccion\/#primaryimage\"},\"image\":{\"@id\":\"https:\/\/ajeandalucia.org\/granada\/2018\/01\/18\/curso-marketing-digital-y-comercio-electronico-jovenesenformaccion\/#primaryimage\"},\"thumbnailUrl\":\"\",\"datePublished\":\"2018-01-18T16:25:58+00:00\",\"breadcrumb\":{\"@id\":\"https:\/\/ajeandalucia.org\/granada\/2018\/01\/18\/curso-marketing-digital-y-comercio-electronico-jovenesenformaccion\/#breadcrumb\"},\"inLanguage\":\"es\",\"potentialAction\":[{\"@type\":\"ReadAction\",\"target\":[\"https:\/\/ajeandalucia.org\/granada\/2018\/01\/18\/curso-marketing-digital-y-comercio-electronico-jovenesenformaccion\/\"]}]},{\"@type\":\"ImageObject\",\"inLanguage\":\"es\",\"@id\":\"https:\/\/ajeandalucia.org\/granada\/2018\/01\/18\/curso-marketing-digital-y-comercio-electronico-jovenesenformaccion\/#primaryimage\",\"url\":\"\",\"contentUrl\":\"\"},{\"@type\":\"BreadcrumbList\",\"@id\":\"https:\/\/ajeandalucia.org\/granada\/2018\/01\/18\/curso-marketing-digital-y-comercio-electronico-jovenesenformaccion\/#breadcrumb\",\"itemListElement\":[{\"@type\":\"ListItem\",\"position\":1,\"name\":\"Portada\",\"item\":\"https:\/\/ajeandalucia.org\/granada\/\"},{\"@type\":\"ListItem\",\"position\":2,\"name\":\"Curso Marketing Digital y Comercio Electr\u00f3nico. #JovenesEnFormAccion\"}]},{\"@type\":\"WebSite\",\"@id\":\"https:\/\/ajeandalucia.org\/granada\/#website\",\"url\":\"https:\/\/ajeandalucia.org\/granada\/\",\"name\":\"AJE Granada\",\"description\":\"J\u00f3venes Empresarios de Granada\",\"publisher\":{\"@id\":\"https:\/\/ajeandalucia.org\/granada\/#organization\"},\"potentialAction\":[{\"@type\":\"SearchAction\",\"target\":{\"@type\":\"EntryPoint\",\"urlTemplate\":\"https:\/\/ajeandalucia.org\/granada\/?s={search_term_string}\"},\"query-input\":{\"@type\":\"PropertyValueSpecification\",\"valueRequired\":true,\"valueName\":\"search_term_string\"}}],\"inLanguage\":\"es\"},{\"@type\":\"Organization\",\"@id\":\"https:\/\/ajeandalucia.org\/granada\/#organization\",\"name\":\"AJE Granada\",\"url\":\"https:\/\/ajeandalucia.org\/granada\/\",\"logo\":{\"@type\":\"ImageObject\",\"inLanguage\":\"es\",\"@id\":\"https:\/\/ajeandalucia.org\/granada\/#\/schema\/logo\/image\/\",\"url\":\"https:\/\/ajeandalucia.org\/granada\/wp-content\/uploads\/sites\/7\/2025\/02\/AJE-GRANADA-horizontal.png\",\"contentUrl\":\"https:\/\/ajeandalucia.org\/granada\/wp-content\/uploads\/sites\/7\/2025\/02\/AJE-GRANADA-horizontal.png\",\"width\":612,\"height\":200,\"caption\":\"AJE Granada\"},\"image\":{\"@id\":\"https:\/\/ajeandalucia.org\/granada\/#\/schema\/logo\/image\/\"}},{\"@type\":\"Person\",\"@id\":\"https:\/\/ajeandalucia.org\/granada\/#\/schema\/person\/11740bd602b2087a5d9913ce7ad3b931\",\"name\":\"granada\",\"image\":{\"@type\":\"ImageObject\",\"inLanguage\":\"es\",\"@id\":\"https:\/\/ajeandalucia.org\/granada\/#\/schema\/person\/image\/\",\"url\":\"https:\/\/secure.gravatar.com\/avatar\/d3efaa03945b79a8aad01845a3fd3b3535448eae49310ea0a5677e96e0e68b63?s=96&d=mm&r=g\",\"contentUrl\":\"https:\/\/secure.gravatar.com\/avatar\/d3efaa03945b79a8aad01845a3fd3b3535448eae49310ea0a5677e96e0e68b63?s=96&d=mm&r=g\",\"caption\":\"granada\"},\"url\":\"https:\/\/ajeandalucia.org\/granada\/author\/granada\/\"}]}<\/script>\n<!-- \/ Yoast SEO plugin. -->","yoast_head_json":{"title":"Curso Marketing Digital y Comercio Electr\u00f3nico. #JovenesEnFormAccion - AJE Granada","robots":{"index":"index","follow":"follow","max-snippet":"max-snippet:-1","max-image-preview":"max-image-preview:large","max-video-preview":"max-video-preview:-1"},"canonical":"https:\/\/ajeandalucia.org\/granada\/2018\/01\/18\/curso-marketing-digital-y-comercio-electronico-jovenesenformaccion\/","og_locale":"es_ES","og_type":"article","og_title":"Curso Marketing Digital y Comercio Electr\u00f3nico. #JovenesEnFormAccion - AJE Granada","og_description":"El pr\u00f3ximo 19 de febrero comenzar\u00e1 el Curso Marketing Digital y Comercio Electr\u00f3nico del proyecto #JovenesEnFormAccion, programa destinado a j\u00f3venes [&hellip;]","og_url":"https:\/\/ajeandalucia.org\/granada\/2018\/01\/18\/curso-marketing-digital-y-comercio-electronico-jovenesenformaccion\/","og_site_name":"AJE Granada","article_published_time":"2018-01-18T16:25:58+00:00","author":"granada","twitter_card":"summary_large_image","twitter_misc":{"Escrito por":"granada","Tiempo de lectura":"1 minuto"},"schema":{"@context":"https:\/\/schema.org","@graph":[{"@type":"Article","@id":"https:\/\/ajeandalucia.org\/granada\/2018\/01\/18\/curso-marketing-digital-y-comercio-electronico-jovenesenformaccion\/#article","isPartOf":{"@id":"https:\/\/ajeandalucia.org\/granada\/2018\/01\/18\/curso-marketing-digital-y-comercio-electronico-jovenesenformaccion\/"},"author":{"name":"granada","@id":"https:\/\/ajeandalucia.org\/granada\/#\/schema\/person\/11740bd602b2087a5d9913ce7ad3b931"},"headline":"Curso Marketing Digital y Comercio Electr\u00f3nico. #JovenesEnFormAccion","datePublished":"2018-01-18T16:25:58+00:00","mainEntityOfPage":{"@id":"https:\/\/ajeandalucia.org\/granada\/2018\/01\/18\/curso-marketing-digital-y-comercio-electronico-jovenesenformaccion\/"},"wordCount":143,"commentCount":0,"publisher":{"@id":"https:\/\/ajeandalucia.org\/granada\/#organization"},"image":{"@id":"https:\/\/ajeandalucia.org\/granada\/2018\/01\/18\/curso-marketing-digital-y-comercio-electronico-jovenesenformaccion\/#primaryimage"},"thumbnailUrl":"","keywords":["#JovenesEnFormAccion","ayuntamiento de granada","Comercio","Curso Marketing Digital y Comercio Electr\u00f3nico","empleo joven","formaci\u00f3n en marketing y comercio","marketing"],"articleSection":["Formaci\u00f3n"],"inLanguage":"es","potentialAction":[{"@type":"CommentAction","name":"Comment","target":["https:\/\/ajeandalucia.org\/granada\/2018\/01\/18\/curso-marketing-digital-y-comercio-electronico-jovenesenformaccion\/#respond"]}]},{"@type":"WebPage","@id":"https:\/\/ajeandalucia.org\/granada\/2018\/01\/18\/curso-marketing-digital-y-comercio-electronico-jovenesenformaccion\/","url":"https:\/\/ajeandalucia.org\/granada\/2018\/01\/18\/curso-marketing-digital-y-comercio-electronico-jovenesenformaccion\/","name":"Curso Marketing Digital y Comercio Electr\u00f3nico. #JovenesEnFormAccion - AJE Granada","isPartOf":{"@id":"https:\/\/ajeandalucia.org\/granada\/#website"},"primaryImageOfPage":{"@id":"https:\/\/ajeandalucia.org\/granada\/2018\/01\/18\/curso-marketing-digital-y-comercio-electronico-jovenesenformaccion\/#primaryimage"},"image":{"@id":"https:\/\/ajeandalucia.org\/granada\/2018\/01\/18\/curso-marketing-digital-y-comercio-electronico-jovenesenformaccion\/#primaryimage"},"thumbnailUrl":"","datePublished":"2018-01-18T16:25:58+00:00","breadcrumb":{"@id":"https:\/\/ajeandalucia.org\/granada\/2018\/01\/18\/curso-marketing-digital-y-comercio-electronico-jovenesenformaccion\/#breadcrumb"},"inLanguage":"es","potentialAction":[{"@type":"ReadAction","target":["https:\/\/ajeandalucia.org\/granada\/2018\/01\/18\/curso-marketing-digital-y-comercio-electronico-jovenesenformaccion\/"]}]},{"@type":"ImageObject","inLanguage":"es","@id":"https:\/\/ajeandalucia.org\/granada\/2018\/01\/18\/curso-marketing-digital-y-comercio-electronico-jovenesenformaccion\/#primaryimage","url":"","contentUrl":""},{"@type":"BreadcrumbList","@id":"https:\/\/ajeandalucia.org\/granada\/2018\/01\/18\/curso-marketing-digital-y-comercio-electronico-jovenesenformaccion\/#breadcrumb","itemListElement":[{"@type":"ListItem","position":1,"name":"Portada","item":"https:\/\/ajeandalucia.org\/granada\/"},{"@type":"ListItem","position":2,"name":"Curso Marketing Digital y Comercio Electr\u00f3nico. #JovenesEnFormAccion"}]},{"@type":"WebSite","@id":"https:\/\/ajeandalucia.org\/granada\/#website","url":"https:\/\/ajeandalucia.org\/granada\/","name":"AJE Granada","description":"J\u00f3venes Empresarios de Granada","publisher":{"@id":"https:\/\/ajeandalucia.org\/granada\/#organization"},"potentialAction":[{"@type":"SearchAction","target":{"@type":"EntryPoint","urlTemplate":"https:\/\/ajeandalucia.org\/granada\/?s={search_term_string}"},"query-input":{"@type":"PropertyValueSpecification","valueRequired":true,"valueName":"search_term_string"}}],"inLanguage":"es"},{"@type":"Organization","@id":"https:\/\/ajeandalucia.org\/granada\/#organization","name":"AJE Granada","url":"https:\/\/ajeandalucia.org\/granada\/","logo":{"@type":"ImageObject","inLanguage":"es","@id":"https:\/\/ajeandalucia.org\/granada\/#\/schema\/logo\/image\/","url":"https:\/\/ajeandalucia.org\/granada\/wp-content\/uploads\/sites\/7\/2025\/02\/AJE-GRANADA-horizontal.png","contentUrl":"https:\/\/ajeandalucia.org\/granada\/wp-content\/uploads\/sites\/7\/2025\/02\/AJE-GRANADA-horizontal.png","width":612,"height":200,"caption":"AJE Granada"},"image":{"@id":"https:\/\/ajeandalucia.org\/granada\/#\/schema\/logo\/image\/"}},{"@type":"Person","@id":"https:\/\/ajeandalucia.org\/granada\/#\/schema\/person\/11740bd602b2087a5d9913ce7ad3b931","name":"granada","image":{"@type":"ImageObject","inLanguage":"es","@id":"https:\/\/ajeandalucia.org\/granada\/#\/schema\/person\/image\/","url":"https:\/\/secure.gravatar.com\/avatar\/d3efaa03945b79a8aad01845a3fd3b3535448eae49310ea0a5677e96e0e68b63?s=96&d=mm&r=g","contentUrl":"https:\/\/secure.gravatar.com\/avatar\/d3efaa03945b79a8aad01845a3fd3b3535448eae49310ea0a5677e96e0e68b63?s=96&d=mm&r=g","caption":"granada"},"url":"https:\/\/ajeandalucia.org\/granada\/author\/granada\/"}]}},"_links":{"self":[{"href":"https:\/\/ajeandalucia.org\/granada\/wp-json\/wp\/v2\/posts\/24463","targetHints":{"allow":["GET"]}}],"collection":[{"href":"https:\/\/ajeandalucia.org\/granada\/wp-json\/wp\/v2\/posts"}],"about":[{"href":"https:\/\/ajeandalucia.org\/granada\/wp-json\/wp\/v2\/types\/post"}],"author":[{"embeddable":true,"href":"https:\/\/ajeandalucia.org\/granada\/wp-json\/wp\/v2\/users\/6"}],"replies":[{"embeddable":true,"href":"https:\/\/ajeandalucia.org\/granada\/wp-json\/wp\/v2\/comments?post=24463"}],"version-history":[{"count":0,"href":"https:\/\/ajeandalucia.org\/granada\/wp-json\/wp\/v2\/posts\/24463\/revisions"}],"wp:featuredmedia":[{"embeddable":true,"href":"https:\/\/ajeandalucia.org\/granada\/wp-json\/"}],"wp:attachment":[{"href":"https:\/\/ajeandalucia.org\/granada\/wp-json\/wp\/v2\/media?parent=24463"}],"wp:term":[{"taxonomy":"category","embeddable":true,"href":"https:\/\/ajeandalucia.org\/granada\/wp-json\/wp\/v2\/categories?post=24463"},{"taxonomy":"post_tag","embeddable":true,"href":"https:\/\/ajeandalucia.org\/granada\/wp-json\/wp\/v2\/tags?post=24463"}],"curies":[{"name":"wp","href":"https:\/\/api.w.org\/{rel}","templated":true}]}}