{"id":24496,"date":"2018-01-23T17:07:49","date_gmt":"2018-01-23T16:07:49","guid":{"rendered":"http:\/\/www.ajegranada.org\/?p=24496"},"modified":"2018-01-23T17:07:49","modified_gmt":"2018-01-23T16:07:49","slug":"curso-de-contabilidad-presencial","status":"publish","type":"post","link":"https:\/\/ajeandalucia.org\/granada\/2018\/01\/23\/curso-de-contabilidad-presencial\/","title":{"rendered":"Curso de Contabilidad Presencial"},"content":{"rendered":"<p>Nuestro asociado<strong>&nbsp;<a href=\"http:\/\/www.ajegranada.org\/asociados\/evalua-consultores\/\">Eval\u00faa Consultores<\/a><\/strong>, bajo su marca Campus Elea, impartir\u00e1 un curso de <strong>Contabilidad Presencial<\/strong>&nbsp;los <strong>Martes y Jueves<\/strong> en horario de <strong>19:00 \u2013 21:30<\/strong>&nbsp; en&nbsp;las <strong>instalaciones de CETIC-UGR,<\/strong>&nbsp;C\/ Periodista Fernando G\u00f3mez de la Cruz, 61, Planta 0, Sala de reuniones, Granada.<\/p>\n<p>Las clases&nbsp;comenzar\u00e1n el pr\u00f3ximo&nbsp;<strong>Martes 1 de Marzo<\/strong>&nbsp;y finalizar\u00e1 el<strong> Martes 5 de Junio de 2018<\/strong>.<\/p>\n<p>El curso tiene una duraci\u00f3n de <strong>60 horas<\/strong>&nbsp;presenciales y est\u00e1 dirigido a todos aquellos profesionales que deseen actualizar sus conocimientos y reciclarse en el \u00e1mbito contable, as\u00ed como, alumnos o titulados que hayan adquirido un nivel b\u00e1sico en Contabilidad Financiera y que deseen ampliar su formaci\u00f3n desde un punto de vista eminentemente pr\u00e1ctico de cara a su futuro desempe\u00f1o profesional.<\/p>\n<p>Adem\u00e1s, la acci\u00f3n formativa est\u00e1 dise\u00f1ada para ser completamente <strong>bonificable<\/strong> a trav\u00e9s de los cr\u00e9ditos formativos de la Fundaci\u00f3n Tripartita, en funci\u00f3n del cr\u00e9dito disponible por la empresa.<\/p>\n<p><a href=\"http:\/\/www.ajegranada.org\/wp-content\/uploads\/2018\/01\/Experto-en-Contabilidad.pdf\">Dossier Informativo<\/a><\/p>\n<p>&nbsp;<\/p>\n<p><strong>Contacto:<\/strong><\/p>\n<p><strong>Mail:<\/strong> <a href=\"mailto:presencial@campuselea.es\">presencial@campuselea.es <\/a><\/p>\n<p><strong>Tel\u00e9fono:<\/strong> 958 419 005 \/&nbsp; 717 708 910<\/p>\n","protected":false},"excerpt":{"rendered":"<p>Nuestro asociado&nbsp;Eval\u00faa Consultores, bajo su marca Campus Elea, impartir\u00e1 un curso de Contabilidad Presencial&nbsp;los Martes y Jueves en horario de [&hellip;]<\/p>\n","protected":false},"author":6,"featured_media":23078,"comment_status":"open","ping_status":"open","sticky":false,"template":"","format":"standard","meta":{"_acf_changed":false,"site-sidebar-layout":"default","site-content-layout":"","ast-site-content-layout":"default","site-content-style":"default","site-sidebar-style":"default","ast-global-header-display":"","ast-banner-title-visibility":"","ast-main-header-display":"","ast-hfb-above-header-display":"","ast-hfb-below-header-display":"","ast-hfb-mobile-header-display":"","site-post-title":"","ast-breadcrumbs-content":"","ast-featured-img":"","footer-sml-layout":"","ast-disable-related-posts":"","theme-transparent-header-meta":"","adv-header-id-meta":"","stick-header-meta":"","header-above-stick-meta":"","header-main-stick-meta":"","header-below-stick-meta":"","astra-migrate-meta-layouts":"default","ast-page-background-enabled":"default","ast-page-background-meta":{"desktop":{"background-color":"var(--ast-global-color-5)","background-image":"","background-repeat":"repeat","background-position":"center center","background-size":"auto","background-attachment":"scroll","background-type":"","background-media":"","overlay-type":"","overlay-color":"","overlay-opacity":"","overlay-gradient":""},"tablet":{"background-color":"","background-image":"","background-repeat":"repeat","background-position":"center center","background-size":"auto","background-attachment":"scroll","background-type":"","background-media":"","overlay-type":"","overlay-color":"","overlay-opacity":"","overlay-gradient":""},"mobile":{"background-color":"","background-image":"","background-repeat":"repeat","background-position":"center center","background-size":"auto","background-attachment":"scroll","background-type":"","background-media":"","overlay-type":"","overlay-color":"","overlay-opacity":"","overlay-gradient":""}},"ast-content-background-meta":{"desktop":{"background-color":"var(--ast-global-color-4)","background-image":"","background-repeat":"repeat","background-position":"center center","background-size":"auto","background-attachment":"scroll","background-type":"","background-media":"","overlay-type":"","overlay-color":"","overlay-opacity":"","overlay-gradient":""},"tablet":{"background-color":"var(--ast-global-color-4)","background-image":"","background-repeat":"repeat","background-position":"center center","background-size":"auto","background-attachment":"scroll","background-type":"","background-media":"","overlay-type":"","overlay-color":"","overlay-opacity":"","overlay-gradient":""},"mobile":{"background-color":"var(--ast-global-color-4)","background-image":"","background-repeat":"repeat","background-position":"center center","background-size":"auto","background-attachment":"scroll","background-type":"","background-media":"","overlay-type":"","overlay-color":"","overlay-opacity":"","overlay-gradient":""}},"footnotes":""},"categories":[4342],"tags":[4419,4420,4421,436,4422,4423],"class_list":["post-24496","post","type-post","status-publish","format-standard","has-post-thumbnail","hentry","category-formacion-4","tag-campus-elea","tag-curso-bonificable","tag-curso-contabilidad","tag-evalua-consultores","tag-presencial-granada","tag-tripartita"],"acf":[],"yoast_head":"<!-- This site is optimized with the Yoast SEO plugin v26.9 - https:\/\/yoast.com\/product\/yoast-seo-wordpress\/ -->\n<title>Curso de Contabilidad Presencial - AJE Granada<\/title>\n<meta name=\"robots\" content=\"index, follow, max-snippet:-1, max-image-preview:large, max-video-preview:-1\" \/>\n<link rel=\"canonical\" href=\"https:\/\/ajeandalucia.org\/granada\/2018\/01\/23\/curso-de-contabilidad-presencial\/\" \/>\n<meta property=\"og:locale\" content=\"es_ES\" \/>\n<meta property=\"og:type\" content=\"article\" \/>\n<meta property=\"og:title\" content=\"Curso de Contabilidad Presencial - AJE Granada\" \/>\n<meta property=\"og:description\" content=\"Nuestro asociado&nbsp;Eval\u00faa Consultores, bajo su marca Campus Elea, impartir\u00e1 un curso de Contabilidad Presencial&nbsp;los Martes y Jueves en horario de [&hellip;]\" \/>\n<meta property=\"og:url\" content=\"https:\/\/ajeandalucia.org\/granada\/2018\/01\/23\/curso-de-contabilidad-presencial\/\" \/>\n<meta property=\"og:site_name\" content=\"AJE Granada\" \/>\n<meta property=\"article:published_time\" content=\"2018-01-23T16:07:49+00:00\" \/>\n<meta name=\"author\" content=\"granada\" \/>\n<meta name=\"twitter:card\" content=\"summary_large_image\" \/>\n<meta name=\"twitter:label1\" content=\"Escrito por\" \/>\n\t<meta name=\"twitter:data1\" content=\"granada\" \/>\n\t<meta name=\"twitter:label2\" content=\"Tiempo de lectura\" \/>\n\t<meta name=\"twitter:data2\" content=\"1 minuto\" \/>\n<script type=\"application\/ld+json\" class=\"yoast-schema-graph\">{\"@context\":\"https:\/\/schema.org\",\"@graph\":[{\"@type\":\"Article\",\"@id\":\"https:\/\/ajeandalucia.org\/granada\/2018\/01\/23\/curso-de-contabilidad-presencial\/#article\",\"isPartOf\":{\"@id\":\"https:\/\/ajeandalucia.org\/granada\/2018\/01\/23\/curso-de-contabilidad-presencial\/\"},\"author\":{\"name\":\"granada\",\"@id\":\"https:\/\/ajeandalucia.org\/granada\/#\/schema\/person\/11740bd602b2087a5d9913ce7ad3b931\"},\"headline\":\"Curso de Contabilidad Presencial\",\"datePublished\":\"2018-01-23T16:07:49+00:00\",\"mainEntityOfPage\":{\"@id\":\"https:\/\/ajeandalucia.org\/granada\/2018\/01\/23\/curso-de-contabilidad-presencial\/\"},\"wordCount\":183,\"commentCount\":0,\"publisher\":{\"@id\":\"https:\/\/ajeandalucia.org\/granada\/#organization\"},\"image\":{\"@id\":\"https:\/\/ajeandalucia.org\/granada\/2018\/01\/23\/curso-de-contabilidad-presencial\/#primaryimage\"},\"thumbnailUrl\":\"\",\"keywords\":[\"campus elea\",\"curso bonificable\",\"curso contabilidad\",\"evalua consultores\",\"presencial granada\",\"tripartita\"],\"articleSection\":[\"Formaci\u00f3n\"],\"inLanguage\":\"es\",\"potentialAction\":[{\"@type\":\"CommentAction\",\"name\":\"Comment\",\"target\":[\"https:\/\/ajeandalucia.org\/granada\/2018\/01\/23\/curso-de-contabilidad-presencial\/#respond\"]}]},{\"@type\":\"WebPage\",\"@id\":\"https:\/\/ajeandalucia.org\/granada\/2018\/01\/23\/curso-de-contabilidad-presencial\/\",\"url\":\"https:\/\/ajeandalucia.org\/granada\/2018\/01\/23\/curso-de-contabilidad-presencial\/\",\"name\":\"Curso de Contabilidad Presencial - AJE Granada\",\"isPartOf\":{\"@id\":\"https:\/\/ajeandalucia.org\/granada\/#website\"},\"primaryImageOfPage\":{\"@id\":\"https:\/\/ajeandalucia.org\/granada\/2018\/01\/23\/curso-de-contabilidad-presencial\/#primaryimage\"},\"image\":{\"@id\":\"https:\/\/ajeandalucia.org\/granada\/2018\/01\/23\/curso-de-contabilidad-presencial\/#primaryimage\"},\"thumbnailUrl\":\"\",\"datePublished\":\"2018-01-23T16:07:49+00:00\",\"breadcrumb\":{\"@id\":\"https:\/\/ajeandalucia.org\/granada\/2018\/01\/23\/curso-de-contabilidad-presencial\/#breadcrumb\"},\"inLanguage\":\"es\",\"potentialAction\":[{\"@type\":\"ReadAction\",\"target\":[\"https:\/\/ajeandalucia.org\/granada\/2018\/01\/23\/curso-de-contabilidad-presencial\/\"]}]},{\"@type\":\"ImageObject\",\"inLanguage\":\"es\",\"@id\":\"https:\/\/ajeandalucia.org\/granada\/2018\/01\/23\/curso-de-contabilidad-presencial\/#primaryimage\",\"url\":\"\",\"contentUrl\":\"\"},{\"@type\":\"BreadcrumbList\",\"@id\":\"https:\/\/ajeandalucia.org\/granada\/2018\/01\/23\/curso-de-contabilidad-presencial\/#breadcrumb\",\"itemListElement\":[{\"@type\":\"ListItem\",\"position\":1,\"name\":\"Portada\",\"item\":\"https:\/\/ajeandalucia.org\/granada\/\"},{\"@type\":\"ListItem\",\"position\":2,\"name\":\"Curso de Contabilidad Presencial\"}]},{\"@type\":\"WebSite\",\"@id\":\"https:\/\/ajeandalucia.org\/granada\/#website\",\"url\":\"https:\/\/ajeandalucia.org\/granada\/\",\"name\":\"AJE Granada\",\"description\":\"J\u00f3venes Empresarios de Granada\",\"publisher\":{\"@id\":\"https:\/\/ajeandalucia.org\/granada\/#organization\"},\"potentialAction\":[{\"@type\":\"SearchAction\",\"target\":{\"@type\":\"EntryPoint\",\"urlTemplate\":\"https:\/\/ajeandalucia.org\/granada\/?s={search_term_string}\"},\"query-input\":{\"@type\":\"PropertyValueSpecification\",\"valueRequired\":true,\"valueName\":\"search_term_string\"}}],\"inLanguage\":\"es\"},{\"@type\":\"Organization\",\"@id\":\"https:\/\/ajeandalucia.org\/granada\/#organization\",\"name\":\"AJE Granada\",\"url\":\"https:\/\/ajeandalucia.org\/granada\/\",\"logo\":{\"@type\":\"ImageObject\",\"inLanguage\":\"es\",\"@id\":\"https:\/\/ajeandalucia.org\/granada\/#\/schema\/logo\/image\/\",\"url\":\"https:\/\/ajeandalucia.org\/granada\/wp-content\/uploads\/sites\/7\/2025\/02\/AJE-GRANADA-horizontal.png\",\"contentUrl\":\"https:\/\/ajeandalucia.org\/granada\/wp-content\/uploads\/sites\/7\/2025\/02\/AJE-GRANADA-horizontal.png\",\"width\":612,\"height\":200,\"caption\":\"AJE Granada\"},\"image\":{\"@id\":\"https:\/\/ajeandalucia.org\/granada\/#\/schema\/logo\/image\/\"}},{\"@type\":\"Person\",\"@id\":\"https:\/\/ajeandalucia.org\/granada\/#\/schema\/person\/11740bd602b2087a5d9913ce7ad3b931\",\"name\":\"granada\",\"image\":{\"@type\":\"ImageObject\",\"inLanguage\":\"es\",\"@id\":\"https:\/\/ajeandalucia.org\/granada\/#\/schema\/person\/image\/\",\"url\":\"https:\/\/secure.gravatar.com\/avatar\/d3efaa03945b79a8aad01845a3fd3b3535448eae49310ea0a5677e96e0e68b63?s=96&d=mm&r=g\",\"contentUrl\":\"https:\/\/secure.gravatar.com\/avatar\/d3efaa03945b79a8aad01845a3fd3b3535448eae49310ea0a5677e96e0e68b63?s=96&d=mm&r=g\",\"caption\":\"granada\"},\"url\":\"https:\/\/ajeandalucia.org\/granada\/author\/granada\/\"}]}<\/script>\n<!-- \/ Yoast SEO plugin. -->","yoast_head_json":{"title":"Curso de Contabilidad Presencial - AJE Granada","robots":{"index":"index","follow":"follow","max-snippet":"max-snippet:-1","max-image-preview":"max-image-preview:large","max-video-preview":"max-video-preview:-1"},"canonical":"https:\/\/ajeandalucia.org\/granada\/2018\/01\/23\/curso-de-contabilidad-presencial\/","og_locale":"es_ES","og_type":"article","og_title":"Curso de Contabilidad Presencial - AJE Granada","og_description":"Nuestro asociado&nbsp;Eval\u00faa Consultores, bajo su marca Campus Elea, impartir\u00e1 un curso de Contabilidad Presencial&nbsp;los Martes y Jueves en horario de [&hellip;]","og_url":"https:\/\/ajeandalucia.org\/granada\/2018\/01\/23\/curso-de-contabilidad-presencial\/","og_site_name":"AJE Granada","article_published_time":"2018-01-23T16:07:49+00:00","author":"granada","twitter_card":"summary_large_image","twitter_misc":{"Escrito por":"granada","Tiempo de lectura":"1 minuto"},"schema":{"@context":"https:\/\/schema.org","@graph":[{"@type":"Article","@id":"https:\/\/ajeandalucia.org\/granada\/2018\/01\/23\/curso-de-contabilidad-presencial\/#article","isPartOf":{"@id":"https:\/\/ajeandalucia.org\/granada\/2018\/01\/23\/curso-de-contabilidad-presencial\/"},"author":{"name":"granada","@id":"https:\/\/ajeandalucia.org\/granada\/#\/schema\/person\/11740bd602b2087a5d9913ce7ad3b931"},"headline":"Curso de Contabilidad Presencial","datePublished":"2018-01-23T16:07:49+00:00","mainEntityOfPage":{"@id":"https:\/\/ajeandalucia.org\/granada\/2018\/01\/23\/curso-de-contabilidad-presencial\/"},"wordCount":183,"commentCount":0,"publisher":{"@id":"https:\/\/ajeandalucia.org\/granada\/#organization"},"image":{"@id":"https:\/\/ajeandalucia.org\/granada\/2018\/01\/23\/curso-de-contabilidad-presencial\/#primaryimage"},"thumbnailUrl":"","keywords":["campus elea","curso bonificable","curso contabilidad","evalua consultores","presencial granada","tripartita"],"articleSection":["Formaci\u00f3n"],"inLanguage":"es","potentialAction":[{"@type":"CommentAction","name":"Comment","target":["https:\/\/ajeandalucia.org\/granada\/2018\/01\/23\/curso-de-contabilidad-presencial\/#respond"]}]},{"@type":"WebPage","@id":"https:\/\/ajeandalucia.org\/granada\/2018\/01\/23\/curso-de-contabilidad-presencial\/","url":"https:\/\/ajeandalucia.org\/granada\/2018\/01\/23\/curso-de-contabilidad-presencial\/","name":"Curso de Contabilidad Presencial - AJE Granada","isPartOf":{"@id":"https:\/\/ajeandalucia.org\/granada\/#website"},"primaryImageOfPage":{"@id":"https:\/\/ajeandalucia.org\/granada\/2018\/01\/23\/curso-de-contabilidad-presencial\/#primaryimage"},"image":{"@id":"https:\/\/ajeandalucia.org\/granada\/2018\/01\/23\/curso-de-contabilidad-presencial\/#primaryimage"},"thumbnailUrl":"","datePublished":"2018-01-23T16:07:49+00:00","breadcrumb":{"@id":"https:\/\/ajeandalucia.org\/granada\/2018\/01\/23\/curso-de-contabilidad-presencial\/#breadcrumb"},"inLanguage":"es","potentialAction":[{"@type":"ReadAction","target":["https:\/\/ajeandalucia.org\/granada\/2018\/01\/23\/curso-de-contabilidad-presencial\/"]}]},{"@type":"ImageObject","inLanguage":"es","@id":"https:\/\/ajeandalucia.org\/granada\/2018\/01\/23\/curso-de-contabilidad-presencial\/#primaryimage","url":"","contentUrl":""},{"@type":"BreadcrumbList","@id":"https:\/\/ajeandalucia.org\/granada\/2018\/01\/23\/curso-de-contabilidad-presencial\/#breadcrumb","itemListElement":[{"@type":"ListItem","position":1,"name":"Portada","item":"https:\/\/ajeandalucia.org\/granada\/"},{"@type":"ListItem","position":2,"name":"Curso de Contabilidad Presencial"}]},{"@type":"WebSite","@id":"https:\/\/ajeandalucia.org\/granada\/#website","url":"https:\/\/ajeandalucia.org\/granada\/","name":"AJE Granada","description":"J\u00f3venes Empresarios de Granada","publisher":{"@id":"https:\/\/ajeandalucia.org\/granada\/#organization"},"potentialAction":[{"@type":"SearchAction","target":{"@type":"EntryPoint","urlTemplate":"https:\/\/ajeandalucia.org\/granada\/?s={search_term_string}"},"query-input":{"@type":"PropertyValueSpecification","valueRequired":true,"valueName":"search_term_string"}}],"inLanguage":"es"},{"@type":"Organization","@id":"https:\/\/ajeandalucia.org\/granada\/#organization","name":"AJE Granada","url":"https:\/\/ajeandalucia.org\/granada\/","logo":{"@type":"ImageObject","inLanguage":"es","@id":"https:\/\/ajeandalucia.org\/granada\/#\/schema\/logo\/image\/","url":"https:\/\/ajeandalucia.org\/granada\/wp-content\/uploads\/sites\/7\/2025\/02\/AJE-GRANADA-horizontal.png","contentUrl":"https:\/\/ajeandalucia.org\/granada\/wp-content\/uploads\/sites\/7\/2025\/02\/AJE-GRANADA-horizontal.png","width":612,"height":200,"caption":"AJE Granada"},"image":{"@id":"https:\/\/ajeandalucia.org\/granada\/#\/schema\/logo\/image\/"}},{"@type":"Person","@id":"https:\/\/ajeandalucia.org\/granada\/#\/schema\/person\/11740bd602b2087a5d9913ce7ad3b931","name":"granada","image":{"@type":"ImageObject","inLanguage":"es","@id":"https:\/\/ajeandalucia.org\/granada\/#\/schema\/person\/image\/","url":"https:\/\/secure.gravatar.com\/avatar\/d3efaa03945b79a8aad01845a3fd3b3535448eae49310ea0a5677e96e0e68b63?s=96&d=mm&r=g","contentUrl":"https:\/\/secure.gravatar.com\/avatar\/d3efaa03945b79a8aad01845a3fd3b3535448eae49310ea0a5677e96e0e68b63?s=96&d=mm&r=g","caption":"granada"},"url":"https:\/\/ajeandalucia.org\/granada\/author\/granada\/"}]}},"_links":{"self":[{"href":"https:\/\/ajeandalucia.org\/granada\/wp-json\/wp\/v2\/posts\/24496","targetHints":{"allow":["GET"]}}],"collection":[{"href":"https:\/\/ajeandalucia.org\/granada\/wp-json\/wp\/v2\/posts"}],"about":[{"href":"https:\/\/ajeandalucia.org\/granada\/wp-json\/wp\/v2\/types\/post"}],"author":[{"embeddable":true,"href":"https:\/\/ajeandalucia.org\/granada\/wp-json\/wp\/v2\/users\/6"}],"replies":[{"embeddable":true,"href":"https:\/\/ajeandalucia.org\/granada\/wp-json\/wp\/v2\/comments?post=24496"}],"version-history":[{"count":0,"href":"https:\/\/ajeandalucia.org\/granada\/wp-json\/wp\/v2\/posts\/24496\/revisions"}],"wp:featuredmedia":[{"embeddable":true,"href":"https:\/\/ajeandalucia.org\/granada\/wp-json\/"}],"wp:attachment":[{"href":"https:\/\/ajeandalucia.org\/granada\/wp-json\/wp\/v2\/media?parent=24496"}],"wp:term":[{"taxonomy":"category","embeddable":true,"href":"https:\/\/ajeandalucia.org\/granada\/wp-json\/wp\/v2\/categories?post=24496"},{"taxonomy":"post_tag","embeddable":true,"href":"https:\/\/ajeandalucia.org\/granada\/wp-json\/wp\/v2\/tags?post=24496"}],"curies":[{"name":"wp","href":"https:\/\/api.w.org\/{rel}","templated":true}]}}