{"id":24591,"date":"2018-02-01T16:58:15","date_gmt":"2018-02-01T15:58:15","guid":{"rendered":"http:\/\/www.ajegranada.org\/?p=24591"},"modified":"2018-02-01T16:58:15","modified_gmt":"2018-02-01T15:58:15","slug":"convenio-aje-granada-y-legalego-abogados","status":"publish","type":"post","link":"https:\/\/ajeandalucia.org\/granada\/2018\/02\/01\/convenio-aje-granada-y-legalego-abogados\/","title":{"rendered":"Convenio Aje Granada y LegaleGo Abogados"},"content":{"rendered":"<p><strong>AJE Granada<\/strong> ha firmado un convenio de colaboraci\u00f3n con <strong><a href=\"http:\/\/www.ajegranada.org\/asociados\/legalego-abogados\/\">LegaleGo Abogados<\/a><\/strong> para ofrecer a todos los asociados de AJE sus productos&nbsp;<strong>con condiciones y t\u00e9rminos especiales<\/strong>:<\/p>\n<p>\u2013&nbsp;<strong>Descuento del 15%<\/strong>&nbsp;de los honorarios por el asesoramiento y defensa en procedimientos judiciales seguidos ante cualquier instancia y jurisdicci\u00f3n.<\/p>\n<p>-Servicios con<strong>&nbsp;tarifas especiales para empresas<\/strong>&nbsp;(85\u20ac mensuales) que incluye;<\/p>\n<ul>\n<li>Asesoramiento jur\u00eddico consistente en todo tipo de consultas v\u00eda tel\u00e9fonica, fax, correo o previa cita en el despacho&nbsp;<\/li>\n<li>Redacci\u00f3n y env\u00edo de requerimientos o reclamaciones<\/li>\n<li>Reclamaciones judiciales de deudas que no superen los 2000\u20ac<\/li>\n<li>Revisi\u00f3n de contratos<\/li>\n<li>Redacci\u00f3n de contratos sin complejidad<\/li>\n<li>Contestaci\u00f3n y tramitaci\u00f3n reclamaciones consumidores<\/li>\n<li>Recursos por sanciones administrativas y reclamaciones a la Administraci\u00f3n<\/li>\n<li>Reclamaci\u00f3n extrajudicial y judicial a los clientes de la Agencia por los da\u00f1os ocasionados en retrasos o cancelaciones de vuelos<\/li>\n<\/ul>\n<p>\u2013&nbsp;<strong>50% de descuento<\/strong>&nbsp;en servicios cl\u00e1usulas suelo. PVP: 10% de lo que se consiga recuperar<\/p>\n<p><a href=\"http:\/\/www.ajegranada.org\/wp-content\/uploads\/2018\/02\/ANEXO-Legalego.pdf\">Dossier informativo<\/a><\/p>\n","protected":false},"excerpt":{"rendered":"<p>AJE Granada ha firmado un convenio de colaboraci\u00f3n con LegaleGo Abogados para ofrecer a todos los asociados de AJE sus [&hellip;]<\/p>\n","protected":false},"author":6,"featured_media":24590,"comment_status":"open","ping_status":"open","sticky":false,"template":"","format":"standard","meta":{"_acf_changed":false,"site-sidebar-layout":"default","site-content-layout":"","ast-site-content-layout":"default","site-content-style":"default","site-sidebar-style":"default","ast-global-header-display":"","ast-banner-title-visibility":"","ast-main-header-display":"","ast-hfb-above-header-display":"","ast-hfb-below-header-display":"","ast-hfb-mobile-header-display":"","site-post-title":"","ast-breadcrumbs-content":"","ast-featured-img":"","footer-sml-layout":"","ast-disable-related-posts":"","theme-transparent-header-meta":"","adv-header-id-meta":"","stick-header-meta":"","header-above-stick-meta":"","header-main-stick-meta":"","header-below-stick-meta":"","astra-migrate-meta-layouts":"default","ast-page-background-enabled":"default","ast-page-background-meta":{"desktop":{"background-color":"var(--ast-global-color-5)","background-image":"","background-repeat":"repeat","background-position":"center center","background-size":"auto","background-attachment":"scroll","background-type":"","background-media":"","overlay-type":"","overlay-color":"","overlay-opacity":"","overlay-gradient":""},"tablet":{"background-color":"","background-image":"","background-repeat":"repeat","background-position":"center center","background-size":"auto","background-attachment":"scroll","background-type":"","background-media":"","overlay-type":"","overlay-color":"","overlay-opacity":"","overlay-gradient":""},"mobile":{"background-color":"","background-image":"","background-repeat":"repeat","background-position":"center center","background-size":"auto","background-attachment":"scroll","background-type":"","background-media":"","overlay-type":"","overlay-color":"","overlay-opacity":"","overlay-gradient":""}},"ast-content-background-meta":{"desktop":{"background-color":"var(--ast-global-color-4)","background-image":"","background-repeat":"repeat","background-position":"center center","background-size":"auto","background-attachment":"scroll","background-type":"","background-media":"","overlay-type":"","overlay-color":"","overlay-opacity":"","overlay-gradient":""},"tablet":{"background-color":"var(--ast-global-color-4)","background-image":"","background-repeat":"repeat","background-position":"center center","background-size":"auto","background-attachment":"scroll","background-type":"","background-media":"","overlay-type":"","overlay-color":"","overlay-opacity":"","overlay-gradient":""},"mobile":{"background-color":"var(--ast-global-color-4)","background-image":"","background-repeat":"repeat","background-position":"center center","background-size":"auto","background-attachment":"scroll","background-type":"","background-media":"","overlay-type":"","overlay-color":"","overlay-opacity":"","overlay-gradient":""}},"footnotes":""},"categories":[89],"tags":[4451,216,4452,4453],"class_list":["post-24591","post","type-post","status-publish","format-standard","has-post-thumbnail","hentry","category-convenios-aje-granada","tag-aje-granada-y-legalego","tag-convenio","tag-convenio-aje-granda-y-legalego-abogados","tag-oferta-especial-socios-aje"],"acf":[],"yoast_head":"<!-- This site is optimized with the Yoast SEO plugin v26.9 - https:\/\/yoast.com\/product\/yoast-seo-wordpress\/ -->\n<title>Convenio Aje Granada y LegaleGo Abogados - AJE Granada<\/title>\n<meta name=\"robots\" content=\"index, follow, max-snippet:-1, max-image-preview:large, max-video-preview:-1\" \/>\n<link rel=\"canonical\" href=\"https:\/\/ajeandalucia.org\/granada\/2018\/02\/01\/convenio-aje-granada-y-legalego-abogados\/\" \/>\n<meta property=\"og:locale\" content=\"es_ES\" \/>\n<meta property=\"og:type\" content=\"article\" \/>\n<meta property=\"og:title\" content=\"Convenio Aje Granada y LegaleGo Abogados - AJE Granada\" \/>\n<meta property=\"og:description\" content=\"AJE Granada ha firmado un convenio de colaboraci\u00f3n con LegaleGo Abogados para ofrecer a todos los asociados de AJE sus [&hellip;]\" \/>\n<meta property=\"og:url\" content=\"https:\/\/ajeandalucia.org\/granada\/2018\/02\/01\/convenio-aje-granada-y-legalego-abogados\/\" \/>\n<meta property=\"og:site_name\" content=\"AJE Granada\" \/>\n<meta property=\"article:published_time\" content=\"2018-02-01T15:58:15+00:00\" \/>\n<meta name=\"author\" content=\"granada\" \/>\n<meta name=\"twitter:card\" content=\"summary_large_image\" \/>\n<meta name=\"twitter:label1\" content=\"Escrito por\" \/>\n\t<meta name=\"twitter:data1\" content=\"granada\" \/>\n\t<meta name=\"twitter:label2\" content=\"Tiempo de lectura\" \/>\n\t<meta name=\"twitter:data2\" content=\"1 minuto\" \/>\n<script type=\"application\/ld+json\" class=\"yoast-schema-graph\">{\"@context\":\"https:\/\/schema.org\",\"@graph\":[{\"@type\":\"Article\",\"@id\":\"https:\/\/ajeandalucia.org\/granada\/2018\/02\/01\/convenio-aje-granada-y-legalego-abogados\/#article\",\"isPartOf\":{\"@id\":\"https:\/\/ajeandalucia.org\/granada\/2018\/02\/01\/convenio-aje-granada-y-legalego-abogados\/\"},\"author\":{\"name\":\"granada\",\"@id\":\"https:\/\/ajeandalucia.org\/granada\/#\/schema\/person\/11740bd602b2087a5d9913ce7ad3b931\"},\"headline\":\"Convenio Aje Granada y LegaleGo Abogados\",\"datePublished\":\"2018-02-01T15:58:15+00:00\",\"mainEntityOfPage\":{\"@id\":\"https:\/\/ajeandalucia.org\/granada\/2018\/02\/01\/convenio-aje-granada-y-legalego-abogados\/\"},\"wordCount\":174,\"commentCount\":0,\"publisher\":{\"@id\":\"https:\/\/ajeandalucia.org\/granada\/#organization\"},\"image\":{\"@id\":\"https:\/\/ajeandalucia.org\/granada\/2018\/02\/01\/convenio-aje-granada-y-legalego-abogados\/#primaryimage\"},\"thumbnailUrl\":\"\",\"keywords\":[\"aje granada y legalego\",\"Convenio\",\"convenio aje granda y legalego abogados\",\"oferta especial socios aje\"],\"articleSection\":[\"Convenios AJE Granada\"],\"inLanguage\":\"es\",\"potentialAction\":[{\"@type\":\"CommentAction\",\"name\":\"Comment\",\"target\":[\"https:\/\/ajeandalucia.org\/granada\/2018\/02\/01\/convenio-aje-granada-y-legalego-abogados\/#respond\"]}]},{\"@type\":\"WebPage\",\"@id\":\"https:\/\/ajeandalucia.org\/granada\/2018\/02\/01\/convenio-aje-granada-y-legalego-abogados\/\",\"url\":\"https:\/\/ajeandalucia.org\/granada\/2018\/02\/01\/convenio-aje-granada-y-legalego-abogados\/\",\"name\":\"Convenio Aje Granada y LegaleGo Abogados - AJE Granada\",\"isPartOf\":{\"@id\":\"https:\/\/ajeandalucia.org\/granada\/#website\"},\"primaryImageOfPage\":{\"@id\":\"https:\/\/ajeandalucia.org\/granada\/2018\/02\/01\/convenio-aje-granada-y-legalego-abogados\/#primaryimage\"},\"image\":{\"@id\":\"https:\/\/ajeandalucia.org\/granada\/2018\/02\/01\/convenio-aje-granada-y-legalego-abogados\/#primaryimage\"},\"thumbnailUrl\":\"\",\"datePublished\":\"2018-02-01T15:58:15+00:00\",\"breadcrumb\":{\"@id\":\"https:\/\/ajeandalucia.org\/granada\/2018\/02\/01\/convenio-aje-granada-y-legalego-abogados\/#breadcrumb\"},\"inLanguage\":\"es\",\"potentialAction\":[{\"@type\":\"ReadAction\",\"target\":[\"https:\/\/ajeandalucia.org\/granada\/2018\/02\/01\/convenio-aje-granada-y-legalego-abogados\/\"]}]},{\"@type\":\"ImageObject\",\"inLanguage\":\"es\",\"@id\":\"https:\/\/ajeandalucia.org\/granada\/2018\/02\/01\/convenio-aje-granada-y-legalego-abogados\/#primaryimage\",\"url\":\"\",\"contentUrl\":\"\"},{\"@type\":\"BreadcrumbList\",\"@id\":\"https:\/\/ajeandalucia.org\/granada\/2018\/02\/01\/convenio-aje-granada-y-legalego-abogados\/#breadcrumb\",\"itemListElement\":[{\"@type\":\"ListItem\",\"position\":1,\"name\":\"Portada\",\"item\":\"https:\/\/ajeandalucia.org\/granada\/\"},{\"@type\":\"ListItem\",\"position\":2,\"name\":\"Convenio Aje Granada y LegaleGo Abogados\"}]},{\"@type\":\"WebSite\",\"@id\":\"https:\/\/ajeandalucia.org\/granada\/#website\",\"url\":\"https:\/\/ajeandalucia.org\/granada\/\",\"name\":\"AJE Granada\",\"description\":\"J\u00f3venes Empresarios de Granada\",\"publisher\":{\"@id\":\"https:\/\/ajeandalucia.org\/granada\/#organization\"},\"potentialAction\":[{\"@type\":\"SearchAction\",\"target\":{\"@type\":\"EntryPoint\",\"urlTemplate\":\"https:\/\/ajeandalucia.org\/granada\/?s={search_term_string}\"},\"query-input\":{\"@type\":\"PropertyValueSpecification\",\"valueRequired\":true,\"valueName\":\"search_term_string\"}}],\"inLanguage\":\"es\"},{\"@type\":\"Organization\",\"@id\":\"https:\/\/ajeandalucia.org\/granada\/#organization\",\"name\":\"AJE Granada\",\"url\":\"https:\/\/ajeandalucia.org\/granada\/\",\"logo\":{\"@type\":\"ImageObject\",\"inLanguage\":\"es\",\"@id\":\"https:\/\/ajeandalucia.org\/granada\/#\/schema\/logo\/image\/\",\"url\":\"https:\/\/ajeandalucia.org\/granada\/wp-content\/uploads\/sites\/7\/2025\/02\/AJE-GRANADA-horizontal.png\",\"contentUrl\":\"https:\/\/ajeandalucia.org\/granada\/wp-content\/uploads\/sites\/7\/2025\/02\/AJE-GRANADA-horizontal.png\",\"width\":612,\"height\":200,\"caption\":\"AJE Granada\"},\"image\":{\"@id\":\"https:\/\/ajeandalucia.org\/granada\/#\/schema\/logo\/image\/\"}},{\"@type\":\"Person\",\"@id\":\"https:\/\/ajeandalucia.org\/granada\/#\/schema\/person\/11740bd602b2087a5d9913ce7ad3b931\",\"name\":\"granada\",\"image\":{\"@type\":\"ImageObject\",\"inLanguage\":\"es\",\"@id\":\"https:\/\/ajeandalucia.org\/granada\/#\/schema\/person\/image\/\",\"url\":\"https:\/\/secure.gravatar.com\/avatar\/d3efaa03945b79a8aad01845a3fd3b3535448eae49310ea0a5677e96e0e68b63?s=96&d=mm&r=g\",\"contentUrl\":\"https:\/\/secure.gravatar.com\/avatar\/d3efaa03945b79a8aad01845a3fd3b3535448eae49310ea0a5677e96e0e68b63?s=96&d=mm&r=g\",\"caption\":\"granada\"},\"url\":\"https:\/\/ajeandalucia.org\/granada\/author\/granada\/\"}]}<\/script>\n<!-- \/ Yoast SEO plugin. -->","yoast_head_json":{"title":"Convenio Aje Granada y LegaleGo Abogados - AJE Granada","robots":{"index":"index","follow":"follow","max-snippet":"max-snippet:-1","max-image-preview":"max-image-preview:large","max-video-preview":"max-video-preview:-1"},"canonical":"https:\/\/ajeandalucia.org\/granada\/2018\/02\/01\/convenio-aje-granada-y-legalego-abogados\/","og_locale":"es_ES","og_type":"article","og_title":"Convenio Aje Granada y LegaleGo Abogados - AJE Granada","og_description":"AJE Granada ha firmado un convenio de colaboraci\u00f3n con LegaleGo Abogados para ofrecer a todos los asociados de AJE sus [&hellip;]","og_url":"https:\/\/ajeandalucia.org\/granada\/2018\/02\/01\/convenio-aje-granada-y-legalego-abogados\/","og_site_name":"AJE Granada","article_published_time":"2018-02-01T15:58:15+00:00","author":"granada","twitter_card":"summary_large_image","twitter_misc":{"Escrito por":"granada","Tiempo de lectura":"1 minuto"},"schema":{"@context":"https:\/\/schema.org","@graph":[{"@type":"Article","@id":"https:\/\/ajeandalucia.org\/granada\/2018\/02\/01\/convenio-aje-granada-y-legalego-abogados\/#article","isPartOf":{"@id":"https:\/\/ajeandalucia.org\/granada\/2018\/02\/01\/convenio-aje-granada-y-legalego-abogados\/"},"author":{"name":"granada","@id":"https:\/\/ajeandalucia.org\/granada\/#\/schema\/person\/11740bd602b2087a5d9913ce7ad3b931"},"headline":"Convenio Aje Granada y LegaleGo Abogados","datePublished":"2018-02-01T15:58:15+00:00","mainEntityOfPage":{"@id":"https:\/\/ajeandalucia.org\/granada\/2018\/02\/01\/convenio-aje-granada-y-legalego-abogados\/"},"wordCount":174,"commentCount":0,"publisher":{"@id":"https:\/\/ajeandalucia.org\/granada\/#organization"},"image":{"@id":"https:\/\/ajeandalucia.org\/granada\/2018\/02\/01\/convenio-aje-granada-y-legalego-abogados\/#primaryimage"},"thumbnailUrl":"","keywords":["aje granada y legalego","Convenio","convenio aje granda y legalego abogados","oferta especial socios aje"],"articleSection":["Convenios AJE Granada"],"inLanguage":"es","potentialAction":[{"@type":"CommentAction","name":"Comment","target":["https:\/\/ajeandalucia.org\/granada\/2018\/02\/01\/convenio-aje-granada-y-legalego-abogados\/#respond"]}]},{"@type":"WebPage","@id":"https:\/\/ajeandalucia.org\/granada\/2018\/02\/01\/convenio-aje-granada-y-legalego-abogados\/","url":"https:\/\/ajeandalucia.org\/granada\/2018\/02\/01\/convenio-aje-granada-y-legalego-abogados\/","name":"Convenio Aje Granada y LegaleGo Abogados - AJE Granada","isPartOf":{"@id":"https:\/\/ajeandalucia.org\/granada\/#website"},"primaryImageOfPage":{"@id":"https:\/\/ajeandalucia.org\/granada\/2018\/02\/01\/convenio-aje-granada-y-legalego-abogados\/#primaryimage"},"image":{"@id":"https:\/\/ajeandalucia.org\/granada\/2018\/02\/01\/convenio-aje-granada-y-legalego-abogados\/#primaryimage"},"thumbnailUrl":"","datePublished":"2018-02-01T15:58:15+00:00","breadcrumb":{"@id":"https:\/\/ajeandalucia.org\/granada\/2018\/02\/01\/convenio-aje-granada-y-legalego-abogados\/#breadcrumb"},"inLanguage":"es","potentialAction":[{"@type":"ReadAction","target":["https:\/\/ajeandalucia.org\/granada\/2018\/02\/01\/convenio-aje-granada-y-legalego-abogados\/"]}]},{"@type":"ImageObject","inLanguage":"es","@id":"https:\/\/ajeandalucia.org\/granada\/2018\/02\/01\/convenio-aje-granada-y-legalego-abogados\/#primaryimage","url":"","contentUrl":""},{"@type":"BreadcrumbList","@id":"https:\/\/ajeandalucia.org\/granada\/2018\/02\/01\/convenio-aje-granada-y-legalego-abogados\/#breadcrumb","itemListElement":[{"@type":"ListItem","position":1,"name":"Portada","item":"https:\/\/ajeandalucia.org\/granada\/"},{"@type":"ListItem","position":2,"name":"Convenio Aje Granada y LegaleGo Abogados"}]},{"@type":"WebSite","@id":"https:\/\/ajeandalucia.org\/granada\/#website","url":"https:\/\/ajeandalucia.org\/granada\/","name":"AJE Granada","description":"J\u00f3venes Empresarios de Granada","publisher":{"@id":"https:\/\/ajeandalucia.org\/granada\/#organization"},"potentialAction":[{"@type":"SearchAction","target":{"@type":"EntryPoint","urlTemplate":"https:\/\/ajeandalucia.org\/granada\/?s={search_term_string}"},"query-input":{"@type":"PropertyValueSpecification","valueRequired":true,"valueName":"search_term_string"}}],"inLanguage":"es"},{"@type":"Organization","@id":"https:\/\/ajeandalucia.org\/granada\/#organization","name":"AJE Granada","url":"https:\/\/ajeandalucia.org\/granada\/","logo":{"@type":"ImageObject","inLanguage":"es","@id":"https:\/\/ajeandalucia.org\/granada\/#\/schema\/logo\/image\/","url":"https:\/\/ajeandalucia.org\/granada\/wp-content\/uploads\/sites\/7\/2025\/02\/AJE-GRANADA-horizontal.png","contentUrl":"https:\/\/ajeandalucia.org\/granada\/wp-content\/uploads\/sites\/7\/2025\/02\/AJE-GRANADA-horizontal.png","width":612,"height":200,"caption":"AJE Granada"},"image":{"@id":"https:\/\/ajeandalucia.org\/granada\/#\/schema\/logo\/image\/"}},{"@type":"Person","@id":"https:\/\/ajeandalucia.org\/granada\/#\/schema\/person\/11740bd602b2087a5d9913ce7ad3b931","name":"granada","image":{"@type":"ImageObject","inLanguage":"es","@id":"https:\/\/ajeandalucia.org\/granada\/#\/schema\/person\/image\/","url":"https:\/\/secure.gravatar.com\/avatar\/d3efaa03945b79a8aad01845a3fd3b3535448eae49310ea0a5677e96e0e68b63?s=96&d=mm&r=g","contentUrl":"https:\/\/secure.gravatar.com\/avatar\/d3efaa03945b79a8aad01845a3fd3b3535448eae49310ea0a5677e96e0e68b63?s=96&d=mm&r=g","caption":"granada"},"url":"https:\/\/ajeandalucia.org\/granada\/author\/granada\/"}]}},"_links":{"self":[{"href":"https:\/\/ajeandalucia.org\/granada\/wp-json\/wp\/v2\/posts\/24591","targetHints":{"allow":["GET"]}}],"collection":[{"href":"https:\/\/ajeandalucia.org\/granada\/wp-json\/wp\/v2\/posts"}],"about":[{"href":"https:\/\/ajeandalucia.org\/granada\/wp-json\/wp\/v2\/types\/post"}],"author":[{"embeddable":true,"href":"https:\/\/ajeandalucia.org\/granada\/wp-json\/wp\/v2\/users\/6"}],"replies":[{"embeddable":true,"href":"https:\/\/ajeandalucia.org\/granada\/wp-json\/wp\/v2\/comments?post=24591"}],"version-history":[{"count":0,"href":"https:\/\/ajeandalucia.org\/granada\/wp-json\/wp\/v2\/posts\/24591\/revisions"}],"wp:featuredmedia":[{"embeddable":true,"href":"https:\/\/ajeandalucia.org\/granada\/wp-json\/"}],"wp:attachment":[{"href":"https:\/\/ajeandalucia.org\/granada\/wp-json\/wp\/v2\/media?parent=24591"}],"wp:term":[{"taxonomy":"category","embeddable":true,"href":"https:\/\/ajeandalucia.org\/granada\/wp-json\/wp\/v2\/categories?post=24591"},{"taxonomy":"post_tag","embeddable":true,"href":"https:\/\/ajeandalucia.org\/granada\/wp-json\/wp\/v2\/tags?post=24591"}],"curies":[{"name":"wp","href":"https:\/\/api.w.org\/{rel}","templated":true}]}}