{"id":24625,"date":"2018-02-06T10:21:08","date_gmt":"2018-02-06T09:21:08","guid":{"rendered":"http:\/\/www.ajegranada.org\/?p=24625"},"modified":"2018-02-06T10:21:08","modified_gmt":"2018-02-06T09:21:08","slug":"iniciacion-al-mundo-wordpress-closemarketing","status":"publish","type":"post","link":"https:\/\/ajeandalucia.org\/granada\/2018\/02\/06\/iniciacion-al-mundo-wordpress-closemarketing\/","title":{"rendered":"Iniciaci\u00f3n al mundo WordPress. CloseMarketing"},"content":{"rendered":"<p><strong>\u00bfQuieres aprender conocimientos de WordPress y crear o gestionar tu propia p\u00e1gina web?<\/strong><\/p>\n<p>El pr\u00f3ximo <strong>21 de febrero<\/strong> de <strong>19.00-21.00h<\/strong> en el <strong>sal\u00f3n de actos del BIC<\/strong>; Avd.Innovaci\u00f3n, 1, PTS, Granada, ap\u00fantate al curso de iniciaci\u00f3n al mundo WordPress impartido por nuestro asociado<a href=\"http:\/\/www.ajegranada.org\/asociados\/closemarketing\/\"> <strong>CloseMarketing<\/strong><\/a> de la mano de <strong>David P\u00e9rez&nbsp;<\/strong>y aprender\u00e1s;<\/p>\n<ul>\n<li>Qu\u00e9 es WordPress y qu\u00e9 representa hoy d\u00eda<\/li>\n<li>Diferencias entre wordpress.org y wordpress.com<\/li>\n<li>Tipos de contenido<\/li>\n<li>Estructura de directorios<\/li>\n<li>Instalaci\u00f3n wordpress.org autom\u00e1tica<\/li>\n<li>Instalaci\u00f3n wordpress.org de forma manual<\/li>\n<li>Acceso al Administrador y primeros pasos<\/li>\n<li>Instalaci\u00f3n de Plantillas y recomendaciones<\/li>\n<li>Instalaci\u00f3n de Plugins y recomendaciones<\/li>\n<li>Fuentes de informaci\u00f3n<\/li>\n<\/ul>\n<p>Las plazas son <strong>limitadas<\/strong>. Si quieres<strong> inscribirte<\/strong> pincha en este <a href=\"https:\/\/www.meetup.com\/es-ES\/Granada-WordPress-Meetup\/events\/237163038\/?eventId=237163038\"><strong>enlace<\/strong><\/a><\/p>\n<p><a href=\"https:\/\/wpgranada.es\/blog\/meetup\/iniciacion-al-mundo-wordpress\/\"><strong>M\u00e1s informaci\u00f3n<\/strong><\/a><\/p>\n","protected":false},"excerpt":{"rendered":"<p>\u00bfQuieres aprender conocimientos de WordPress y crear o gestionar tu propia p\u00e1gina web? El pr\u00f3ximo 21 de febrero de 19.00-21.00h [&hellip;]<\/p>\n","protected":false},"author":6,"featured_media":20941,"comment_status":"open","ping_status":"open","sticky":false,"template":"","format":"standard","meta":{"_acf_changed":false,"site-sidebar-layout":"default","site-content-layout":"","ast-site-content-layout":"default","site-content-style":"default","site-sidebar-style":"default","ast-global-header-display":"","ast-banner-title-visibility":"","ast-main-header-display":"","ast-hfb-above-header-display":"","ast-hfb-below-header-display":"","ast-hfb-mobile-header-display":"","site-post-title":"","ast-breadcrumbs-content":"","ast-featured-img":"","footer-sml-layout":"","ast-disable-related-posts":"","theme-transparent-header-meta":"","adv-header-id-meta":"","stick-header-meta":"","header-above-stick-meta":"","header-main-stick-meta":"","header-below-stick-meta":"","astra-migrate-meta-layouts":"default","ast-page-background-enabled":"default","ast-page-background-meta":{"desktop":{"background-color":"var(--ast-global-color-5)","background-image":"","background-repeat":"repeat","background-position":"center center","background-size":"auto","background-attachment":"scroll","background-type":"","background-media":"","overlay-type":"","overlay-color":"","overlay-opacity":"","overlay-gradient":""},"tablet":{"background-color":"","background-image":"","background-repeat":"repeat","background-position":"center center","background-size":"auto","background-attachment":"scroll","background-type":"","background-media":"","overlay-type":"","overlay-color":"","overlay-opacity":"","overlay-gradient":""},"mobile":{"background-color":"","background-image":"","background-repeat":"repeat","background-position":"center center","background-size":"auto","background-attachment":"scroll","background-type":"","background-media":"","overlay-type":"","overlay-color":"","overlay-opacity":"","overlay-gradient":""}},"ast-content-background-meta":{"desktop":{"background-color":"var(--ast-global-color-4)","background-image":"","background-repeat":"repeat","background-position":"center center","background-size":"auto","background-attachment":"scroll","background-type":"","background-media":"","overlay-type":"","overlay-color":"","overlay-opacity":"","overlay-gradient":""},"tablet":{"background-color":"var(--ast-global-color-4)","background-image":"","background-repeat":"repeat","background-position":"center center","background-size":"auto","background-attachment":"scroll","background-type":"","background-media":"","overlay-type":"","overlay-color":"","overlay-opacity":"","overlay-gradient":""},"mobile":{"background-color":"var(--ast-global-color-4)","background-image":"","background-repeat":"repeat","background-position":"center center","background-size":"auto","background-attachment":"scroll","background-type":"","background-media":"","overlay-type":"","overlay-color":"","overlay-opacity":"","overlay-gradient":""}},"footnotes":""},"categories":[4342],"tags":[4464,4465,4466,4467,3016],"class_list":["post-24625","post","type-post","status-publish","format-standard","has-post-thumbnail","hentry","category-formacion-4","tag-closemarketing","tag-david-perez","tag-formacion-en-granada","tag-paginas-web","tag-wordpress"],"acf":[],"yoast_head":"<!-- This site is optimized with the Yoast SEO plugin v26.9 - https:\/\/yoast.com\/product\/yoast-seo-wordpress\/ -->\n<title>Iniciaci\u00f3n al mundo WordPress. CloseMarketing - AJE Granada<\/title>\n<meta name=\"robots\" content=\"index, follow, max-snippet:-1, max-image-preview:large, max-video-preview:-1\" \/>\n<link rel=\"canonical\" href=\"https:\/\/ajeandalucia.org\/granada\/2018\/02\/06\/iniciacion-al-mundo-wordpress-closemarketing\/\" \/>\n<meta property=\"og:locale\" content=\"es_ES\" \/>\n<meta property=\"og:type\" content=\"article\" \/>\n<meta property=\"og:title\" content=\"Iniciaci\u00f3n al mundo WordPress. CloseMarketing - AJE Granada\" \/>\n<meta property=\"og:description\" content=\"\u00bfQuieres aprender conocimientos de WordPress y crear o gestionar tu propia p\u00e1gina web? El pr\u00f3ximo 21 de febrero de 19.00-21.00h [&hellip;]\" \/>\n<meta property=\"og:url\" content=\"https:\/\/ajeandalucia.org\/granada\/2018\/02\/06\/iniciacion-al-mundo-wordpress-closemarketing\/\" \/>\n<meta property=\"og:site_name\" content=\"AJE Granada\" \/>\n<meta property=\"article:published_time\" content=\"2018-02-06T09:21:08+00:00\" \/>\n<meta name=\"author\" content=\"granada\" \/>\n<meta name=\"twitter:card\" content=\"summary_large_image\" \/>\n<meta name=\"twitter:label1\" content=\"Escrito por\" \/>\n\t<meta name=\"twitter:data1\" content=\"granada\" \/>\n\t<meta name=\"twitter:label2\" content=\"Tiempo de lectura\" \/>\n\t<meta name=\"twitter:data2\" content=\"1 minuto\" \/>\n<script type=\"application\/ld+json\" class=\"yoast-schema-graph\">{\"@context\":\"https:\/\/schema.org\",\"@graph\":[{\"@type\":\"Article\",\"@id\":\"https:\/\/ajeandalucia.org\/granada\/2018\/02\/06\/iniciacion-al-mundo-wordpress-closemarketing\/#article\",\"isPartOf\":{\"@id\":\"https:\/\/ajeandalucia.org\/granada\/2018\/02\/06\/iniciacion-al-mundo-wordpress-closemarketing\/\"},\"author\":{\"name\":\"granada\",\"@id\":\"https:\/\/ajeandalucia.org\/granada\/#\/schema\/person\/11740bd602b2087a5d9913ce7ad3b931\"},\"headline\":\"Iniciaci\u00f3n al mundo WordPress. CloseMarketing\",\"datePublished\":\"2018-02-06T09:21:08+00:00\",\"mainEntityOfPage\":{\"@id\":\"https:\/\/ajeandalucia.org\/granada\/2018\/02\/06\/iniciacion-al-mundo-wordpress-closemarketing\/\"},\"wordCount\":139,\"commentCount\":1,\"publisher\":{\"@id\":\"https:\/\/ajeandalucia.org\/granada\/#organization\"},\"image\":{\"@id\":\"https:\/\/ajeandalucia.org\/granada\/2018\/02\/06\/iniciacion-al-mundo-wordpress-closemarketing\/#primaryimage\"},\"thumbnailUrl\":\"\",\"keywords\":[\"closemarketing\",\"david perez\",\"formaci\u00f3n en granada\",\"paginas web\",\"WordPress\"],\"articleSection\":[\"Formaci\u00f3n\"],\"inLanguage\":\"es\",\"potentialAction\":[{\"@type\":\"CommentAction\",\"name\":\"Comment\",\"target\":[\"https:\/\/ajeandalucia.org\/granada\/2018\/02\/06\/iniciacion-al-mundo-wordpress-closemarketing\/#respond\"]}]},{\"@type\":\"WebPage\",\"@id\":\"https:\/\/ajeandalucia.org\/granada\/2018\/02\/06\/iniciacion-al-mundo-wordpress-closemarketing\/\",\"url\":\"https:\/\/ajeandalucia.org\/granada\/2018\/02\/06\/iniciacion-al-mundo-wordpress-closemarketing\/\",\"name\":\"Iniciaci\u00f3n al mundo WordPress. CloseMarketing - AJE Granada\",\"isPartOf\":{\"@id\":\"https:\/\/ajeandalucia.org\/granada\/#website\"},\"primaryImageOfPage\":{\"@id\":\"https:\/\/ajeandalucia.org\/granada\/2018\/02\/06\/iniciacion-al-mundo-wordpress-closemarketing\/#primaryimage\"},\"image\":{\"@id\":\"https:\/\/ajeandalucia.org\/granada\/2018\/02\/06\/iniciacion-al-mundo-wordpress-closemarketing\/#primaryimage\"},\"thumbnailUrl\":\"\",\"datePublished\":\"2018-02-06T09:21:08+00:00\",\"breadcrumb\":{\"@id\":\"https:\/\/ajeandalucia.org\/granada\/2018\/02\/06\/iniciacion-al-mundo-wordpress-closemarketing\/#breadcrumb\"},\"inLanguage\":\"es\",\"potentialAction\":[{\"@type\":\"ReadAction\",\"target\":[\"https:\/\/ajeandalucia.org\/granada\/2018\/02\/06\/iniciacion-al-mundo-wordpress-closemarketing\/\"]}]},{\"@type\":\"ImageObject\",\"inLanguage\":\"es\",\"@id\":\"https:\/\/ajeandalucia.org\/granada\/2018\/02\/06\/iniciacion-al-mundo-wordpress-closemarketing\/#primaryimage\",\"url\":\"\",\"contentUrl\":\"\"},{\"@type\":\"BreadcrumbList\",\"@id\":\"https:\/\/ajeandalucia.org\/granada\/2018\/02\/06\/iniciacion-al-mundo-wordpress-closemarketing\/#breadcrumb\",\"itemListElement\":[{\"@type\":\"ListItem\",\"position\":1,\"name\":\"Portada\",\"item\":\"https:\/\/ajeandalucia.org\/granada\/\"},{\"@type\":\"ListItem\",\"position\":2,\"name\":\"Iniciaci\u00f3n al mundo WordPress. CloseMarketing\"}]},{\"@type\":\"WebSite\",\"@id\":\"https:\/\/ajeandalucia.org\/granada\/#website\",\"url\":\"https:\/\/ajeandalucia.org\/granada\/\",\"name\":\"AJE Granada\",\"description\":\"J\u00f3venes Empresarios de Granada\",\"publisher\":{\"@id\":\"https:\/\/ajeandalucia.org\/granada\/#organization\"},\"potentialAction\":[{\"@type\":\"SearchAction\",\"target\":{\"@type\":\"EntryPoint\",\"urlTemplate\":\"https:\/\/ajeandalucia.org\/granada\/?s={search_term_string}\"},\"query-input\":{\"@type\":\"PropertyValueSpecification\",\"valueRequired\":true,\"valueName\":\"search_term_string\"}}],\"inLanguage\":\"es\"},{\"@type\":\"Organization\",\"@id\":\"https:\/\/ajeandalucia.org\/granada\/#organization\",\"name\":\"AJE Granada\",\"url\":\"https:\/\/ajeandalucia.org\/granada\/\",\"logo\":{\"@type\":\"ImageObject\",\"inLanguage\":\"es\",\"@id\":\"https:\/\/ajeandalucia.org\/granada\/#\/schema\/logo\/image\/\",\"url\":\"https:\/\/ajeandalucia.org\/granada\/wp-content\/uploads\/sites\/7\/2025\/02\/AJE-GRANADA-horizontal.png\",\"contentUrl\":\"https:\/\/ajeandalucia.org\/granada\/wp-content\/uploads\/sites\/7\/2025\/02\/AJE-GRANADA-horizontal.png\",\"width\":612,\"height\":200,\"caption\":\"AJE Granada\"},\"image\":{\"@id\":\"https:\/\/ajeandalucia.org\/granada\/#\/schema\/logo\/image\/\"}},{\"@type\":\"Person\",\"@id\":\"https:\/\/ajeandalucia.org\/granada\/#\/schema\/person\/11740bd602b2087a5d9913ce7ad3b931\",\"name\":\"granada\",\"image\":{\"@type\":\"ImageObject\",\"inLanguage\":\"es\",\"@id\":\"https:\/\/ajeandalucia.org\/granada\/#\/schema\/person\/image\/\",\"url\":\"https:\/\/secure.gravatar.com\/avatar\/d3efaa03945b79a8aad01845a3fd3b3535448eae49310ea0a5677e96e0e68b63?s=96&d=mm&r=g\",\"contentUrl\":\"https:\/\/secure.gravatar.com\/avatar\/d3efaa03945b79a8aad01845a3fd3b3535448eae49310ea0a5677e96e0e68b63?s=96&d=mm&r=g\",\"caption\":\"granada\"},\"url\":\"https:\/\/ajeandalucia.org\/granada\/author\/granada\/\"}]}<\/script>\n<!-- \/ Yoast SEO plugin. -->","yoast_head_json":{"title":"Iniciaci\u00f3n al mundo WordPress. CloseMarketing - AJE Granada","robots":{"index":"index","follow":"follow","max-snippet":"max-snippet:-1","max-image-preview":"max-image-preview:large","max-video-preview":"max-video-preview:-1"},"canonical":"https:\/\/ajeandalucia.org\/granada\/2018\/02\/06\/iniciacion-al-mundo-wordpress-closemarketing\/","og_locale":"es_ES","og_type":"article","og_title":"Iniciaci\u00f3n al mundo WordPress. CloseMarketing - AJE Granada","og_description":"\u00bfQuieres aprender conocimientos de WordPress y crear o gestionar tu propia p\u00e1gina web? El pr\u00f3ximo 21 de febrero de 19.00-21.00h [&hellip;]","og_url":"https:\/\/ajeandalucia.org\/granada\/2018\/02\/06\/iniciacion-al-mundo-wordpress-closemarketing\/","og_site_name":"AJE Granada","article_published_time":"2018-02-06T09:21:08+00:00","author":"granada","twitter_card":"summary_large_image","twitter_misc":{"Escrito por":"granada","Tiempo de lectura":"1 minuto"},"schema":{"@context":"https:\/\/schema.org","@graph":[{"@type":"Article","@id":"https:\/\/ajeandalucia.org\/granada\/2018\/02\/06\/iniciacion-al-mundo-wordpress-closemarketing\/#article","isPartOf":{"@id":"https:\/\/ajeandalucia.org\/granada\/2018\/02\/06\/iniciacion-al-mundo-wordpress-closemarketing\/"},"author":{"name":"granada","@id":"https:\/\/ajeandalucia.org\/granada\/#\/schema\/person\/11740bd602b2087a5d9913ce7ad3b931"},"headline":"Iniciaci\u00f3n al mundo WordPress. CloseMarketing","datePublished":"2018-02-06T09:21:08+00:00","mainEntityOfPage":{"@id":"https:\/\/ajeandalucia.org\/granada\/2018\/02\/06\/iniciacion-al-mundo-wordpress-closemarketing\/"},"wordCount":139,"commentCount":1,"publisher":{"@id":"https:\/\/ajeandalucia.org\/granada\/#organization"},"image":{"@id":"https:\/\/ajeandalucia.org\/granada\/2018\/02\/06\/iniciacion-al-mundo-wordpress-closemarketing\/#primaryimage"},"thumbnailUrl":"","keywords":["closemarketing","david perez","formaci\u00f3n en granada","paginas web","WordPress"],"articleSection":["Formaci\u00f3n"],"inLanguage":"es","potentialAction":[{"@type":"CommentAction","name":"Comment","target":["https:\/\/ajeandalucia.org\/granada\/2018\/02\/06\/iniciacion-al-mundo-wordpress-closemarketing\/#respond"]}]},{"@type":"WebPage","@id":"https:\/\/ajeandalucia.org\/granada\/2018\/02\/06\/iniciacion-al-mundo-wordpress-closemarketing\/","url":"https:\/\/ajeandalucia.org\/granada\/2018\/02\/06\/iniciacion-al-mundo-wordpress-closemarketing\/","name":"Iniciaci\u00f3n al mundo WordPress. CloseMarketing - AJE Granada","isPartOf":{"@id":"https:\/\/ajeandalucia.org\/granada\/#website"},"primaryImageOfPage":{"@id":"https:\/\/ajeandalucia.org\/granada\/2018\/02\/06\/iniciacion-al-mundo-wordpress-closemarketing\/#primaryimage"},"image":{"@id":"https:\/\/ajeandalucia.org\/granada\/2018\/02\/06\/iniciacion-al-mundo-wordpress-closemarketing\/#primaryimage"},"thumbnailUrl":"","datePublished":"2018-02-06T09:21:08+00:00","breadcrumb":{"@id":"https:\/\/ajeandalucia.org\/granada\/2018\/02\/06\/iniciacion-al-mundo-wordpress-closemarketing\/#breadcrumb"},"inLanguage":"es","potentialAction":[{"@type":"ReadAction","target":["https:\/\/ajeandalucia.org\/granada\/2018\/02\/06\/iniciacion-al-mundo-wordpress-closemarketing\/"]}]},{"@type":"ImageObject","inLanguage":"es","@id":"https:\/\/ajeandalucia.org\/granada\/2018\/02\/06\/iniciacion-al-mundo-wordpress-closemarketing\/#primaryimage","url":"","contentUrl":""},{"@type":"BreadcrumbList","@id":"https:\/\/ajeandalucia.org\/granada\/2018\/02\/06\/iniciacion-al-mundo-wordpress-closemarketing\/#breadcrumb","itemListElement":[{"@type":"ListItem","position":1,"name":"Portada","item":"https:\/\/ajeandalucia.org\/granada\/"},{"@type":"ListItem","position":2,"name":"Iniciaci\u00f3n al mundo WordPress. CloseMarketing"}]},{"@type":"WebSite","@id":"https:\/\/ajeandalucia.org\/granada\/#website","url":"https:\/\/ajeandalucia.org\/granada\/","name":"AJE Granada","description":"J\u00f3venes Empresarios de Granada","publisher":{"@id":"https:\/\/ajeandalucia.org\/granada\/#organization"},"potentialAction":[{"@type":"SearchAction","target":{"@type":"EntryPoint","urlTemplate":"https:\/\/ajeandalucia.org\/granada\/?s={search_term_string}"},"query-input":{"@type":"PropertyValueSpecification","valueRequired":true,"valueName":"search_term_string"}}],"inLanguage":"es"},{"@type":"Organization","@id":"https:\/\/ajeandalucia.org\/granada\/#organization","name":"AJE Granada","url":"https:\/\/ajeandalucia.org\/granada\/","logo":{"@type":"ImageObject","inLanguage":"es","@id":"https:\/\/ajeandalucia.org\/granada\/#\/schema\/logo\/image\/","url":"https:\/\/ajeandalucia.org\/granada\/wp-content\/uploads\/sites\/7\/2025\/02\/AJE-GRANADA-horizontal.png","contentUrl":"https:\/\/ajeandalucia.org\/granada\/wp-content\/uploads\/sites\/7\/2025\/02\/AJE-GRANADA-horizontal.png","width":612,"height":200,"caption":"AJE Granada"},"image":{"@id":"https:\/\/ajeandalucia.org\/granada\/#\/schema\/logo\/image\/"}},{"@type":"Person","@id":"https:\/\/ajeandalucia.org\/granada\/#\/schema\/person\/11740bd602b2087a5d9913ce7ad3b931","name":"granada","image":{"@type":"ImageObject","inLanguage":"es","@id":"https:\/\/ajeandalucia.org\/granada\/#\/schema\/person\/image\/","url":"https:\/\/secure.gravatar.com\/avatar\/d3efaa03945b79a8aad01845a3fd3b3535448eae49310ea0a5677e96e0e68b63?s=96&d=mm&r=g","contentUrl":"https:\/\/secure.gravatar.com\/avatar\/d3efaa03945b79a8aad01845a3fd3b3535448eae49310ea0a5677e96e0e68b63?s=96&d=mm&r=g","caption":"granada"},"url":"https:\/\/ajeandalucia.org\/granada\/author\/granada\/"}]}},"_links":{"self":[{"href":"https:\/\/ajeandalucia.org\/granada\/wp-json\/wp\/v2\/posts\/24625","targetHints":{"allow":["GET"]}}],"collection":[{"href":"https:\/\/ajeandalucia.org\/granada\/wp-json\/wp\/v2\/posts"}],"about":[{"href":"https:\/\/ajeandalucia.org\/granada\/wp-json\/wp\/v2\/types\/post"}],"author":[{"embeddable":true,"href":"https:\/\/ajeandalucia.org\/granada\/wp-json\/wp\/v2\/users\/6"}],"replies":[{"embeddable":true,"href":"https:\/\/ajeandalucia.org\/granada\/wp-json\/wp\/v2\/comments?post=24625"}],"version-history":[{"count":0,"href":"https:\/\/ajeandalucia.org\/granada\/wp-json\/wp\/v2\/posts\/24625\/revisions"}],"wp:featuredmedia":[{"embeddable":true,"href":"https:\/\/ajeandalucia.org\/granada\/wp-json\/"}],"wp:attachment":[{"href":"https:\/\/ajeandalucia.org\/granada\/wp-json\/wp\/v2\/media?parent=24625"}],"wp:term":[{"taxonomy":"category","embeddable":true,"href":"https:\/\/ajeandalucia.org\/granada\/wp-json\/wp\/v2\/categories?post=24625"},{"taxonomy":"post_tag","embeddable":true,"href":"https:\/\/ajeandalucia.org\/granada\/wp-json\/wp\/v2\/tags?post=24625"}],"curies":[{"name":"wp","href":"https:\/\/api.w.org\/{rel}","templated":true}]}}