{"id":24674,"date":"2018-02-12T17:51:39","date_gmt":"2018-02-12T16:51:39","guid":{"rendered":"http:\/\/www.ajegranada.org\/?p=24674"},"modified":"2018-02-12T17:51:39","modified_gmt":"2018-02-12T16:51:39","slug":"programa-volkswagen-exclusivo-empresas","status":"publish","type":"post","link":"https:\/\/ajeandalucia.org\/granada\/2018\/02\/12\/programa-volkswagen-exclusivo-empresas\/","title":{"rendered":"Programa Volkswagen exclusivo empresas"},"content":{"rendered":"<p>https:\/\/www.youtube.com\/watch?v=wxnzkPTAEzI&#038;t=5s<\/p>\n<p>Desde el Departamento Exclusivo Empresa de Nucesa, Concesionario Volkswagen de Granada presentamos nuestro<strong> nuevo servicio exclusivo para empresas.<\/strong><\/p>\n<p>&nbsp;<\/p>\n<p><strong>\u00bfQU\u00c9 ES?<\/strong><\/p>\n<p>Es un&nbsp;<strong>contrato de alquiler<\/strong>, a medio o largo plazo, por el cual la empresa de Renting compra el veh\u00edculo solicitado por el cliente y lo pone a su disposici\u00f3n, junto con una serie de servicios contratados por el mismo para cubrir sus necesidades de uso, a cambio de una cuota fija peri\u00f3dica durante el plazo de vigencia del contrato<\/p>\n<p>&nbsp;<\/p>\n<p><strong>A QUIEN VA DIRIGIDO<\/strong><\/p>\n<p>Este producto tiene una clara orientaci\u00f3n hacia el mundo profesional, dadas las indudables ventajas que proporciona a este tipo de clientes<\/p>\n<h3>&nbsp;<\/h3>\n<p><strong>PRINCIPALES CARACTER\u00cdSTICAS<\/strong><\/p>\n<ul>\n<li>&nbsp;Es un<strong>&nbsp;alquiler<\/strong>, por lo que a diferencia de la financiaci\u00f3n, el derecho del titular se limita a usarlo mientras pague la cuota.<\/li>\n<li>Es un producto en el que&nbsp;<strong>predomina el componente de servicios<\/strong>. No es un producto de financiaci\u00f3n en s\u00ed, por lo que no est\u00e1 sometido a los requisitos que exige la legislaci\u00f3n a otras modalidades como el leasing o la financiaci\u00f3n.<\/li>\n<li>Plazo de contrataci\u00f3n de<strong>&nbsp;12 hasta 60 meses<\/strong>.<\/li>\n<\/ul>\n<p>&nbsp;<\/p>\n<p><strong>VENTAJAS&nbsp; PARA EL CLIENTE<\/strong><\/p>\n<ul>\n<li>Reduce ratio endeudamiento( mejora el balance)<\/li>\n<li>Libera capital, m\u00e1s dinero para su negocio.<\/li>\n<li>La cuota es un gasto deducible 100% y el IVA un 50%, aunque dependiendo del uso puede ser mayor.<\/li>\n<li>Elimina riesgos de fluctuaci\u00f3n en los precios del veh\u00edculo de ocasi\u00f3n.<\/li>\n<li>Su veh\u00edculo siempre estar\u00e1 actual y en perfecto estado.<\/li>\n<li>Se beneficia del descuento de la compa\u00f1\u00eda de renting.<\/li>\n<li>Optimizaci\u00f3n de la gesti\u00f3n, todo en una cuota.<\/li>\n<li>Menos pasos de taller.<\/li>\n<li>Mayor previsi\u00f3n en sus cuentas, cuota lineal sin imprevistos.<\/li>\n<li>El cliente paga por lo que usa.<\/li>\n<li>Opci\u00f3n de entrada para alcanzar la cuota objetivo<\/li>\n<\/ul>\n<p>&nbsp;<\/p>\n<p><strong>\u00bfQU\u00c9 HACEMOS? <\/strong><\/p>\n<ul>\n<li>Asesoramos a empresas en soluciones de movilidad para su negocio<\/li>\n<li>Analizamos y estudiamos la f\u00f3rmula m\u00e1s adaptada a las necesidades de su negocio, Venta, Renting, Pago por Uso o Coche Compartido<\/li>\n<\/ul>\n<p>&nbsp;<\/p>\n<p><strong>\u00bfC\u00d3MO LO HACEMOS? <\/strong><\/p>\n<ul>\n<li>An\u00e1lisis detallado y personalizado de empresa, cliente y sus l\u00edneas de negocio<\/li>\n<li>An\u00e1lisis de nuevas tendencias en soluciones de movilidad y modelos de financiaci\u00f3n<\/li>\n<\/ul>\n<p>&nbsp;<\/p>\n<p><strong>M\u00e1s informaci\u00f3n y contacto:<\/strong><\/p>\n<p><strong>Fernando Pennella, 667845525<\/strong><\/p>\n","protected":false},"excerpt":{"rendered":"<p>https:\/\/www.youtube.com\/watch?v=wxnzkPTAEzI&#038;t=5s Desde el Departamento Exclusivo Empresa de Nucesa, Concesionario Volkswagen de Granada presentamos nuestro nuevo servicio exclusivo para empresas. &nbsp; [&hellip;]<\/p>\n","protected":false},"author":6,"featured_media":22716,"comment_status":"open","ping_status":"open","sticky":false,"template":"","format":"standard","meta":{"_acf_changed":false,"site-sidebar-layout":"default","site-content-layout":"","ast-site-content-layout":"default","site-content-style":"default","site-sidebar-style":"default","ast-global-header-display":"","ast-banner-title-visibility":"","ast-main-header-display":"","ast-hfb-above-header-display":"","ast-hfb-below-header-display":"","ast-hfb-mobile-header-display":"","site-post-title":"","ast-breadcrumbs-content":"","ast-featured-img":"","footer-sml-layout":"","ast-disable-related-posts":"","theme-transparent-header-meta":"","adv-header-id-meta":"","stick-header-meta":"","header-above-stick-meta":"","header-main-stick-meta":"","header-below-stick-meta":"","astra-migrate-meta-layouts":"default","ast-page-background-enabled":"default","ast-page-background-meta":{"desktop":{"background-color":"var(--ast-global-color-5)","background-image":"","background-repeat":"repeat","background-position":"center center","background-size":"auto","background-attachment":"scroll","background-type":"","background-media":"","overlay-type":"","overlay-color":"","overlay-opacity":"","overlay-gradient":""},"tablet":{"background-color":"","background-image":"","background-repeat":"repeat","background-position":"center center","background-size":"auto","background-attachment":"scroll","background-type":"","background-media":"","overlay-type":"","overlay-color":"","overlay-opacity":"","overlay-gradient":""},"mobile":{"background-color":"","background-image":"","background-repeat":"repeat","background-position":"center center","background-size":"auto","background-attachment":"scroll","background-type":"","background-media":"","overlay-type":"","overlay-color":"","overlay-opacity":"","overlay-gradient":""}},"ast-content-background-meta":{"desktop":{"background-color":"var(--ast-global-color-4)","background-image":"","background-repeat":"repeat","background-position":"center center","background-size":"auto","background-attachment":"scroll","background-type":"","background-media":"","overlay-type":"","overlay-color":"","overlay-opacity":"","overlay-gradient":""},"tablet":{"background-color":"var(--ast-global-color-4)","background-image":"","background-repeat":"repeat","background-position":"center center","background-size":"auto","background-attachment":"scroll","background-type":"","background-media":"","overlay-type":"","overlay-color":"","overlay-opacity":"","overlay-gradient":""},"mobile":{"background-color":"var(--ast-global-color-4)","background-image":"","background-repeat":"repeat","background-position":"center center","background-size":"auto","background-attachment":"scroll","background-type":"","background-media":"","overlay-type":"","overlay-color":"","overlay-opacity":"","overlay-gradient":""}},"footnotes":""},"categories":[4345],"tags":[3778,4486,4487,3781],"class_list":["post-24674","post","type-post","status-publish","format-standard","has-post-thumbnail","hentry","category-destacada","tag-nucesa","tag-programa-exclusivo-empresas","tag-renting","tag-volkswagen"],"acf":[],"yoast_head":"<!-- This site is optimized with the Yoast SEO plugin v26.9 - https:\/\/yoast.com\/product\/yoast-seo-wordpress\/ -->\n<title>Programa Volkswagen exclusivo empresas - AJE Granada<\/title>\n<meta name=\"robots\" content=\"index, follow, max-snippet:-1, max-image-preview:large, max-video-preview:-1\" \/>\n<link rel=\"canonical\" href=\"https:\/\/ajeandalucia.org\/granada\/2018\/02\/12\/programa-volkswagen-exclusivo-empresas\/\" \/>\n<meta property=\"og:locale\" content=\"es_ES\" \/>\n<meta property=\"og:type\" content=\"article\" \/>\n<meta property=\"og:title\" content=\"Programa Volkswagen exclusivo empresas - AJE Granada\" \/>\n<meta property=\"og:description\" content=\"https:\/\/www.youtube.com\/watch?v=wxnzkPTAEzI&#038;t=5s Desde el Departamento Exclusivo Empresa de Nucesa, Concesionario Volkswagen de Granada presentamos nuestro nuevo servicio exclusivo para empresas. &nbsp; [&hellip;]\" \/>\n<meta property=\"og:url\" content=\"https:\/\/ajeandalucia.org\/granada\/2018\/02\/12\/programa-volkswagen-exclusivo-empresas\/\" \/>\n<meta property=\"og:site_name\" content=\"AJE Granada\" \/>\n<meta property=\"article:published_time\" content=\"2018-02-12T16:51:39+00:00\" \/>\n<meta name=\"author\" content=\"granada\" \/>\n<meta name=\"twitter:card\" content=\"summary_large_image\" \/>\n<meta name=\"twitter:label1\" content=\"Escrito por\" \/>\n\t<meta name=\"twitter:data1\" content=\"granada\" \/>\n\t<meta name=\"twitter:label2\" content=\"Tiempo de lectura\" \/>\n\t<meta name=\"twitter:data2\" content=\"2 minutos\" \/>\n<script type=\"application\/ld+json\" class=\"yoast-schema-graph\">{\"@context\":\"https:\/\/schema.org\",\"@graph\":[{\"@type\":\"Article\",\"@id\":\"https:\/\/ajeandalucia.org\/granada\/2018\/02\/12\/programa-volkswagen-exclusivo-empresas\/#article\",\"isPartOf\":{\"@id\":\"https:\/\/ajeandalucia.org\/granada\/2018\/02\/12\/programa-volkswagen-exclusivo-empresas\/\"},\"author\":{\"name\":\"granada\",\"@id\":\"https:\/\/ajeandalucia.org\/granada\/#\/schema\/person\/11740bd602b2087a5d9913ce7ad3b931\"},\"headline\":\"Programa Volkswagen exclusivo empresas\",\"datePublished\":\"2018-02-12T16:51:39+00:00\",\"mainEntityOfPage\":{\"@id\":\"https:\/\/ajeandalucia.org\/granada\/2018\/02\/12\/programa-volkswagen-exclusivo-empresas\/\"},\"wordCount\":398,\"commentCount\":0,\"publisher\":{\"@id\":\"https:\/\/ajeandalucia.org\/granada\/#organization\"},\"image\":{\"@id\":\"https:\/\/ajeandalucia.org\/granada\/2018\/02\/12\/programa-volkswagen-exclusivo-empresas\/#primaryimage\"},\"thumbnailUrl\":\"\",\"keywords\":[\"nucesa\",\"programa exclusivo empresas\",\"renting\",\"Volkswagen\"],\"articleSection\":[\"Destacada\"],\"inLanguage\":\"es\",\"potentialAction\":[{\"@type\":\"CommentAction\",\"name\":\"Comment\",\"target\":[\"https:\/\/ajeandalucia.org\/granada\/2018\/02\/12\/programa-volkswagen-exclusivo-empresas\/#respond\"]}]},{\"@type\":\"WebPage\",\"@id\":\"https:\/\/ajeandalucia.org\/granada\/2018\/02\/12\/programa-volkswagen-exclusivo-empresas\/\",\"url\":\"https:\/\/ajeandalucia.org\/granada\/2018\/02\/12\/programa-volkswagen-exclusivo-empresas\/\",\"name\":\"Programa Volkswagen exclusivo empresas - AJE Granada\",\"isPartOf\":{\"@id\":\"https:\/\/ajeandalucia.org\/granada\/#website\"},\"primaryImageOfPage\":{\"@id\":\"https:\/\/ajeandalucia.org\/granada\/2018\/02\/12\/programa-volkswagen-exclusivo-empresas\/#primaryimage\"},\"image\":{\"@id\":\"https:\/\/ajeandalucia.org\/granada\/2018\/02\/12\/programa-volkswagen-exclusivo-empresas\/#primaryimage\"},\"thumbnailUrl\":\"\",\"datePublished\":\"2018-02-12T16:51:39+00:00\",\"breadcrumb\":{\"@id\":\"https:\/\/ajeandalucia.org\/granada\/2018\/02\/12\/programa-volkswagen-exclusivo-empresas\/#breadcrumb\"},\"inLanguage\":\"es\",\"potentialAction\":[{\"@type\":\"ReadAction\",\"target\":[\"https:\/\/ajeandalucia.org\/granada\/2018\/02\/12\/programa-volkswagen-exclusivo-empresas\/\"]}]},{\"@type\":\"ImageObject\",\"inLanguage\":\"es\",\"@id\":\"https:\/\/ajeandalucia.org\/granada\/2018\/02\/12\/programa-volkswagen-exclusivo-empresas\/#primaryimage\",\"url\":\"\",\"contentUrl\":\"\"},{\"@type\":\"BreadcrumbList\",\"@id\":\"https:\/\/ajeandalucia.org\/granada\/2018\/02\/12\/programa-volkswagen-exclusivo-empresas\/#breadcrumb\",\"itemListElement\":[{\"@type\":\"ListItem\",\"position\":1,\"name\":\"Portada\",\"item\":\"https:\/\/ajeandalucia.org\/granada\/\"},{\"@type\":\"ListItem\",\"position\":2,\"name\":\"Programa Volkswagen exclusivo empresas\"}]},{\"@type\":\"WebSite\",\"@id\":\"https:\/\/ajeandalucia.org\/granada\/#website\",\"url\":\"https:\/\/ajeandalucia.org\/granada\/\",\"name\":\"AJE Granada\",\"description\":\"J\u00f3venes Empresarios de Granada\",\"publisher\":{\"@id\":\"https:\/\/ajeandalucia.org\/granada\/#organization\"},\"potentialAction\":[{\"@type\":\"SearchAction\",\"target\":{\"@type\":\"EntryPoint\",\"urlTemplate\":\"https:\/\/ajeandalucia.org\/granada\/?s={search_term_string}\"},\"query-input\":{\"@type\":\"PropertyValueSpecification\",\"valueRequired\":true,\"valueName\":\"search_term_string\"}}],\"inLanguage\":\"es\"},{\"@type\":\"Organization\",\"@id\":\"https:\/\/ajeandalucia.org\/granada\/#organization\",\"name\":\"AJE Granada\",\"url\":\"https:\/\/ajeandalucia.org\/granada\/\",\"logo\":{\"@type\":\"ImageObject\",\"inLanguage\":\"es\",\"@id\":\"https:\/\/ajeandalucia.org\/granada\/#\/schema\/logo\/image\/\",\"url\":\"https:\/\/ajeandalucia.org\/granada\/wp-content\/uploads\/sites\/7\/2025\/02\/AJE-GRANADA-horizontal.png\",\"contentUrl\":\"https:\/\/ajeandalucia.org\/granada\/wp-content\/uploads\/sites\/7\/2025\/02\/AJE-GRANADA-horizontal.png\",\"width\":612,\"height\":200,\"caption\":\"AJE Granada\"},\"image\":{\"@id\":\"https:\/\/ajeandalucia.org\/granada\/#\/schema\/logo\/image\/\"}},{\"@type\":\"Person\",\"@id\":\"https:\/\/ajeandalucia.org\/granada\/#\/schema\/person\/11740bd602b2087a5d9913ce7ad3b931\",\"name\":\"granada\",\"image\":{\"@type\":\"ImageObject\",\"inLanguage\":\"es\",\"@id\":\"https:\/\/ajeandalucia.org\/granada\/#\/schema\/person\/image\/\",\"url\":\"https:\/\/secure.gravatar.com\/avatar\/d3efaa03945b79a8aad01845a3fd3b3535448eae49310ea0a5677e96e0e68b63?s=96&d=mm&r=g\",\"contentUrl\":\"https:\/\/secure.gravatar.com\/avatar\/d3efaa03945b79a8aad01845a3fd3b3535448eae49310ea0a5677e96e0e68b63?s=96&d=mm&r=g\",\"caption\":\"granada\"},\"url\":\"https:\/\/ajeandalucia.org\/granada\/author\/granada\/\"}]}<\/script>\n<!-- \/ Yoast SEO plugin. -->","yoast_head_json":{"title":"Programa Volkswagen exclusivo empresas - AJE Granada","robots":{"index":"index","follow":"follow","max-snippet":"max-snippet:-1","max-image-preview":"max-image-preview:large","max-video-preview":"max-video-preview:-1"},"canonical":"https:\/\/ajeandalucia.org\/granada\/2018\/02\/12\/programa-volkswagen-exclusivo-empresas\/","og_locale":"es_ES","og_type":"article","og_title":"Programa Volkswagen exclusivo empresas - AJE Granada","og_description":"https:\/\/www.youtube.com\/watch?v=wxnzkPTAEzI&#038;t=5s Desde el Departamento Exclusivo Empresa de Nucesa, Concesionario Volkswagen de Granada presentamos nuestro nuevo servicio exclusivo para empresas. &nbsp; [&hellip;]","og_url":"https:\/\/ajeandalucia.org\/granada\/2018\/02\/12\/programa-volkswagen-exclusivo-empresas\/","og_site_name":"AJE Granada","article_published_time":"2018-02-12T16:51:39+00:00","author":"granada","twitter_card":"summary_large_image","twitter_misc":{"Escrito por":"granada","Tiempo de lectura":"2 minutos"},"schema":{"@context":"https:\/\/schema.org","@graph":[{"@type":"Article","@id":"https:\/\/ajeandalucia.org\/granada\/2018\/02\/12\/programa-volkswagen-exclusivo-empresas\/#article","isPartOf":{"@id":"https:\/\/ajeandalucia.org\/granada\/2018\/02\/12\/programa-volkswagen-exclusivo-empresas\/"},"author":{"name":"granada","@id":"https:\/\/ajeandalucia.org\/granada\/#\/schema\/person\/11740bd602b2087a5d9913ce7ad3b931"},"headline":"Programa Volkswagen exclusivo empresas","datePublished":"2018-02-12T16:51:39+00:00","mainEntityOfPage":{"@id":"https:\/\/ajeandalucia.org\/granada\/2018\/02\/12\/programa-volkswagen-exclusivo-empresas\/"},"wordCount":398,"commentCount":0,"publisher":{"@id":"https:\/\/ajeandalucia.org\/granada\/#organization"},"image":{"@id":"https:\/\/ajeandalucia.org\/granada\/2018\/02\/12\/programa-volkswagen-exclusivo-empresas\/#primaryimage"},"thumbnailUrl":"","keywords":["nucesa","programa exclusivo empresas","renting","Volkswagen"],"articleSection":["Destacada"],"inLanguage":"es","potentialAction":[{"@type":"CommentAction","name":"Comment","target":["https:\/\/ajeandalucia.org\/granada\/2018\/02\/12\/programa-volkswagen-exclusivo-empresas\/#respond"]}]},{"@type":"WebPage","@id":"https:\/\/ajeandalucia.org\/granada\/2018\/02\/12\/programa-volkswagen-exclusivo-empresas\/","url":"https:\/\/ajeandalucia.org\/granada\/2018\/02\/12\/programa-volkswagen-exclusivo-empresas\/","name":"Programa Volkswagen exclusivo empresas - AJE Granada","isPartOf":{"@id":"https:\/\/ajeandalucia.org\/granada\/#website"},"primaryImageOfPage":{"@id":"https:\/\/ajeandalucia.org\/granada\/2018\/02\/12\/programa-volkswagen-exclusivo-empresas\/#primaryimage"},"image":{"@id":"https:\/\/ajeandalucia.org\/granada\/2018\/02\/12\/programa-volkswagen-exclusivo-empresas\/#primaryimage"},"thumbnailUrl":"","datePublished":"2018-02-12T16:51:39+00:00","breadcrumb":{"@id":"https:\/\/ajeandalucia.org\/granada\/2018\/02\/12\/programa-volkswagen-exclusivo-empresas\/#breadcrumb"},"inLanguage":"es","potentialAction":[{"@type":"ReadAction","target":["https:\/\/ajeandalucia.org\/granada\/2018\/02\/12\/programa-volkswagen-exclusivo-empresas\/"]}]},{"@type":"ImageObject","inLanguage":"es","@id":"https:\/\/ajeandalucia.org\/granada\/2018\/02\/12\/programa-volkswagen-exclusivo-empresas\/#primaryimage","url":"","contentUrl":""},{"@type":"BreadcrumbList","@id":"https:\/\/ajeandalucia.org\/granada\/2018\/02\/12\/programa-volkswagen-exclusivo-empresas\/#breadcrumb","itemListElement":[{"@type":"ListItem","position":1,"name":"Portada","item":"https:\/\/ajeandalucia.org\/granada\/"},{"@type":"ListItem","position":2,"name":"Programa Volkswagen exclusivo empresas"}]},{"@type":"WebSite","@id":"https:\/\/ajeandalucia.org\/granada\/#website","url":"https:\/\/ajeandalucia.org\/granada\/","name":"AJE Granada","description":"J\u00f3venes Empresarios de Granada","publisher":{"@id":"https:\/\/ajeandalucia.org\/granada\/#organization"},"potentialAction":[{"@type":"SearchAction","target":{"@type":"EntryPoint","urlTemplate":"https:\/\/ajeandalucia.org\/granada\/?s={search_term_string}"},"query-input":{"@type":"PropertyValueSpecification","valueRequired":true,"valueName":"search_term_string"}}],"inLanguage":"es"},{"@type":"Organization","@id":"https:\/\/ajeandalucia.org\/granada\/#organization","name":"AJE Granada","url":"https:\/\/ajeandalucia.org\/granada\/","logo":{"@type":"ImageObject","inLanguage":"es","@id":"https:\/\/ajeandalucia.org\/granada\/#\/schema\/logo\/image\/","url":"https:\/\/ajeandalucia.org\/granada\/wp-content\/uploads\/sites\/7\/2025\/02\/AJE-GRANADA-horizontal.png","contentUrl":"https:\/\/ajeandalucia.org\/granada\/wp-content\/uploads\/sites\/7\/2025\/02\/AJE-GRANADA-horizontal.png","width":612,"height":200,"caption":"AJE Granada"},"image":{"@id":"https:\/\/ajeandalucia.org\/granada\/#\/schema\/logo\/image\/"}},{"@type":"Person","@id":"https:\/\/ajeandalucia.org\/granada\/#\/schema\/person\/11740bd602b2087a5d9913ce7ad3b931","name":"granada","image":{"@type":"ImageObject","inLanguage":"es","@id":"https:\/\/ajeandalucia.org\/granada\/#\/schema\/person\/image\/","url":"https:\/\/secure.gravatar.com\/avatar\/d3efaa03945b79a8aad01845a3fd3b3535448eae49310ea0a5677e96e0e68b63?s=96&d=mm&r=g","contentUrl":"https:\/\/secure.gravatar.com\/avatar\/d3efaa03945b79a8aad01845a3fd3b3535448eae49310ea0a5677e96e0e68b63?s=96&d=mm&r=g","caption":"granada"},"url":"https:\/\/ajeandalucia.org\/granada\/author\/granada\/"}]}},"_links":{"self":[{"href":"https:\/\/ajeandalucia.org\/granada\/wp-json\/wp\/v2\/posts\/24674","targetHints":{"allow":["GET"]}}],"collection":[{"href":"https:\/\/ajeandalucia.org\/granada\/wp-json\/wp\/v2\/posts"}],"about":[{"href":"https:\/\/ajeandalucia.org\/granada\/wp-json\/wp\/v2\/types\/post"}],"author":[{"embeddable":true,"href":"https:\/\/ajeandalucia.org\/granada\/wp-json\/wp\/v2\/users\/6"}],"replies":[{"embeddable":true,"href":"https:\/\/ajeandalucia.org\/granada\/wp-json\/wp\/v2\/comments?post=24674"}],"version-history":[{"count":0,"href":"https:\/\/ajeandalucia.org\/granada\/wp-json\/wp\/v2\/posts\/24674\/revisions"}],"wp:featuredmedia":[{"embeddable":true,"href":"https:\/\/ajeandalucia.org\/granada\/wp-json\/"}],"wp:attachment":[{"href":"https:\/\/ajeandalucia.org\/granada\/wp-json\/wp\/v2\/media?parent=24674"}],"wp:term":[{"taxonomy":"category","embeddable":true,"href":"https:\/\/ajeandalucia.org\/granada\/wp-json\/wp\/v2\/categories?post=24674"},{"taxonomy":"post_tag","embeddable":true,"href":"https:\/\/ajeandalucia.org\/granada\/wp-json\/wp\/v2\/tags?post=24674"}],"curies":[{"name":"wp","href":"https:\/\/api.w.org\/{rel}","templated":true}]}}