{"id":24792,"date":"2018-02-27T16:31:51","date_gmt":"2018-02-27T15:31:51","guid":{"rendered":"http:\/\/www.ajegranada.org\/?p=24792"},"modified":"2018-02-27T16:31:51","modified_gmt":"2018-02-27T15:31:51","slug":"aislar-es-ahorrar-latalaya","status":"publish","type":"post","link":"https:\/\/ajeandalucia.org\/granada\/2018\/02\/27\/aislar-es-ahorrar-latalaya\/","title":{"rendered":"Aislar es ahorrar | L\u00b4Atalaya"},"content":{"rendered":"<p><strong>\u00bfQuieres proteger a tus hijos del fr\u00edo y los ruidos del exterior? \u00bfTe gustar\u00eda mantener una buena temperatura en casa durante todo el a\u00f1o sin que el bolsillo se resienta? Con la lana mineral Supafil, de <a href=\"http:\/\/www.ajegranada.org\/asociados\/latalaya-argos-montero-y-perez-lazaro\/\">L\u00b4atalaya<\/a>, ya es posible.<\/strong><\/p>\n<p>Todos los padres quieren que sus hijos no pasen fr\u00edo en invierno o que no pasen calor en verano, que haya una temperatura agradable en sus habitaciones y que puedan descansar sin que los ruidos de la calle les despierten. Con un buen sistema de aislamiento como Supafil esto es posible. Adem\u00e1s, es la soluci\u00f3n para ahorrar en las facturas de calefacci\u00f3n durante el invierno o&nbsp; en las de aire acondicionado durante el verano.<\/p>\n<p>La lana mineral Supafil es lo \u00faltimo en sistemas de aislamiento t\u00e9rmico y ac\u00fastico. Es un <strong>novedoso sistema de aislamiento<\/strong> que puede instalarse con bajos costes y sin necesidad de obras. Adem\u00e1s de aislar la habitaci\u00f3n de las temperaturas exteriores, protege a los ni\u00f1os del ruido para que puedan dormir, hacer los deberes, leer o jugar sin molestias.<\/p>\n<p>Se trata de una lana mineral dise\u00f1ada espec\u00edficamente para ser insuflada en c\u00e1maras de aire de los muros exteriores de las viviendas. Solicita a L\u00b4Atalaya un estudio previo de tu hogar, sin compromiso y gratuito, y conocer\u00e1s todas las ventajas de este innovador producto. Sencillo, r\u00e1pido de instalar, limpio y ecol\u00f3gico. En las casas que se ha instalado se ha logrado reducir el consumo energ\u00e9tico a partir de un 25% con el consiguiente ahorro en la factura de un 50% aproximadamente. Adem\u00e1s de su eficacia resulta econ\u00f3mico; entre 2.000 y 3.000 euros supone el coste medio para una vivienda unifamiliar, un gasto que se amortiza en la mayor\u00eda de los casos en un periodo menor a 3 a\u00f1os, dependiendo de la zona geogr\u00e1fica, gracias al ahorro sistem\u00e1tico en las facturas.<\/p>\n<p>Si est\u00e1s pensando en sustituir la caldera o los aparatos de aire acondicionado porque crees que ya no son efectivos, antes deber\u00edas revisar el aislamiento de tu vivienda. Puede que el problema est\u00e9 ah\u00ed. Muchos de nosotros desconocemos si nuestra casa est\u00e1 aislada y qu\u00e9 tipo de aislamiento utiliza. Y es un dato que deber\u00edamos tener en cuenta, ya que de ello depende el consumo de energ\u00eda y el montante de nuestras facturas.<\/p>\n<p><img loading=\"lazy\" decoding=\"async\" class=\"aligncenter size-full wp-image-24793\" src=\"http:\/\/www.ajegranada.org\/wp-content\/uploads\/2018\/02\/Atalaya.jpg\" alt=\"\" width=\"1984\" height=\"1482\"><\/p>\n<p>El sistema se aplica conforme a los siguientes pasos<\/p>\n<ul>\n<li><strong>Conocer el estado de la fachada<\/strong>. El aplicador realiza un exhaustivo examen endosc\u00f3pico para determinar si la cavidad del muro est\u00e1 en buenas condiciones para la posterior aplicaci\u00f3n del producto.<\/li>\n<li><strong>Garantizar la \u00f3ptima distribuci\u00f3n<\/strong>. Se lleva a cabo una serie de orificios en el muro de la fachada en zonas estrat\u00e9gicas con el fin de asegurar la correcta y homog\u00e9nea distribuci\u00f3n y el insuflado del material aislante.<\/li>\n<li><strong>Rellenar los orificios efectuados<\/strong>. La lana mineral Supafil se insufla en los agujeros a trav\u00e9s de unas boquillas muy peque\u00f1as rellenando toda la cavidad. La aplicaci\u00f3n puede ser tanto en obra nueva como en rehabilitaci\u00f3n.<\/li>\n<li><strong>Tapar los agujeros de la fachada<\/strong>. Los orificios realizados en la fachada se ocultan con mortero y as\u00ed \u00e9sta queda intacta. En el caso de fachadas con mortero monocapa, se aplicar\u00e1 un mortero del mismo color.<\/li>\n<\/ul>\n<p>&nbsp;<\/p>\n<p><strong>Las grandes ventajas de Supafil son:<\/strong><\/p>\n<ol>\n<li><strong>Instalaci\u00f3n sin obras.<\/strong> La instalaci\u00f3n se puede realizar en un solo d\u00eda sin modificar las paredes ni tener que desalojar a la familia. Solo es necesario realizar peque\u00f1os orificios que despu\u00e9s se tapan sin dejar rastro de la intevenci\u00f3n. Se puede hacer en todas o s\u00f3lo en algunas habitaciones.<\/li>\n<li><strong>Material ecol\u00f3gico.<\/strong> Se trata de un material respetuoso con el medioambiente que apenas genera residuos. En un d\u00eda puede estar hecha la instalaci\u00f3n, sin obras y sin molestar a los vecinos.<\/li>\n<li><strong>Ayuda a ahorrar.<\/strong> La inversi\u00f3n es muy asequible y se recupera en poco tiempo porque el coste de las facturas empieza a descender considerablemente.<\/li>\n<\/ol>\n<p>&nbsp;<\/p>\n<p><strong>El aislamiento es la manera m\u00e1s eficaz de ahorrar energ\u00eda. Y ya puestos, lo mejor es elegir un sistema r\u00e1pido, limpio, rentable y duradero, como Supafil. As\u00ed que no pierdas m\u00e1s tiempo y dinero y solicita un estudio previo, sin compromiso y gratuito, para instalar el aislamiento Supafil en su hogar.<\/strong><\/p>\n","protected":false},"excerpt":{"rendered":"<p>\u00bfQuieres proteger a tus hijos del fr\u00edo y los ruidos del exterior? \u00bfTe gustar\u00eda mantener una buena temperatura en casa [&hellip;]<\/p>\n","protected":false},"author":6,"featured_media":21220,"comment_status":"open","ping_status":"open","sticky":false,"template":"","format":"standard","meta":{"_acf_changed":false,"site-sidebar-layout":"default","site-content-layout":"","ast-site-content-layout":"default","site-content-style":"default","site-sidebar-style":"default","ast-global-header-display":"","ast-banner-title-visibility":"","ast-main-header-display":"","ast-hfb-above-header-display":"","ast-hfb-below-header-display":"","ast-hfb-mobile-header-display":"","site-post-title":"","ast-breadcrumbs-content":"","ast-featured-img":"","footer-sml-layout":"","ast-disable-related-posts":"","theme-transparent-header-meta":"","adv-header-id-meta":"","stick-header-meta":"","header-above-stick-meta":"","header-main-stick-meta":"","header-below-stick-meta":"","astra-migrate-meta-layouts":"default","ast-page-background-enabled":"default","ast-page-background-meta":{"desktop":{"background-color":"var(--ast-global-color-5)","background-image":"","background-repeat":"repeat","background-position":"center center","background-size":"auto","background-attachment":"scroll","background-type":"","background-media":"","overlay-type":"","overlay-color":"","overlay-opacity":"","overlay-gradient":""},"tablet":{"background-color":"","background-image":"","background-repeat":"repeat","background-position":"center center","background-size":"auto","background-attachment":"scroll","background-type":"","background-media":"","overlay-type":"","overlay-color":"","overlay-opacity":"","overlay-gradient":""},"mobile":{"background-color":"","background-image":"","background-repeat":"repeat","background-position":"center center","background-size":"auto","background-attachment":"scroll","background-type":"","background-media":"","overlay-type":"","overlay-color":"","overlay-opacity":"","overlay-gradient":""}},"ast-content-background-meta":{"desktop":{"background-color":"var(--ast-global-color-4)","background-image":"","background-repeat":"repeat","background-position":"center center","background-size":"auto","background-attachment":"scroll","background-type":"","background-media":"","overlay-type":"","overlay-color":"","overlay-opacity":"","overlay-gradient":""},"tablet":{"background-color":"var(--ast-global-color-4)","background-image":"","background-repeat":"repeat","background-position":"center center","background-size":"auto","background-attachment":"scroll","background-type":"","background-media":"","overlay-type":"","overlay-color":"","overlay-opacity":"","overlay-gradient":""},"mobile":{"background-color":"var(--ast-global-color-4)","background-image":"","background-repeat":"repeat","background-position":"center center","background-size":"auto","background-attachment":"scroll","background-type":"","background-media":"","overlay-type":"","overlay-color":"","overlay-opacity":"","overlay-gradient":""}},"footnotes":""},"categories":[4345,8],"tags":[4528,3259,4529,4335,4530],"class_list":["post-24792","post","type-post","status-publish","format-standard","has-post-thumbnail","hentry","category-destacada","category-noticias","tag-ahorrar-energia","tag-ahorro","tag-aislamiento","tag-latalaya","tag-reducir-costes-en-energia"],"acf":[],"yoast_head":"<!-- This site is optimized with the Yoast SEO plugin v26.9 - https:\/\/yoast.com\/product\/yoast-seo-wordpress\/ -->\n<title>Aislar es ahorrar | L\u00b4Atalaya - AJE Granada<\/title>\n<meta name=\"robots\" content=\"index, follow, max-snippet:-1, max-image-preview:large, max-video-preview:-1\" \/>\n<link rel=\"canonical\" href=\"https:\/\/ajeandalucia.org\/granada\/2018\/02\/27\/aislar-es-ahorrar-latalaya\/\" \/>\n<meta property=\"og:locale\" content=\"es_ES\" \/>\n<meta property=\"og:type\" content=\"article\" \/>\n<meta property=\"og:title\" content=\"Aislar es ahorrar | L\u00b4Atalaya - AJE Granada\" \/>\n<meta property=\"og:description\" content=\"\u00bfQuieres proteger a tus hijos del fr\u00edo y los ruidos del exterior? \u00bfTe gustar\u00eda mantener una buena temperatura en casa [&hellip;]\" \/>\n<meta property=\"og:url\" content=\"https:\/\/ajeandalucia.org\/granada\/2018\/02\/27\/aislar-es-ahorrar-latalaya\/\" \/>\n<meta property=\"og:site_name\" content=\"AJE Granada\" \/>\n<meta property=\"article:published_time\" content=\"2018-02-27T15:31:51+00:00\" \/>\n<meta name=\"author\" content=\"granada\" \/>\n<meta name=\"twitter:card\" content=\"summary_large_image\" \/>\n<meta name=\"twitter:label1\" content=\"Escrito por\" \/>\n\t<meta name=\"twitter:data1\" content=\"granada\" \/>\n\t<meta name=\"twitter:label2\" content=\"Tiempo de lectura\" \/>\n\t<meta name=\"twitter:data2\" content=\"4 minutos\" \/>\n<script type=\"application\/ld+json\" class=\"yoast-schema-graph\">{\"@context\":\"https:\/\/schema.org\",\"@graph\":[{\"@type\":\"Article\",\"@id\":\"https:\/\/ajeandalucia.org\/granada\/2018\/02\/27\/aislar-es-ahorrar-latalaya\/#article\",\"isPartOf\":{\"@id\":\"https:\/\/ajeandalucia.org\/granada\/2018\/02\/27\/aislar-es-ahorrar-latalaya\/\"},\"author\":{\"name\":\"granada\",\"@id\":\"https:\/\/ajeandalucia.org\/granada\/#\/schema\/person\/11740bd602b2087a5d9913ce7ad3b931\"},\"headline\":\"Aislar es ahorrar | L\u00b4Atalaya\",\"datePublished\":\"2018-02-27T15:31:51+00:00\",\"mainEntityOfPage\":{\"@id\":\"https:\/\/ajeandalucia.org\/granada\/2018\/02\/27\/aislar-es-ahorrar-latalaya\/\"},\"wordCount\":742,\"commentCount\":0,\"publisher\":{\"@id\":\"https:\/\/ajeandalucia.org\/granada\/#organization\"},\"image\":{\"@id\":\"https:\/\/ajeandalucia.org\/granada\/2018\/02\/27\/aislar-es-ahorrar-latalaya\/#primaryimage\"},\"thumbnailUrl\":\"\",\"keywords\":[\"ahorrar energia\",\"ahorro\",\"aislamiento\",\"L\u00b4Atalaya\",\"reducir costes en energ\u00eda\"],\"articleSection\":[\"Destacada\",\"Noticias\"],\"inLanguage\":\"es\",\"potentialAction\":[{\"@type\":\"CommentAction\",\"name\":\"Comment\",\"target\":[\"https:\/\/ajeandalucia.org\/granada\/2018\/02\/27\/aislar-es-ahorrar-latalaya\/#respond\"]}]},{\"@type\":\"WebPage\",\"@id\":\"https:\/\/ajeandalucia.org\/granada\/2018\/02\/27\/aislar-es-ahorrar-latalaya\/\",\"url\":\"https:\/\/ajeandalucia.org\/granada\/2018\/02\/27\/aislar-es-ahorrar-latalaya\/\",\"name\":\"Aislar es ahorrar | L\u00b4Atalaya - AJE Granada\",\"isPartOf\":{\"@id\":\"https:\/\/ajeandalucia.org\/granada\/#website\"},\"primaryImageOfPage\":{\"@id\":\"https:\/\/ajeandalucia.org\/granada\/2018\/02\/27\/aislar-es-ahorrar-latalaya\/#primaryimage\"},\"image\":{\"@id\":\"https:\/\/ajeandalucia.org\/granada\/2018\/02\/27\/aislar-es-ahorrar-latalaya\/#primaryimage\"},\"thumbnailUrl\":\"\",\"datePublished\":\"2018-02-27T15:31:51+00:00\",\"breadcrumb\":{\"@id\":\"https:\/\/ajeandalucia.org\/granada\/2018\/02\/27\/aislar-es-ahorrar-latalaya\/#breadcrumb\"},\"inLanguage\":\"es\",\"potentialAction\":[{\"@type\":\"ReadAction\",\"target\":[\"https:\/\/ajeandalucia.org\/granada\/2018\/02\/27\/aislar-es-ahorrar-latalaya\/\"]}]},{\"@type\":\"ImageObject\",\"inLanguage\":\"es\",\"@id\":\"https:\/\/ajeandalucia.org\/granada\/2018\/02\/27\/aislar-es-ahorrar-latalaya\/#primaryimage\",\"url\":\"\",\"contentUrl\":\"\"},{\"@type\":\"BreadcrumbList\",\"@id\":\"https:\/\/ajeandalucia.org\/granada\/2018\/02\/27\/aislar-es-ahorrar-latalaya\/#breadcrumb\",\"itemListElement\":[{\"@type\":\"ListItem\",\"position\":1,\"name\":\"Portada\",\"item\":\"https:\/\/ajeandalucia.org\/granada\/\"},{\"@type\":\"ListItem\",\"position\":2,\"name\":\"Aislar es ahorrar | L\u00b4Atalaya\"}]},{\"@type\":\"WebSite\",\"@id\":\"https:\/\/ajeandalucia.org\/granada\/#website\",\"url\":\"https:\/\/ajeandalucia.org\/granada\/\",\"name\":\"AJE Granada\",\"description\":\"J\u00f3venes Empresarios de Granada\",\"publisher\":{\"@id\":\"https:\/\/ajeandalucia.org\/granada\/#organization\"},\"potentialAction\":[{\"@type\":\"SearchAction\",\"target\":{\"@type\":\"EntryPoint\",\"urlTemplate\":\"https:\/\/ajeandalucia.org\/granada\/?s={search_term_string}\"},\"query-input\":{\"@type\":\"PropertyValueSpecification\",\"valueRequired\":true,\"valueName\":\"search_term_string\"}}],\"inLanguage\":\"es\"},{\"@type\":\"Organization\",\"@id\":\"https:\/\/ajeandalucia.org\/granada\/#organization\",\"name\":\"AJE Granada\",\"url\":\"https:\/\/ajeandalucia.org\/granada\/\",\"logo\":{\"@type\":\"ImageObject\",\"inLanguage\":\"es\",\"@id\":\"https:\/\/ajeandalucia.org\/granada\/#\/schema\/logo\/image\/\",\"url\":\"https:\/\/ajeandalucia.org\/granada\/wp-content\/uploads\/sites\/7\/2025\/02\/AJE-GRANADA-horizontal.png\",\"contentUrl\":\"https:\/\/ajeandalucia.org\/granada\/wp-content\/uploads\/sites\/7\/2025\/02\/AJE-GRANADA-horizontal.png\",\"width\":612,\"height\":200,\"caption\":\"AJE Granada\"},\"image\":{\"@id\":\"https:\/\/ajeandalucia.org\/granada\/#\/schema\/logo\/image\/\"}},{\"@type\":\"Person\",\"@id\":\"https:\/\/ajeandalucia.org\/granada\/#\/schema\/person\/11740bd602b2087a5d9913ce7ad3b931\",\"name\":\"granada\",\"image\":{\"@type\":\"ImageObject\",\"inLanguage\":\"es\",\"@id\":\"https:\/\/ajeandalucia.org\/granada\/#\/schema\/person\/image\/\",\"url\":\"https:\/\/secure.gravatar.com\/avatar\/d3efaa03945b79a8aad01845a3fd3b3535448eae49310ea0a5677e96e0e68b63?s=96&d=mm&r=g\",\"contentUrl\":\"https:\/\/secure.gravatar.com\/avatar\/d3efaa03945b79a8aad01845a3fd3b3535448eae49310ea0a5677e96e0e68b63?s=96&d=mm&r=g\",\"caption\":\"granada\"},\"url\":\"https:\/\/ajeandalucia.org\/granada\/author\/granada\/\"}]}<\/script>\n<!-- \/ Yoast SEO plugin. -->","yoast_head_json":{"title":"Aislar es ahorrar | L\u00b4Atalaya - AJE Granada","robots":{"index":"index","follow":"follow","max-snippet":"max-snippet:-1","max-image-preview":"max-image-preview:large","max-video-preview":"max-video-preview:-1"},"canonical":"https:\/\/ajeandalucia.org\/granada\/2018\/02\/27\/aislar-es-ahorrar-latalaya\/","og_locale":"es_ES","og_type":"article","og_title":"Aislar es ahorrar | L\u00b4Atalaya - AJE Granada","og_description":"\u00bfQuieres proteger a tus hijos del fr\u00edo y los ruidos del exterior? \u00bfTe gustar\u00eda mantener una buena temperatura en casa [&hellip;]","og_url":"https:\/\/ajeandalucia.org\/granada\/2018\/02\/27\/aislar-es-ahorrar-latalaya\/","og_site_name":"AJE Granada","article_published_time":"2018-02-27T15:31:51+00:00","author":"granada","twitter_card":"summary_large_image","twitter_misc":{"Escrito por":"granada","Tiempo de lectura":"4 minutos"},"schema":{"@context":"https:\/\/schema.org","@graph":[{"@type":"Article","@id":"https:\/\/ajeandalucia.org\/granada\/2018\/02\/27\/aislar-es-ahorrar-latalaya\/#article","isPartOf":{"@id":"https:\/\/ajeandalucia.org\/granada\/2018\/02\/27\/aislar-es-ahorrar-latalaya\/"},"author":{"name":"granada","@id":"https:\/\/ajeandalucia.org\/granada\/#\/schema\/person\/11740bd602b2087a5d9913ce7ad3b931"},"headline":"Aislar es ahorrar | L\u00b4Atalaya","datePublished":"2018-02-27T15:31:51+00:00","mainEntityOfPage":{"@id":"https:\/\/ajeandalucia.org\/granada\/2018\/02\/27\/aislar-es-ahorrar-latalaya\/"},"wordCount":742,"commentCount":0,"publisher":{"@id":"https:\/\/ajeandalucia.org\/granada\/#organization"},"image":{"@id":"https:\/\/ajeandalucia.org\/granada\/2018\/02\/27\/aislar-es-ahorrar-latalaya\/#primaryimage"},"thumbnailUrl":"","keywords":["ahorrar energia","ahorro","aislamiento","L\u00b4Atalaya","reducir costes en energ\u00eda"],"articleSection":["Destacada","Noticias"],"inLanguage":"es","potentialAction":[{"@type":"CommentAction","name":"Comment","target":["https:\/\/ajeandalucia.org\/granada\/2018\/02\/27\/aislar-es-ahorrar-latalaya\/#respond"]}]},{"@type":"WebPage","@id":"https:\/\/ajeandalucia.org\/granada\/2018\/02\/27\/aislar-es-ahorrar-latalaya\/","url":"https:\/\/ajeandalucia.org\/granada\/2018\/02\/27\/aislar-es-ahorrar-latalaya\/","name":"Aislar es ahorrar | L\u00b4Atalaya - AJE Granada","isPartOf":{"@id":"https:\/\/ajeandalucia.org\/granada\/#website"},"primaryImageOfPage":{"@id":"https:\/\/ajeandalucia.org\/granada\/2018\/02\/27\/aislar-es-ahorrar-latalaya\/#primaryimage"},"image":{"@id":"https:\/\/ajeandalucia.org\/granada\/2018\/02\/27\/aislar-es-ahorrar-latalaya\/#primaryimage"},"thumbnailUrl":"","datePublished":"2018-02-27T15:31:51+00:00","breadcrumb":{"@id":"https:\/\/ajeandalucia.org\/granada\/2018\/02\/27\/aislar-es-ahorrar-latalaya\/#breadcrumb"},"inLanguage":"es","potentialAction":[{"@type":"ReadAction","target":["https:\/\/ajeandalucia.org\/granada\/2018\/02\/27\/aislar-es-ahorrar-latalaya\/"]}]},{"@type":"ImageObject","inLanguage":"es","@id":"https:\/\/ajeandalucia.org\/granada\/2018\/02\/27\/aislar-es-ahorrar-latalaya\/#primaryimage","url":"","contentUrl":""},{"@type":"BreadcrumbList","@id":"https:\/\/ajeandalucia.org\/granada\/2018\/02\/27\/aislar-es-ahorrar-latalaya\/#breadcrumb","itemListElement":[{"@type":"ListItem","position":1,"name":"Portada","item":"https:\/\/ajeandalucia.org\/granada\/"},{"@type":"ListItem","position":2,"name":"Aislar es ahorrar | L\u00b4Atalaya"}]},{"@type":"WebSite","@id":"https:\/\/ajeandalucia.org\/granada\/#website","url":"https:\/\/ajeandalucia.org\/granada\/","name":"AJE Granada","description":"J\u00f3venes Empresarios de Granada","publisher":{"@id":"https:\/\/ajeandalucia.org\/granada\/#organization"},"potentialAction":[{"@type":"SearchAction","target":{"@type":"EntryPoint","urlTemplate":"https:\/\/ajeandalucia.org\/granada\/?s={search_term_string}"},"query-input":{"@type":"PropertyValueSpecification","valueRequired":true,"valueName":"search_term_string"}}],"inLanguage":"es"},{"@type":"Organization","@id":"https:\/\/ajeandalucia.org\/granada\/#organization","name":"AJE Granada","url":"https:\/\/ajeandalucia.org\/granada\/","logo":{"@type":"ImageObject","inLanguage":"es","@id":"https:\/\/ajeandalucia.org\/granada\/#\/schema\/logo\/image\/","url":"https:\/\/ajeandalucia.org\/granada\/wp-content\/uploads\/sites\/7\/2025\/02\/AJE-GRANADA-horizontal.png","contentUrl":"https:\/\/ajeandalucia.org\/granada\/wp-content\/uploads\/sites\/7\/2025\/02\/AJE-GRANADA-horizontal.png","width":612,"height":200,"caption":"AJE Granada"},"image":{"@id":"https:\/\/ajeandalucia.org\/granada\/#\/schema\/logo\/image\/"}},{"@type":"Person","@id":"https:\/\/ajeandalucia.org\/granada\/#\/schema\/person\/11740bd602b2087a5d9913ce7ad3b931","name":"granada","image":{"@type":"ImageObject","inLanguage":"es","@id":"https:\/\/ajeandalucia.org\/granada\/#\/schema\/person\/image\/","url":"https:\/\/secure.gravatar.com\/avatar\/d3efaa03945b79a8aad01845a3fd3b3535448eae49310ea0a5677e96e0e68b63?s=96&d=mm&r=g","contentUrl":"https:\/\/secure.gravatar.com\/avatar\/d3efaa03945b79a8aad01845a3fd3b3535448eae49310ea0a5677e96e0e68b63?s=96&d=mm&r=g","caption":"granada"},"url":"https:\/\/ajeandalucia.org\/granada\/author\/granada\/"}]}},"_links":{"self":[{"href":"https:\/\/ajeandalucia.org\/granada\/wp-json\/wp\/v2\/posts\/24792","targetHints":{"allow":["GET"]}}],"collection":[{"href":"https:\/\/ajeandalucia.org\/granada\/wp-json\/wp\/v2\/posts"}],"about":[{"href":"https:\/\/ajeandalucia.org\/granada\/wp-json\/wp\/v2\/types\/post"}],"author":[{"embeddable":true,"href":"https:\/\/ajeandalucia.org\/granada\/wp-json\/wp\/v2\/users\/6"}],"replies":[{"embeddable":true,"href":"https:\/\/ajeandalucia.org\/granada\/wp-json\/wp\/v2\/comments?post=24792"}],"version-history":[{"count":0,"href":"https:\/\/ajeandalucia.org\/granada\/wp-json\/wp\/v2\/posts\/24792\/revisions"}],"wp:featuredmedia":[{"embeddable":true,"href":"https:\/\/ajeandalucia.org\/granada\/wp-json\/"}],"wp:attachment":[{"href":"https:\/\/ajeandalucia.org\/granada\/wp-json\/wp\/v2\/media?parent=24792"}],"wp:term":[{"taxonomy":"category","embeddable":true,"href":"https:\/\/ajeandalucia.org\/granada\/wp-json\/wp\/v2\/categories?post=24792"},{"taxonomy":"post_tag","embeddable":true,"href":"https:\/\/ajeandalucia.org\/granada\/wp-json\/wp\/v2\/tags?post=24792"}],"curies":[{"name":"wp","href":"https:\/\/api.w.org\/{rel}","templated":true}]}}