{"id":25089,"date":"2018-04-02T12:36:07","date_gmt":"2018-04-02T10:36:07","guid":{"rendered":"http:\/\/www.ajegranada.org\/?p=25089"},"modified":"2018-04-02T12:36:07","modified_gmt":"2018-04-02T10:36:07","slug":"jumadi-muestra-las-novedades-mas-relevantes-en-higiene-y-hosteleria","status":"publish","type":"post","link":"https:\/\/ajeandalucia.org\/granada\/2018\/04\/02\/jumadi-muestra-las-novedades-mas-relevantes-en-higiene-y-hosteleria\/","title":{"rendered":"Jumadi muestra las novedades m\u00e1s relevantes en higiene y hosteler\u00eda"},"content":{"rendered":"<p>Desde Jumadi hemos organizado una Feria de Puertas Abiertas a nuestros&nbsp;clientes a nivel nacional e internacional en el que se han mostrado las novedades m\u00e1s relevantes de nuestro sector de mano de los fabricantes y multinacionales m\u00e1s importantes en higiene y hosteler\u00eda: Firmas como 3M, Vileda, Rubbermaid, Cambro, Jofel, y AMC en maquinaria de limpieza.&nbsp;<\/p>\n<p>Cont\u00e1bamos con IP Cleaning y mostr\u00e1bamos la novedad de una empresa de productos qu\u00edmicos ecol\u00f3gicos, con uno de los m\u00e1s importantes certificados a nivel mundial Certificado CRADLEandCRADLE. Tambi\u00e9n disfrutamos de la presencia de DEB STOKO, l\u00edder mundial en cremas de protecci\u00f3n y jabones de manos.<\/p>\n<p>Como no pod\u00edan faltar, estaban presentes&nbsp; expositores con nuestras gamas de productos marcas propias Jumadi con las m\u00e1s altas exigencias y Calidad: Anibal, Tizona Cenit y Lidercel.<\/p>\n<p>El evento se desarroll\u00f3 de forma muy entra\u00f1able, ya que hab\u00eda un estupendo ambiente proveedores, equipo comercial Jumadi y clientes. Durante todo el evento nos asisti\u00f3 el Catering del Parador de Golf de M\u00e1laga, por lo que la jornada se hizo todav\u00eda m\u00e1s acogedora pudiendo compartir impresiones y vivencias entre todos los asistentes.<\/p>\n<p><img loading=\"lazy\" decoding=\"async\" class=\"aligncenter size-full wp-image-25090\" src=\"http:\/\/www.ajegranada.org\/wp-content\/uploads\/2018\/04\/IMG_3684.jpg\" alt=\"\" width=\"1600\" height=\"354\"><\/p>\n<p>Nuestro Departamento de I+D no deja de innovar y estamos buscando productos con mucho m\u00e1s valor a\u00f1adido para nuestros clientes, productos con imagen, innovadores y de alta calidad. Y nuevos sistemas que faciliten el trabajo diario de nuestros clientes.<\/p>\n<p>Nuestro eslogan en esta Feria ha sido \u00bfQuiere ver c\u00f3mo podemos convertir su trabajo en algo m\u00e1s f\u00e1cil? Y el motivo ha sido ense\u00f1ar todas las \u00faltimas novedades que hemos ido incorporando. Mes a mes incorporamos como m\u00ednimo dos productos novedosos que luego son testados por nuestros comerciales y clientes que siempre aportan sugerencias y mejoras.<\/p>\n<p>Desde Jumadi asistimos desde hace a\u00f1os a todas las ferias nacionales e Internacionales de nuestro sector. Este a\u00f1o estamos colaborando con Extenda para afianzar nuestras exportaciones y llevar cada vez m\u00e1s referencias al sector internacional.<\/p>\n<p>Estamos acometiendo grandes inversiones en tecnolog\u00eda, como es nuestro pr\u00f3ximo catalogo digital totalmente flexible, personalizable, etc.<\/p>\n<p>Tambi\u00e9n tenemos previsto la implantaci\u00f3n de un nuevo sistema de almacenaje que optimice entradas y salidas de mercanc\u00eda y adem\u00e1s todo tipo de soporte inform\u00e1tico de informaci\u00f3n actualizada a nuestros clientes, estado de sus pedidos, acceso web, descargas de cat\u00e1logos, fichas t\u00e9cnicas y seguridad, certificados de productos ejemplos pr\u00e1cticos, videos demostrativos de los sistemas y un sin fin de opciones personalizables a cada tipo de usuario.<\/p>\n<p>&nbsp;<\/p>\n<p><strong>Contacto:<\/strong><\/p>\n<p><strong>Direcci\u00f3n:<\/strong> Pol. Ind. Dos de Octubre, Calle Bernard Vicent, 4-19,&nbsp;18320, Santa Fe, Granada<br \/>\n<strong>Tel:<\/strong> 958 40 50 00<br \/>\n<strong>Web:<\/strong> www.jumadi.net<br \/>\n<strong>Email:<\/strong> atencioncliente@jumadi.es<\/p>\n<p>&nbsp;<\/p>\n","protected":false},"excerpt":{"rendered":"<p>Desde Jumadi hemos organizado una Feria de Puertas Abiertas a nuestros&nbsp;clientes a nivel nacional e internacional en el que se [&hellip;]<\/p>\n","protected":false},"author":6,"featured_media":23293,"comment_status":"open","ping_status":"open","sticky":false,"template":"","format":"standard","meta":{"_acf_changed":false,"site-sidebar-layout":"default","site-content-layout":"","ast-site-content-layout":"default","site-content-style":"default","site-sidebar-style":"default","ast-global-header-display":"","ast-banner-title-visibility":"","ast-main-header-display":"","ast-hfb-above-header-display":"","ast-hfb-below-header-display":"","ast-hfb-mobile-header-display":"","site-post-title":"","ast-breadcrumbs-content":"","ast-featured-img":"","footer-sml-layout":"","ast-disable-related-posts":"","theme-transparent-header-meta":"","adv-header-id-meta":"","stick-header-meta":"","header-above-stick-meta":"","header-main-stick-meta":"","header-below-stick-meta":"","astra-migrate-meta-layouts":"default","ast-page-background-enabled":"default","ast-page-background-meta":{"desktop":{"background-color":"var(--ast-global-color-5)","background-image":"","background-repeat":"repeat","background-position":"center center","background-size":"auto","background-attachment":"scroll","background-type":"","background-media":"","overlay-type":"","overlay-color":"","overlay-opacity":"","overlay-gradient":""},"tablet":{"background-color":"","background-image":"","background-repeat":"repeat","background-position":"center center","background-size":"auto","background-attachment":"scroll","background-type":"","background-media":"","overlay-type":"","overlay-color":"","overlay-opacity":"","overlay-gradient":""},"mobile":{"background-color":"","background-image":"","background-repeat":"repeat","background-position":"center center","background-size":"auto","background-attachment":"scroll","background-type":"","background-media":"","overlay-type":"","overlay-color":"","overlay-opacity":"","overlay-gradient":""}},"ast-content-background-meta":{"desktop":{"background-color":"var(--ast-global-color-4)","background-image":"","background-repeat":"repeat","background-position":"center center","background-size":"auto","background-attachment":"scroll","background-type":"","background-media":"","overlay-type":"","overlay-color":"","overlay-opacity":"","overlay-gradient":""},"tablet":{"background-color":"var(--ast-global-color-4)","background-image":"","background-repeat":"repeat","background-position":"center center","background-size":"auto","background-attachment":"scroll","background-type":"","background-media":"","overlay-type":"","overlay-color":"","overlay-opacity":"","overlay-gradient":""},"mobile":{"background-color":"var(--ast-global-color-4)","background-image":"","background-repeat":"repeat","background-position":"center center","background-size":"auto","background-attachment":"scroll","background-type":"","background-media":"","overlay-type":"","overlay-color":"","overlay-opacity":"","overlay-gradient":""}},"footnotes":""},"categories":[4345],"tags":[2646,4629,4630],"class_list":["post-25089","post","type-post","status-publish","format-standard","has-post-thumbnail","hentry","category-destacada","tag-feria","tag-feria-de-puertas-abiertas","tag-jumadi"],"acf":[],"yoast_head":"<!-- This site is optimized with the Yoast SEO plugin v26.9 - https:\/\/yoast.com\/product\/yoast-seo-wordpress\/ -->\n<title>Jumadi muestra las novedades m\u00e1s relevantes en higiene y hosteler\u00eda - AJE Granada<\/title>\n<meta name=\"robots\" content=\"index, follow, max-snippet:-1, max-image-preview:large, max-video-preview:-1\" \/>\n<link rel=\"canonical\" href=\"https:\/\/ajeandalucia.org\/granada\/2018\/04\/02\/jumadi-muestra-las-novedades-mas-relevantes-en-higiene-y-hosteleria\/\" \/>\n<meta property=\"og:locale\" content=\"es_ES\" \/>\n<meta property=\"og:type\" content=\"article\" \/>\n<meta property=\"og:title\" content=\"Jumadi muestra las novedades m\u00e1s relevantes en higiene y hosteler\u00eda - AJE Granada\" \/>\n<meta property=\"og:description\" content=\"Desde Jumadi hemos organizado una Feria de Puertas Abiertas a nuestros&nbsp;clientes a nivel nacional e internacional en el que se [&hellip;]\" \/>\n<meta property=\"og:url\" content=\"https:\/\/ajeandalucia.org\/granada\/2018\/04\/02\/jumadi-muestra-las-novedades-mas-relevantes-en-higiene-y-hosteleria\/\" \/>\n<meta property=\"og:site_name\" content=\"AJE Granada\" \/>\n<meta property=\"article:published_time\" content=\"2018-04-02T10:36:07+00:00\" \/>\n<meta name=\"author\" content=\"granada\" \/>\n<meta name=\"twitter:card\" content=\"summary_large_image\" \/>\n<meta name=\"twitter:label1\" content=\"Escrito por\" \/>\n\t<meta name=\"twitter:data1\" content=\"granada\" \/>\n\t<meta name=\"twitter:label2\" content=\"Tiempo de lectura\" \/>\n\t<meta name=\"twitter:data2\" content=\"2 minutos\" \/>\n<script type=\"application\/ld+json\" class=\"yoast-schema-graph\">{\"@context\":\"https:\/\/schema.org\",\"@graph\":[{\"@type\":\"Article\",\"@id\":\"https:\/\/ajeandalucia.org\/granada\/2018\/04\/02\/jumadi-muestra-las-novedades-mas-relevantes-en-higiene-y-hosteleria\/#article\",\"isPartOf\":{\"@id\":\"https:\/\/ajeandalucia.org\/granada\/2018\/04\/02\/jumadi-muestra-las-novedades-mas-relevantes-en-higiene-y-hosteleria\/\"},\"author\":{\"name\":\"granada\",\"@id\":\"https:\/\/ajeandalucia.org\/granada\/#\/schema\/person\/11740bd602b2087a5d9913ce7ad3b931\"},\"headline\":\"Jumadi muestra las novedades m\u00e1s relevantes en higiene y hosteler\u00eda\",\"datePublished\":\"2018-04-02T10:36:07+00:00\",\"mainEntityOfPage\":{\"@id\":\"https:\/\/ajeandalucia.org\/granada\/2018\/04\/02\/jumadi-muestra-las-novedades-mas-relevantes-en-higiene-y-hosteleria\/\"},\"wordCount\":475,\"commentCount\":0,\"publisher\":{\"@id\":\"https:\/\/ajeandalucia.org\/granada\/#organization\"},\"image\":{\"@id\":\"https:\/\/ajeandalucia.org\/granada\/2018\/04\/02\/jumadi-muestra-las-novedades-mas-relevantes-en-higiene-y-hosteleria\/#primaryimage\"},\"thumbnailUrl\":\"\",\"keywords\":[\"feria\",\"feria de puertas abiertas\",\"jumadi\"],\"articleSection\":[\"Destacada\"],\"inLanguage\":\"es\",\"potentialAction\":[{\"@type\":\"CommentAction\",\"name\":\"Comment\",\"target\":[\"https:\/\/ajeandalucia.org\/granada\/2018\/04\/02\/jumadi-muestra-las-novedades-mas-relevantes-en-higiene-y-hosteleria\/#respond\"]}]},{\"@type\":\"WebPage\",\"@id\":\"https:\/\/ajeandalucia.org\/granada\/2018\/04\/02\/jumadi-muestra-las-novedades-mas-relevantes-en-higiene-y-hosteleria\/\",\"url\":\"https:\/\/ajeandalucia.org\/granada\/2018\/04\/02\/jumadi-muestra-las-novedades-mas-relevantes-en-higiene-y-hosteleria\/\",\"name\":\"Jumadi muestra las novedades m\u00e1s relevantes en higiene y hosteler\u00eda - AJE Granada\",\"isPartOf\":{\"@id\":\"https:\/\/ajeandalucia.org\/granada\/#website\"},\"primaryImageOfPage\":{\"@id\":\"https:\/\/ajeandalucia.org\/granada\/2018\/04\/02\/jumadi-muestra-las-novedades-mas-relevantes-en-higiene-y-hosteleria\/#primaryimage\"},\"image\":{\"@id\":\"https:\/\/ajeandalucia.org\/granada\/2018\/04\/02\/jumadi-muestra-las-novedades-mas-relevantes-en-higiene-y-hosteleria\/#primaryimage\"},\"thumbnailUrl\":\"\",\"datePublished\":\"2018-04-02T10:36:07+00:00\",\"breadcrumb\":{\"@id\":\"https:\/\/ajeandalucia.org\/granada\/2018\/04\/02\/jumadi-muestra-las-novedades-mas-relevantes-en-higiene-y-hosteleria\/#breadcrumb\"},\"inLanguage\":\"es\",\"potentialAction\":[{\"@type\":\"ReadAction\",\"target\":[\"https:\/\/ajeandalucia.org\/granada\/2018\/04\/02\/jumadi-muestra-las-novedades-mas-relevantes-en-higiene-y-hosteleria\/\"]}]},{\"@type\":\"ImageObject\",\"inLanguage\":\"es\",\"@id\":\"https:\/\/ajeandalucia.org\/granada\/2018\/04\/02\/jumadi-muestra-las-novedades-mas-relevantes-en-higiene-y-hosteleria\/#primaryimage\",\"url\":\"\",\"contentUrl\":\"\"},{\"@type\":\"BreadcrumbList\",\"@id\":\"https:\/\/ajeandalucia.org\/granada\/2018\/04\/02\/jumadi-muestra-las-novedades-mas-relevantes-en-higiene-y-hosteleria\/#breadcrumb\",\"itemListElement\":[{\"@type\":\"ListItem\",\"position\":1,\"name\":\"Portada\",\"item\":\"https:\/\/ajeandalucia.org\/granada\/\"},{\"@type\":\"ListItem\",\"position\":2,\"name\":\"Jumadi muestra las novedades m\u00e1s relevantes en higiene y hosteler\u00eda\"}]},{\"@type\":\"WebSite\",\"@id\":\"https:\/\/ajeandalucia.org\/granada\/#website\",\"url\":\"https:\/\/ajeandalucia.org\/granada\/\",\"name\":\"AJE Granada\",\"description\":\"J\u00f3venes Empresarios de Granada\",\"publisher\":{\"@id\":\"https:\/\/ajeandalucia.org\/granada\/#organization\"},\"potentialAction\":[{\"@type\":\"SearchAction\",\"target\":{\"@type\":\"EntryPoint\",\"urlTemplate\":\"https:\/\/ajeandalucia.org\/granada\/?s={search_term_string}\"},\"query-input\":{\"@type\":\"PropertyValueSpecification\",\"valueRequired\":true,\"valueName\":\"search_term_string\"}}],\"inLanguage\":\"es\"},{\"@type\":\"Organization\",\"@id\":\"https:\/\/ajeandalucia.org\/granada\/#organization\",\"name\":\"AJE Granada\",\"url\":\"https:\/\/ajeandalucia.org\/granada\/\",\"logo\":{\"@type\":\"ImageObject\",\"inLanguage\":\"es\",\"@id\":\"https:\/\/ajeandalucia.org\/granada\/#\/schema\/logo\/image\/\",\"url\":\"https:\/\/ajeandalucia.org\/granada\/wp-content\/uploads\/sites\/7\/2025\/02\/AJE-GRANADA-horizontal.png\",\"contentUrl\":\"https:\/\/ajeandalucia.org\/granada\/wp-content\/uploads\/sites\/7\/2025\/02\/AJE-GRANADA-horizontal.png\",\"width\":612,\"height\":200,\"caption\":\"AJE Granada\"},\"image\":{\"@id\":\"https:\/\/ajeandalucia.org\/granada\/#\/schema\/logo\/image\/\"}},{\"@type\":\"Person\",\"@id\":\"https:\/\/ajeandalucia.org\/granada\/#\/schema\/person\/11740bd602b2087a5d9913ce7ad3b931\",\"name\":\"granada\",\"image\":{\"@type\":\"ImageObject\",\"inLanguage\":\"es\",\"@id\":\"https:\/\/ajeandalucia.org\/granada\/#\/schema\/person\/image\/\",\"url\":\"https:\/\/secure.gravatar.com\/avatar\/d3efaa03945b79a8aad01845a3fd3b3535448eae49310ea0a5677e96e0e68b63?s=96&d=mm&r=g\",\"contentUrl\":\"https:\/\/secure.gravatar.com\/avatar\/d3efaa03945b79a8aad01845a3fd3b3535448eae49310ea0a5677e96e0e68b63?s=96&d=mm&r=g\",\"caption\":\"granada\"},\"url\":\"https:\/\/ajeandalucia.org\/granada\/author\/granada\/\"}]}<\/script>\n<!-- \/ Yoast SEO plugin. -->","yoast_head_json":{"title":"Jumadi muestra las novedades m\u00e1s relevantes en higiene y hosteler\u00eda - AJE Granada","robots":{"index":"index","follow":"follow","max-snippet":"max-snippet:-1","max-image-preview":"max-image-preview:large","max-video-preview":"max-video-preview:-1"},"canonical":"https:\/\/ajeandalucia.org\/granada\/2018\/04\/02\/jumadi-muestra-las-novedades-mas-relevantes-en-higiene-y-hosteleria\/","og_locale":"es_ES","og_type":"article","og_title":"Jumadi muestra las novedades m\u00e1s relevantes en higiene y hosteler\u00eda - AJE Granada","og_description":"Desde Jumadi hemos organizado una Feria de Puertas Abiertas a nuestros&nbsp;clientes a nivel nacional e internacional en el que se [&hellip;]","og_url":"https:\/\/ajeandalucia.org\/granada\/2018\/04\/02\/jumadi-muestra-las-novedades-mas-relevantes-en-higiene-y-hosteleria\/","og_site_name":"AJE Granada","article_published_time":"2018-04-02T10:36:07+00:00","author":"granada","twitter_card":"summary_large_image","twitter_misc":{"Escrito por":"granada","Tiempo de lectura":"2 minutos"},"schema":{"@context":"https:\/\/schema.org","@graph":[{"@type":"Article","@id":"https:\/\/ajeandalucia.org\/granada\/2018\/04\/02\/jumadi-muestra-las-novedades-mas-relevantes-en-higiene-y-hosteleria\/#article","isPartOf":{"@id":"https:\/\/ajeandalucia.org\/granada\/2018\/04\/02\/jumadi-muestra-las-novedades-mas-relevantes-en-higiene-y-hosteleria\/"},"author":{"name":"granada","@id":"https:\/\/ajeandalucia.org\/granada\/#\/schema\/person\/11740bd602b2087a5d9913ce7ad3b931"},"headline":"Jumadi muestra las novedades m\u00e1s relevantes en higiene y hosteler\u00eda","datePublished":"2018-04-02T10:36:07+00:00","mainEntityOfPage":{"@id":"https:\/\/ajeandalucia.org\/granada\/2018\/04\/02\/jumadi-muestra-las-novedades-mas-relevantes-en-higiene-y-hosteleria\/"},"wordCount":475,"commentCount":0,"publisher":{"@id":"https:\/\/ajeandalucia.org\/granada\/#organization"},"image":{"@id":"https:\/\/ajeandalucia.org\/granada\/2018\/04\/02\/jumadi-muestra-las-novedades-mas-relevantes-en-higiene-y-hosteleria\/#primaryimage"},"thumbnailUrl":"","keywords":["feria","feria de puertas abiertas","jumadi"],"articleSection":["Destacada"],"inLanguage":"es","potentialAction":[{"@type":"CommentAction","name":"Comment","target":["https:\/\/ajeandalucia.org\/granada\/2018\/04\/02\/jumadi-muestra-las-novedades-mas-relevantes-en-higiene-y-hosteleria\/#respond"]}]},{"@type":"WebPage","@id":"https:\/\/ajeandalucia.org\/granada\/2018\/04\/02\/jumadi-muestra-las-novedades-mas-relevantes-en-higiene-y-hosteleria\/","url":"https:\/\/ajeandalucia.org\/granada\/2018\/04\/02\/jumadi-muestra-las-novedades-mas-relevantes-en-higiene-y-hosteleria\/","name":"Jumadi muestra las novedades m\u00e1s relevantes en higiene y hosteler\u00eda - AJE Granada","isPartOf":{"@id":"https:\/\/ajeandalucia.org\/granada\/#website"},"primaryImageOfPage":{"@id":"https:\/\/ajeandalucia.org\/granada\/2018\/04\/02\/jumadi-muestra-las-novedades-mas-relevantes-en-higiene-y-hosteleria\/#primaryimage"},"image":{"@id":"https:\/\/ajeandalucia.org\/granada\/2018\/04\/02\/jumadi-muestra-las-novedades-mas-relevantes-en-higiene-y-hosteleria\/#primaryimage"},"thumbnailUrl":"","datePublished":"2018-04-02T10:36:07+00:00","breadcrumb":{"@id":"https:\/\/ajeandalucia.org\/granada\/2018\/04\/02\/jumadi-muestra-las-novedades-mas-relevantes-en-higiene-y-hosteleria\/#breadcrumb"},"inLanguage":"es","potentialAction":[{"@type":"ReadAction","target":["https:\/\/ajeandalucia.org\/granada\/2018\/04\/02\/jumadi-muestra-las-novedades-mas-relevantes-en-higiene-y-hosteleria\/"]}]},{"@type":"ImageObject","inLanguage":"es","@id":"https:\/\/ajeandalucia.org\/granada\/2018\/04\/02\/jumadi-muestra-las-novedades-mas-relevantes-en-higiene-y-hosteleria\/#primaryimage","url":"","contentUrl":""},{"@type":"BreadcrumbList","@id":"https:\/\/ajeandalucia.org\/granada\/2018\/04\/02\/jumadi-muestra-las-novedades-mas-relevantes-en-higiene-y-hosteleria\/#breadcrumb","itemListElement":[{"@type":"ListItem","position":1,"name":"Portada","item":"https:\/\/ajeandalucia.org\/granada\/"},{"@type":"ListItem","position":2,"name":"Jumadi muestra las novedades m\u00e1s relevantes en higiene y hosteler\u00eda"}]},{"@type":"WebSite","@id":"https:\/\/ajeandalucia.org\/granada\/#website","url":"https:\/\/ajeandalucia.org\/granada\/","name":"AJE Granada","description":"J\u00f3venes Empresarios de Granada","publisher":{"@id":"https:\/\/ajeandalucia.org\/granada\/#organization"},"potentialAction":[{"@type":"SearchAction","target":{"@type":"EntryPoint","urlTemplate":"https:\/\/ajeandalucia.org\/granada\/?s={search_term_string}"},"query-input":{"@type":"PropertyValueSpecification","valueRequired":true,"valueName":"search_term_string"}}],"inLanguage":"es"},{"@type":"Organization","@id":"https:\/\/ajeandalucia.org\/granada\/#organization","name":"AJE Granada","url":"https:\/\/ajeandalucia.org\/granada\/","logo":{"@type":"ImageObject","inLanguage":"es","@id":"https:\/\/ajeandalucia.org\/granada\/#\/schema\/logo\/image\/","url":"https:\/\/ajeandalucia.org\/granada\/wp-content\/uploads\/sites\/7\/2025\/02\/AJE-GRANADA-horizontal.png","contentUrl":"https:\/\/ajeandalucia.org\/granada\/wp-content\/uploads\/sites\/7\/2025\/02\/AJE-GRANADA-horizontal.png","width":612,"height":200,"caption":"AJE Granada"},"image":{"@id":"https:\/\/ajeandalucia.org\/granada\/#\/schema\/logo\/image\/"}},{"@type":"Person","@id":"https:\/\/ajeandalucia.org\/granada\/#\/schema\/person\/11740bd602b2087a5d9913ce7ad3b931","name":"granada","image":{"@type":"ImageObject","inLanguage":"es","@id":"https:\/\/ajeandalucia.org\/granada\/#\/schema\/person\/image\/","url":"https:\/\/secure.gravatar.com\/avatar\/d3efaa03945b79a8aad01845a3fd3b3535448eae49310ea0a5677e96e0e68b63?s=96&d=mm&r=g","contentUrl":"https:\/\/secure.gravatar.com\/avatar\/d3efaa03945b79a8aad01845a3fd3b3535448eae49310ea0a5677e96e0e68b63?s=96&d=mm&r=g","caption":"granada"},"url":"https:\/\/ajeandalucia.org\/granada\/author\/granada\/"}]}},"_links":{"self":[{"href":"https:\/\/ajeandalucia.org\/granada\/wp-json\/wp\/v2\/posts\/25089","targetHints":{"allow":["GET"]}}],"collection":[{"href":"https:\/\/ajeandalucia.org\/granada\/wp-json\/wp\/v2\/posts"}],"about":[{"href":"https:\/\/ajeandalucia.org\/granada\/wp-json\/wp\/v2\/types\/post"}],"author":[{"embeddable":true,"href":"https:\/\/ajeandalucia.org\/granada\/wp-json\/wp\/v2\/users\/6"}],"replies":[{"embeddable":true,"href":"https:\/\/ajeandalucia.org\/granada\/wp-json\/wp\/v2\/comments?post=25089"}],"version-history":[{"count":0,"href":"https:\/\/ajeandalucia.org\/granada\/wp-json\/wp\/v2\/posts\/25089\/revisions"}],"wp:featuredmedia":[{"embeddable":true,"href":"https:\/\/ajeandalucia.org\/granada\/wp-json\/"}],"wp:attachment":[{"href":"https:\/\/ajeandalucia.org\/granada\/wp-json\/wp\/v2\/media?parent=25089"}],"wp:term":[{"taxonomy":"category","embeddable":true,"href":"https:\/\/ajeandalucia.org\/granada\/wp-json\/wp\/v2\/categories?post=25089"},{"taxonomy":"post_tag","embeddable":true,"href":"https:\/\/ajeandalucia.org\/granada\/wp-json\/wp\/v2\/tags?post=25089"}],"curies":[{"name":"wp","href":"https:\/\/api.w.org\/{rel}","templated":true}]}}