{"id":25332,"date":"2018-04-26T13:24:35","date_gmt":"2018-04-26T11:24:35","guid":{"rendered":"http:\/\/www.ajegranada.org\/?p=25332"},"modified":"2018-04-26T13:24:35","modified_gmt":"2018-04-26T11:24:35","slug":"curso-imagen-y-video-para-rrss-dale-formas-a-tus-ideas","status":"publish","type":"post","link":"https:\/\/ajeandalucia.org\/granada\/2018\/04\/26\/curso-imagen-y-video-para-rrss-dale-formas-a-tus-ideas\/","title":{"rendered":"Curso Imagen y Video para RRSS &#8211; Dale formas a tus ideas"},"content":{"rendered":"<div class=\"ast-oembed-container \" style=\"height: 100%;\"><iframe loading=\"lazy\" title=\"dale forma a tus ideas\" width=\"500\" height=\"281\" src=\"https:\/\/www.youtube.com\/embed\/PDDvvJ0u4oI?feature=oembed\" frameborder=\"0\" allow=\"accelerometer; autoplay; clipboard-write; encrypted-media; gyroscope; picture-in-picture; web-share\" referrerpolicy=\"strict-origin-when-cross-origin\" allowfullscreen><\/iframe><\/div>\n<p><strong>\u00bfQuieres crear&nbsp;contenido con Imagen y V\u00eddeo para potenciar tus Redes Sociales? <\/strong><\/p>\n<p>Nuestro asociado&nbsp;<strong><a href=\"http:\/\/www.ajegranada.org\/asociados\/errant-espacio-cowork-y-errant-comunicacion\/\">erranT espacio cowork y erranT Comunicaci\u00f3nran<\/a><\/strong>&nbsp;impartir\u00e1 un curso sobre<strong>&nbsp;creaci\u00f3n de contenido para redes sociales a trav\u00e9s de la imagen gr\u00e1fica y el v\u00eddeo con m\u00f3vil&nbsp;<\/strong> enfocado a&nbsp;Emprendedores, Community managers, bloggers o simplemente curiosos que necesit\u00e1is una soluci\u00f3n de choque a vuestra habilidad en el mundo de la imagen y el audiovisual.<\/p>\n<p><strong>\u00a1Ap\u00fantate y dale formas a tus ideas!<\/strong><\/p>\n<ul>\n<li><strong>Nivel:<\/strong>&nbsp;B\u00e1sico<\/li>\n<li><strong>Fecha:<\/strong>&nbsp;5 y 6 de mayo 2018<\/li>\n<li><strong>Duraci\u00f3n:&nbsp;<\/strong>Sesi\u00f3n presencial: Jornada y media<br \/>\n&nbsp; &nbsp; &nbsp; &nbsp; &nbsp; &nbsp; &nbsp; &nbsp; &nbsp; &nbsp; &nbsp; &nbsp;Acompa\u00f1amiento: 1 mes<\/li>\n<li><strong>Lugar:<\/strong> Sesi\u00f3n presencial: Cowork ErranT, Calle Cruz, 19 Granada<br \/>\n&nbsp; &nbsp; &nbsp; &nbsp; &nbsp; &nbsp; &nbsp; &nbsp; Acompa\u00f1amiento: Online<\/li>\n<\/ul>\n<p><a href=\"http:\/\/www.ajegranada.org\/wp-content\/uploads\/2018\/04\/errante-curso.pdf\">Programa del curso<\/a><\/p>\n<p><strong>M\u00e1s informaci\u00f3n e inscripciones<\/strong> <a href=\"https:\/\/www.4cocos.com\/errant-comunicacion\/curso-imagen-video\/\">aqu\u00ed<\/a><\/p>\n<p><strong>Contacto:<\/strong>&nbsp;958258660 \/&nbsp;<a href=\"mailto:comunidad@errant.es\">comunidad@errant.es<\/a><\/p>\n<p><img loading=\"lazy\" decoding=\"async\" class=\"aligncenter size-full wp-image-25335\" src=\"http:\/\/www.ajegranada.org\/wp-content\/uploads\/2018\/04\/Taller_video_erranT_3.jpg\" alt=\"\" width=\"1920\" height=\"1080\"><\/p>\n<p>&nbsp;<\/p>\n","protected":false},"excerpt":{"rendered":"<p>\u00bfQuieres crear&nbsp;contenido con Imagen y V\u00eddeo para potenciar tus Redes Sociales? Nuestro asociado&nbsp;erranT espacio cowork y erranT Comunicaci\u00f3nran&nbsp;impartir\u00e1 un curso [&hellip;]<\/p>\n","protected":false},"author":6,"featured_media":25333,"comment_status":"open","ping_status":"open","sticky":false,"template":"","format":"standard","meta":{"_acf_changed":false,"site-sidebar-layout":"default","site-content-layout":"","ast-site-content-layout":"default","site-content-style":"default","site-sidebar-style":"default","ast-global-header-display":"","ast-banner-title-visibility":"","ast-main-header-display":"","ast-hfb-above-header-display":"","ast-hfb-below-header-display":"","ast-hfb-mobile-header-display":"","site-post-title":"","ast-breadcrumbs-content":"","ast-featured-img":"","footer-sml-layout":"","ast-disable-related-posts":"","theme-transparent-header-meta":"","adv-header-id-meta":"","stick-header-meta":"","header-above-stick-meta":"","header-main-stick-meta":"","header-below-stick-meta":"","astra-migrate-meta-layouts":"default","ast-page-background-enabled":"default","ast-page-background-meta":{"desktop":{"background-color":"var(--ast-global-color-5)","background-image":"","background-repeat":"repeat","background-position":"center center","background-size":"auto","background-attachment":"scroll","background-type":"","background-media":"","overlay-type":"","overlay-color":"","overlay-opacity":"","overlay-gradient":""},"tablet":{"background-color":"","background-image":"","background-repeat":"repeat","background-position":"center center","background-size":"auto","background-attachment":"scroll","background-type":"","background-media":"","overlay-type":"","overlay-color":"","overlay-opacity":"","overlay-gradient":""},"mobile":{"background-color":"","background-image":"","background-repeat":"repeat","background-position":"center center","background-size":"auto","background-attachment":"scroll","background-type":"","background-media":"","overlay-type":"","overlay-color":"","overlay-opacity":"","overlay-gradient":""}},"ast-content-background-meta":{"desktop":{"background-color":"var(--ast-global-color-4)","background-image":"","background-repeat":"repeat","background-position":"center center","background-size":"auto","background-attachment":"scroll","background-type":"","background-media":"","overlay-type":"","overlay-color":"","overlay-opacity":"","overlay-gradient":""},"tablet":{"background-color":"var(--ast-global-color-4)","background-image":"","background-repeat":"repeat","background-position":"center center","background-size":"auto","background-attachment":"scroll","background-type":"","background-media":"","overlay-type":"","overlay-color":"","overlay-opacity":"","overlay-gradient":""},"mobile":{"background-color":"var(--ast-global-color-4)","background-image":"","background-repeat":"repeat","background-position":"center center","background-size":"auto","background-attachment":"scroll","background-type":"","background-media":"","overlay-type":"","overlay-color":"","overlay-opacity":"","overlay-gradient":""}},"footnotes":""},"categories":[4342],"tags":[4678,4679,4680],"class_list":["post-25332","post","type-post","status-publish","format-standard","has-post-thumbnail","hentry","category-formacion-4","tag-cursos-en-granada","tag-cursos-imagen","tag-cursos-video"],"acf":[],"yoast_head":"<!-- This site is optimized with the Yoast SEO plugin v26.9 - https:\/\/yoast.com\/product\/yoast-seo-wordpress\/ -->\n<title>Curso Imagen y Video para RRSS - Dale formas a tus ideas - AJE Granada<\/title>\n<meta name=\"robots\" content=\"index, follow, max-snippet:-1, max-image-preview:large, max-video-preview:-1\" \/>\n<link rel=\"canonical\" href=\"https:\/\/ajeandalucia.org\/granada\/2018\/04\/26\/curso-imagen-y-video-para-rrss-dale-formas-a-tus-ideas\/\" \/>\n<meta property=\"og:locale\" content=\"es_ES\" \/>\n<meta property=\"og:type\" content=\"article\" \/>\n<meta property=\"og:title\" content=\"Curso Imagen y Video para RRSS - Dale formas a tus ideas - AJE Granada\" \/>\n<meta property=\"og:description\" content=\"\u00bfQuieres crear&nbsp;contenido con Imagen y V\u00eddeo para potenciar tus Redes Sociales? Nuestro asociado&nbsp;erranT espacio cowork y erranT Comunicaci\u00f3nran&nbsp;impartir\u00e1 un curso [&hellip;]\" \/>\n<meta property=\"og:url\" content=\"https:\/\/ajeandalucia.org\/granada\/2018\/04\/26\/curso-imagen-y-video-para-rrss-dale-formas-a-tus-ideas\/\" \/>\n<meta property=\"og:site_name\" content=\"AJE Granada\" \/>\n<meta property=\"article:published_time\" content=\"2018-04-26T11:24:35+00:00\" \/>\n<meta name=\"author\" content=\"granada\" \/>\n<meta name=\"twitter:card\" content=\"summary_large_image\" \/>\n<meta name=\"twitter:label1\" content=\"Escrito por\" \/>\n\t<meta name=\"twitter:data1\" content=\"granada\" \/>\n\t<meta name=\"twitter:label2\" content=\"Tiempo de lectura\" \/>\n\t<meta name=\"twitter:data2\" content=\"1 minuto\" \/>\n<script type=\"application\/ld+json\" class=\"yoast-schema-graph\">{\"@context\":\"https:\/\/schema.org\",\"@graph\":[{\"@type\":\"Article\",\"@id\":\"https:\/\/ajeandalucia.org\/granada\/2018\/04\/26\/curso-imagen-y-video-para-rrss-dale-formas-a-tus-ideas\/#article\",\"isPartOf\":{\"@id\":\"https:\/\/ajeandalucia.org\/granada\/2018\/04\/26\/curso-imagen-y-video-para-rrss-dale-formas-a-tus-ideas\/\"},\"author\":{\"name\":\"granada\",\"@id\":\"https:\/\/ajeandalucia.org\/granada\/#\/schema\/person\/11740bd602b2087a5d9913ce7ad3b931\"},\"headline\":\"Curso Imagen y Video para RRSS &#8211; Dale formas a tus ideas\",\"datePublished\":\"2018-04-26T11:24:35+00:00\",\"mainEntityOfPage\":{\"@id\":\"https:\/\/ajeandalucia.org\/granada\/2018\/04\/26\/curso-imagen-y-video-para-rrss-dale-formas-a-tus-ideas\/\"},\"wordCount\":179,\"commentCount\":0,\"publisher\":{\"@id\":\"https:\/\/ajeandalucia.org\/granada\/#organization\"},\"image\":{\"@id\":\"https:\/\/ajeandalucia.org\/granada\/2018\/04\/26\/curso-imagen-y-video-para-rrss-dale-formas-a-tus-ideas\/#primaryimage\"},\"thumbnailUrl\":\"\",\"keywords\":[\"cursos en granada\",\"cursos imagen\",\"cursos video\"],\"articleSection\":[\"Formaci\u00f3n\"],\"inLanguage\":\"es\",\"potentialAction\":[{\"@type\":\"CommentAction\",\"name\":\"Comment\",\"target\":[\"https:\/\/ajeandalucia.org\/granada\/2018\/04\/26\/curso-imagen-y-video-para-rrss-dale-formas-a-tus-ideas\/#respond\"]}]},{\"@type\":\"WebPage\",\"@id\":\"https:\/\/ajeandalucia.org\/granada\/2018\/04\/26\/curso-imagen-y-video-para-rrss-dale-formas-a-tus-ideas\/\",\"url\":\"https:\/\/ajeandalucia.org\/granada\/2018\/04\/26\/curso-imagen-y-video-para-rrss-dale-formas-a-tus-ideas\/\",\"name\":\"Curso Imagen y Video para RRSS - Dale formas a tus ideas - AJE Granada\",\"isPartOf\":{\"@id\":\"https:\/\/ajeandalucia.org\/granada\/#website\"},\"primaryImageOfPage\":{\"@id\":\"https:\/\/ajeandalucia.org\/granada\/2018\/04\/26\/curso-imagen-y-video-para-rrss-dale-formas-a-tus-ideas\/#primaryimage\"},\"image\":{\"@id\":\"https:\/\/ajeandalucia.org\/granada\/2018\/04\/26\/curso-imagen-y-video-para-rrss-dale-formas-a-tus-ideas\/#primaryimage\"},\"thumbnailUrl\":\"\",\"datePublished\":\"2018-04-26T11:24:35+00:00\",\"breadcrumb\":{\"@id\":\"https:\/\/ajeandalucia.org\/granada\/2018\/04\/26\/curso-imagen-y-video-para-rrss-dale-formas-a-tus-ideas\/#breadcrumb\"},\"inLanguage\":\"es\",\"potentialAction\":[{\"@type\":\"ReadAction\",\"target\":[\"https:\/\/ajeandalucia.org\/granada\/2018\/04\/26\/curso-imagen-y-video-para-rrss-dale-formas-a-tus-ideas\/\"]}]},{\"@type\":\"ImageObject\",\"inLanguage\":\"es\",\"@id\":\"https:\/\/ajeandalucia.org\/granada\/2018\/04\/26\/curso-imagen-y-video-para-rrss-dale-formas-a-tus-ideas\/#primaryimage\",\"url\":\"\",\"contentUrl\":\"\"},{\"@type\":\"BreadcrumbList\",\"@id\":\"https:\/\/ajeandalucia.org\/granada\/2018\/04\/26\/curso-imagen-y-video-para-rrss-dale-formas-a-tus-ideas\/#breadcrumb\",\"itemListElement\":[{\"@type\":\"ListItem\",\"position\":1,\"name\":\"Portada\",\"item\":\"https:\/\/ajeandalucia.org\/granada\/\"},{\"@type\":\"ListItem\",\"position\":2,\"name\":\"Curso Imagen y Video para RRSS &#8211; Dale formas a tus ideas\"}]},{\"@type\":\"WebSite\",\"@id\":\"https:\/\/ajeandalucia.org\/granada\/#website\",\"url\":\"https:\/\/ajeandalucia.org\/granada\/\",\"name\":\"AJE Granada\",\"description\":\"J\u00f3venes Empresarios de Granada\",\"publisher\":{\"@id\":\"https:\/\/ajeandalucia.org\/granada\/#organization\"},\"potentialAction\":[{\"@type\":\"SearchAction\",\"target\":{\"@type\":\"EntryPoint\",\"urlTemplate\":\"https:\/\/ajeandalucia.org\/granada\/?s={search_term_string}\"},\"query-input\":{\"@type\":\"PropertyValueSpecification\",\"valueRequired\":true,\"valueName\":\"search_term_string\"}}],\"inLanguage\":\"es\"},{\"@type\":\"Organization\",\"@id\":\"https:\/\/ajeandalucia.org\/granada\/#organization\",\"name\":\"AJE Granada\",\"url\":\"https:\/\/ajeandalucia.org\/granada\/\",\"logo\":{\"@type\":\"ImageObject\",\"inLanguage\":\"es\",\"@id\":\"https:\/\/ajeandalucia.org\/granada\/#\/schema\/logo\/image\/\",\"url\":\"https:\/\/ajeandalucia.org\/granada\/wp-content\/uploads\/sites\/7\/2025\/02\/AJE-GRANADA-horizontal.png\",\"contentUrl\":\"https:\/\/ajeandalucia.org\/granada\/wp-content\/uploads\/sites\/7\/2025\/02\/AJE-GRANADA-horizontal.png\",\"width\":612,\"height\":200,\"caption\":\"AJE Granada\"},\"image\":{\"@id\":\"https:\/\/ajeandalucia.org\/granada\/#\/schema\/logo\/image\/\"}},{\"@type\":\"Person\",\"@id\":\"https:\/\/ajeandalucia.org\/granada\/#\/schema\/person\/11740bd602b2087a5d9913ce7ad3b931\",\"name\":\"granada\",\"image\":{\"@type\":\"ImageObject\",\"inLanguage\":\"es\",\"@id\":\"https:\/\/ajeandalucia.org\/granada\/#\/schema\/person\/image\/\",\"url\":\"https:\/\/secure.gravatar.com\/avatar\/d3efaa03945b79a8aad01845a3fd3b3535448eae49310ea0a5677e96e0e68b63?s=96&d=mm&r=g\",\"contentUrl\":\"https:\/\/secure.gravatar.com\/avatar\/d3efaa03945b79a8aad01845a3fd3b3535448eae49310ea0a5677e96e0e68b63?s=96&d=mm&r=g\",\"caption\":\"granada\"},\"url\":\"https:\/\/ajeandalucia.org\/granada\/author\/granada\/\"}]}<\/script>\n<!-- \/ Yoast SEO plugin. -->","yoast_head_json":{"title":"Curso Imagen y Video para RRSS - Dale formas a tus ideas - AJE Granada","robots":{"index":"index","follow":"follow","max-snippet":"max-snippet:-1","max-image-preview":"max-image-preview:large","max-video-preview":"max-video-preview:-1"},"canonical":"https:\/\/ajeandalucia.org\/granada\/2018\/04\/26\/curso-imagen-y-video-para-rrss-dale-formas-a-tus-ideas\/","og_locale":"es_ES","og_type":"article","og_title":"Curso Imagen y Video para RRSS - Dale formas a tus ideas - AJE Granada","og_description":"\u00bfQuieres crear&nbsp;contenido con Imagen y V\u00eddeo para potenciar tus Redes Sociales? Nuestro asociado&nbsp;erranT espacio cowork y erranT Comunicaci\u00f3nran&nbsp;impartir\u00e1 un curso [&hellip;]","og_url":"https:\/\/ajeandalucia.org\/granada\/2018\/04\/26\/curso-imagen-y-video-para-rrss-dale-formas-a-tus-ideas\/","og_site_name":"AJE Granada","article_published_time":"2018-04-26T11:24:35+00:00","author":"granada","twitter_card":"summary_large_image","twitter_misc":{"Escrito por":"granada","Tiempo de lectura":"1 minuto"},"schema":{"@context":"https:\/\/schema.org","@graph":[{"@type":"Article","@id":"https:\/\/ajeandalucia.org\/granada\/2018\/04\/26\/curso-imagen-y-video-para-rrss-dale-formas-a-tus-ideas\/#article","isPartOf":{"@id":"https:\/\/ajeandalucia.org\/granada\/2018\/04\/26\/curso-imagen-y-video-para-rrss-dale-formas-a-tus-ideas\/"},"author":{"name":"granada","@id":"https:\/\/ajeandalucia.org\/granada\/#\/schema\/person\/11740bd602b2087a5d9913ce7ad3b931"},"headline":"Curso Imagen y Video para RRSS &#8211; Dale formas a tus ideas","datePublished":"2018-04-26T11:24:35+00:00","mainEntityOfPage":{"@id":"https:\/\/ajeandalucia.org\/granada\/2018\/04\/26\/curso-imagen-y-video-para-rrss-dale-formas-a-tus-ideas\/"},"wordCount":179,"commentCount":0,"publisher":{"@id":"https:\/\/ajeandalucia.org\/granada\/#organization"},"image":{"@id":"https:\/\/ajeandalucia.org\/granada\/2018\/04\/26\/curso-imagen-y-video-para-rrss-dale-formas-a-tus-ideas\/#primaryimage"},"thumbnailUrl":"","keywords":["cursos en granada","cursos imagen","cursos video"],"articleSection":["Formaci\u00f3n"],"inLanguage":"es","potentialAction":[{"@type":"CommentAction","name":"Comment","target":["https:\/\/ajeandalucia.org\/granada\/2018\/04\/26\/curso-imagen-y-video-para-rrss-dale-formas-a-tus-ideas\/#respond"]}]},{"@type":"WebPage","@id":"https:\/\/ajeandalucia.org\/granada\/2018\/04\/26\/curso-imagen-y-video-para-rrss-dale-formas-a-tus-ideas\/","url":"https:\/\/ajeandalucia.org\/granada\/2018\/04\/26\/curso-imagen-y-video-para-rrss-dale-formas-a-tus-ideas\/","name":"Curso Imagen y Video para RRSS - Dale formas a tus ideas - AJE Granada","isPartOf":{"@id":"https:\/\/ajeandalucia.org\/granada\/#website"},"primaryImageOfPage":{"@id":"https:\/\/ajeandalucia.org\/granada\/2018\/04\/26\/curso-imagen-y-video-para-rrss-dale-formas-a-tus-ideas\/#primaryimage"},"image":{"@id":"https:\/\/ajeandalucia.org\/granada\/2018\/04\/26\/curso-imagen-y-video-para-rrss-dale-formas-a-tus-ideas\/#primaryimage"},"thumbnailUrl":"","datePublished":"2018-04-26T11:24:35+00:00","breadcrumb":{"@id":"https:\/\/ajeandalucia.org\/granada\/2018\/04\/26\/curso-imagen-y-video-para-rrss-dale-formas-a-tus-ideas\/#breadcrumb"},"inLanguage":"es","potentialAction":[{"@type":"ReadAction","target":["https:\/\/ajeandalucia.org\/granada\/2018\/04\/26\/curso-imagen-y-video-para-rrss-dale-formas-a-tus-ideas\/"]}]},{"@type":"ImageObject","inLanguage":"es","@id":"https:\/\/ajeandalucia.org\/granada\/2018\/04\/26\/curso-imagen-y-video-para-rrss-dale-formas-a-tus-ideas\/#primaryimage","url":"","contentUrl":""},{"@type":"BreadcrumbList","@id":"https:\/\/ajeandalucia.org\/granada\/2018\/04\/26\/curso-imagen-y-video-para-rrss-dale-formas-a-tus-ideas\/#breadcrumb","itemListElement":[{"@type":"ListItem","position":1,"name":"Portada","item":"https:\/\/ajeandalucia.org\/granada\/"},{"@type":"ListItem","position":2,"name":"Curso Imagen y Video para RRSS &#8211; Dale formas a tus ideas"}]},{"@type":"WebSite","@id":"https:\/\/ajeandalucia.org\/granada\/#website","url":"https:\/\/ajeandalucia.org\/granada\/","name":"AJE Granada","description":"J\u00f3venes Empresarios de Granada","publisher":{"@id":"https:\/\/ajeandalucia.org\/granada\/#organization"},"potentialAction":[{"@type":"SearchAction","target":{"@type":"EntryPoint","urlTemplate":"https:\/\/ajeandalucia.org\/granada\/?s={search_term_string}"},"query-input":{"@type":"PropertyValueSpecification","valueRequired":true,"valueName":"search_term_string"}}],"inLanguage":"es"},{"@type":"Organization","@id":"https:\/\/ajeandalucia.org\/granada\/#organization","name":"AJE Granada","url":"https:\/\/ajeandalucia.org\/granada\/","logo":{"@type":"ImageObject","inLanguage":"es","@id":"https:\/\/ajeandalucia.org\/granada\/#\/schema\/logo\/image\/","url":"https:\/\/ajeandalucia.org\/granada\/wp-content\/uploads\/sites\/7\/2025\/02\/AJE-GRANADA-horizontal.png","contentUrl":"https:\/\/ajeandalucia.org\/granada\/wp-content\/uploads\/sites\/7\/2025\/02\/AJE-GRANADA-horizontal.png","width":612,"height":200,"caption":"AJE Granada"},"image":{"@id":"https:\/\/ajeandalucia.org\/granada\/#\/schema\/logo\/image\/"}},{"@type":"Person","@id":"https:\/\/ajeandalucia.org\/granada\/#\/schema\/person\/11740bd602b2087a5d9913ce7ad3b931","name":"granada","image":{"@type":"ImageObject","inLanguage":"es","@id":"https:\/\/ajeandalucia.org\/granada\/#\/schema\/person\/image\/","url":"https:\/\/secure.gravatar.com\/avatar\/d3efaa03945b79a8aad01845a3fd3b3535448eae49310ea0a5677e96e0e68b63?s=96&d=mm&r=g","contentUrl":"https:\/\/secure.gravatar.com\/avatar\/d3efaa03945b79a8aad01845a3fd3b3535448eae49310ea0a5677e96e0e68b63?s=96&d=mm&r=g","caption":"granada"},"url":"https:\/\/ajeandalucia.org\/granada\/author\/granada\/"}]}},"_links":{"self":[{"href":"https:\/\/ajeandalucia.org\/granada\/wp-json\/wp\/v2\/posts\/25332","targetHints":{"allow":["GET"]}}],"collection":[{"href":"https:\/\/ajeandalucia.org\/granada\/wp-json\/wp\/v2\/posts"}],"about":[{"href":"https:\/\/ajeandalucia.org\/granada\/wp-json\/wp\/v2\/types\/post"}],"author":[{"embeddable":true,"href":"https:\/\/ajeandalucia.org\/granada\/wp-json\/wp\/v2\/users\/6"}],"replies":[{"embeddable":true,"href":"https:\/\/ajeandalucia.org\/granada\/wp-json\/wp\/v2\/comments?post=25332"}],"version-history":[{"count":0,"href":"https:\/\/ajeandalucia.org\/granada\/wp-json\/wp\/v2\/posts\/25332\/revisions"}],"wp:featuredmedia":[{"embeddable":true,"href":"https:\/\/ajeandalucia.org\/granada\/wp-json\/"}],"wp:attachment":[{"href":"https:\/\/ajeandalucia.org\/granada\/wp-json\/wp\/v2\/media?parent=25332"}],"wp:term":[{"taxonomy":"category","embeddable":true,"href":"https:\/\/ajeandalucia.org\/granada\/wp-json\/wp\/v2\/categories?post=25332"},{"taxonomy":"post_tag","embeddable":true,"href":"https:\/\/ajeandalucia.org\/granada\/wp-json\/wp\/v2\/tags?post=25332"}],"curies":[{"name":"wp","href":"https:\/\/api.w.org\/{rel}","templated":true}]}}