{"id":25440,"date":"2018-05-21T17:56:11","date_gmt":"2018-05-21T15:56:11","guid":{"rendered":"http:\/\/www.ajegranada.org\/?p=25440"},"modified":"2018-05-21T17:56:11","modified_gmt":"2018-05-21T15:56:11","slug":"cajagranada-fundacion-retos-de-futuro","status":"publish","type":"post","link":"https:\/\/ajeandalucia.org\/granada\/2018\/05\/21\/cajagranada-fundacion-retos-de-futuro\/","title":{"rendered":"CajaGranada Fundaci\u00f3n: retos de futuro"},"content":{"rendered":"<div class=\"_2cuy _3dgx _2vxa\">En el actual contexto econ\u00f3mico, social y cultural de nuestra provincia, CajaGranada Fundaci\u00f3n desempe\u00f1a un importante papel como dinamizadora e impulsora de diferentes iniciativas y proyectos sociales, culturales y medioambientales en beneficio de la comunidad.<\/div>\n<div class=\"_2cuy _3dgx _2vxa\">&nbsp;<\/div>\n<div class=\"_2cuy _3dgx _2vxa\">En el \u00e1mbito social, y de la mano de Bankia en Acci\u00f3n, CajaGranada Fundaci\u00f3n ha convocado la vig\u00e9sima tercera edici\u00f3n del programa \u201cAyudamos a los que ayudan\u201d, una iniciativa de apoyo a diferentes ONG`s y asociaciones sin \u00e1nimo de lucro de Granada, Ja\u00e9n, Almer\u00eda y M\u00e1laga. Este a\u00f1o hemos incrementado notablemente la dotaci\u00f3n econ\u00f3mica de este programa hasta alcanzar los 212.500 euros.<\/div>\n<div class=\"_2cuy _3dgx _2vxa\">&nbsp;<\/div>\n<div class=\"_2cuy _3dgx _2vxa\">CajaGranada Fundaci\u00f3n est\u00e1 igualmente impulsando nuevos proyectos medioambientales, tambi\u00e9n con el apoyo de Bankia, as\u00ed como la reforestaci\u00f3n en diferentes lugares de Ja\u00e9n y Granada.<\/div>\n<div class=\"_2cuy _3dgx _2vxa\">&nbsp;<\/div>\n<div class=\"_2cuy _3dgx _2vxa\">El apoyo a los municipios contin\u00faa siendo se\u00f1a de identidad. La instalaci\u00f3n de parques infantiles y saludables en buena parte de las ciudades y pueblos de nuestro entorno es uno de los logros por los que la entidad puede sentirse m\u00e1s orgullosa. Continuamos con esa labor y le adicionamos las acciones vinculadas a la lucha contra la exclusi\u00f3n financiera. De hecho, el emprendimiento y la educaci\u00f3n financiera en todo el territorio han estado muy presentes en la actividad de CajaGranada Fundaci\u00f3n en los \u00faltimos a\u00f1os, a trav\u00e9s de la organizaci\u00f3n de talleres, cursos y seminarios en los que han participado miles de personas.<\/div>\n<div class=\"_2cuy _3dgx _2vxa\">&nbsp;<\/div>\n<div class=\"_2cuy _3dgx _2vxa\">En otro \u00e1mbito, un compromiso irrenunciable de CajaGranada Fundaci\u00f3n es el impulso de la cultura, la creaci\u00f3n y la difusi\u00f3n de las diversas expresiones art\u00edsticas en nuestra tierra, uno de los pilares fundamentales en los que se asienta la socioeconom\u00eda andaluza.<\/div>\n<div class=\"_2cuy _3dgx _2vxa\">Cuatro centros expositivos entre Granada, Ja\u00e9n y Motril permiten a CajaGranada Fundaci\u00f3n ser referente en el mundo del arte y la cultura, con decenas de exposiciones anuales dirigidas a los p\u00fablicos m\u00e1s variados. Premios literarios, conferencias, ciclos de cine, conciertos, obras de teatro y un largo etc\u00e9tera de actividades organizadas por CajaGranada Fundaci\u00f3n hacen de ella una de las entidades con mayor peso espec\u00edfico en el panorama cultural de nuestra tierra.<\/div>\n<div class=\"_2cuy _3dgx _2vxa\">&nbsp;<\/div>\n<div class=\"_2cuy _3dgx _2vxa\">El Centro Cultural Memoria de Andaluc\u00eda es uno de los m\u00e1s importantes contenedores culturales de Andaluc\u00eda. El Museo Memoria de Andaluc\u00eda ofrece un recorrido por nuestra historia, para todos los p\u00fablicos, que invita a conocer y descubrir los paisajes, modos de vida y grandes personalidades de Andaluc\u00eda. Adem\u00e1s, empezamos a construir el Museo de los ni\u00f1os, dirigido a las familias y al turismo familiar. En el espacio de exposiciones temporales pueden disfrutarse a la vez de tres o cuatro muestras distintas, con tem\u00e1tica variada, adem\u00e1s de la Colecci\u00f3n Permanente de CajaGranada. Y a ello debe sumarse la Mediateca Francisco Ayala y el Teatro CajaGranada para configurar el centro cultural m\u00e1s importante de Granada.<\/div>\n<div class=\"_2cuy _3dgx _2vxa\">&nbsp;<\/div>\n<div class=\"_2cuy _3dgx _2vxa\">Esta actividad propia no impide nuestra colaboraci\u00f3n con los principales eventos culturales de Granada: la Feria del Libro, la Orquesta Ciudad de Granada, el Festival de M\u00fasica y Danza o Granada Noir, entre otras. Una colaboraci\u00f3n que permite engrandecer la oferta cultural de nuestro entorno y contribuye a la consolidaci\u00f3n de Granada como destino tur\u00edstico de primer orden.<\/div>\n<div class=\"_2cuy _3dgx _2vxa\">&nbsp;<\/div>\n<div class=\"_2cuy _3dgx _2vxa\">El compromiso de CajaGranada Fundaci\u00f3n es continuar siendo un importante dinamizador de la actividad social y cultural, proponiendo una oferta de actividades que resulten formativas, atractivas y enriquecedoras. Es nuestra forma de ser \u00fatiles a una ciudadan\u00eda que hace la Fundaci\u00f3n. Una Fundaci\u00f3n abierta a la colaboraci\u00f3n con instituciones, empresas, asociaciones y colectivos para generar sinergias positivas en beneficio de la comunidad.<\/div>\n<div class=\"_2cuy _3dgx _2vxa\">&nbsp;<\/div>\n<div class=\"_2cuy _3dgx _2vxa\">Jos\u00e9 Antonio Montilla<\/div>\n<div class=\"_2cuy _3dgx _2vxa\">Presidente de CajaGranada Fundaci\u00f3n<\/div>\n","protected":false},"excerpt":{"rendered":"<p>En el actual contexto econ\u00f3mico, social y cultural de nuestra provincia, CajaGranada Fundaci\u00f3n desempe\u00f1a un importante papel como dinamizadora e [&hellip;]<\/p>\n","protected":false},"author":6,"featured_media":25441,"comment_status":"open","ping_status":"open","sticky":false,"template":"","format":"standard","meta":{"_acf_changed":false,"site-sidebar-layout":"default","site-content-layout":"","ast-site-content-layout":"default","site-content-style":"default","site-sidebar-style":"default","ast-global-header-display":"","ast-banner-title-visibility":"","ast-main-header-display":"","ast-hfb-above-header-display":"","ast-hfb-below-header-display":"","ast-hfb-mobile-header-display":"","site-post-title":"","ast-breadcrumbs-content":"","ast-featured-img":"","footer-sml-layout":"","ast-disable-related-posts":"","theme-transparent-header-meta":"","adv-header-id-meta":"","stick-header-meta":"","header-above-stick-meta":"","header-main-stick-meta":"","header-below-stick-meta":"","astra-migrate-meta-layouts":"default","ast-page-background-enabled":"default","ast-page-background-meta":{"desktop":{"background-color":"var(--ast-global-color-5)","background-image":"","background-repeat":"repeat","background-position":"center center","background-size":"auto","background-attachment":"scroll","background-type":"","background-media":"","overlay-type":"","overlay-color":"","overlay-opacity":"","overlay-gradient":""},"tablet":{"background-color":"","background-image":"","background-repeat":"repeat","background-position":"center center","background-size":"auto","background-attachment":"scroll","background-type":"","background-media":"","overlay-type":"","overlay-color":"","overlay-opacity":"","overlay-gradient":""},"mobile":{"background-color":"","background-image":"","background-repeat":"repeat","background-position":"center center","background-size":"auto","background-attachment":"scroll","background-type":"","background-media":"","overlay-type":"","overlay-color":"","overlay-opacity":"","overlay-gradient":""}},"ast-content-background-meta":{"desktop":{"background-color":"var(--ast-global-color-4)","background-image":"","background-repeat":"repeat","background-position":"center center","background-size":"auto","background-attachment":"scroll","background-type":"","background-media":"","overlay-type":"","overlay-color":"","overlay-opacity":"","overlay-gradient":""},"tablet":{"background-color":"var(--ast-global-color-4)","background-image":"","background-repeat":"repeat","background-position":"center center","background-size":"auto","background-attachment":"scroll","background-type":"","background-media":"","overlay-type":"","overlay-color":"","overlay-opacity":"","overlay-gradient":""},"mobile":{"background-color":"var(--ast-global-color-4)","background-image":"","background-repeat":"repeat","background-position":"center center","background-size":"auto","background-attachment":"scroll","background-type":"","background-media":"","overlay-type":"","overlay-color":"","overlay-opacity":"","overlay-gradient":""}},"footnotes":""},"categories":[4345,8],"tags":[4709],"class_list":["post-25440","post","type-post","status-publish","format-standard","has-post-thumbnail","hentry","category-destacada","category-noticias","tag-caja-granada"],"acf":[],"yoast_head":"<!-- This site is optimized with the Yoast SEO plugin v26.9 - https:\/\/yoast.com\/product\/yoast-seo-wordpress\/ -->\n<title>CajaGranada Fundaci\u00f3n: retos de futuro - AJE Granada<\/title>\n<meta name=\"robots\" content=\"index, follow, max-snippet:-1, max-image-preview:large, max-video-preview:-1\" \/>\n<link rel=\"canonical\" href=\"https:\/\/ajeandalucia.org\/granada\/2018\/05\/21\/cajagranada-fundacion-retos-de-futuro\/\" \/>\n<meta property=\"og:locale\" content=\"es_ES\" \/>\n<meta property=\"og:type\" content=\"article\" \/>\n<meta property=\"og:title\" content=\"CajaGranada Fundaci\u00f3n: retos de futuro - AJE Granada\" \/>\n<meta property=\"og:description\" content=\"En el actual contexto econ\u00f3mico, social y cultural de nuestra provincia, CajaGranada Fundaci\u00f3n desempe\u00f1a un importante papel como dinamizadora e [&hellip;]\" \/>\n<meta property=\"og:url\" content=\"https:\/\/ajeandalucia.org\/granada\/2018\/05\/21\/cajagranada-fundacion-retos-de-futuro\/\" \/>\n<meta property=\"og:site_name\" content=\"AJE Granada\" \/>\n<meta property=\"article:published_time\" content=\"2018-05-21T15:56:11+00:00\" \/>\n<meta name=\"author\" content=\"granada\" \/>\n<meta name=\"twitter:card\" content=\"summary_large_image\" \/>\n<meta name=\"twitter:label1\" content=\"Escrito por\" \/>\n\t<meta name=\"twitter:data1\" content=\"granada\" \/>\n\t<meta name=\"twitter:label2\" content=\"Tiempo de lectura\" \/>\n\t<meta name=\"twitter:data2\" content=\"3 minutos\" \/>\n<script type=\"application\/ld+json\" class=\"yoast-schema-graph\">{\"@context\":\"https:\/\/schema.org\",\"@graph\":[{\"@type\":\"Article\",\"@id\":\"https:\/\/ajeandalucia.org\/granada\/2018\/05\/21\/cajagranada-fundacion-retos-de-futuro\/#article\",\"isPartOf\":{\"@id\":\"https:\/\/ajeandalucia.org\/granada\/2018\/05\/21\/cajagranada-fundacion-retos-de-futuro\/\"},\"author\":{\"name\":\"granada\",\"@id\":\"https:\/\/ajeandalucia.org\/granada\/#\/schema\/person\/11740bd602b2087a5d9913ce7ad3b931\"},\"headline\":\"CajaGranada Fundaci\u00f3n: retos de futuro\",\"datePublished\":\"2018-05-21T15:56:11+00:00\",\"mainEntityOfPage\":{\"@id\":\"https:\/\/ajeandalucia.org\/granada\/2018\/05\/21\/cajagranada-fundacion-retos-de-futuro\/\"},\"wordCount\":653,\"commentCount\":0,\"publisher\":{\"@id\":\"https:\/\/ajeandalucia.org\/granada\/#organization\"},\"image\":{\"@id\":\"https:\/\/ajeandalucia.org\/granada\/2018\/05\/21\/cajagranada-fundacion-retos-de-futuro\/#primaryimage\"},\"thumbnailUrl\":\"\",\"keywords\":[\"caja granada\"],\"articleSection\":[\"Destacada\",\"Noticias\"],\"inLanguage\":\"es\",\"potentialAction\":[{\"@type\":\"CommentAction\",\"name\":\"Comment\",\"target\":[\"https:\/\/ajeandalucia.org\/granada\/2018\/05\/21\/cajagranada-fundacion-retos-de-futuro\/#respond\"]}]},{\"@type\":\"WebPage\",\"@id\":\"https:\/\/ajeandalucia.org\/granada\/2018\/05\/21\/cajagranada-fundacion-retos-de-futuro\/\",\"url\":\"https:\/\/ajeandalucia.org\/granada\/2018\/05\/21\/cajagranada-fundacion-retos-de-futuro\/\",\"name\":\"CajaGranada Fundaci\u00f3n: retos de futuro - AJE Granada\",\"isPartOf\":{\"@id\":\"https:\/\/ajeandalucia.org\/granada\/#website\"},\"primaryImageOfPage\":{\"@id\":\"https:\/\/ajeandalucia.org\/granada\/2018\/05\/21\/cajagranada-fundacion-retos-de-futuro\/#primaryimage\"},\"image\":{\"@id\":\"https:\/\/ajeandalucia.org\/granada\/2018\/05\/21\/cajagranada-fundacion-retos-de-futuro\/#primaryimage\"},\"thumbnailUrl\":\"\",\"datePublished\":\"2018-05-21T15:56:11+00:00\",\"breadcrumb\":{\"@id\":\"https:\/\/ajeandalucia.org\/granada\/2018\/05\/21\/cajagranada-fundacion-retos-de-futuro\/#breadcrumb\"},\"inLanguage\":\"es\",\"potentialAction\":[{\"@type\":\"ReadAction\",\"target\":[\"https:\/\/ajeandalucia.org\/granada\/2018\/05\/21\/cajagranada-fundacion-retos-de-futuro\/\"]}]},{\"@type\":\"ImageObject\",\"inLanguage\":\"es\",\"@id\":\"https:\/\/ajeandalucia.org\/granada\/2018\/05\/21\/cajagranada-fundacion-retos-de-futuro\/#primaryimage\",\"url\":\"\",\"contentUrl\":\"\"},{\"@type\":\"BreadcrumbList\",\"@id\":\"https:\/\/ajeandalucia.org\/granada\/2018\/05\/21\/cajagranada-fundacion-retos-de-futuro\/#breadcrumb\",\"itemListElement\":[{\"@type\":\"ListItem\",\"position\":1,\"name\":\"Portada\",\"item\":\"https:\/\/ajeandalucia.org\/granada\/\"},{\"@type\":\"ListItem\",\"position\":2,\"name\":\"CajaGranada Fundaci\u00f3n: retos de futuro\"}]},{\"@type\":\"WebSite\",\"@id\":\"https:\/\/ajeandalucia.org\/granada\/#website\",\"url\":\"https:\/\/ajeandalucia.org\/granada\/\",\"name\":\"AJE Granada\",\"description\":\"J\u00f3venes Empresarios de Granada\",\"publisher\":{\"@id\":\"https:\/\/ajeandalucia.org\/granada\/#organization\"},\"potentialAction\":[{\"@type\":\"SearchAction\",\"target\":{\"@type\":\"EntryPoint\",\"urlTemplate\":\"https:\/\/ajeandalucia.org\/granada\/?s={search_term_string}\"},\"query-input\":{\"@type\":\"PropertyValueSpecification\",\"valueRequired\":true,\"valueName\":\"search_term_string\"}}],\"inLanguage\":\"es\"},{\"@type\":\"Organization\",\"@id\":\"https:\/\/ajeandalucia.org\/granada\/#organization\",\"name\":\"AJE Granada\",\"url\":\"https:\/\/ajeandalucia.org\/granada\/\",\"logo\":{\"@type\":\"ImageObject\",\"inLanguage\":\"es\",\"@id\":\"https:\/\/ajeandalucia.org\/granada\/#\/schema\/logo\/image\/\",\"url\":\"https:\/\/ajeandalucia.org\/granada\/wp-content\/uploads\/sites\/7\/2025\/02\/AJE-GRANADA-horizontal.png\",\"contentUrl\":\"https:\/\/ajeandalucia.org\/granada\/wp-content\/uploads\/sites\/7\/2025\/02\/AJE-GRANADA-horizontal.png\",\"width\":612,\"height\":200,\"caption\":\"AJE Granada\"},\"image\":{\"@id\":\"https:\/\/ajeandalucia.org\/granada\/#\/schema\/logo\/image\/\"}},{\"@type\":\"Person\",\"@id\":\"https:\/\/ajeandalucia.org\/granada\/#\/schema\/person\/11740bd602b2087a5d9913ce7ad3b931\",\"name\":\"granada\",\"image\":{\"@type\":\"ImageObject\",\"inLanguage\":\"es\",\"@id\":\"https:\/\/ajeandalucia.org\/granada\/#\/schema\/person\/image\/\",\"url\":\"https:\/\/secure.gravatar.com\/avatar\/d3efaa03945b79a8aad01845a3fd3b3535448eae49310ea0a5677e96e0e68b63?s=96&d=mm&r=g\",\"contentUrl\":\"https:\/\/secure.gravatar.com\/avatar\/d3efaa03945b79a8aad01845a3fd3b3535448eae49310ea0a5677e96e0e68b63?s=96&d=mm&r=g\",\"caption\":\"granada\"},\"url\":\"https:\/\/ajeandalucia.org\/granada\/author\/granada\/\"}]}<\/script>\n<!-- \/ Yoast SEO plugin. -->","yoast_head_json":{"title":"CajaGranada Fundaci\u00f3n: retos de futuro - AJE Granada","robots":{"index":"index","follow":"follow","max-snippet":"max-snippet:-1","max-image-preview":"max-image-preview:large","max-video-preview":"max-video-preview:-1"},"canonical":"https:\/\/ajeandalucia.org\/granada\/2018\/05\/21\/cajagranada-fundacion-retos-de-futuro\/","og_locale":"es_ES","og_type":"article","og_title":"CajaGranada Fundaci\u00f3n: retos de futuro - AJE Granada","og_description":"En el actual contexto econ\u00f3mico, social y cultural de nuestra provincia, CajaGranada Fundaci\u00f3n desempe\u00f1a un importante papel como dinamizadora e [&hellip;]","og_url":"https:\/\/ajeandalucia.org\/granada\/2018\/05\/21\/cajagranada-fundacion-retos-de-futuro\/","og_site_name":"AJE Granada","article_published_time":"2018-05-21T15:56:11+00:00","author":"granada","twitter_card":"summary_large_image","twitter_misc":{"Escrito por":"granada","Tiempo de lectura":"3 minutos"},"schema":{"@context":"https:\/\/schema.org","@graph":[{"@type":"Article","@id":"https:\/\/ajeandalucia.org\/granada\/2018\/05\/21\/cajagranada-fundacion-retos-de-futuro\/#article","isPartOf":{"@id":"https:\/\/ajeandalucia.org\/granada\/2018\/05\/21\/cajagranada-fundacion-retos-de-futuro\/"},"author":{"name":"granada","@id":"https:\/\/ajeandalucia.org\/granada\/#\/schema\/person\/11740bd602b2087a5d9913ce7ad3b931"},"headline":"CajaGranada Fundaci\u00f3n: retos de futuro","datePublished":"2018-05-21T15:56:11+00:00","mainEntityOfPage":{"@id":"https:\/\/ajeandalucia.org\/granada\/2018\/05\/21\/cajagranada-fundacion-retos-de-futuro\/"},"wordCount":653,"commentCount":0,"publisher":{"@id":"https:\/\/ajeandalucia.org\/granada\/#organization"},"image":{"@id":"https:\/\/ajeandalucia.org\/granada\/2018\/05\/21\/cajagranada-fundacion-retos-de-futuro\/#primaryimage"},"thumbnailUrl":"","keywords":["caja granada"],"articleSection":["Destacada","Noticias"],"inLanguage":"es","potentialAction":[{"@type":"CommentAction","name":"Comment","target":["https:\/\/ajeandalucia.org\/granada\/2018\/05\/21\/cajagranada-fundacion-retos-de-futuro\/#respond"]}]},{"@type":"WebPage","@id":"https:\/\/ajeandalucia.org\/granada\/2018\/05\/21\/cajagranada-fundacion-retos-de-futuro\/","url":"https:\/\/ajeandalucia.org\/granada\/2018\/05\/21\/cajagranada-fundacion-retos-de-futuro\/","name":"CajaGranada Fundaci\u00f3n: retos de futuro - AJE Granada","isPartOf":{"@id":"https:\/\/ajeandalucia.org\/granada\/#website"},"primaryImageOfPage":{"@id":"https:\/\/ajeandalucia.org\/granada\/2018\/05\/21\/cajagranada-fundacion-retos-de-futuro\/#primaryimage"},"image":{"@id":"https:\/\/ajeandalucia.org\/granada\/2018\/05\/21\/cajagranada-fundacion-retos-de-futuro\/#primaryimage"},"thumbnailUrl":"","datePublished":"2018-05-21T15:56:11+00:00","breadcrumb":{"@id":"https:\/\/ajeandalucia.org\/granada\/2018\/05\/21\/cajagranada-fundacion-retos-de-futuro\/#breadcrumb"},"inLanguage":"es","potentialAction":[{"@type":"ReadAction","target":["https:\/\/ajeandalucia.org\/granada\/2018\/05\/21\/cajagranada-fundacion-retos-de-futuro\/"]}]},{"@type":"ImageObject","inLanguage":"es","@id":"https:\/\/ajeandalucia.org\/granada\/2018\/05\/21\/cajagranada-fundacion-retos-de-futuro\/#primaryimage","url":"","contentUrl":""},{"@type":"BreadcrumbList","@id":"https:\/\/ajeandalucia.org\/granada\/2018\/05\/21\/cajagranada-fundacion-retos-de-futuro\/#breadcrumb","itemListElement":[{"@type":"ListItem","position":1,"name":"Portada","item":"https:\/\/ajeandalucia.org\/granada\/"},{"@type":"ListItem","position":2,"name":"CajaGranada Fundaci\u00f3n: retos de futuro"}]},{"@type":"WebSite","@id":"https:\/\/ajeandalucia.org\/granada\/#website","url":"https:\/\/ajeandalucia.org\/granada\/","name":"AJE Granada","description":"J\u00f3venes Empresarios de Granada","publisher":{"@id":"https:\/\/ajeandalucia.org\/granada\/#organization"},"potentialAction":[{"@type":"SearchAction","target":{"@type":"EntryPoint","urlTemplate":"https:\/\/ajeandalucia.org\/granada\/?s={search_term_string}"},"query-input":{"@type":"PropertyValueSpecification","valueRequired":true,"valueName":"search_term_string"}}],"inLanguage":"es"},{"@type":"Organization","@id":"https:\/\/ajeandalucia.org\/granada\/#organization","name":"AJE Granada","url":"https:\/\/ajeandalucia.org\/granada\/","logo":{"@type":"ImageObject","inLanguage":"es","@id":"https:\/\/ajeandalucia.org\/granada\/#\/schema\/logo\/image\/","url":"https:\/\/ajeandalucia.org\/granada\/wp-content\/uploads\/sites\/7\/2025\/02\/AJE-GRANADA-horizontal.png","contentUrl":"https:\/\/ajeandalucia.org\/granada\/wp-content\/uploads\/sites\/7\/2025\/02\/AJE-GRANADA-horizontal.png","width":612,"height":200,"caption":"AJE Granada"},"image":{"@id":"https:\/\/ajeandalucia.org\/granada\/#\/schema\/logo\/image\/"}},{"@type":"Person","@id":"https:\/\/ajeandalucia.org\/granada\/#\/schema\/person\/11740bd602b2087a5d9913ce7ad3b931","name":"granada","image":{"@type":"ImageObject","inLanguage":"es","@id":"https:\/\/ajeandalucia.org\/granada\/#\/schema\/person\/image\/","url":"https:\/\/secure.gravatar.com\/avatar\/d3efaa03945b79a8aad01845a3fd3b3535448eae49310ea0a5677e96e0e68b63?s=96&d=mm&r=g","contentUrl":"https:\/\/secure.gravatar.com\/avatar\/d3efaa03945b79a8aad01845a3fd3b3535448eae49310ea0a5677e96e0e68b63?s=96&d=mm&r=g","caption":"granada"},"url":"https:\/\/ajeandalucia.org\/granada\/author\/granada\/"}]}},"_links":{"self":[{"href":"https:\/\/ajeandalucia.org\/granada\/wp-json\/wp\/v2\/posts\/25440","targetHints":{"allow":["GET"]}}],"collection":[{"href":"https:\/\/ajeandalucia.org\/granada\/wp-json\/wp\/v2\/posts"}],"about":[{"href":"https:\/\/ajeandalucia.org\/granada\/wp-json\/wp\/v2\/types\/post"}],"author":[{"embeddable":true,"href":"https:\/\/ajeandalucia.org\/granada\/wp-json\/wp\/v2\/users\/6"}],"replies":[{"embeddable":true,"href":"https:\/\/ajeandalucia.org\/granada\/wp-json\/wp\/v2\/comments?post=25440"}],"version-history":[{"count":0,"href":"https:\/\/ajeandalucia.org\/granada\/wp-json\/wp\/v2\/posts\/25440\/revisions"}],"wp:featuredmedia":[{"embeddable":true,"href":"https:\/\/ajeandalucia.org\/granada\/wp-json\/"}],"wp:attachment":[{"href":"https:\/\/ajeandalucia.org\/granada\/wp-json\/wp\/v2\/media?parent=25440"}],"wp:term":[{"taxonomy":"category","embeddable":true,"href":"https:\/\/ajeandalucia.org\/granada\/wp-json\/wp\/v2\/categories?post=25440"},{"taxonomy":"post_tag","embeddable":true,"href":"https:\/\/ajeandalucia.org\/granada\/wp-json\/wp\/v2\/tags?post=25440"}],"curies":[{"name":"wp","href":"https:\/\/api.w.org\/{rel}","templated":true}]}}