{"id":25546,"date":"2018-06-11T16:29:37","date_gmt":"2018-06-11T14:29:37","guid":{"rendered":"http:\/\/www.ajegranada.org\/?p=25546"},"modified":"2018-06-11T16:29:37","modified_gmt":"2018-06-11T14:29:37","slug":"curso-como-hablar-en-publico-4","status":"publish","type":"post","link":"https:\/\/ajeandalucia.org\/granada\/2018\/06\/11\/curso-como-hablar-en-publico-4\/","title":{"rendered":"Curso: C\u00f3mo hablar en publico"},"content":{"rendered":"<p>AJE Granada organiza un taller sobre c\u00f3mo hablar en p\u00fablico orientado a todos aquellos&nbsp; empresarios que en el d\u00eda a d\u00eda se enfrentan a miles de presentaciones.<\/p>\n<p>-INFORMACI\u00d3N DEL CURSO:<\/p>\n<p><strong>Datos del profesorado:<\/strong><\/p>\n<p><strong>Manuel Mart\u00edn Peinado: <\/strong>Actor, coach, doblador, pedagogo teatral, profesor y director de la escuela de interpretaci\u00f3n e imagen audiovisual Escenario.<\/p>\n<p><strong>Eva Taranc\u00f3n Marco:<\/strong> Logopeda, colaboradora en la investigaci\u00f3n en logopedia con la UGR,&nbsp; 11 a\u00f1os de experiencia en&nbsp;la sanidad p\u00fablica y directora de <strong><a href=\"http:\/\/www.ajegranada.org\/asociados\/bla-clinic-logopedia-clinica\/\">Bla Clinic, Logopedia Cl\u00ednica.<\/a><\/strong><\/p>\n<p><strong>Carmen C\u00f3rdoba:<\/strong> Logopeda de Bla Clinic<\/p>\n<ul>\n<li><strong>Lugar:<\/strong> Confederaci\u00f3n Granadina de Empresarios<\/li>\n<li><strong>Fechas:<\/strong> 25 junio y 27 de junio (de 16.00h-20.00h)<\/li>\n<li><strong>Precio:<\/strong> 40 euros (asociados AJE) \/ (60 euros no asociados AJE)<\/li>\n<\/ul>\n<p><strong>&nbsp;<\/strong><\/p>\n<p>-SESIONES:<\/p>\n<h5><strong>1.- Lunes, 25 de junio de 2018 (CGE)<\/strong><\/h5>\n<p><strong>&nbsp;<\/strong><strong><u>T\u00c9CNICA DE LA VOZ (impartido por Eva Taranc\u00f3n y Carmen C\u00f3rdoba-Bla Clinic)<\/u><\/strong><\/p>\n<p><strong>16.00h a 18.00h: <\/strong>Educar el aparato fonador como herramienta imprescindible del discurso.<\/p>\n<ul>\n<li>Mecanismo de la respiraci\u00f3n<\/li>\n<li>Ejercitaci\u00f3n respiratoria adecuada<\/li>\n<li>Impostaci\u00f3n y proyecci\u00f3n&nbsp; vocal<\/li>\n<li>Dicci\u00f3n y articulaci\u00f3n: ejercicios pr\u00e1cticos<\/li>\n<li>Uso de la entonaci\u00f3n como medio de expresividad y comunicaci\u00f3n eficaz<\/li>\n<\/ul>\n<p>&nbsp;<\/p>\n<p><strong><u>APROXIMACI\u00d3N A LA DRAMATURGIA (impartido por Manuel Mart\u00edn Peinado)<\/u><\/strong><\/p>\n<p><strong>18:00 a 19:00: <\/strong>Introducci\u00f3n a la dramaturgia. La dramaturgia aplicada al discurso. Primera aproximaci\u00f3n pr\u00e1ctica de las t\u00e9cnicas dramat\u00fargicas.<\/p>\n<ul>\n<li>Qu\u00e9 quiero contar<\/li>\n<li>C\u00f3mo lo quiero contar<\/li>\n<li>Cantar el texto<\/li>\n<\/ul>\n<p><strong>19:00 a 20:00: <\/strong>Aplicaci\u00f3n de la dramaturgia y la ortofon\u00eda al texto.<\/p>\n<ul>\n<li>El lenguaje corporal<\/li>\n<li>De la composici\u00f3n a la expansi\u00f3n<\/li>\n<li>T\u00e9cnicas de expresi\u00f3n ante un p\u00fablico<\/li>\n<li>Hacer grande lo peque\u00f1o captando la atenci\u00f3n<\/li>\n<\/ul>\n<p><strong>&nbsp;<\/strong><\/p>\n<h5><strong>2.- Mi\u00e9rcoles, 27 de junio de 2018 (CGE)<\/strong><\/h5>\n<p><strong><u>APROXIMACI\u00d3N AL DISCURSO ANTE UN P\u00daBLICO LABORAL<\/u><\/strong><\/p>\n<p><strong>16:00 a 17:00<\/strong>: Recordatorio del d\u00eda anterior. Qu\u00e9 me sirvi\u00f3, qu\u00e9 no me sirvi\u00f3. Pr\u00e1cticas<\/p>\n<p><strong>17:00 a 18:00<\/strong>: La dramaturgia aplicada al discurso laboral:<\/p>\n<ul>\n<li>Planteamiento, nudo y desenlace<\/li>\n<li>Fabulaci\u00f3n<\/li>\n<li>Gestus<\/li>\n<li>Incidente<\/li>\n<\/ul>\n<p>Descanso<\/p>\n<p><strong>18:00 a 19:00: <\/strong>Aplicaci\u00f3n de conceptos<\/p>\n<ul>\n<li>Sonrisa principio y final<\/li>\n<li>Sentido del humor<\/li>\n<li>Intriga, suspense&gt;curiosidad<\/li>\n<li>Palabras focos<\/li>\n<li>Gestos reforzantes<\/li>\n<li>Preguntar<\/li>\n<\/ul>\n<p><strong>19:00 a 20:00: <\/strong>Pr\u00e1cticas<\/p>\n<ul>\n<li>Qu\u00e9 sirve qu\u00e9 no sirve<\/li>\n<\/ul>\n<p>&nbsp;<\/p>\n<h4>Inscripciones: 958225690 \/ <a href=\"mailto:ajegranada@ajegranada.org\">ajegranada@ajegranada.org<\/a><\/h4>\n<p><strong>\u00a1PLAZAS LIMITADAS!<\/strong><\/p>\n<p><em><strong>Nota:<\/strong> Para la reserva del curso hay que hacer el ingreso por transferencia bancaria antes del d\u00eda 22 de junio al n\u00famero de cuenta que os facilitaremos por v\u00eda e- mail o telef\u00f3nicamente.&nbsp;<\/em><\/p>\n<p><strong>&nbsp;<\/strong><\/p>\n<p>&nbsp;<\/p>\n","protected":false},"excerpt":{"rendered":"<p>AJE Granada organiza un taller sobre c\u00f3mo hablar en p\u00fablico orientado a todos aquellos&nbsp; empresarios que en el d\u00eda a [&hellip;]<\/p>\n","protected":false},"author":6,"featured_media":25559,"comment_status":"open","ping_status":"open","sticky":false,"template":"","format":"standard","meta":{"_acf_changed":false,"site-sidebar-layout":"default","site-content-layout":"","ast-site-content-layout":"default","site-content-style":"default","site-sidebar-style":"default","ast-global-header-display":"","ast-banner-title-visibility":"","ast-main-header-display":"","ast-hfb-above-header-display":"","ast-hfb-below-header-display":"","ast-hfb-mobile-header-display":"","site-post-title":"","ast-breadcrumbs-content":"","ast-featured-img":"","footer-sml-layout":"","ast-disable-related-posts":"","theme-transparent-header-meta":"","adv-header-id-meta":"","stick-header-meta":"","header-above-stick-meta":"","header-main-stick-meta":"","header-below-stick-meta":"","astra-migrate-meta-layouts":"default","ast-page-background-enabled":"default","ast-page-background-meta":{"desktop":{"background-color":"var(--ast-global-color-5)","background-image":"","background-repeat":"repeat","background-position":"center center","background-size":"auto","background-attachment":"scroll","background-type":"","background-media":"","overlay-type":"","overlay-color":"","overlay-opacity":"","overlay-gradient":""},"tablet":{"background-color":"","background-image":"","background-repeat":"repeat","background-position":"center center","background-size":"auto","background-attachment":"scroll","background-type":"","background-media":"","overlay-type":"","overlay-color":"","overlay-opacity":"","overlay-gradient":""},"mobile":{"background-color":"","background-image":"","background-repeat":"repeat","background-position":"center center","background-size":"auto","background-attachment":"scroll","background-type":"","background-media":"","overlay-type":"","overlay-color":"","overlay-opacity":"","overlay-gradient":""}},"ast-content-background-meta":{"desktop":{"background-color":"var(--ast-global-color-4)","background-image":"","background-repeat":"repeat","background-position":"center center","background-size":"auto","background-attachment":"scroll","background-type":"","background-media":"","overlay-type":"","overlay-color":"","overlay-opacity":"","overlay-gradient":""},"tablet":{"background-color":"var(--ast-global-color-4)","background-image":"","background-repeat":"repeat","background-position":"center center","background-size":"auto","background-attachment":"scroll","background-type":"","background-media":"","overlay-type":"","overlay-color":"","overlay-opacity":"","overlay-gradient":""},"mobile":{"background-color":"var(--ast-global-color-4)","background-image":"","background-repeat":"repeat","background-position":"center center","background-size":"auto","background-attachment":"scroll","background-type":"","background-media":"","overlay-type":"","overlay-color":"","overlay-opacity":"","overlay-gradient":""}},"footnotes":""},"categories":[4342],"tags":[4734,1762,4606,4735,4736,4466,4484,2508,4400],"class_list":["post-25546","post","type-post","status-publish","format-standard","has-post-thumbnail","hentry","category-formacion-4","tag-claves-para-hablar-en-publico","tag-como-hablar-en-publico","tag-curso-en-granada","tag-dramaturgia","tag-entonacion-para-hablar","tag-formacion-en-granada","tag-logopeda","tag-presentaciones","tag-tecnicas-de-voz"],"acf":[],"yoast_head":"<!-- This site is optimized with the Yoast SEO plugin v26.9 - https:\/\/yoast.com\/product\/yoast-seo-wordpress\/ -->\n<title>Curso: C\u00f3mo hablar en publico - AJE Granada<\/title>\n<meta name=\"robots\" content=\"index, follow, max-snippet:-1, max-image-preview:large, max-video-preview:-1\" \/>\n<link rel=\"canonical\" href=\"https:\/\/ajeandalucia.org\/granada\/2018\/06\/11\/curso-como-hablar-en-publico-4\/\" \/>\n<meta property=\"og:locale\" content=\"es_ES\" \/>\n<meta property=\"og:type\" content=\"article\" \/>\n<meta property=\"og:title\" content=\"Curso: C\u00f3mo hablar en publico - AJE Granada\" \/>\n<meta property=\"og:description\" content=\"AJE Granada organiza un taller sobre c\u00f3mo hablar en p\u00fablico orientado a todos aquellos&nbsp; empresarios que en el d\u00eda a [&hellip;]\" \/>\n<meta property=\"og:url\" content=\"https:\/\/ajeandalucia.org\/granada\/2018\/06\/11\/curso-como-hablar-en-publico-4\/\" \/>\n<meta property=\"og:site_name\" content=\"AJE Granada\" \/>\n<meta property=\"article:published_time\" content=\"2018-06-11T14:29:37+00:00\" \/>\n<meta name=\"author\" content=\"granada\" \/>\n<meta name=\"twitter:card\" content=\"summary_large_image\" \/>\n<meta name=\"twitter:label1\" content=\"Escrito por\" \/>\n\t<meta name=\"twitter:data1\" content=\"granada\" \/>\n\t<meta name=\"twitter:label2\" content=\"Tiempo de lectura\" \/>\n\t<meta name=\"twitter:data2\" content=\"2 minutos\" \/>\n<script type=\"application\/ld+json\" class=\"yoast-schema-graph\">{\"@context\":\"https:\/\/schema.org\",\"@graph\":[{\"@type\":\"Article\",\"@id\":\"https:\/\/ajeandalucia.org\/granada\/2018\/06\/11\/curso-como-hablar-en-publico-4\/#article\",\"isPartOf\":{\"@id\":\"https:\/\/ajeandalucia.org\/granada\/2018\/06\/11\/curso-como-hablar-en-publico-4\/\"},\"author\":{\"name\":\"granada\",\"@id\":\"https:\/\/ajeandalucia.org\/granada\/#\/schema\/person\/11740bd602b2087a5d9913ce7ad3b931\"},\"headline\":\"Curso: C\u00f3mo hablar en publico\",\"datePublished\":\"2018-06-11T14:29:37+00:00\",\"mainEntityOfPage\":{\"@id\":\"https:\/\/ajeandalucia.org\/granada\/2018\/06\/11\/curso-como-hablar-en-publico-4\/\"},\"wordCount\":412,\"commentCount\":0,\"publisher\":{\"@id\":\"https:\/\/ajeandalucia.org\/granada\/#organization\"},\"image\":{\"@id\":\"https:\/\/ajeandalucia.org\/granada\/2018\/06\/11\/curso-como-hablar-en-publico-4\/#primaryimage\"},\"thumbnailUrl\":\"\",\"keywords\":[\"claves para hablar en p\u00fablico\",\"c\u00f3mo hablar en p\u00fablico\",\"curso en granada\",\"dramaturgia\",\"entonaci\u00f3n para hablar\",\"formaci\u00f3n en granada\",\"logopeda\",\"presentaciones\",\"tecnicas de voz\"],\"articleSection\":[\"Formaci\u00f3n\"],\"inLanguage\":\"es\",\"potentialAction\":[{\"@type\":\"CommentAction\",\"name\":\"Comment\",\"target\":[\"https:\/\/ajeandalucia.org\/granada\/2018\/06\/11\/curso-como-hablar-en-publico-4\/#respond\"]}]},{\"@type\":\"WebPage\",\"@id\":\"https:\/\/ajeandalucia.org\/granada\/2018\/06\/11\/curso-como-hablar-en-publico-4\/\",\"url\":\"https:\/\/ajeandalucia.org\/granada\/2018\/06\/11\/curso-como-hablar-en-publico-4\/\",\"name\":\"Curso: C\u00f3mo hablar en publico - AJE Granada\",\"isPartOf\":{\"@id\":\"https:\/\/ajeandalucia.org\/granada\/#website\"},\"primaryImageOfPage\":{\"@id\":\"https:\/\/ajeandalucia.org\/granada\/2018\/06\/11\/curso-como-hablar-en-publico-4\/#primaryimage\"},\"image\":{\"@id\":\"https:\/\/ajeandalucia.org\/granada\/2018\/06\/11\/curso-como-hablar-en-publico-4\/#primaryimage\"},\"thumbnailUrl\":\"\",\"datePublished\":\"2018-06-11T14:29:37+00:00\",\"breadcrumb\":{\"@id\":\"https:\/\/ajeandalucia.org\/granada\/2018\/06\/11\/curso-como-hablar-en-publico-4\/#breadcrumb\"},\"inLanguage\":\"es\",\"potentialAction\":[{\"@type\":\"ReadAction\",\"target\":[\"https:\/\/ajeandalucia.org\/granada\/2018\/06\/11\/curso-como-hablar-en-publico-4\/\"]}]},{\"@type\":\"ImageObject\",\"inLanguage\":\"es\",\"@id\":\"https:\/\/ajeandalucia.org\/granada\/2018\/06\/11\/curso-como-hablar-en-publico-4\/#primaryimage\",\"url\":\"\",\"contentUrl\":\"\"},{\"@type\":\"BreadcrumbList\",\"@id\":\"https:\/\/ajeandalucia.org\/granada\/2018\/06\/11\/curso-como-hablar-en-publico-4\/#breadcrumb\",\"itemListElement\":[{\"@type\":\"ListItem\",\"position\":1,\"name\":\"Portada\",\"item\":\"https:\/\/ajeandalucia.org\/granada\/\"},{\"@type\":\"ListItem\",\"position\":2,\"name\":\"Curso: C\u00f3mo hablar en publico\"}]},{\"@type\":\"WebSite\",\"@id\":\"https:\/\/ajeandalucia.org\/granada\/#website\",\"url\":\"https:\/\/ajeandalucia.org\/granada\/\",\"name\":\"AJE Granada\",\"description\":\"J\u00f3venes Empresarios de Granada\",\"publisher\":{\"@id\":\"https:\/\/ajeandalucia.org\/granada\/#organization\"},\"potentialAction\":[{\"@type\":\"SearchAction\",\"target\":{\"@type\":\"EntryPoint\",\"urlTemplate\":\"https:\/\/ajeandalucia.org\/granada\/?s={search_term_string}\"},\"query-input\":{\"@type\":\"PropertyValueSpecification\",\"valueRequired\":true,\"valueName\":\"search_term_string\"}}],\"inLanguage\":\"es\"},{\"@type\":\"Organization\",\"@id\":\"https:\/\/ajeandalucia.org\/granada\/#organization\",\"name\":\"AJE Granada\",\"url\":\"https:\/\/ajeandalucia.org\/granada\/\",\"logo\":{\"@type\":\"ImageObject\",\"inLanguage\":\"es\",\"@id\":\"https:\/\/ajeandalucia.org\/granada\/#\/schema\/logo\/image\/\",\"url\":\"https:\/\/ajeandalucia.org\/granada\/wp-content\/uploads\/sites\/7\/2025\/02\/AJE-GRANADA-horizontal.png\",\"contentUrl\":\"https:\/\/ajeandalucia.org\/granada\/wp-content\/uploads\/sites\/7\/2025\/02\/AJE-GRANADA-horizontal.png\",\"width\":612,\"height\":200,\"caption\":\"AJE Granada\"},\"image\":{\"@id\":\"https:\/\/ajeandalucia.org\/granada\/#\/schema\/logo\/image\/\"}},{\"@type\":\"Person\",\"@id\":\"https:\/\/ajeandalucia.org\/granada\/#\/schema\/person\/11740bd602b2087a5d9913ce7ad3b931\",\"name\":\"granada\",\"image\":{\"@type\":\"ImageObject\",\"inLanguage\":\"es\",\"@id\":\"https:\/\/ajeandalucia.org\/granada\/#\/schema\/person\/image\/\",\"url\":\"https:\/\/secure.gravatar.com\/avatar\/d3efaa03945b79a8aad01845a3fd3b3535448eae49310ea0a5677e96e0e68b63?s=96&d=mm&r=g\",\"contentUrl\":\"https:\/\/secure.gravatar.com\/avatar\/d3efaa03945b79a8aad01845a3fd3b3535448eae49310ea0a5677e96e0e68b63?s=96&d=mm&r=g\",\"caption\":\"granada\"},\"url\":\"https:\/\/ajeandalucia.org\/granada\/author\/granada\/\"}]}<\/script>\n<!-- \/ Yoast SEO plugin. -->","yoast_head_json":{"title":"Curso: C\u00f3mo hablar en publico - AJE Granada","robots":{"index":"index","follow":"follow","max-snippet":"max-snippet:-1","max-image-preview":"max-image-preview:large","max-video-preview":"max-video-preview:-1"},"canonical":"https:\/\/ajeandalucia.org\/granada\/2018\/06\/11\/curso-como-hablar-en-publico-4\/","og_locale":"es_ES","og_type":"article","og_title":"Curso: C\u00f3mo hablar en publico - AJE Granada","og_description":"AJE Granada organiza un taller sobre c\u00f3mo hablar en p\u00fablico orientado a todos aquellos&nbsp; empresarios que en el d\u00eda a [&hellip;]","og_url":"https:\/\/ajeandalucia.org\/granada\/2018\/06\/11\/curso-como-hablar-en-publico-4\/","og_site_name":"AJE Granada","article_published_time":"2018-06-11T14:29:37+00:00","author":"granada","twitter_card":"summary_large_image","twitter_misc":{"Escrito por":"granada","Tiempo de lectura":"2 minutos"},"schema":{"@context":"https:\/\/schema.org","@graph":[{"@type":"Article","@id":"https:\/\/ajeandalucia.org\/granada\/2018\/06\/11\/curso-como-hablar-en-publico-4\/#article","isPartOf":{"@id":"https:\/\/ajeandalucia.org\/granada\/2018\/06\/11\/curso-como-hablar-en-publico-4\/"},"author":{"name":"granada","@id":"https:\/\/ajeandalucia.org\/granada\/#\/schema\/person\/11740bd602b2087a5d9913ce7ad3b931"},"headline":"Curso: C\u00f3mo hablar en publico","datePublished":"2018-06-11T14:29:37+00:00","mainEntityOfPage":{"@id":"https:\/\/ajeandalucia.org\/granada\/2018\/06\/11\/curso-como-hablar-en-publico-4\/"},"wordCount":412,"commentCount":0,"publisher":{"@id":"https:\/\/ajeandalucia.org\/granada\/#organization"},"image":{"@id":"https:\/\/ajeandalucia.org\/granada\/2018\/06\/11\/curso-como-hablar-en-publico-4\/#primaryimage"},"thumbnailUrl":"","keywords":["claves para hablar en p\u00fablico","c\u00f3mo hablar en p\u00fablico","curso en granada","dramaturgia","entonaci\u00f3n para hablar","formaci\u00f3n en granada","logopeda","presentaciones","tecnicas de voz"],"articleSection":["Formaci\u00f3n"],"inLanguage":"es","potentialAction":[{"@type":"CommentAction","name":"Comment","target":["https:\/\/ajeandalucia.org\/granada\/2018\/06\/11\/curso-como-hablar-en-publico-4\/#respond"]}]},{"@type":"WebPage","@id":"https:\/\/ajeandalucia.org\/granada\/2018\/06\/11\/curso-como-hablar-en-publico-4\/","url":"https:\/\/ajeandalucia.org\/granada\/2018\/06\/11\/curso-como-hablar-en-publico-4\/","name":"Curso: C\u00f3mo hablar en publico - AJE Granada","isPartOf":{"@id":"https:\/\/ajeandalucia.org\/granada\/#website"},"primaryImageOfPage":{"@id":"https:\/\/ajeandalucia.org\/granada\/2018\/06\/11\/curso-como-hablar-en-publico-4\/#primaryimage"},"image":{"@id":"https:\/\/ajeandalucia.org\/granada\/2018\/06\/11\/curso-como-hablar-en-publico-4\/#primaryimage"},"thumbnailUrl":"","datePublished":"2018-06-11T14:29:37+00:00","breadcrumb":{"@id":"https:\/\/ajeandalucia.org\/granada\/2018\/06\/11\/curso-como-hablar-en-publico-4\/#breadcrumb"},"inLanguage":"es","potentialAction":[{"@type":"ReadAction","target":["https:\/\/ajeandalucia.org\/granada\/2018\/06\/11\/curso-como-hablar-en-publico-4\/"]}]},{"@type":"ImageObject","inLanguage":"es","@id":"https:\/\/ajeandalucia.org\/granada\/2018\/06\/11\/curso-como-hablar-en-publico-4\/#primaryimage","url":"","contentUrl":""},{"@type":"BreadcrumbList","@id":"https:\/\/ajeandalucia.org\/granada\/2018\/06\/11\/curso-como-hablar-en-publico-4\/#breadcrumb","itemListElement":[{"@type":"ListItem","position":1,"name":"Portada","item":"https:\/\/ajeandalucia.org\/granada\/"},{"@type":"ListItem","position":2,"name":"Curso: C\u00f3mo hablar en publico"}]},{"@type":"WebSite","@id":"https:\/\/ajeandalucia.org\/granada\/#website","url":"https:\/\/ajeandalucia.org\/granada\/","name":"AJE Granada","description":"J\u00f3venes Empresarios de Granada","publisher":{"@id":"https:\/\/ajeandalucia.org\/granada\/#organization"},"potentialAction":[{"@type":"SearchAction","target":{"@type":"EntryPoint","urlTemplate":"https:\/\/ajeandalucia.org\/granada\/?s={search_term_string}"},"query-input":{"@type":"PropertyValueSpecification","valueRequired":true,"valueName":"search_term_string"}}],"inLanguage":"es"},{"@type":"Organization","@id":"https:\/\/ajeandalucia.org\/granada\/#organization","name":"AJE Granada","url":"https:\/\/ajeandalucia.org\/granada\/","logo":{"@type":"ImageObject","inLanguage":"es","@id":"https:\/\/ajeandalucia.org\/granada\/#\/schema\/logo\/image\/","url":"https:\/\/ajeandalucia.org\/granada\/wp-content\/uploads\/sites\/7\/2025\/02\/AJE-GRANADA-horizontal.png","contentUrl":"https:\/\/ajeandalucia.org\/granada\/wp-content\/uploads\/sites\/7\/2025\/02\/AJE-GRANADA-horizontal.png","width":612,"height":200,"caption":"AJE Granada"},"image":{"@id":"https:\/\/ajeandalucia.org\/granada\/#\/schema\/logo\/image\/"}},{"@type":"Person","@id":"https:\/\/ajeandalucia.org\/granada\/#\/schema\/person\/11740bd602b2087a5d9913ce7ad3b931","name":"granada","image":{"@type":"ImageObject","inLanguage":"es","@id":"https:\/\/ajeandalucia.org\/granada\/#\/schema\/person\/image\/","url":"https:\/\/secure.gravatar.com\/avatar\/d3efaa03945b79a8aad01845a3fd3b3535448eae49310ea0a5677e96e0e68b63?s=96&d=mm&r=g","contentUrl":"https:\/\/secure.gravatar.com\/avatar\/d3efaa03945b79a8aad01845a3fd3b3535448eae49310ea0a5677e96e0e68b63?s=96&d=mm&r=g","caption":"granada"},"url":"https:\/\/ajeandalucia.org\/granada\/author\/granada\/"}]}},"_links":{"self":[{"href":"https:\/\/ajeandalucia.org\/granada\/wp-json\/wp\/v2\/posts\/25546","targetHints":{"allow":["GET"]}}],"collection":[{"href":"https:\/\/ajeandalucia.org\/granada\/wp-json\/wp\/v2\/posts"}],"about":[{"href":"https:\/\/ajeandalucia.org\/granada\/wp-json\/wp\/v2\/types\/post"}],"author":[{"embeddable":true,"href":"https:\/\/ajeandalucia.org\/granada\/wp-json\/wp\/v2\/users\/6"}],"replies":[{"embeddable":true,"href":"https:\/\/ajeandalucia.org\/granada\/wp-json\/wp\/v2\/comments?post=25546"}],"version-history":[{"count":0,"href":"https:\/\/ajeandalucia.org\/granada\/wp-json\/wp\/v2\/posts\/25546\/revisions"}],"wp:featuredmedia":[{"embeddable":true,"href":"https:\/\/ajeandalucia.org\/granada\/wp-json\/"}],"wp:attachment":[{"href":"https:\/\/ajeandalucia.org\/granada\/wp-json\/wp\/v2\/media?parent=25546"}],"wp:term":[{"taxonomy":"category","embeddable":true,"href":"https:\/\/ajeandalucia.org\/granada\/wp-json\/wp\/v2\/categories?post=25546"},{"taxonomy":"post_tag","embeddable":true,"href":"https:\/\/ajeandalucia.org\/granada\/wp-json\/wp\/v2\/tags?post=25546"}],"curies":[{"name":"wp","href":"https:\/\/api.w.org\/{rel}","templated":true}]}}