{"id":29559,"date":"2019-09-24T13:33:11","date_gmt":"2019-09-24T11:33:11","guid":{"rendered":"http:\/\/www.ajeandalucia.org\/granada\/?p=29559"},"modified":"2019-09-24T13:36:06","modified_gmt":"2019-09-24T11:36:06","slug":"promociones-grupo-nucesa-2","status":"publish","type":"post","link":"https:\/\/ajeandalucia.org\/granada\/2019\/09\/24\/promociones-grupo-nucesa-2\/","title":{"rendered":"Promociones Grupo Nucesa"},"content":{"rendered":"<p>Descubre las \u00faltimas novedades y promociones\u00a0 que\u00a0 <a href=\"http:\/\/www.ajeandalucia.org\/granada\/speaker\/grupo-nucesa\/\"><strong>Grupo Nucesa<\/strong><\/a> tiene preparadas para ti, tanto de\u00a0<strong>Audi<\/strong> como en\u00a0<strong>Volkswagen<\/strong>.<\/p>\n<p>&nbsp;<\/p>\n<p><img loading=\"lazy\" decoding=\"async\" class=\"alignnone size-medium wp-image-29560\" src=\"http:\/\/www.ajeandalucia.org\/granada\/wp-content\/uploads\/sites\/7\/2019\/09\/egolf-AJE2-300x300.jpg\" alt=\"\" width=\"300\" height=\"300\" srcset=\"https:\/\/ajeandalucia.org\/granada\/wp-content\/uploads\/sites\/7\/2019\/09\/egolf-AJE2-300x300.jpg 300w, https:\/\/ajeandalucia.org\/granada\/wp-content\/uploads\/sites\/7\/2019\/09\/egolf-AJE2-150x150.jpg 150w, https:\/\/ajeandalucia.org\/granada\/wp-content\/uploads\/sites\/7\/2019\/09\/egolf-AJE2-768x768.jpg 768w, https:\/\/ajeandalucia.org\/granada\/wp-content\/uploads\/sites\/7\/2019\/09\/egolf-AJE2-1024x1024.jpg 1024w, https:\/\/ajeandalucia.org\/granada\/wp-content\/uploads\/sites\/7\/2019\/09\/egolf-AJE2.jpg 1080w\" sizes=\"auto, (max-width: 300px) 100vw, 300px\" \/><\/p>\n<p><strong>Volkswagen e-Golf<\/strong><\/p>\n<p>El esp\u00edritu del golf y el rendimiento de un veh\u00edculo 100% el\u00e9ctrico.<\/p>\n<p>Oferta especial para asociados AJE 22.969\u20ac*<\/p>\n<p>Solicita m\u00e1s informaci\u00f3n y condiciones <a href=\"https:\/\/bit.ly\/2FMgG93\">aqu\u00ed.<\/a><\/p>\n<p>&nbsp;<\/p>\n<p><img loading=\"lazy\" decoding=\"async\" class=\"alignnone size-medium wp-image-29561\" src=\"http:\/\/www.ajeandalucia.org\/granada\/wp-content\/uploads\/sites\/7\/2019\/09\/AUDI1-300x300.png\" alt=\"\" width=\"300\" height=\"300\" srcset=\"https:\/\/ajeandalucia.org\/granada\/wp-content\/uploads\/sites\/7\/2019\/09\/AUDI1-300x300.png 300w, https:\/\/ajeandalucia.org\/granada\/wp-content\/uploads\/sites\/7\/2019\/09\/AUDI1-150x150.png 150w, https:\/\/ajeandalucia.org\/granada\/wp-content\/uploads\/sites\/7\/2019\/09\/AUDI1-768x768.png 768w, https:\/\/ajeandalucia.org\/granada\/wp-content\/uploads\/sites\/7\/2019\/09\/AUDI1-1024x1024.png 1024w, https:\/\/ajeandalucia.org\/granada\/wp-content\/uploads\/sites\/7\/2019\/09\/AUDI1.png 1200w\" sizes=\"auto, (max-width: 300px) 100vw, 300px\" \/><\/p>\n<p>S\u00ed pudieras cumplir un sue\u00f1o, \u00bfqu\u00e9 color elegir\u00edas? <strong>Audi A3 ALL-IN edition<\/strong> desde 195\u20ac\/mes*.<\/p>\n<p>Solicita m\u00e1s informaci\u00f3n y condiciones <a href=\"https:\/\/bit.ly\/2kulwBm\">aqu\u00ed<\/a>.<\/p>\n","protected":false},"excerpt":{"rendered":"<p>Descubre las \u00faltimas novedades y promociones\u00a0 que\u00a0 Grupo Nucesa tiene preparadas para ti, tanto de\u00a0Audi como en\u00a0Volkswagen. &nbsp; Volkswagen e-Golf [&hellip;]<\/p>\n","protected":false},"author":6,"featured_media":29564,"comment_status":"open","ping_status":"open","sticky":false,"template":"","format":"standard","meta":{"_acf_changed":false,"site-sidebar-layout":"default","site-content-layout":"","ast-site-content-layout":"default","site-content-style":"default","site-sidebar-style":"default","ast-global-header-display":"","ast-banner-title-visibility":"","ast-main-header-display":"","ast-hfb-above-header-display":"","ast-hfb-below-header-display":"","ast-hfb-mobile-header-display":"","site-post-title":"","ast-breadcrumbs-content":"","ast-featured-img":"","footer-sml-layout":"","ast-disable-related-posts":"","theme-transparent-header-meta":"","adv-header-id-meta":"","stick-header-meta":"","header-above-stick-meta":"","header-main-stick-meta":"","header-below-stick-meta":"","astra-migrate-meta-layouts":"default","ast-page-background-enabled":"default","ast-page-background-meta":{"desktop":{"background-color":"var(--ast-global-color-5)","background-image":"","background-repeat":"repeat","background-position":"center center","background-size":"auto","background-attachment":"scroll","background-type":"","background-media":"","overlay-type":"","overlay-color":"","overlay-opacity":"","overlay-gradient":""},"tablet":{"background-color":"","background-image":"","background-repeat":"repeat","background-position":"center center","background-size":"auto","background-attachment":"scroll","background-type":"","background-media":"","overlay-type":"","overlay-color":"","overlay-opacity":"","overlay-gradient":""},"mobile":{"background-color":"","background-image":"","background-repeat":"repeat","background-position":"center center","background-size":"auto","background-attachment":"scroll","background-type":"","background-media":"","overlay-type":"","overlay-color":"","overlay-opacity":"","overlay-gradient":""}},"ast-content-background-meta":{"desktop":{"background-color":"var(--ast-global-color-4)","background-image":"","background-repeat":"repeat","background-position":"center center","background-size":"auto","background-attachment":"scroll","background-type":"","background-media":"","overlay-type":"","overlay-color":"","overlay-opacity":"","overlay-gradient":""},"tablet":{"background-color":"var(--ast-global-color-4)","background-image":"","background-repeat":"repeat","background-position":"center center","background-size":"auto","background-attachment":"scroll","background-type":"","background-media":"","overlay-type":"","overlay-color":"","overlay-opacity":"","overlay-gradient":""},"mobile":{"background-color":"var(--ast-global-color-4)","background-image":"","background-repeat":"repeat","background-position":"center center","background-size":"auto","background-attachment":"scroll","background-type":"","background-media":"","overlay-type":"","overlay-color":"","overlay-opacity":"","overlay-gradient":""}},"footnotes":""},"categories":[8],"tags":[3777,5069],"class_list":["post-29559","post","type-post","status-publish","format-standard","has-post-thumbnail","hentry","category-noticias","tag-grupo-nucesa","tag-ofertas-y-promociones"],"acf":[],"yoast_head":"<!-- This site is optimized with the Yoast SEO plugin v26.9 - https:\/\/yoast.com\/product\/yoast-seo-wordpress\/ -->\n<title>Promociones Grupo Nucesa - AJE Granada<\/title>\n<meta name=\"robots\" content=\"index, follow, max-snippet:-1, max-image-preview:large, max-video-preview:-1\" \/>\n<link rel=\"canonical\" href=\"https:\/\/ajeandalucia.org\/granada\/2019\/09\/24\/promociones-grupo-nucesa-2\/\" \/>\n<meta property=\"og:locale\" content=\"es_ES\" \/>\n<meta property=\"og:type\" content=\"article\" \/>\n<meta property=\"og:title\" content=\"Promociones Grupo Nucesa - AJE Granada\" \/>\n<meta property=\"og:description\" content=\"Descubre las \u00faltimas novedades y promociones\u00a0 que\u00a0 Grupo Nucesa tiene preparadas para ti, tanto de\u00a0Audi como en\u00a0Volkswagen. &nbsp; Volkswagen e-Golf [&hellip;]\" \/>\n<meta property=\"og:url\" content=\"https:\/\/ajeandalucia.org\/granada\/2019\/09\/24\/promociones-grupo-nucesa-2\/\" \/>\n<meta property=\"og:site_name\" content=\"AJE Granada\" \/>\n<meta property=\"article:published_time\" content=\"2019-09-24T11:33:11+00:00\" \/>\n<meta property=\"article:modified_time\" content=\"2019-09-24T11:36:06+00:00\" \/>\n<meta property=\"og:image\" content=\"https:\/\/ajeandalucia.org\/granada\/wp-content\/uploads\/sites\/7\/2019\/09\/GrupoN-nuevo4.jpg\" \/>\n\t<meta property=\"og:image:width\" content=\"1181\" \/>\n\t<meta property=\"og:image:height\" content=\"711\" \/>\n\t<meta property=\"og:image:type\" content=\"image\/jpeg\" \/>\n<meta name=\"author\" content=\"granada\" \/>\n<meta name=\"twitter:card\" content=\"summary_large_image\" \/>\n<meta name=\"twitter:label1\" content=\"Escrito por\" \/>\n\t<meta name=\"twitter:data1\" content=\"granada\" \/>\n<script type=\"application\/ld+json\" class=\"yoast-schema-graph\">{\"@context\":\"https:\/\/schema.org\",\"@graph\":[{\"@type\":\"Article\",\"@id\":\"https:\/\/ajeandalucia.org\/granada\/2019\/09\/24\/promociones-grupo-nucesa-2\/#article\",\"isPartOf\":{\"@id\":\"https:\/\/ajeandalucia.org\/granada\/2019\/09\/24\/promociones-grupo-nucesa-2\/\"},\"author\":{\"name\":\"granada\",\"@id\":\"https:\/\/ajeandalucia.org\/granada\/#\/schema\/person\/11740bd602b2087a5d9913ce7ad3b931\"},\"headline\":\"Promociones Grupo Nucesa\",\"datePublished\":\"2019-09-24T11:33:11+00:00\",\"dateModified\":\"2019-09-24T11:36:06+00:00\",\"mainEntityOfPage\":{\"@id\":\"https:\/\/ajeandalucia.org\/granada\/2019\/09\/24\/promociones-grupo-nucesa-2\/\"},\"wordCount\":77,\"commentCount\":0,\"publisher\":{\"@id\":\"https:\/\/ajeandalucia.org\/granada\/#organization\"},\"image\":{\"@id\":\"https:\/\/ajeandalucia.org\/granada\/2019\/09\/24\/promociones-grupo-nucesa-2\/#primaryimage\"},\"thumbnailUrl\":\"https:\/\/ajeandalucia.org\/granada\/wp-content\/uploads\/sites\/7\/2019\/09\/GrupoN-nuevo4.jpg\",\"keywords\":[\"Grupo Nucesa\",\"Ofertas y promociones\"],\"articleSection\":[\"Noticias\"],\"inLanguage\":\"es\",\"potentialAction\":[{\"@type\":\"CommentAction\",\"name\":\"Comment\",\"target\":[\"https:\/\/ajeandalucia.org\/granada\/2019\/09\/24\/promociones-grupo-nucesa-2\/#respond\"]}]},{\"@type\":\"WebPage\",\"@id\":\"https:\/\/ajeandalucia.org\/granada\/2019\/09\/24\/promociones-grupo-nucesa-2\/\",\"url\":\"https:\/\/ajeandalucia.org\/granada\/2019\/09\/24\/promociones-grupo-nucesa-2\/\",\"name\":\"Promociones Grupo Nucesa - AJE Granada\",\"isPartOf\":{\"@id\":\"https:\/\/ajeandalucia.org\/granada\/#website\"},\"primaryImageOfPage\":{\"@id\":\"https:\/\/ajeandalucia.org\/granada\/2019\/09\/24\/promociones-grupo-nucesa-2\/#primaryimage\"},\"image\":{\"@id\":\"https:\/\/ajeandalucia.org\/granada\/2019\/09\/24\/promociones-grupo-nucesa-2\/#primaryimage\"},\"thumbnailUrl\":\"https:\/\/ajeandalucia.org\/granada\/wp-content\/uploads\/sites\/7\/2019\/09\/GrupoN-nuevo4.jpg\",\"datePublished\":\"2019-09-24T11:33:11+00:00\",\"dateModified\":\"2019-09-24T11:36:06+00:00\",\"breadcrumb\":{\"@id\":\"https:\/\/ajeandalucia.org\/granada\/2019\/09\/24\/promociones-grupo-nucesa-2\/#breadcrumb\"},\"inLanguage\":\"es\",\"potentialAction\":[{\"@type\":\"ReadAction\",\"target\":[\"https:\/\/ajeandalucia.org\/granada\/2019\/09\/24\/promociones-grupo-nucesa-2\/\"]}]},{\"@type\":\"ImageObject\",\"inLanguage\":\"es\",\"@id\":\"https:\/\/ajeandalucia.org\/granada\/2019\/09\/24\/promociones-grupo-nucesa-2\/#primaryimage\",\"url\":\"https:\/\/ajeandalucia.org\/granada\/wp-content\/uploads\/sites\/7\/2019\/09\/GrupoN-nuevo4.jpg\",\"contentUrl\":\"https:\/\/ajeandalucia.org\/granada\/wp-content\/uploads\/sites\/7\/2019\/09\/GrupoN-nuevo4.jpg\",\"width\":1181,\"height\":711},{\"@type\":\"BreadcrumbList\",\"@id\":\"https:\/\/ajeandalucia.org\/granada\/2019\/09\/24\/promociones-grupo-nucesa-2\/#breadcrumb\",\"itemListElement\":[{\"@type\":\"ListItem\",\"position\":1,\"name\":\"Portada\",\"item\":\"https:\/\/ajeandalucia.org\/granada\/\"},{\"@type\":\"ListItem\",\"position\":2,\"name\":\"Promociones Grupo Nucesa\"}]},{\"@type\":\"WebSite\",\"@id\":\"https:\/\/ajeandalucia.org\/granada\/#website\",\"url\":\"https:\/\/ajeandalucia.org\/granada\/\",\"name\":\"AJE Granada\",\"description\":\"J\u00f3venes Empresarios de Granada\",\"publisher\":{\"@id\":\"https:\/\/ajeandalucia.org\/granada\/#organization\"},\"potentialAction\":[{\"@type\":\"SearchAction\",\"target\":{\"@type\":\"EntryPoint\",\"urlTemplate\":\"https:\/\/ajeandalucia.org\/granada\/?s={search_term_string}\"},\"query-input\":{\"@type\":\"PropertyValueSpecification\",\"valueRequired\":true,\"valueName\":\"search_term_string\"}}],\"inLanguage\":\"es\"},{\"@type\":\"Organization\",\"@id\":\"https:\/\/ajeandalucia.org\/granada\/#organization\",\"name\":\"AJE Granada\",\"url\":\"https:\/\/ajeandalucia.org\/granada\/\",\"logo\":{\"@type\":\"ImageObject\",\"inLanguage\":\"es\",\"@id\":\"https:\/\/ajeandalucia.org\/granada\/#\/schema\/logo\/image\/\",\"url\":\"https:\/\/ajeandalucia.org\/granada\/wp-content\/uploads\/sites\/7\/2025\/02\/AJE-GRANADA-horizontal.png\",\"contentUrl\":\"https:\/\/ajeandalucia.org\/granada\/wp-content\/uploads\/sites\/7\/2025\/02\/AJE-GRANADA-horizontal.png\",\"width\":612,\"height\":200,\"caption\":\"AJE Granada\"},\"image\":{\"@id\":\"https:\/\/ajeandalucia.org\/granada\/#\/schema\/logo\/image\/\"}},{\"@type\":\"Person\",\"@id\":\"https:\/\/ajeandalucia.org\/granada\/#\/schema\/person\/11740bd602b2087a5d9913ce7ad3b931\",\"name\":\"granada\",\"image\":{\"@type\":\"ImageObject\",\"inLanguage\":\"es\",\"@id\":\"https:\/\/ajeandalucia.org\/granada\/#\/schema\/person\/image\/\",\"url\":\"https:\/\/secure.gravatar.com\/avatar\/d3efaa03945b79a8aad01845a3fd3b3535448eae49310ea0a5677e96e0e68b63?s=96&d=mm&r=g\",\"contentUrl\":\"https:\/\/secure.gravatar.com\/avatar\/d3efaa03945b79a8aad01845a3fd3b3535448eae49310ea0a5677e96e0e68b63?s=96&d=mm&r=g\",\"caption\":\"granada\"},\"url\":\"https:\/\/ajeandalucia.org\/granada\/author\/granada\/\"}]}<\/script>\n<!-- \/ Yoast SEO plugin. -->","yoast_head_json":{"title":"Promociones Grupo Nucesa - AJE Granada","robots":{"index":"index","follow":"follow","max-snippet":"max-snippet:-1","max-image-preview":"max-image-preview:large","max-video-preview":"max-video-preview:-1"},"canonical":"https:\/\/ajeandalucia.org\/granada\/2019\/09\/24\/promociones-grupo-nucesa-2\/","og_locale":"es_ES","og_type":"article","og_title":"Promociones Grupo Nucesa - AJE Granada","og_description":"Descubre las \u00faltimas novedades y promociones\u00a0 que\u00a0 Grupo Nucesa tiene preparadas para ti, tanto de\u00a0Audi como en\u00a0Volkswagen. &nbsp; Volkswagen e-Golf [&hellip;]","og_url":"https:\/\/ajeandalucia.org\/granada\/2019\/09\/24\/promociones-grupo-nucesa-2\/","og_site_name":"AJE Granada","article_published_time":"2019-09-24T11:33:11+00:00","article_modified_time":"2019-09-24T11:36:06+00:00","og_image":[{"width":1181,"height":711,"url":"https:\/\/ajeandalucia.org\/granada\/wp-content\/uploads\/sites\/7\/2019\/09\/GrupoN-nuevo4.jpg","type":"image\/jpeg"}],"author":"granada","twitter_card":"summary_large_image","twitter_misc":{"Escrito por":"granada"},"schema":{"@context":"https:\/\/schema.org","@graph":[{"@type":"Article","@id":"https:\/\/ajeandalucia.org\/granada\/2019\/09\/24\/promociones-grupo-nucesa-2\/#article","isPartOf":{"@id":"https:\/\/ajeandalucia.org\/granada\/2019\/09\/24\/promociones-grupo-nucesa-2\/"},"author":{"name":"granada","@id":"https:\/\/ajeandalucia.org\/granada\/#\/schema\/person\/11740bd602b2087a5d9913ce7ad3b931"},"headline":"Promociones Grupo Nucesa","datePublished":"2019-09-24T11:33:11+00:00","dateModified":"2019-09-24T11:36:06+00:00","mainEntityOfPage":{"@id":"https:\/\/ajeandalucia.org\/granada\/2019\/09\/24\/promociones-grupo-nucesa-2\/"},"wordCount":77,"commentCount":0,"publisher":{"@id":"https:\/\/ajeandalucia.org\/granada\/#organization"},"image":{"@id":"https:\/\/ajeandalucia.org\/granada\/2019\/09\/24\/promociones-grupo-nucesa-2\/#primaryimage"},"thumbnailUrl":"https:\/\/ajeandalucia.org\/granada\/wp-content\/uploads\/sites\/7\/2019\/09\/GrupoN-nuevo4.jpg","keywords":["Grupo Nucesa","Ofertas y promociones"],"articleSection":["Noticias"],"inLanguage":"es","potentialAction":[{"@type":"CommentAction","name":"Comment","target":["https:\/\/ajeandalucia.org\/granada\/2019\/09\/24\/promociones-grupo-nucesa-2\/#respond"]}]},{"@type":"WebPage","@id":"https:\/\/ajeandalucia.org\/granada\/2019\/09\/24\/promociones-grupo-nucesa-2\/","url":"https:\/\/ajeandalucia.org\/granada\/2019\/09\/24\/promociones-grupo-nucesa-2\/","name":"Promociones Grupo Nucesa - AJE Granada","isPartOf":{"@id":"https:\/\/ajeandalucia.org\/granada\/#website"},"primaryImageOfPage":{"@id":"https:\/\/ajeandalucia.org\/granada\/2019\/09\/24\/promociones-grupo-nucesa-2\/#primaryimage"},"image":{"@id":"https:\/\/ajeandalucia.org\/granada\/2019\/09\/24\/promociones-grupo-nucesa-2\/#primaryimage"},"thumbnailUrl":"https:\/\/ajeandalucia.org\/granada\/wp-content\/uploads\/sites\/7\/2019\/09\/GrupoN-nuevo4.jpg","datePublished":"2019-09-24T11:33:11+00:00","dateModified":"2019-09-24T11:36:06+00:00","breadcrumb":{"@id":"https:\/\/ajeandalucia.org\/granada\/2019\/09\/24\/promociones-grupo-nucesa-2\/#breadcrumb"},"inLanguage":"es","potentialAction":[{"@type":"ReadAction","target":["https:\/\/ajeandalucia.org\/granada\/2019\/09\/24\/promociones-grupo-nucesa-2\/"]}]},{"@type":"ImageObject","inLanguage":"es","@id":"https:\/\/ajeandalucia.org\/granada\/2019\/09\/24\/promociones-grupo-nucesa-2\/#primaryimage","url":"https:\/\/ajeandalucia.org\/granada\/wp-content\/uploads\/sites\/7\/2019\/09\/GrupoN-nuevo4.jpg","contentUrl":"https:\/\/ajeandalucia.org\/granada\/wp-content\/uploads\/sites\/7\/2019\/09\/GrupoN-nuevo4.jpg","width":1181,"height":711},{"@type":"BreadcrumbList","@id":"https:\/\/ajeandalucia.org\/granada\/2019\/09\/24\/promociones-grupo-nucesa-2\/#breadcrumb","itemListElement":[{"@type":"ListItem","position":1,"name":"Portada","item":"https:\/\/ajeandalucia.org\/granada\/"},{"@type":"ListItem","position":2,"name":"Promociones Grupo Nucesa"}]},{"@type":"WebSite","@id":"https:\/\/ajeandalucia.org\/granada\/#website","url":"https:\/\/ajeandalucia.org\/granada\/","name":"AJE Granada","description":"J\u00f3venes Empresarios de Granada","publisher":{"@id":"https:\/\/ajeandalucia.org\/granada\/#organization"},"potentialAction":[{"@type":"SearchAction","target":{"@type":"EntryPoint","urlTemplate":"https:\/\/ajeandalucia.org\/granada\/?s={search_term_string}"},"query-input":{"@type":"PropertyValueSpecification","valueRequired":true,"valueName":"search_term_string"}}],"inLanguage":"es"},{"@type":"Organization","@id":"https:\/\/ajeandalucia.org\/granada\/#organization","name":"AJE Granada","url":"https:\/\/ajeandalucia.org\/granada\/","logo":{"@type":"ImageObject","inLanguage":"es","@id":"https:\/\/ajeandalucia.org\/granada\/#\/schema\/logo\/image\/","url":"https:\/\/ajeandalucia.org\/granada\/wp-content\/uploads\/sites\/7\/2025\/02\/AJE-GRANADA-horizontal.png","contentUrl":"https:\/\/ajeandalucia.org\/granada\/wp-content\/uploads\/sites\/7\/2025\/02\/AJE-GRANADA-horizontal.png","width":612,"height":200,"caption":"AJE Granada"},"image":{"@id":"https:\/\/ajeandalucia.org\/granada\/#\/schema\/logo\/image\/"}},{"@type":"Person","@id":"https:\/\/ajeandalucia.org\/granada\/#\/schema\/person\/11740bd602b2087a5d9913ce7ad3b931","name":"granada","image":{"@type":"ImageObject","inLanguage":"es","@id":"https:\/\/ajeandalucia.org\/granada\/#\/schema\/person\/image\/","url":"https:\/\/secure.gravatar.com\/avatar\/d3efaa03945b79a8aad01845a3fd3b3535448eae49310ea0a5677e96e0e68b63?s=96&d=mm&r=g","contentUrl":"https:\/\/secure.gravatar.com\/avatar\/d3efaa03945b79a8aad01845a3fd3b3535448eae49310ea0a5677e96e0e68b63?s=96&d=mm&r=g","caption":"granada"},"url":"https:\/\/ajeandalucia.org\/granada\/author\/granada\/"}]}},"_links":{"self":[{"href":"https:\/\/ajeandalucia.org\/granada\/wp-json\/wp\/v2\/posts\/29559","targetHints":{"allow":["GET"]}}],"collection":[{"href":"https:\/\/ajeandalucia.org\/granada\/wp-json\/wp\/v2\/posts"}],"about":[{"href":"https:\/\/ajeandalucia.org\/granada\/wp-json\/wp\/v2\/types\/post"}],"author":[{"embeddable":true,"href":"https:\/\/ajeandalucia.org\/granada\/wp-json\/wp\/v2\/users\/6"}],"replies":[{"embeddable":true,"href":"https:\/\/ajeandalucia.org\/granada\/wp-json\/wp\/v2\/comments?post=29559"}],"version-history":[{"count":4,"href":"https:\/\/ajeandalucia.org\/granada\/wp-json\/wp\/v2\/posts\/29559\/revisions"}],"predecessor-version":[{"id":29566,"href":"https:\/\/ajeandalucia.org\/granada\/wp-json\/wp\/v2\/posts\/29559\/revisions\/29566"}],"wp:featuredmedia":[{"embeddable":true,"href":"https:\/\/ajeandalucia.org\/granada\/wp-json\/wp\/v2\/media\/29564"}],"wp:attachment":[{"href":"https:\/\/ajeandalucia.org\/granada\/wp-json\/wp\/v2\/media?parent=29559"}],"wp:term":[{"taxonomy":"category","embeddable":true,"href":"https:\/\/ajeandalucia.org\/granada\/wp-json\/wp\/v2\/categories?post=29559"},{"taxonomy":"post_tag","embeddable":true,"href":"https:\/\/ajeandalucia.org\/granada\/wp-json\/wp\/v2\/tags?post=29559"}],"curies":[{"name":"wp","href":"https:\/\/api.w.org\/{rel}","templated":true}]}}