{"id":31651,"date":"2020-03-16T12:46:10","date_gmt":"2020-03-16T11:46:10","guid":{"rendered":"http:\/\/www.ajeandalucia.org\/granada\/?p=31651"},"modified":"2020-03-30T12:39:05","modified_gmt":"2020-03-30T10:39:05","slug":"aje-granada-como-punto-de-informacion-y-de-ayuda-para-las-empresas-afectadas-por-el-covid-19","status":"publish","type":"post","link":"https:\/\/ajeandalucia.org\/granada\/2020\/03\/16\/aje-granada-como-punto-de-informacion-y-de-ayuda-para-las-empresas-afectadas-por-el-covid-19\/","title":{"rendered":"AJE GRANADA COMO PUNTO DE INFORMACI\u00d3N Y DE AYUDA PARA LAS EMPRESAS AFECTADAS POR EL COVID-19"},"content":{"rendered":"<p>Somos conscientes del gran impacto que el coronavirus est\u00e1 teniendo y tendr\u00e1 sobre el tejido empresarial, por ello y ante la incertidumbre de las medidas que se podr\u00e1n llevar a cabo, desde AJE Granada hemos creado una \u201c<strong><u>PLATAFORMA DE ATENCI\u00d3N AL ASOCIADO\u201d<\/u><\/strong>donde abordaremos 3 CANALES de comunicaci\u00f3n clave para intentar en la medida de lo posible minimizar los efectos negativos;<\/p>\n<p>&nbsp;<\/p>\n<ol>\n<li><strong>UNIDOS<\/strong>: nos ponemos a la entera disposici\u00f3n del asociado para que nos trasladen aquellas posibles acciones de valor que sus empresas est\u00e1n implementando, al igual que ofertas y\/o acciones que puedan ser de inter\u00e9s, con el fin de darles difusi\u00f3n y que el resto de las empresas puedan nutrirse de ellas. Asimismo, elaboraremos un informe con todas las reclamaciones y peticiones que se vayan compartiendo y ser\u00e1n recogidas por los canales abiertos con AJE Andaluc\u00eda y CEAJE.<\/li>\n<\/ol>\n<p>&nbsp;<\/p>\n<ol start=\"2\">\n<li><strong>INFORMADOS<\/strong>: Mantendremos de forma actualizada toda la informaci\u00f3n sobre las medidas, ayudas y subvenciones adoptadas por el Gobierno central y las diferentes organizaciones, as\u00ed como orientaci\u00f3n en la gesti\u00f3n de dichas ayudas.<\/li>\n<\/ol>\n<p>&nbsp;<\/p>\n<ol start=\"3\">\n<li><strong>ASESORADOS<\/strong>: Ponemos a disposici\u00f3n del asociado, expertos en materia legal y asesoramiento, para resolver todas las dudas y consultas que tengan respecto las medidas a llevar a cabo por el coronavirus.<\/li>\n<\/ol>\n<ul>\n<li>Asesoramiento Jur\u00eddico-Legal: LEGALEGO ABOGADOS \u2013 958 093 096<\/li>\n<li>Asesoramiento Laboral y apoyo en legal: OYA ABOGADOS \u2013 958 094 400 \/ <a href=\"mailto:info@oyaabogados.com\">info@oyaabogados.com<\/a><\/li>\n<li>Asesoramiento Fiscal y cuestiones generales: ASESOR\u00cdA JUAN BAUTISTA \u2013 958 252 262<\/li>\n<li>Asesoramiento Laboral y fiscal: SANPER ASESORES &#8211; 644 446 874<\/li>\n<li>Aut\u00f3nomos: INFOAUT\u00d3NOMOS &#8211;\u00a0958 089 488 \/\u00a0<a href=\"mailto:contacto@infoautonomos.com\" target=\"_blank\" rel=\"noopener\">contacto@infoautonomos.com<\/a><\/li>\n<li>Asesoramiento financiero y econ\u00f3mico: Finanzas &amp; I+D+i- 958 949 624<\/li>\n<\/ul>\n<p>&nbsp;<\/p>\n<p>SERVICIOS EXTRA:<\/p>\n<ul>\n<li>Teletrabajo. Planes temporales gratuitos de licencias y formaciones de choque: <a href=\"http:\/\/www.ajeandalucia.org\/granada\/speaker\/hispacolex-tech\/\">HISPACOLEX TECH CONSULTING<\/a> &#8211; <a href=\"mailto:covid19@hispacolextech.com\">covid19@hispacolextech.com<\/a><\/li>\n<li>\n<div class=\"\">Consultor\u00eda en Marketing Digital: <a href=\"http:\/\/www.ajeandalucia.org\/granada\/speaker\/closemarketing-2\/\"><span class=\"_247o\">Closemarketing<\/span><\/a> &#8211; 858 958 383 \/ <a href=\"mailto:info@closemarketing.es\">info@closemarketing.es<\/a><\/div>\n<\/li>\n<li>Gesti\u00f3n emocional en la empresa: <a href=\"http:\/\/www.ajeandalucia.org\/granada\/speaker\/people-and-talent-desarrollo-de-personas\/\">People &amp; Talent<\/a> &#8211; \u00a0633 145 716\n<div><\/div>\n<div><em>\u00a0<\/em><\/div>\n<\/li>\n<\/ul>\n<p>&nbsp;<\/p>\n<p>Cumpliendo con las medidas que se han decretado y la responsabilidad que debemos tener ante los acontecimientos, informamos que, aunque la agenda de eventos de la Asociaci\u00f3n se aplace hasta nuevo aviso, mantenemos el funcionamiento \u00edntegro mediante teletrabajo para todo lo que el asociado necesite:<\/p>\n<p>&nbsp;<\/p>\n<ul>\n<li>V\u00eda telef\u00f3nica: 666202954 \/ 654663592<\/li>\n<li>Correo electr\u00f3nico: <a href=\"mailto:gerencia@ajegranada.org\">gerencia@ajegranada.org<\/a>\/ <a href=\"mailto:ajegranada@ajegranada.org\">ajegranada@ajegranada.org<\/a><\/li>\n<\/ul>\n<p>&nbsp;<\/p>\n<p>\u00a1Nos vemos pronto!<\/p>\n","protected":false},"excerpt":{"rendered":"<p>Somos conscientes del gran impacto que el coronavirus est\u00e1 teniendo y tendr\u00e1 sobre el tejido empresarial, por ello y ante [&hellip;]<\/p>\n","protected":false},"author":6,"featured_media":31652,"comment_status":"open","ping_status":"open","sticky":true,"template":"","format":"standard","meta":{"_acf_changed":false,"site-sidebar-layout":"default","site-content-layout":"","ast-site-content-layout":"default","site-content-style":"default","site-sidebar-style":"default","ast-global-header-display":"","ast-banner-title-visibility":"","ast-main-header-display":"","ast-hfb-above-header-display":"","ast-hfb-below-header-display":"","ast-hfb-mobile-header-display":"","site-post-title":"","ast-breadcrumbs-content":"","ast-featured-img":"","footer-sml-layout":"","ast-disable-related-posts":"","theme-transparent-header-meta":"","adv-header-id-meta":"","stick-header-meta":"","header-above-stick-meta":"","header-main-stick-meta":"","header-below-stick-meta":"","astra-migrate-meta-layouts":"default","ast-page-background-enabled":"default","ast-page-background-meta":{"desktop":{"background-color":"var(--ast-global-color-5)","background-image":"","background-repeat":"repeat","background-position":"center center","background-size":"auto","background-attachment":"scroll","background-type":"","background-media":"","overlay-type":"","overlay-color":"","overlay-opacity":"","overlay-gradient":""},"tablet":{"background-color":"","background-image":"","background-repeat":"repeat","background-position":"center center","background-size":"auto","background-attachment":"scroll","background-type":"","background-media":"","overlay-type":"","overlay-color":"","overlay-opacity":"","overlay-gradient":""},"mobile":{"background-color":"","background-image":"","background-repeat":"repeat","background-position":"center center","background-size":"auto","background-attachment":"scroll","background-type":"","background-media":"","overlay-type":"","overlay-color":"","overlay-opacity":"","overlay-gradient":""}},"ast-content-background-meta":{"desktop":{"background-color":"var(--ast-global-color-4)","background-image":"","background-repeat":"repeat","background-position":"center center","background-size":"auto","background-attachment":"scroll","background-type":"","background-media":"","overlay-type":"","overlay-color":"","overlay-opacity":"","overlay-gradient":""},"tablet":{"background-color":"var(--ast-global-color-4)","background-image":"","background-repeat":"repeat","background-position":"center center","background-size":"auto","background-attachment":"scroll","background-type":"","background-media":"","overlay-type":"","overlay-color":"","overlay-opacity":"","overlay-gradient":""},"mobile":{"background-color":"var(--ast-global-color-4)","background-image":"","background-repeat":"repeat","background-position":"center center","background-size":"auto","background-attachment":"scroll","background-type":"","background-media":"","overlay-type":"","overlay-color":"","overlay-opacity":"","overlay-gradient":""}},"footnotes":""},"categories":[1,4345,8],"tags":[],"class_list":["post-31651","post","type-post","status-publish","format-standard","has-post-thumbnail","hentry","category-blog","category-destacada","category-noticias"],"acf":[],"yoast_head":"<!-- This site is optimized with the Yoast SEO plugin v26.9 - https:\/\/yoast.com\/product\/yoast-seo-wordpress\/ -->\n<title>AJE GRANADA COMO PUNTO DE INFORMACI\u00d3N Y DE AYUDA PARA LAS EMPRESAS AFECTADAS POR EL COVID-19 - AJE Granada<\/title>\n<meta name=\"robots\" content=\"index, follow, max-snippet:-1, max-image-preview:large, max-video-preview:-1\" \/>\n<link rel=\"canonical\" href=\"https:\/\/ajeandalucia.org\/granada\/2020\/03\/16\/aje-granada-como-punto-de-informacion-y-de-ayuda-para-las-empresas-afectadas-por-el-covid-19\/\" \/>\n<meta property=\"og:locale\" content=\"es_ES\" \/>\n<meta property=\"og:type\" content=\"article\" \/>\n<meta property=\"og:title\" content=\"AJE GRANADA COMO PUNTO DE INFORMACI\u00d3N Y DE AYUDA PARA LAS EMPRESAS AFECTADAS POR EL COVID-19 - AJE Granada\" \/>\n<meta property=\"og:description\" content=\"Somos conscientes del gran impacto que el coronavirus est\u00e1 teniendo y tendr\u00e1 sobre el tejido empresarial, por ello y ante [&hellip;]\" \/>\n<meta property=\"og:url\" content=\"https:\/\/ajeandalucia.org\/granada\/2020\/03\/16\/aje-granada-como-punto-de-informacion-y-de-ayuda-para-las-empresas-afectadas-por-el-covid-19\/\" \/>\n<meta property=\"og:site_name\" content=\"AJE Granada\" \/>\n<meta property=\"article:published_time\" content=\"2020-03-16T11:46:10+00:00\" \/>\n<meta property=\"article:modified_time\" content=\"2020-03-30T10:39:05+00:00\" \/>\n<meta property=\"og:image\" content=\"https:\/\/ajeandalucia.org\/granada\/wp-content\/uploads\/sites\/7\/2020\/03\/horizontal-copia.jpg\" \/>\n\t<meta property=\"og:image:width\" content=\"3302\" \/>\n\t<meta property=\"og:image:height\" content=\"2193\" \/>\n\t<meta property=\"og:image:type\" content=\"image\/jpeg\" \/>\n<meta name=\"author\" content=\"granada\" \/>\n<meta name=\"twitter:card\" content=\"summary_large_image\" \/>\n<meta name=\"twitter:label1\" content=\"Escrito por\" \/>\n\t<meta name=\"twitter:data1\" content=\"granada\" \/>\n\t<meta name=\"twitter:label2\" content=\"Tiempo de lectura\" \/>\n\t<meta name=\"twitter:data2\" content=\"2 minutos\" \/>\n<script type=\"application\/ld+json\" class=\"yoast-schema-graph\">{\"@context\":\"https:\/\/schema.org\",\"@graph\":[{\"@type\":\"Article\",\"@id\":\"https:\/\/ajeandalucia.org\/granada\/2020\/03\/16\/aje-granada-como-punto-de-informacion-y-de-ayuda-para-las-empresas-afectadas-por-el-covid-19\/#article\",\"isPartOf\":{\"@id\":\"https:\/\/ajeandalucia.org\/granada\/2020\/03\/16\/aje-granada-como-punto-de-informacion-y-de-ayuda-para-las-empresas-afectadas-por-el-covid-19\/\"},\"author\":{\"name\":\"granada\",\"@id\":\"https:\/\/ajeandalucia.org\/granada\/#\/schema\/person\/11740bd602b2087a5d9913ce7ad3b931\"},\"headline\":\"AJE GRANADA COMO PUNTO DE INFORMACI\u00d3N Y DE AYUDA PARA LAS EMPRESAS AFECTADAS POR EL COVID-19\",\"datePublished\":\"2020-03-16T11:46:10+00:00\",\"dateModified\":\"2020-03-30T10:39:05+00:00\",\"mainEntityOfPage\":{\"@id\":\"https:\/\/ajeandalucia.org\/granada\/2020\/03\/16\/aje-granada-como-punto-de-informacion-y-de-ayuda-para-las-empresas-afectadas-por-el-covid-19\/\"},\"wordCount\":389,\"commentCount\":0,\"publisher\":{\"@id\":\"https:\/\/ajeandalucia.org\/granada\/#organization\"},\"image\":{\"@id\":\"https:\/\/ajeandalucia.org\/granada\/2020\/03\/16\/aje-granada-como-punto-de-informacion-y-de-ayuda-para-las-empresas-afectadas-por-el-covid-19\/#primaryimage\"},\"thumbnailUrl\":\"https:\/\/ajeandalucia.org\/granada\/wp-content\/uploads\/sites\/7\/2020\/03\/horizontal-copia.jpg\",\"articleSection\":[\"Blog\",\"Destacada\",\"Noticias\"],\"inLanguage\":\"es\",\"potentialAction\":[{\"@type\":\"CommentAction\",\"name\":\"Comment\",\"target\":[\"https:\/\/ajeandalucia.org\/granada\/2020\/03\/16\/aje-granada-como-punto-de-informacion-y-de-ayuda-para-las-empresas-afectadas-por-el-covid-19\/#respond\"]}]},{\"@type\":\"WebPage\",\"@id\":\"https:\/\/ajeandalucia.org\/granada\/2020\/03\/16\/aje-granada-como-punto-de-informacion-y-de-ayuda-para-las-empresas-afectadas-por-el-covid-19\/\",\"url\":\"https:\/\/ajeandalucia.org\/granada\/2020\/03\/16\/aje-granada-como-punto-de-informacion-y-de-ayuda-para-las-empresas-afectadas-por-el-covid-19\/\",\"name\":\"AJE GRANADA COMO PUNTO DE INFORMACI\u00d3N Y DE AYUDA PARA LAS EMPRESAS AFECTADAS POR EL COVID-19 - AJE Granada\",\"isPartOf\":{\"@id\":\"https:\/\/ajeandalucia.org\/granada\/#website\"},\"primaryImageOfPage\":{\"@id\":\"https:\/\/ajeandalucia.org\/granada\/2020\/03\/16\/aje-granada-como-punto-de-informacion-y-de-ayuda-para-las-empresas-afectadas-por-el-covid-19\/#primaryimage\"},\"image\":{\"@id\":\"https:\/\/ajeandalucia.org\/granada\/2020\/03\/16\/aje-granada-como-punto-de-informacion-y-de-ayuda-para-las-empresas-afectadas-por-el-covid-19\/#primaryimage\"},\"thumbnailUrl\":\"https:\/\/ajeandalucia.org\/granada\/wp-content\/uploads\/sites\/7\/2020\/03\/horizontal-copia.jpg\",\"datePublished\":\"2020-03-16T11:46:10+00:00\",\"dateModified\":\"2020-03-30T10:39:05+00:00\",\"breadcrumb\":{\"@id\":\"https:\/\/ajeandalucia.org\/granada\/2020\/03\/16\/aje-granada-como-punto-de-informacion-y-de-ayuda-para-las-empresas-afectadas-por-el-covid-19\/#breadcrumb\"},\"inLanguage\":\"es\",\"potentialAction\":[{\"@type\":\"ReadAction\",\"target\":[\"https:\/\/ajeandalucia.org\/granada\/2020\/03\/16\/aje-granada-como-punto-de-informacion-y-de-ayuda-para-las-empresas-afectadas-por-el-covid-19\/\"]}]},{\"@type\":\"ImageObject\",\"inLanguage\":\"es\",\"@id\":\"https:\/\/ajeandalucia.org\/granada\/2020\/03\/16\/aje-granada-como-punto-de-informacion-y-de-ayuda-para-las-empresas-afectadas-por-el-covid-19\/#primaryimage\",\"url\":\"https:\/\/ajeandalucia.org\/granada\/wp-content\/uploads\/sites\/7\/2020\/03\/horizontal-copia.jpg\",\"contentUrl\":\"https:\/\/ajeandalucia.org\/granada\/wp-content\/uploads\/sites\/7\/2020\/03\/horizontal-copia.jpg\",\"width\":3302,\"height\":2193},{\"@type\":\"BreadcrumbList\",\"@id\":\"https:\/\/ajeandalucia.org\/granada\/2020\/03\/16\/aje-granada-como-punto-de-informacion-y-de-ayuda-para-las-empresas-afectadas-por-el-covid-19\/#breadcrumb\",\"itemListElement\":[{\"@type\":\"ListItem\",\"position\":1,\"name\":\"Portada\",\"item\":\"https:\/\/ajeandalucia.org\/granada\/\"},{\"@type\":\"ListItem\",\"position\":2,\"name\":\"AJE GRANADA COMO PUNTO DE INFORMACI\u00d3N Y DE AYUDA PARA LAS EMPRESAS AFECTADAS POR EL COVID-19\"}]},{\"@type\":\"WebSite\",\"@id\":\"https:\/\/ajeandalucia.org\/granada\/#website\",\"url\":\"https:\/\/ajeandalucia.org\/granada\/\",\"name\":\"AJE Granada\",\"description\":\"J\u00f3venes Empresarios de Granada\",\"publisher\":{\"@id\":\"https:\/\/ajeandalucia.org\/granada\/#organization\"},\"potentialAction\":[{\"@type\":\"SearchAction\",\"target\":{\"@type\":\"EntryPoint\",\"urlTemplate\":\"https:\/\/ajeandalucia.org\/granada\/?s={search_term_string}\"},\"query-input\":{\"@type\":\"PropertyValueSpecification\",\"valueRequired\":true,\"valueName\":\"search_term_string\"}}],\"inLanguage\":\"es\"},{\"@type\":\"Organization\",\"@id\":\"https:\/\/ajeandalucia.org\/granada\/#organization\",\"name\":\"AJE Granada\",\"url\":\"https:\/\/ajeandalucia.org\/granada\/\",\"logo\":{\"@type\":\"ImageObject\",\"inLanguage\":\"es\",\"@id\":\"https:\/\/ajeandalucia.org\/granada\/#\/schema\/logo\/image\/\",\"url\":\"https:\/\/ajeandalucia.org\/granada\/wp-content\/uploads\/sites\/7\/2025\/02\/AJE-GRANADA-horizontal.png\",\"contentUrl\":\"https:\/\/ajeandalucia.org\/granada\/wp-content\/uploads\/sites\/7\/2025\/02\/AJE-GRANADA-horizontal.png\",\"width\":612,\"height\":200,\"caption\":\"AJE Granada\"},\"image\":{\"@id\":\"https:\/\/ajeandalucia.org\/granada\/#\/schema\/logo\/image\/\"}},{\"@type\":\"Person\",\"@id\":\"https:\/\/ajeandalucia.org\/granada\/#\/schema\/person\/11740bd602b2087a5d9913ce7ad3b931\",\"name\":\"granada\",\"image\":{\"@type\":\"ImageObject\",\"inLanguage\":\"es\",\"@id\":\"https:\/\/ajeandalucia.org\/granada\/#\/schema\/person\/image\/\",\"url\":\"https:\/\/secure.gravatar.com\/avatar\/d3efaa03945b79a8aad01845a3fd3b3535448eae49310ea0a5677e96e0e68b63?s=96&d=mm&r=g\",\"contentUrl\":\"https:\/\/secure.gravatar.com\/avatar\/d3efaa03945b79a8aad01845a3fd3b3535448eae49310ea0a5677e96e0e68b63?s=96&d=mm&r=g\",\"caption\":\"granada\"},\"url\":\"https:\/\/ajeandalucia.org\/granada\/author\/granada\/\"}]}<\/script>\n<!-- \/ Yoast SEO plugin. -->","yoast_head_json":{"title":"AJE GRANADA COMO PUNTO DE INFORMACI\u00d3N Y DE AYUDA PARA LAS EMPRESAS AFECTADAS POR EL COVID-19 - AJE Granada","robots":{"index":"index","follow":"follow","max-snippet":"max-snippet:-1","max-image-preview":"max-image-preview:large","max-video-preview":"max-video-preview:-1"},"canonical":"https:\/\/ajeandalucia.org\/granada\/2020\/03\/16\/aje-granada-como-punto-de-informacion-y-de-ayuda-para-las-empresas-afectadas-por-el-covid-19\/","og_locale":"es_ES","og_type":"article","og_title":"AJE GRANADA COMO PUNTO DE INFORMACI\u00d3N Y DE AYUDA PARA LAS EMPRESAS AFECTADAS POR EL COVID-19 - AJE Granada","og_description":"Somos conscientes del gran impacto que el coronavirus est\u00e1 teniendo y tendr\u00e1 sobre el tejido empresarial, por ello y ante [&hellip;]","og_url":"https:\/\/ajeandalucia.org\/granada\/2020\/03\/16\/aje-granada-como-punto-de-informacion-y-de-ayuda-para-las-empresas-afectadas-por-el-covid-19\/","og_site_name":"AJE Granada","article_published_time":"2020-03-16T11:46:10+00:00","article_modified_time":"2020-03-30T10:39:05+00:00","og_image":[{"width":3302,"height":2193,"url":"https:\/\/ajeandalucia.org\/granada\/wp-content\/uploads\/sites\/7\/2020\/03\/horizontal-copia.jpg","type":"image\/jpeg"}],"author":"granada","twitter_card":"summary_large_image","twitter_misc":{"Escrito por":"granada","Tiempo de lectura":"2 minutos"},"schema":{"@context":"https:\/\/schema.org","@graph":[{"@type":"Article","@id":"https:\/\/ajeandalucia.org\/granada\/2020\/03\/16\/aje-granada-como-punto-de-informacion-y-de-ayuda-para-las-empresas-afectadas-por-el-covid-19\/#article","isPartOf":{"@id":"https:\/\/ajeandalucia.org\/granada\/2020\/03\/16\/aje-granada-como-punto-de-informacion-y-de-ayuda-para-las-empresas-afectadas-por-el-covid-19\/"},"author":{"name":"granada","@id":"https:\/\/ajeandalucia.org\/granada\/#\/schema\/person\/11740bd602b2087a5d9913ce7ad3b931"},"headline":"AJE GRANADA COMO PUNTO DE INFORMACI\u00d3N Y DE AYUDA PARA LAS EMPRESAS AFECTADAS POR EL COVID-19","datePublished":"2020-03-16T11:46:10+00:00","dateModified":"2020-03-30T10:39:05+00:00","mainEntityOfPage":{"@id":"https:\/\/ajeandalucia.org\/granada\/2020\/03\/16\/aje-granada-como-punto-de-informacion-y-de-ayuda-para-las-empresas-afectadas-por-el-covid-19\/"},"wordCount":389,"commentCount":0,"publisher":{"@id":"https:\/\/ajeandalucia.org\/granada\/#organization"},"image":{"@id":"https:\/\/ajeandalucia.org\/granada\/2020\/03\/16\/aje-granada-como-punto-de-informacion-y-de-ayuda-para-las-empresas-afectadas-por-el-covid-19\/#primaryimage"},"thumbnailUrl":"https:\/\/ajeandalucia.org\/granada\/wp-content\/uploads\/sites\/7\/2020\/03\/horizontal-copia.jpg","articleSection":["Blog","Destacada","Noticias"],"inLanguage":"es","potentialAction":[{"@type":"CommentAction","name":"Comment","target":["https:\/\/ajeandalucia.org\/granada\/2020\/03\/16\/aje-granada-como-punto-de-informacion-y-de-ayuda-para-las-empresas-afectadas-por-el-covid-19\/#respond"]}]},{"@type":"WebPage","@id":"https:\/\/ajeandalucia.org\/granada\/2020\/03\/16\/aje-granada-como-punto-de-informacion-y-de-ayuda-para-las-empresas-afectadas-por-el-covid-19\/","url":"https:\/\/ajeandalucia.org\/granada\/2020\/03\/16\/aje-granada-como-punto-de-informacion-y-de-ayuda-para-las-empresas-afectadas-por-el-covid-19\/","name":"AJE GRANADA COMO PUNTO DE INFORMACI\u00d3N Y DE AYUDA PARA LAS EMPRESAS AFECTADAS POR EL COVID-19 - AJE Granada","isPartOf":{"@id":"https:\/\/ajeandalucia.org\/granada\/#website"},"primaryImageOfPage":{"@id":"https:\/\/ajeandalucia.org\/granada\/2020\/03\/16\/aje-granada-como-punto-de-informacion-y-de-ayuda-para-las-empresas-afectadas-por-el-covid-19\/#primaryimage"},"image":{"@id":"https:\/\/ajeandalucia.org\/granada\/2020\/03\/16\/aje-granada-como-punto-de-informacion-y-de-ayuda-para-las-empresas-afectadas-por-el-covid-19\/#primaryimage"},"thumbnailUrl":"https:\/\/ajeandalucia.org\/granada\/wp-content\/uploads\/sites\/7\/2020\/03\/horizontal-copia.jpg","datePublished":"2020-03-16T11:46:10+00:00","dateModified":"2020-03-30T10:39:05+00:00","breadcrumb":{"@id":"https:\/\/ajeandalucia.org\/granada\/2020\/03\/16\/aje-granada-como-punto-de-informacion-y-de-ayuda-para-las-empresas-afectadas-por-el-covid-19\/#breadcrumb"},"inLanguage":"es","potentialAction":[{"@type":"ReadAction","target":["https:\/\/ajeandalucia.org\/granada\/2020\/03\/16\/aje-granada-como-punto-de-informacion-y-de-ayuda-para-las-empresas-afectadas-por-el-covid-19\/"]}]},{"@type":"ImageObject","inLanguage":"es","@id":"https:\/\/ajeandalucia.org\/granada\/2020\/03\/16\/aje-granada-como-punto-de-informacion-y-de-ayuda-para-las-empresas-afectadas-por-el-covid-19\/#primaryimage","url":"https:\/\/ajeandalucia.org\/granada\/wp-content\/uploads\/sites\/7\/2020\/03\/horizontal-copia.jpg","contentUrl":"https:\/\/ajeandalucia.org\/granada\/wp-content\/uploads\/sites\/7\/2020\/03\/horizontal-copia.jpg","width":3302,"height":2193},{"@type":"BreadcrumbList","@id":"https:\/\/ajeandalucia.org\/granada\/2020\/03\/16\/aje-granada-como-punto-de-informacion-y-de-ayuda-para-las-empresas-afectadas-por-el-covid-19\/#breadcrumb","itemListElement":[{"@type":"ListItem","position":1,"name":"Portada","item":"https:\/\/ajeandalucia.org\/granada\/"},{"@type":"ListItem","position":2,"name":"AJE GRANADA COMO PUNTO DE INFORMACI\u00d3N Y DE AYUDA PARA LAS EMPRESAS AFECTADAS POR EL COVID-19"}]},{"@type":"WebSite","@id":"https:\/\/ajeandalucia.org\/granada\/#website","url":"https:\/\/ajeandalucia.org\/granada\/","name":"AJE Granada","description":"J\u00f3venes Empresarios de Granada","publisher":{"@id":"https:\/\/ajeandalucia.org\/granada\/#organization"},"potentialAction":[{"@type":"SearchAction","target":{"@type":"EntryPoint","urlTemplate":"https:\/\/ajeandalucia.org\/granada\/?s={search_term_string}"},"query-input":{"@type":"PropertyValueSpecification","valueRequired":true,"valueName":"search_term_string"}}],"inLanguage":"es"},{"@type":"Organization","@id":"https:\/\/ajeandalucia.org\/granada\/#organization","name":"AJE Granada","url":"https:\/\/ajeandalucia.org\/granada\/","logo":{"@type":"ImageObject","inLanguage":"es","@id":"https:\/\/ajeandalucia.org\/granada\/#\/schema\/logo\/image\/","url":"https:\/\/ajeandalucia.org\/granada\/wp-content\/uploads\/sites\/7\/2025\/02\/AJE-GRANADA-horizontal.png","contentUrl":"https:\/\/ajeandalucia.org\/granada\/wp-content\/uploads\/sites\/7\/2025\/02\/AJE-GRANADA-horizontal.png","width":612,"height":200,"caption":"AJE Granada"},"image":{"@id":"https:\/\/ajeandalucia.org\/granada\/#\/schema\/logo\/image\/"}},{"@type":"Person","@id":"https:\/\/ajeandalucia.org\/granada\/#\/schema\/person\/11740bd602b2087a5d9913ce7ad3b931","name":"granada","image":{"@type":"ImageObject","inLanguage":"es","@id":"https:\/\/ajeandalucia.org\/granada\/#\/schema\/person\/image\/","url":"https:\/\/secure.gravatar.com\/avatar\/d3efaa03945b79a8aad01845a3fd3b3535448eae49310ea0a5677e96e0e68b63?s=96&d=mm&r=g","contentUrl":"https:\/\/secure.gravatar.com\/avatar\/d3efaa03945b79a8aad01845a3fd3b3535448eae49310ea0a5677e96e0e68b63?s=96&d=mm&r=g","caption":"granada"},"url":"https:\/\/ajeandalucia.org\/granada\/author\/granada\/"}]}},"_links":{"self":[{"href":"https:\/\/ajeandalucia.org\/granada\/wp-json\/wp\/v2\/posts\/31651","targetHints":{"allow":["GET"]}}],"collection":[{"href":"https:\/\/ajeandalucia.org\/granada\/wp-json\/wp\/v2\/posts"}],"about":[{"href":"https:\/\/ajeandalucia.org\/granada\/wp-json\/wp\/v2\/types\/post"}],"author":[{"embeddable":true,"href":"https:\/\/ajeandalucia.org\/granada\/wp-json\/wp\/v2\/users\/6"}],"replies":[{"embeddable":true,"href":"https:\/\/ajeandalucia.org\/granada\/wp-json\/wp\/v2\/comments?post=31651"}],"version-history":[{"count":14,"href":"https:\/\/ajeandalucia.org\/granada\/wp-json\/wp\/v2\/posts\/31651\/revisions"}],"predecessor-version":[{"id":31892,"href":"https:\/\/ajeandalucia.org\/granada\/wp-json\/wp\/v2\/posts\/31651\/revisions\/31892"}],"wp:featuredmedia":[{"embeddable":true,"href":"https:\/\/ajeandalucia.org\/granada\/wp-json\/wp\/v2\/media\/31652"}],"wp:attachment":[{"href":"https:\/\/ajeandalucia.org\/granada\/wp-json\/wp\/v2\/media?parent=31651"}],"wp:term":[{"taxonomy":"category","embeddable":true,"href":"https:\/\/ajeandalucia.org\/granada\/wp-json\/wp\/v2\/categories?post=31651"},{"taxonomy":"post_tag","embeddable":true,"href":"https:\/\/ajeandalucia.org\/granada\/wp-json\/wp\/v2\/tags?post=31651"}],"curies":[{"name":"wp","href":"https:\/\/api.w.org\/{rel}","templated":true}]}}