{"id":31684,"date":"2020-03-19T10:53:50","date_gmt":"2020-03-19T09:53:50","guid":{"rendered":"http:\/\/www.ajeandalucia.org\/granada\/?p=31684"},"modified":"2020-03-19T10:53:50","modified_gmt":"2020-03-19T09:53:50","slug":"fundacion-empresa-y-juventud-por-un-objetivo-comun","status":"publish","type":"post","link":"https:\/\/ajeandalucia.org\/granada\/2020\/03\/19\/fundacion-empresa-y-juventud-por-un-objetivo-comun\/","title":{"rendered":"Fundaci\u00f3n Empresa y Juventud por un objetivo com\u00fan&#8230;"},"content":{"rendered":"<p><strong>\u00a1QUEREMOS SEGUIR DISFRUTANDO DE TODO Y NECESITAMOS TU AYUDA!<\/strong><b><\/p>\n<p><\/b>Hoy m\u00e1s que nunca, pensamos que es importante pararse a pensar lo que estamos haciendo con nuestro planeta. Nos est\u00e1 avisando de que algo no va bien&#8230;<b><\/p>\n<p><\/b>Desde el<strong> Taller de Cartonaje de <a href=\"http:\/\/www.ajeandalucia.org\/granada\/speaker\/fundacion-empresa-y-juventud\/\">Fundaci\u00f3n Empresa y Juventud <\/a><\/strong>te necesitan para dar un paso m\u00e1s en este comprometido viaje.<br \/>\nConsumir productos cuyo impacto ambiental sea m\u00ednimo es cada vez m\u00e1s importante.<br \/>\nLlevan a\u00f1os fabricando tus cajas, y quieren que sepas que siempre utilizan materiales reciclados y\u00a0\u00a0reciclables.<\/p>\n<p>Ahora, quieren ampliar las opciones y por eso te lanzan una pregunta:<b><\/p>\n<p><\/b><strong>\u00bfSE TE OCURRE ALG\u00daN OTRO ART\u00cdCULO QUE TU EMPRESA UTILICE DE MANERA ASIDUA Y QUE PUEDAN FABRIC\u00c1RTELO EN CART\u00d3N?<\/strong><b><\/p>\n<p><\/b>Aprovecha este &#8220;par\u00f3n&#8221; para\u00a0pensar\u00a0un poco\u00a0 y env\u00eda tus necesidades. De esta manera juntos avanzaremos en la direcci\u00f3n correcta.<\/p>\n<table width=\"100%\">\n<tbody>\n<tr>\n<td width=\"26\"><\/td>\n<td width=\"114\">\n<a href=\"http:\/\/fundacionempresayjuventud.mailrelay-iv.es\/newslink\/29799\/24.html\">info@fundacionempresayjuventud.es<br \/>\nwww.fundacionempresayjuventud.es<\/a><\/p>\n<p>&nbsp;<\/td>\n<\/tr>\n<\/tbody>\n<\/table>\n","protected":false},"excerpt":{"rendered":"<p>\u00a1QUEREMOS SEGUIR DISFRUTANDO DE TODO Y NECESITAMOS TU AYUDA! Hoy m\u00e1s que nunca, pensamos que es importante pararse a pensar [&hellip;]<\/p>\n","protected":false},"author":6,"featured_media":31686,"comment_status":"open","ping_status":"open","sticky":false,"template":"","format":"standard","meta":{"_acf_changed":false,"site-sidebar-layout":"default","site-content-layout":"","ast-site-content-layout":"default","site-content-style":"default","site-sidebar-style":"default","ast-global-header-display":"","ast-banner-title-visibility":"","ast-main-header-display":"","ast-hfb-above-header-display":"","ast-hfb-below-header-display":"","ast-hfb-mobile-header-display":"","site-post-title":"","ast-breadcrumbs-content":"","ast-featured-img":"","footer-sml-layout":"","ast-disable-related-posts":"","theme-transparent-header-meta":"","adv-header-id-meta":"","stick-header-meta":"","header-above-stick-meta":"","header-main-stick-meta":"","header-below-stick-meta":"","astra-migrate-meta-layouts":"default","ast-page-background-enabled":"default","ast-page-background-meta":{"desktop":{"background-color":"var(--ast-global-color-5)","background-image":"","background-repeat":"repeat","background-position":"center center","background-size":"auto","background-attachment":"scroll","background-type":"","background-media":"","overlay-type":"","overlay-color":"","overlay-opacity":"","overlay-gradient":""},"tablet":{"background-color":"","background-image":"","background-repeat":"repeat","background-position":"center center","background-size":"auto","background-attachment":"scroll","background-type":"","background-media":"","overlay-type":"","overlay-color":"","overlay-opacity":"","overlay-gradient":""},"mobile":{"background-color":"","background-image":"","background-repeat":"repeat","background-position":"center center","background-size":"auto","background-attachment":"scroll","background-type":"","background-media":"","overlay-type":"","overlay-color":"","overlay-opacity":"","overlay-gradient":""}},"ast-content-background-meta":{"desktop":{"background-color":"var(--ast-global-color-4)","background-image":"","background-repeat":"repeat","background-position":"center center","background-size":"auto","background-attachment":"scroll","background-type":"","background-media":"","overlay-type":"","overlay-color":"","overlay-opacity":"","overlay-gradient":""},"tablet":{"background-color":"var(--ast-global-color-4)","background-image":"","background-repeat":"repeat","background-position":"center center","background-size":"auto","background-attachment":"scroll","background-type":"","background-media":"","overlay-type":"","overlay-color":"","overlay-opacity":"","overlay-gradient":""},"mobile":{"background-color":"var(--ast-global-color-4)","background-image":"","background-repeat":"repeat","background-position":"center center","background-size":"auto","background-attachment":"scroll","background-type":"","background-media":"","overlay-type":"","overlay-color":"","overlay-opacity":"","overlay-gradient":""}},"footnotes":""},"categories":[8],"tags":[4358],"class_list":["post-31684","post","type-post","status-publish","format-standard","has-post-thumbnail","hentry","category-noticias","tag-fundacion-empresa-y-juventud"],"acf":[],"yoast_head":"<!-- This site is optimized with the Yoast SEO plugin v26.9 - https:\/\/yoast.com\/product\/yoast-seo-wordpress\/ -->\n<title>Fundaci\u00f3n Empresa y Juventud por un objetivo com\u00fan... - AJE Granada<\/title>\n<meta name=\"robots\" content=\"index, follow, max-snippet:-1, max-image-preview:large, max-video-preview:-1\" \/>\n<link rel=\"canonical\" href=\"https:\/\/ajeandalucia.org\/granada\/2020\/03\/19\/fundacion-empresa-y-juventud-por-un-objetivo-comun\/\" \/>\n<meta property=\"og:locale\" content=\"es_ES\" \/>\n<meta property=\"og:type\" content=\"article\" \/>\n<meta property=\"og:title\" content=\"Fundaci\u00f3n Empresa y Juventud por un objetivo com\u00fan... - AJE Granada\" \/>\n<meta property=\"og:description\" content=\"\u00a1QUEREMOS SEGUIR DISFRUTANDO DE TODO Y NECESITAMOS TU AYUDA! Hoy m\u00e1s que nunca, pensamos que es importante pararse a pensar [&hellip;]\" \/>\n<meta property=\"og:url\" content=\"https:\/\/ajeandalucia.org\/granada\/2020\/03\/19\/fundacion-empresa-y-juventud-por-un-objetivo-comun\/\" \/>\n<meta property=\"og:site_name\" content=\"AJE Granada\" \/>\n<meta property=\"article:published_time\" content=\"2020-03-19T09:53:50+00:00\" \/>\n<meta property=\"og:image\" content=\"https:\/\/ajeandalucia.org\/granada\/wp-content\/uploads\/sites\/7\/2020\/03\/unnamed.jpg\" \/>\n\t<meta property=\"og:image:width\" content=\"1170\" \/>\n\t<meta property=\"og:image:height\" content=\"250\" \/>\n\t<meta property=\"og:image:type\" content=\"image\/jpeg\" \/>\n<meta name=\"author\" content=\"granada\" \/>\n<meta name=\"twitter:card\" content=\"summary_large_image\" \/>\n<meta name=\"twitter:label1\" content=\"Escrito por\" \/>\n\t<meta name=\"twitter:data1\" content=\"granada\" \/>\n\t<meta name=\"twitter:label2\" content=\"Tiempo de lectura\" \/>\n\t<meta name=\"twitter:data2\" content=\"1 minuto\" \/>\n<script type=\"application\/ld+json\" class=\"yoast-schema-graph\">{\"@context\":\"https:\/\/schema.org\",\"@graph\":[{\"@type\":\"Article\",\"@id\":\"https:\/\/ajeandalucia.org\/granada\/2020\/03\/19\/fundacion-empresa-y-juventud-por-un-objetivo-comun\/#article\",\"isPartOf\":{\"@id\":\"https:\/\/ajeandalucia.org\/granada\/2020\/03\/19\/fundacion-empresa-y-juventud-por-un-objetivo-comun\/\"},\"author\":{\"name\":\"granada\",\"@id\":\"https:\/\/ajeandalucia.org\/granada\/#\/schema\/person\/11740bd602b2087a5d9913ce7ad3b931\"},\"headline\":\"Fundaci\u00f3n Empresa y Juventud por un objetivo com\u00fan&#8230;\",\"datePublished\":\"2020-03-19T09:53:50+00:00\",\"mainEntityOfPage\":{\"@id\":\"https:\/\/ajeandalucia.org\/granada\/2020\/03\/19\/fundacion-empresa-y-juventud-por-un-objetivo-comun\/\"},\"wordCount\":166,\"commentCount\":0,\"publisher\":{\"@id\":\"https:\/\/ajeandalucia.org\/granada\/#organization\"},\"image\":{\"@id\":\"https:\/\/ajeandalucia.org\/granada\/2020\/03\/19\/fundacion-empresa-y-juventud-por-un-objetivo-comun\/#primaryimage\"},\"thumbnailUrl\":\"https:\/\/ajeandalucia.org\/granada\/wp-content\/uploads\/sites\/7\/2020\/03\/unnamed.jpg\",\"keywords\":[\"Fundaci\u00f3n empresa y Juventud\"],\"articleSection\":[\"Noticias\"],\"inLanguage\":\"es\",\"potentialAction\":[{\"@type\":\"CommentAction\",\"name\":\"Comment\",\"target\":[\"https:\/\/ajeandalucia.org\/granada\/2020\/03\/19\/fundacion-empresa-y-juventud-por-un-objetivo-comun\/#respond\"]}]},{\"@type\":\"WebPage\",\"@id\":\"https:\/\/ajeandalucia.org\/granada\/2020\/03\/19\/fundacion-empresa-y-juventud-por-un-objetivo-comun\/\",\"url\":\"https:\/\/ajeandalucia.org\/granada\/2020\/03\/19\/fundacion-empresa-y-juventud-por-un-objetivo-comun\/\",\"name\":\"Fundaci\u00f3n Empresa y Juventud por un objetivo com\u00fan... - AJE Granada\",\"isPartOf\":{\"@id\":\"https:\/\/ajeandalucia.org\/granada\/#website\"},\"primaryImageOfPage\":{\"@id\":\"https:\/\/ajeandalucia.org\/granada\/2020\/03\/19\/fundacion-empresa-y-juventud-por-un-objetivo-comun\/#primaryimage\"},\"image\":{\"@id\":\"https:\/\/ajeandalucia.org\/granada\/2020\/03\/19\/fundacion-empresa-y-juventud-por-un-objetivo-comun\/#primaryimage\"},\"thumbnailUrl\":\"https:\/\/ajeandalucia.org\/granada\/wp-content\/uploads\/sites\/7\/2020\/03\/unnamed.jpg\",\"datePublished\":\"2020-03-19T09:53:50+00:00\",\"breadcrumb\":{\"@id\":\"https:\/\/ajeandalucia.org\/granada\/2020\/03\/19\/fundacion-empresa-y-juventud-por-un-objetivo-comun\/#breadcrumb\"},\"inLanguage\":\"es\",\"potentialAction\":[{\"@type\":\"ReadAction\",\"target\":[\"https:\/\/ajeandalucia.org\/granada\/2020\/03\/19\/fundacion-empresa-y-juventud-por-un-objetivo-comun\/\"]}]},{\"@type\":\"ImageObject\",\"inLanguage\":\"es\",\"@id\":\"https:\/\/ajeandalucia.org\/granada\/2020\/03\/19\/fundacion-empresa-y-juventud-por-un-objetivo-comun\/#primaryimage\",\"url\":\"https:\/\/ajeandalucia.org\/granada\/wp-content\/uploads\/sites\/7\/2020\/03\/unnamed.jpg\",\"contentUrl\":\"https:\/\/ajeandalucia.org\/granada\/wp-content\/uploads\/sites\/7\/2020\/03\/unnamed.jpg\",\"width\":1170,\"height\":250},{\"@type\":\"BreadcrumbList\",\"@id\":\"https:\/\/ajeandalucia.org\/granada\/2020\/03\/19\/fundacion-empresa-y-juventud-por-un-objetivo-comun\/#breadcrumb\",\"itemListElement\":[{\"@type\":\"ListItem\",\"position\":1,\"name\":\"Portada\",\"item\":\"https:\/\/ajeandalucia.org\/granada\/\"},{\"@type\":\"ListItem\",\"position\":2,\"name\":\"Fundaci\u00f3n Empresa y Juventud por un objetivo com\u00fan&#8230;\"}]},{\"@type\":\"WebSite\",\"@id\":\"https:\/\/ajeandalucia.org\/granada\/#website\",\"url\":\"https:\/\/ajeandalucia.org\/granada\/\",\"name\":\"AJE Granada\",\"description\":\"J\u00f3venes Empresarios de Granada\",\"publisher\":{\"@id\":\"https:\/\/ajeandalucia.org\/granada\/#organization\"},\"potentialAction\":[{\"@type\":\"SearchAction\",\"target\":{\"@type\":\"EntryPoint\",\"urlTemplate\":\"https:\/\/ajeandalucia.org\/granada\/?s={search_term_string}\"},\"query-input\":{\"@type\":\"PropertyValueSpecification\",\"valueRequired\":true,\"valueName\":\"search_term_string\"}}],\"inLanguage\":\"es\"},{\"@type\":\"Organization\",\"@id\":\"https:\/\/ajeandalucia.org\/granada\/#organization\",\"name\":\"AJE Granada\",\"url\":\"https:\/\/ajeandalucia.org\/granada\/\",\"logo\":{\"@type\":\"ImageObject\",\"inLanguage\":\"es\",\"@id\":\"https:\/\/ajeandalucia.org\/granada\/#\/schema\/logo\/image\/\",\"url\":\"https:\/\/ajeandalucia.org\/granada\/wp-content\/uploads\/sites\/7\/2025\/02\/AJE-GRANADA-horizontal.png\",\"contentUrl\":\"https:\/\/ajeandalucia.org\/granada\/wp-content\/uploads\/sites\/7\/2025\/02\/AJE-GRANADA-horizontal.png\",\"width\":612,\"height\":200,\"caption\":\"AJE Granada\"},\"image\":{\"@id\":\"https:\/\/ajeandalucia.org\/granada\/#\/schema\/logo\/image\/\"}},{\"@type\":\"Person\",\"@id\":\"https:\/\/ajeandalucia.org\/granada\/#\/schema\/person\/11740bd602b2087a5d9913ce7ad3b931\",\"name\":\"granada\",\"image\":{\"@type\":\"ImageObject\",\"inLanguage\":\"es\",\"@id\":\"https:\/\/ajeandalucia.org\/granada\/#\/schema\/person\/image\/\",\"url\":\"https:\/\/secure.gravatar.com\/avatar\/d3efaa03945b79a8aad01845a3fd3b3535448eae49310ea0a5677e96e0e68b63?s=96&d=mm&r=g\",\"contentUrl\":\"https:\/\/secure.gravatar.com\/avatar\/d3efaa03945b79a8aad01845a3fd3b3535448eae49310ea0a5677e96e0e68b63?s=96&d=mm&r=g\",\"caption\":\"granada\"},\"url\":\"https:\/\/ajeandalucia.org\/granada\/author\/granada\/\"}]}<\/script>\n<!-- \/ Yoast SEO plugin. -->","yoast_head_json":{"title":"Fundaci\u00f3n Empresa y Juventud por un objetivo com\u00fan... - AJE Granada","robots":{"index":"index","follow":"follow","max-snippet":"max-snippet:-1","max-image-preview":"max-image-preview:large","max-video-preview":"max-video-preview:-1"},"canonical":"https:\/\/ajeandalucia.org\/granada\/2020\/03\/19\/fundacion-empresa-y-juventud-por-un-objetivo-comun\/","og_locale":"es_ES","og_type":"article","og_title":"Fundaci\u00f3n Empresa y Juventud por un objetivo com\u00fan... - AJE Granada","og_description":"\u00a1QUEREMOS SEGUIR DISFRUTANDO DE TODO Y NECESITAMOS TU AYUDA! Hoy m\u00e1s que nunca, pensamos que es importante pararse a pensar [&hellip;]","og_url":"https:\/\/ajeandalucia.org\/granada\/2020\/03\/19\/fundacion-empresa-y-juventud-por-un-objetivo-comun\/","og_site_name":"AJE Granada","article_published_time":"2020-03-19T09:53:50+00:00","og_image":[{"width":1170,"height":250,"url":"https:\/\/ajeandalucia.org\/granada\/wp-content\/uploads\/sites\/7\/2020\/03\/unnamed.jpg","type":"image\/jpeg"}],"author":"granada","twitter_card":"summary_large_image","twitter_misc":{"Escrito por":"granada","Tiempo de lectura":"1 minuto"},"schema":{"@context":"https:\/\/schema.org","@graph":[{"@type":"Article","@id":"https:\/\/ajeandalucia.org\/granada\/2020\/03\/19\/fundacion-empresa-y-juventud-por-un-objetivo-comun\/#article","isPartOf":{"@id":"https:\/\/ajeandalucia.org\/granada\/2020\/03\/19\/fundacion-empresa-y-juventud-por-un-objetivo-comun\/"},"author":{"name":"granada","@id":"https:\/\/ajeandalucia.org\/granada\/#\/schema\/person\/11740bd602b2087a5d9913ce7ad3b931"},"headline":"Fundaci\u00f3n Empresa y Juventud por un objetivo com\u00fan&#8230;","datePublished":"2020-03-19T09:53:50+00:00","mainEntityOfPage":{"@id":"https:\/\/ajeandalucia.org\/granada\/2020\/03\/19\/fundacion-empresa-y-juventud-por-un-objetivo-comun\/"},"wordCount":166,"commentCount":0,"publisher":{"@id":"https:\/\/ajeandalucia.org\/granada\/#organization"},"image":{"@id":"https:\/\/ajeandalucia.org\/granada\/2020\/03\/19\/fundacion-empresa-y-juventud-por-un-objetivo-comun\/#primaryimage"},"thumbnailUrl":"https:\/\/ajeandalucia.org\/granada\/wp-content\/uploads\/sites\/7\/2020\/03\/unnamed.jpg","keywords":["Fundaci\u00f3n empresa y Juventud"],"articleSection":["Noticias"],"inLanguage":"es","potentialAction":[{"@type":"CommentAction","name":"Comment","target":["https:\/\/ajeandalucia.org\/granada\/2020\/03\/19\/fundacion-empresa-y-juventud-por-un-objetivo-comun\/#respond"]}]},{"@type":"WebPage","@id":"https:\/\/ajeandalucia.org\/granada\/2020\/03\/19\/fundacion-empresa-y-juventud-por-un-objetivo-comun\/","url":"https:\/\/ajeandalucia.org\/granada\/2020\/03\/19\/fundacion-empresa-y-juventud-por-un-objetivo-comun\/","name":"Fundaci\u00f3n Empresa y Juventud por un objetivo com\u00fan... - AJE Granada","isPartOf":{"@id":"https:\/\/ajeandalucia.org\/granada\/#website"},"primaryImageOfPage":{"@id":"https:\/\/ajeandalucia.org\/granada\/2020\/03\/19\/fundacion-empresa-y-juventud-por-un-objetivo-comun\/#primaryimage"},"image":{"@id":"https:\/\/ajeandalucia.org\/granada\/2020\/03\/19\/fundacion-empresa-y-juventud-por-un-objetivo-comun\/#primaryimage"},"thumbnailUrl":"https:\/\/ajeandalucia.org\/granada\/wp-content\/uploads\/sites\/7\/2020\/03\/unnamed.jpg","datePublished":"2020-03-19T09:53:50+00:00","breadcrumb":{"@id":"https:\/\/ajeandalucia.org\/granada\/2020\/03\/19\/fundacion-empresa-y-juventud-por-un-objetivo-comun\/#breadcrumb"},"inLanguage":"es","potentialAction":[{"@type":"ReadAction","target":["https:\/\/ajeandalucia.org\/granada\/2020\/03\/19\/fundacion-empresa-y-juventud-por-un-objetivo-comun\/"]}]},{"@type":"ImageObject","inLanguage":"es","@id":"https:\/\/ajeandalucia.org\/granada\/2020\/03\/19\/fundacion-empresa-y-juventud-por-un-objetivo-comun\/#primaryimage","url":"https:\/\/ajeandalucia.org\/granada\/wp-content\/uploads\/sites\/7\/2020\/03\/unnamed.jpg","contentUrl":"https:\/\/ajeandalucia.org\/granada\/wp-content\/uploads\/sites\/7\/2020\/03\/unnamed.jpg","width":1170,"height":250},{"@type":"BreadcrumbList","@id":"https:\/\/ajeandalucia.org\/granada\/2020\/03\/19\/fundacion-empresa-y-juventud-por-un-objetivo-comun\/#breadcrumb","itemListElement":[{"@type":"ListItem","position":1,"name":"Portada","item":"https:\/\/ajeandalucia.org\/granada\/"},{"@type":"ListItem","position":2,"name":"Fundaci\u00f3n Empresa y Juventud por un objetivo com\u00fan&#8230;"}]},{"@type":"WebSite","@id":"https:\/\/ajeandalucia.org\/granada\/#website","url":"https:\/\/ajeandalucia.org\/granada\/","name":"AJE Granada","description":"J\u00f3venes Empresarios de Granada","publisher":{"@id":"https:\/\/ajeandalucia.org\/granada\/#organization"},"potentialAction":[{"@type":"SearchAction","target":{"@type":"EntryPoint","urlTemplate":"https:\/\/ajeandalucia.org\/granada\/?s={search_term_string}"},"query-input":{"@type":"PropertyValueSpecification","valueRequired":true,"valueName":"search_term_string"}}],"inLanguage":"es"},{"@type":"Organization","@id":"https:\/\/ajeandalucia.org\/granada\/#organization","name":"AJE Granada","url":"https:\/\/ajeandalucia.org\/granada\/","logo":{"@type":"ImageObject","inLanguage":"es","@id":"https:\/\/ajeandalucia.org\/granada\/#\/schema\/logo\/image\/","url":"https:\/\/ajeandalucia.org\/granada\/wp-content\/uploads\/sites\/7\/2025\/02\/AJE-GRANADA-horizontal.png","contentUrl":"https:\/\/ajeandalucia.org\/granada\/wp-content\/uploads\/sites\/7\/2025\/02\/AJE-GRANADA-horizontal.png","width":612,"height":200,"caption":"AJE Granada"},"image":{"@id":"https:\/\/ajeandalucia.org\/granada\/#\/schema\/logo\/image\/"}},{"@type":"Person","@id":"https:\/\/ajeandalucia.org\/granada\/#\/schema\/person\/11740bd602b2087a5d9913ce7ad3b931","name":"granada","image":{"@type":"ImageObject","inLanguage":"es","@id":"https:\/\/ajeandalucia.org\/granada\/#\/schema\/person\/image\/","url":"https:\/\/secure.gravatar.com\/avatar\/d3efaa03945b79a8aad01845a3fd3b3535448eae49310ea0a5677e96e0e68b63?s=96&d=mm&r=g","contentUrl":"https:\/\/secure.gravatar.com\/avatar\/d3efaa03945b79a8aad01845a3fd3b3535448eae49310ea0a5677e96e0e68b63?s=96&d=mm&r=g","caption":"granada"},"url":"https:\/\/ajeandalucia.org\/granada\/author\/granada\/"}]}},"_links":{"self":[{"href":"https:\/\/ajeandalucia.org\/granada\/wp-json\/wp\/v2\/posts\/31684","targetHints":{"allow":["GET"]}}],"collection":[{"href":"https:\/\/ajeandalucia.org\/granada\/wp-json\/wp\/v2\/posts"}],"about":[{"href":"https:\/\/ajeandalucia.org\/granada\/wp-json\/wp\/v2\/types\/post"}],"author":[{"embeddable":true,"href":"https:\/\/ajeandalucia.org\/granada\/wp-json\/wp\/v2\/users\/6"}],"replies":[{"embeddable":true,"href":"https:\/\/ajeandalucia.org\/granada\/wp-json\/wp\/v2\/comments?post=31684"}],"version-history":[{"count":1,"href":"https:\/\/ajeandalucia.org\/granada\/wp-json\/wp\/v2\/posts\/31684\/revisions"}],"predecessor-version":[{"id":31685,"href":"https:\/\/ajeandalucia.org\/granada\/wp-json\/wp\/v2\/posts\/31684\/revisions\/31685"}],"wp:featuredmedia":[{"embeddable":true,"href":"https:\/\/ajeandalucia.org\/granada\/wp-json\/wp\/v2\/media\/31686"}],"wp:attachment":[{"href":"https:\/\/ajeandalucia.org\/granada\/wp-json\/wp\/v2\/media?parent=31684"}],"wp:term":[{"taxonomy":"category","embeddable":true,"href":"https:\/\/ajeandalucia.org\/granada\/wp-json\/wp\/v2\/categories?post=31684"},{"taxonomy":"post_tag","embeddable":true,"href":"https:\/\/ajeandalucia.org\/granada\/wp-json\/wp\/v2\/tags?post=31684"}],"curies":[{"name":"wp","href":"https:\/\/api.w.org\/{rel}","templated":true}]}}