{"id":36341,"date":"2020-10-29T14:33:47","date_gmt":"2020-10-29T13:33:47","guid":{"rendered":"https:\/\/www.ajeandalucia.org\/granada\/?p=36341"},"modified":"2020-10-30T12:17:49","modified_gmt":"2020-10-30T11:17:49","slug":"la-aepd-endurece-su-politica-sobre-el-uso-de-las-cookies-en-las-paginas-web","status":"publish","type":"post","link":"https:\/\/ajeandalucia.org\/granada\/2020\/10\/29\/la-aepd-endurece-su-politica-sobre-el-uso-de-las-cookies-en-las-paginas-web\/","title":{"rendered":"LA AEPD ENDURECE SU POL\u00cdTICA SOBRE EL USO DE LAS COOKIES EN LAS P\u00c1GINAS WEB"},"content":{"rendered":"<div><\/div>\n<div>Os compartimos un art\u00edculo de inter\u00e9s de nuestro asociado <a href=\"https:\/\/www.ajeandalucia.org\/granada\/speaker\/protection-report\/\"><strong>PROTECTION REPORT<\/strong><\/a>:<span style=\"font-size: large\"><b><br \/>\n<\/b><\/span><\/div>\n<div>\n<div><span style=\"font-size: large\"><b>\u00a0<\/b><\/span><\/div>\n<div>La Agencia Espa\u00f1ola de Protecci\u00f3n de Datos (AEPD) public\u00f3 el pasado 28 de julio de 2020 una actualizaci\u00f3n sobre la Gu\u00eda que regula el uso de cookies, lo que supone un gran cambio para las empresas las cu\u00e1les tendr\u00e1n <b>hasta el 31 de octubre para adecuarse<\/b>, fecha en la que ser\u00e1n requeridas estas nuevas medidas por lo que los sujetos obligados deben realizar las acciones pertinentes para cumplir con estas nuevas exigencias. Ya hay confirmaci\u00f3n de inspecciones de oficio una vez transcurrido dicho plazo, por lo que si necesitas aclarar cualquier duda y valorar las necesidades que afectan al Sitio web de tu empresa en PROTECTION REPORT estaremos encantados de ayudarte. <b><a href=\"https:\/\/www.protectionreport.com\/articulos\/tecnologia\/whatsapp-o-telegram-privacidad-y-seguridad\/\" target=\"_blank\" rel=\"noopener\">Leer m\u00e1s&#8230;\u00a0 <\/a><\/b><a href=\"https:\/\/www.protectionreport.com\/articulos\/tecnologia\/whatsapp-o-telegram-privacidad-y-seguridad\/\" target=\"_blank\" rel=\"noopener\">(ver en la siguiente url el art\u00edculo completo<\/a><b>):<\/b> <a href=\"https:\/\/www.protectionreport.com\/articulos\/tecnologia\/la-aepd-emite-multas-por-las-cookies\/\" target=\"_blank\" rel=\"noopener\">https:\/\/www.protectionreport.com\/articulos\/tecnologia\/la-aepd-emite-multas-por-las-cookies\/<\/a><\/div>\n<\/div>\n","protected":false},"excerpt":{"rendered":"<p>Os compartimos un art\u00edculo de inter\u00e9s de nuestro asociado PROTECTION REPORT: \u00a0 La Agencia Espa\u00f1ola de Protecci\u00f3n de Datos (AEPD) [&hellip;]<\/p>\n","protected":false},"author":6,"featured_media":30743,"comment_status":"open","ping_status":"open","sticky":false,"template":"","format":"standard","meta":{"_acf_changed":false,"site-sidebar-layout":"default","site-content-layout":"","ast-site-content-layout":"default","site-content-style":"default","site-sidebar-style":"default","ast-global-header-display":"","ast-banner-title-visibility":"","ast-main-header-display":"","ast-hfb-above-header-display":"","ast-hfb-below-header-display":"","ast-hfb-mobile-header-display":"","site-post-title":"","ast-breadcrumbs-content":"","ast-featured-img":"","footer-sml-layout":"","ast-disable-related-posts":"","theme-transparent-header-meta":"","adv-header-id-meta":"","stick-header-meta":"","header-above-stick-meta":"","header-main-stick-meta":"","header-below-stick-meta":"","astra-migrate-meta-layouts":"default","ast-page-background-enabled":"default","ast-page-background-meta":{"desktop":{"background-color":"var(--ast-global-color-5)","background-image":"","background-repeat":"repeat","background-position":"center center","background-size":"auto","background-attachment":"scroll","background-type":"","background-media":"","overlay-type":"","overlay-color":"","overlay-opacity":"","overlay-gradient":""},"tablet":{"background-color":"","background-image":"","background-repeat":"repeat","background-position":"center center","background-size":"auto","background-attachment":"scroll","background-type":"","background-media":"","overlay-type":"","overlay-color":"","overlay-opacity":"","overlay-gradient":""},"mobile":{"background-color":"","background-image":"","background-repeat":"repeat","background-position":"center center","background-size":"auto","background-attachment":"scroll","background-type":"","background-media":"","overlay-type":"","overlay-color":"","overlay-opacity":"","overlay-gradient":""}},"ast-content-background-meta":{"desktop":{"background-color":"var(--ast-global-color-4)","background-image":"","background-repeat":"repeat","background-position":"center center","background-size":"auto","background-attachment":"scroll","background-type":"","background-media":"","overlay-type":"","overlay-color":"","overlay-opacity":"","overlay-gradient":""},"tablet":{"background-color":"var(--ast-global-color-4)","background-image":"","background-repeat":"repeat","background-position":"center center","background-size":"auto","background-attachment":"scroll","background-type":"","background-media":"","overlay-type":"","overlay-color":"","overlay-opacity":"","overlay-gradient":""},"mobile":{"background-color":"var(--ast-global-color-4)","background-image":"","background-repeat":"repeat","background-position":"center center","background-size":"auto","background-attachment":"scroll","background-type":"","background-media":"","overlay-type":"","overlay-color":"","overlay-opacity":"","overlay-gradient":""}},"footnotes":""},"categories":[1,8],"tags":[],"class_list":["post-36341","post","type-post","status-publish","format-standard","has-post-thumbnail","hentry","category-blog","category-noticias"],"acf":[],"yoast_head":"<!-- This site is optimized with the Yoast SEO plugin v26.9 - https:\/\/yoast.com\/product\/yoast-seo-wordpress\/ -->\n<title>LA AEPD ENDURECE SU POL\u00cdTICA SOBRE EL USO DE LAS COOKIES EN LAS P\u00c1GINAS WEB - AJE Granada<\/title>\n<meta name=\"robots\" content=\"index, follow, max-snippet:-1, max-image-preview:large, max-video-preview:-1\" \/>\n<link rel=\"canonical\" href=\"https:\/\/ajeandalucia.org\/granada\/2020\/10\/29\/la-aepd-endurece-su-politica-sobre-el-uso-de-las-cookies-en-las-paginas-web\/\" \/>\n<meta property=\"og:locale\" content=\"es_ES\" \/>\n<meta property=\"og:type\" content=\"article\" \/>\n<meta property=\"og:title\" content=\"LA AEPD ENDURECE SU POL\u00cdTICA SOBRE EL USO DE LAS COOKIES EN LAS P\u00c1GINAS WEB - AJE Granada\" \/>\n<meta property=\"og:description\" content=\"Os compartimos un art\u00edculo de inter\u00e9s de nuestro asociado PROTECTION REPORT: \u00a0 La Agencia Espa\u00f1ola de Protecci\u00f3n de Datos (AEPD) [&hellip;]\" \/>\n<meta property=\"og:url\" content=\"https:\/\/ajeandalucia.org\/granada\/2020\/10\/29\/la-aepd-endurece-su-politica-sobre-el-uso-de-las-cookies-en-las-paginas-web\/\" \/>\n<meta property=\"og:site_name\" content=\"AJE Granada\" \/>\n<meta property=\"article:published_time\" content=\"2020-10-29T13:33:47+00:00\" \/>\n<meta property=\"article:modified_time\" content=\"2020-10-30T11:17:49+00:00\" \/>\n<meta property=\"og:image\" content=\"https:\/\/ajeandalucia.org\/granada\/wp-content\/uploads\/sites\/7\/2020\/01\/logotipo-protection-aje.jpg\" \/>\n\t<meta property=\"og:image:width\" content=\"1250\" \/>\n\t<meta property=\"og:image:height\" content=\"625\" \/>\n\t<meta property=\"og:image:type\" content=\"image\/jpeg\" \/>\n<meta name=\"author\" content=\"granada\" \/>\n<meta name=\"twitter:card\" content=\"summary_large_image\" \/>\n<meta name=\"twitter:label1\" content=\"Escrito por\" \/>\n\t<meta name=\"twitter:data1\" content=\"granada\" \/>\n\t<meta name=\"twitter:label2\" content=\"Tiempo de lectura\" \/>\n\t<meta name=\"twitter:data2\" content=\"1 minuto\" \/>\n<script type=\"application\/ld+json\" class=\"yoast-schema-graph\">{\"@context\":\"https:\/\/schema.org\",\"@graph\":[{\"@type\":\"Article\",\"@id\":\"https:\/\/ajeandalucia.org\/granada\/2020\/10\/29\/la-aepd-endurece-su-politica-sobre-el-uso-de-las-cookies-en-las-paginas-web\/#article\",\"isPartOf\":{\"@id\":\"https:\/\/ajeandalucia.org\/granada\/2020\/10\/29\/la-aepd-endurece-su-politica-sobre-el-uso-de-las-cookies-en-las-paginas-web\/\"},\"author\":{\"name\":\"granada\",\"@id\":\"https:\/\/ajeandalucia.org\/granada\/#\/schema\/person\/11740bd602b2087a5d9913ce7ad3b931\"},\"headline\":\"LA AEPD ENDURECE SU POL\u00cdTICA SOBRE EL USO DE LAS COOKIES EN LAS P\u00c1GINAS WEB\",\"datePublished\":\"2020-10-29T13:33:47+00:00\",\"dateModified\":\"2020-10-30T11:17:49+00:00\",\"mainEntityOfPage\":{\"@id\":\"https:\/\/ajeandalucia.org\/granada\/2020\/10\/29\/la-aepd-endurece-su-politica-sobre-el-uso-de-las-cookies-en-las-paginas-web\/\"},\"wordCount\":165,\"commentCount\":0,\"publisher\":{\"@id\":\"https:\/\/ajeandalucia.org\/granada\/#organization\"},\"image\":{\"@id\":\"https:\/\/ajeandalucia.org\/granada\/2020\/10\/29\/la-aepd-endurece-su-politica-sobre-el-uso-de-las-cookies-en-las-paginas-web\/#primaryimage\"},\"thumbnailUrl\":\"https:\/\/ajeandalucia.org\/granada\/wp-content\/uploads\/sites\/7\/2020\/01\/logotipo-protection-aje.jpg\",\"articleSection\":[\"Blog\",\"Noticias\"],\"inLanguage\":\"es\",\"potentialAction\":[{\"@type\":\"CommentAction\",\"name\":\"Comment\",\"target\":[\"https:\/\/ajeandalucia.org\/granada\/2020\/10\/29\/la-aepd-endurece-su-politica-sobre-el-uso-de-las-cookies-en-las-paginas-web\/#respond\"]}]},{\"@type\":\"WebPage\",\"@id\":\"https:\/\/ajeandalucia.org\/granada\/2020\/10\/29\/la-aepd-endurece-su-politica-sobre-el-uso-de-las-cookies-en-las-paginas-web\/\",\"url\":\"https:\/\/ajeandalucia.org\/granada\/2020\/10\/29\/la-aepd-endurece-su-politica-sobre-el-uso-de-las-cookies-en-las-paginas-web\/\",\"name\":\"LA AEPD ENDURECE SU POL\u00cdTICA SOBRE EL USO DE LAS COOKIES EN LAS P\u00c1GINAS WEB - AJE Granada\",\"isPartOf\":{\"@id\":\"https:\/\/ajeandalucia.org\/granada\/#website\"},\"primaryImageOfPage\":{\"@id\":\"https:\/\/ajeandalucia.org\/granada\/2020\/10\/29\/la-aepd-endurece-su-politica-sobre-el-uso-de-las-cookies-en-las-paginas-web\/#primaryimage\"},\"image\":{\"@id\":\"https:\/\/ajeandalucia.org\/granada\/2020\/10\/29\/la-aepd-endurece-su-politica-sobre-el-uso-de-las-cookies-en-las-paginas-web\/#primaryimage\"},\"thumbnailUrl\":\"https:\/\/ajeandalucia.org\/granada\/wp-content\/uploads\/sites\/7\/2020\/01\/logotipo-protection-aje.jpg\",\"datePublished\":\"2020-10-29T13:33:47+00:00\",\"dateModified\":\"2020-10-30T11:17:49+00:00\",\"breadcrumb\":{\"@id\":\"https:\/\/ajeandalucia.org\/granada\/2020\/10\/29\/la-aepd-endurece-su-politica-sobre-el-uso-de-las-cookies-en-las-paginas-web\/#breadcrumb\"},\"inLanguage\":\"es\",\"potentialAction\":[{\"@type\":\"ReadAction\",\"target\":[\"https:\/\/ajeandalucia.org\/granada\/2020\/10\/29\/la-aepd-endurece-su-politica-sobre-el-uso-de-las-cookies-en-las-paginas-web\/\"]}]},{\"@type\":\"ImageObject\",\"inLanguage\":\"es\",\"@id\":\"https:\/\/ajeandalucia.org\/granada\/2020\/10\/29\/la-aepd-endurece-su-politica-sobre-el-uso-de-las-cookies-en-las-paginas-web\/#primaryimage\",\"url\":\"https:\/\/ajeandalucia.org\/granada\/wp-content\/uploads\/sites\/7\/2020\/01\/logotipo-protection-aje.jpg\",\"contentUrl\":\"https:\/\/ajeandalucia.org\/granada\/wp-content\/uploads\/sites\/7\/2020\/01\/logotipo-protection-aje.jpg\",\"width\":1250,\"height\":625},{\"@type\":\"BreadcrumbList\",\"@id\":\"https:\/\/ajeandalucia.org\/granada\/2020\/10\/29\/la-aepd-endurece-su-politica-sobre-el-uso-de-las-cookies-en-las-paginas-web\/#breadcrumb\",\"itemListElement\":[{\"@type\":\"ListItem\",\"position\":1,\"name\":\"Portada\",\"item\":\"https:\/\/ajeandalucia.org\/granada\/\"},{\"@type\":\"ListItem\",\"position\":2,\"name\":\"LA AEPD ENDURECE SU POL\u00cdTICA SOBRE EL USO DE LAS COOKIES EN LAS P\u00c1GINAS WEB\"}]},{\"@type\":\"WebSite\",\"@id\":\"https:\/\/ajeandalucia.org\/granada\/#website\",\"url\":\"https:\/\/ajeandalucia.org\/granada\/\",\"name\":\"AJE Granada\",\"description\":\"J\u00f3venes Empresarios de Granada\",\"publisher\":{\"@id\":\"https:\/\/ajeandalucia.org\/granada\/#organization\"},\"potentialAction\":[{\"@type\":\"SearchAction\",\"target\":{\"@type\":\"EntryPoint\",\"urlTemplate\":\"https:\/\/ajeandalucia.org\/granada\/?s={search_term_string}\"},\"query-input\":{\"@type\":\"PropertyValueSpecification\",\"valueRequired\":true,\"valueName\":\"search_term_string\"}}],\"inLanguage\":\"es\"},{\"@type\":\"Organization\",\"@id\":\"https:\/\/ajeandalucia.org\/granada\/#organization\",\"name\":\"AJE Granada\",\"url\":\"https:\/\/ajeandalucia.org\/granada\/\",\"logo\":{\"@type\":\"ImageObject\",\"inLanguage\":\"es\",\"@id\":\"https:\/\/ajeandalucia.org\/granada\/#\/schema\/logo\/image\/\",\"url\":\"https:\/\/ajeandalucia.org\/granada\/wp-content\/uploads\/sites\/7\/2025\/02\/AJE-GRANADA-horizontal.png\",\"contentUrl\":\"https:\/\/ajeandalucia.org\/granada\/wp-content\/uploads\/sites\/7\/2025\/02\/AJE-GRANADA-horizontal.png\",\"width\":612,\"height\":200,\"caption\":\"AJE Granada\"},\"image\":{\"@id\":\"https:\/\/ajeandalucia.org\/granada\/#\/schema\/logo\/image\/\"}},{\"@type\":\"Person\",\"@id\":\"https:\/\/ajeandalucia.org\/granada\/#\/schema\/person\/11740bd602b2087a5d9913ce7ad3b931\",\"name\":\"granada\",\"image\":{\"@type\":\"ImageObject\",\"inLanguage\":\"es\",\"@id\":\"https:\/\/ajeandalucia.org\/granada\/#\/schema\/person\/image\/\",\"url\":\"https:\/\/secure.gravatar.com\/avatar\/d3efaa03945b79a8aad01845a3fd3b3535448eae49310ea0a5677e96e0e68b63?s=96&d=mm&r=g\",\"contentUrl\":\"https:\/\/secure.gravatar.com\/avatar\/d3efaa03945b79a8aad01845a3fd3b3535448eae49310ea0a5677e96e0e68b63?s=96&d=mm&r=g\",\"caption\":\"granada\"},\"url\":\"https:\/\/ajeandalucia.org\/granada\/author\/granada\/\"}]}<\/script>\n<!-- \/ Yoast SEO plugin. -->","yoast_head_json":{"title":"LA AEPD ENDURECE SU POL\u00cdTICA SOBRE EL USO DE LAS COOKIES EN LAS P\u00c1GINAS WEB - AJE Granada","robots":{"index":"index","follow":"follow","max-snippet":"max-snippet:-1","max-image-preview":"max-image-preview:large","max-video-preview":"max-video-preview:-1"},"canonical":"https:\/\/ajeandalucia.org\/granada\/2020\/10\/29\/la-aepd-endurece-su-politica-sobre-el-uso-de-las-cookies-en-las-paginas-web\/","og_locale":"es_ES","og_type":"article","og_title":"LA AEPD ENDURECE SU POL\u00cdTICA SOBRE EL USO DE LAS COOKIES EN LAS P\u00c1GINAS WEB - AJE Granada","og_description":"Os compartimos un art\u00edculo de inter\u00e9s de nuestro asociado PROTECTION REPORT: \u00a0 La Agencia Espa\u00f1ola de Protecci\u00f3n de Datos (AEPD) [&hellip;]","og_url":"https:\/\/ajeandalucia.org\/granada\/2020\/10\/29\/la-aepd-endurece-su-politica-sobre-el-uso-de-las-cookies-en-las-paginas-web\/","og_site_name":"AJE Granada","article_published_time":"2020-10-29T13:33:47+00:00","article_modified_time":"2020-10-30T11:17:49+00:00","og_image":[{"width":1250,"height":625,"url":"https:\/\/ajeandalucia.org\/granada\/wp-content\/uploads\/sites\/7\/2020\/01\/logotipo-protection-aje.jpg","type":"image\/jpeg"}],"author":"granada","twitter_card":"summary_large_image","twitter_misc":{"Escrito por":"granada","Tiempo de lectura":"1 minuto"},"schema":{"@context":"https:\/\/schema.org","@graph":[{"@type":"Article","@id":"https:\/\/ajeandalucia.org\/granada\/2020\/10\/29\/la-aepd-endurece-su-politica-sobre-el-uso-de-las-cookies-en-las-paginas-web\/#article","isPartOf":{"@id":"https:\/\/ajeandalucia.org\/granada\/2020\/10\/29\/la-aepd-endurece-su-politica-sobre-el-uso-de-las-cookies-en-las-paginas-web\/"},"author":{"name":"granada","@id":"https:\/\/ajeandalucia.org\/granada\/#\/schema\/person\/11740bd602b2087a5d9913ce7ad3b931"},"headline":"LA AEPD ENDURECE SU POL\u00cdTICA SOBRE EL USO DE LAS COOKIES EN LAS P\u00c1GINAS WEB","datePublished":"2020-10-29T13:33:47+00:00","dateModified":"2020-10-30T11:17:49+00:00","mainEntityOfPage":{"@id":"https:\/\/ajeandalucia.org\/granada\/2020\/10\/29\/la-aepd-endurece-su-politica-sobre-el-uso-de-las-cookies-en-las-paginas-web\/"},"wordCount":165,"commentCount":0,"publisher":{"@id":"https:\/\/ajeandalucia.org\/granada\/#organization"},"image":{"@id":"https:\/\/ajeandalucia.org\/granada\/2020\/10\/29\/la-aepd-endurece-su-politica-sobre-el-uso-de-las-cookies-en-las-paginas-web\/#primaryimage"},"thumbnailUrl":"https:\/\/ajeandalucia.org\/granada\/wp-content\/uploads\/sites\/7\/2020\/01\/logotipo-protection-aje.jpg","articleSection":["Blog","Noticias"],"inLanguage":"es","potentialAction":[{"@type":"CommentAction","name":"Comment","target":["https:\/\/ajeandalucia.org\/granada\/2020\/10\/29\/la-aepd-endurece-su-politica-sobre-el-uso-de-las-cookies-en-las-paginas-web\/#respond"]}]},{"@type":"WebPage","@id":"https:\/\/ajeandalucia.org\/granada\/2020\/10\/29\/la-aepd-endurece-su-politica-sobre-el-uso-de-las-cookies-en-las-paginas-web\/","url":"https:\/\/ajeandalucia.org\/granada\/2020\/10\/29\/la-aepd-endurece-su-politica-sobre-el-uso-de-las-cookies-en-las-paginas-web\/","name":"LA AEPD ENDURECE SU POL\u00cdTICA SOBRE EL USO DE LAS COOKIES EN LAS P\u00c1GINAS WEB - AJE Granada","isPartOf":{"@id":"https:\/\/ajeandalucia.org\/granada\/#website"},"primaryImageOfPage":{"@id":"https:\/\/ajeandalucia.org\/granada\/2020\/10\/29\/la-aepd-endurece-su-politica-sobre-el-uso-de-las-cookies-en-las-paginas-web\/#primaryimage"},"image":{"@id":"https:\/\/ajeandalucia.org\/granada\/2020\/10\/29\/la-aepd-endurece-su-politica-sobre-el-uso-de-las-cookies-en-las-paginas-web\/#primaryimage"},"thumbnailUrl":"https:\/\/ajeandalucia.org\/granada\/wp-content\/uploads\/sites\/7\/2020\/01\/logotipo-protection-aje.jpg","datePublished":"2020-10-29T13:33:47+00:00","dateModified":"2020-10-30T11:17:49+00:00","breadcrumb":{"@id":"https:\/\/ajeandalucia.org\/granada\/2020\/10\/29\/la-aepd-endurece-su-politica-sobre-el-uso-de-las-cookies-en-las-paginas-web\/#breadcrumb"},"inLanguage":"es","potentialAction":[{"@type":"ReadAction","target":["https:\/\/ajeandalucia.org\/granada\/2020\/10\/29\/la-aepd-endurece-su-politica-sobre-el-uso-de-las-cookies-en-las-paginas-web\/"]}]},{"@type":"ImageObject","inLanguage":"es","@id":"https:\/\/ajeandalucia.org\/granada\/2020\/10\/29\/la-aepd-endurece-su-politica-sobre-el-uso-de-las-cookies-en-las-paginas-web\/#primaryimage","url":"https:\/\/ajeandalucia.org\/granada\/wp-content\/uploads\/sites\/7\/2020\/01\/logotipo-protection-aje.jpg","contentUrl":"https:\/\/ajeandalucia.org\/granada\/wp-content\/uploads\/sites\/7\/2020\/01\/logotipo-protection-aje.jpg","width":1250,"height":625},{"@type":"BreadcrumbList","@id":"https:\/\/ajeandalucia.org\/granada\/2020\/10\/29\/la-aepd-endurece-su-politica-sobre-el-uso-de-las-cookies-en-las-paginas-web\/#breadcrumb","itemListElement":[{"@type":"ListItem","position":1,"name":"Portada","item":"https:\/\/ajeandalucia.org\/granada\/"},{"@type":"ListItem","position":2,"name":"LA AEPD ENDURECE SU POL\u00cdTICA SOBRE EL USO DE LAS COOKIES EN LAS P\u00c1GINAS WEB"}]},{"@type":"WebSite","@id":"https:\/\/ajeandalucia.org\/granada\/#website","url":"https:\/\/ajeandalucia.org\/granada\/","name":"AJE Granada","description":"J\u00f3venes Empresarios de Granada","publisher":{"@id":"https:\/\/ajeandalucia.org\/granada\/#organization"},"potentialAction":[{"@type":"SearchAction","target":{"@type":"EntryPoint","urlTemplate":"https:\/\/ajeandalucia.org\/granada\/?s={search_term_string}"},"query-input":{"@type":"PropertyValueSpecification","valueRequired":true,"valueName":"search_term_string"}}],"inLanguage":"es"},{"@type":"Organization","@id":"https:\/\/ajeandalucia.org\/granada\/#organization","name":"AJE Granada","url":"https:\/\/ajeandalucia.org\/granada\/","logo":{"@type":"ImageObject","inLanguage":"es","@id":"https:\/\/ajeandalucia.org\/granada\/#\/schema\/logo\/image\/","url":"https:\/\/ajeandalucia.org\/granada\/wp-content\/uploads\/sites\/7\/2025\/02\/AJE-GRANADA-horizontal.png","contentUrl":"https:\/\/ajeandalucia.org\/granada\/wp-content\/uploads\/sites\/7\/2025\/02\/AJE-GRANADA-horizontal.png","width":612,"height":200,"caption":"AJE Granada"},"image":{"@id":"https:\/\/ajeandalucia.org\/granada\/#\/schema\/logo\/image\/"}},{"@type":"Person","@id":"https:\/\/ajeandalucia.org\/granada\/#\/schema\/person\/11740bd602b2087a5d9913ce7ad3b931","name":"granada","image":{"@type":"ImageObject","inLanguage":"es","@id":"https:\/\/ajeandalucia.org\/granada\/#\/schema\/person\/image\/","url":"https:\/\/secure.gravatar.com\/avatar\/d3efaa03945b79a8aad01845a3fd3b3535448eae49310ea0a5677e96e0e68b63?s=96&d=mm&r=g","contentUrl":"https:\/\/secure.gravatar.com\/avatar\/d3efaa03945b79a8aad01845a3fd3b3535448eae49310ea0a5677e96e0e68b63?s=96&d=mm&r=g","caption":"granada"},"url":"https:\/\/ajeandalucia.org\/granada\/author\/granada\/"}]}},"_links":{"self":[{"href":"https:\/\/ajeandalucia.org\/granada\/wp-json\/wp\/v2\/posts\/36341","targetHints":{"allow":["GET"]}}],"collection":[{"href":"https:\/\/ajeandalucia.org\/granada\/wp-json\/wp\/v2\/posts"}],"about":[{"href":"https:\/\/ajeandalucia.org\/granada\/wp-json\/wp\/v2\/types\/post"}],"author":[{"embeddable":true,"href":"https:\/\/ajeandalucia.org\/granada\/wp-json\/wp\/v2\/users\/6"}],"replies":[{"embeddable":true,"href":"https:\/\/ajeandalucia.org\/granada\/wp-json\/wp\/v2\/comments?post=36341"}],"version-history":[{"count":2,"href":"https:\/\/ajeandalucia.org\/granada\/wp-json\/wp\/v2\/posts\/36341\/revisions"}],"predecessor-version":[{"id":36367,"href":"https:\/\/ajeandalucia.org\/granada\/wp-json\/wp\/v2\/posts\/36341\/revisions\/36367"}],"wp:featuredmedia":[{"embeddable":true,"href":"https:\/\/ajeandalucia.org\/granada\/wp-json\/wp\/v2\/media\/30743"}],"wp:attachment":[{"href":"https:\/\/ajeandalucia.org\/granada\/wp-json\/wp\/v2\/media?parent=36341"}],"wp:term":[{"taxonomy":"category","embeddable":true,"href":"https:\/\/ajeandalucia.org\/granada\/wp-json\/wp\/v2\/categories?post=36341"},{"taxonomy":"post_tag","embeddable":true,"href":"https:\/\/ajeandalucia.org\/granada\/wp-json\/wp\/v2\/tags?post=36341"}],"curies":[{"name":"wp","href":"https:\/\/api.w.org\/{rel}","templated":true}]}}