{"id":37718,"date":"2021-03-09T10:58:42","date_gmt":"2021-03-09T09:58:42","guid":{"rendered":"https:\/\/www.ajeandalucia.org\/granada\/?p=37718"},"modified":"2021-03-09T12:55:45","modified_gmt":"2021-03-09T11:55:45","slug":"premiados-consolida-t","status":"publish","type":"post","link":"https:\/\/ajeandalucia.org\/granada\/2021\/03\/09\/premiados-consolida-t\/","title":{"rendered":"Premiados Consolida-t"},"content":{"rendered":"<p><strong>6 EMPRESAS GRANADINAS DE LAS 40 ASPIRANTES, RECIBEN EL PROGRAMA DE CONSOLIDACI\u00d3N EMPRESARIAL DE AJE GRANADA.<\/strong><\/p>\n<h5><strong>\u201c<a href=\"https:\/\/consolida-t.es\/\">Consolida-T<\/a>\u201d nace para conseguir cambios profundos en empresas y personas, impuls\u00e1ndolas hacia sus objetivos y la consolidaci\u00f3n del negocio.<\/strong><\/h5>\n<div class=\"ast-oembed-container \" style=\"height: 100%;\"><iframe loading=\"lazy\" title=\"CONSOLIDA-T AJE GRANADA ||\" width=\"500\" height=\"281\" src=\"https:\/\/www.youtube.com\/embed\/rAHNViwaEnc?feature=oembed\" frameborder=\"0\" allow=\"accelerometer; autoplay; clipboard-write; encrypted-media; gyroscope; picture-in-picture; web-share\" referrerpolicy=\"strict-origin-when-cross-origin\" allowfullscreen><\/iframe><\/div>\n<h6><em><strong>Video realizado por <a href=\"https:\/\/bananamarketing.es\/\">Banana Marketing<\/a><\/strong><\/em><\/h6>\n<p>AJE Granada, con el apoyo de <strong>Bankia<\/strong> y con el soporte formativo de <strong>Escuela Internacional de Gerencia<\/strong>, lanz\u00f3 en 2020 el proyecto <strong>\u201cCONSOLIDA-T\u201d,<\/strong> un programa pionero en Espa\u00f1a con el objetivo de dejar huella en nuestras empresas y en el desarrollo del tejido empresarial de la provincia.<\/p>\n<p>&nbsp;<\/p>\n<p>Tras la valoraci\u00f3n de <strong>m\u00e1s de 40 candidaturas <\/strong>por parte AJE Granada y la deliberaci\u00f3n del jurado, compuesto por Bankia, UGR Emprendedora, C\u00e1mara de Comercio, Escuela internacional de Gerencia, Confederaci\u00f3n Granadina de Empresarios, Incorpora Marketing y AJE Granada,\u00a0 ya se conocen las 6 empresas granadinas que est\u00e1n recibiendo este programa formativo de primer nivel, <strong>a medida de sus objetivos y necesidades, <\/strong>y con el fin \u00faltimo de <strong>lograr cambios profundos en el negocio <\/strong>y las personas clave de este.<\/p>\n<p>&nbsp;<\/p>\n<p><strong><a href=\"https:\/\/www.factoryecologic.com\/\">Factory Ecologic<\/a>, <a href=\"https:\/\/gruponazariservices.negocio.site\/\">Grupo Nazari Services<\/a>,<a href=\"https:\/\/legalegonutrition.com\/\"> Legalego Consultor\u00eda Alimentaria<\/a>, <a href=\"https:\/\/letteringenieros.com\/\">Letter Ingenieros<\/a>, <a href=\"https:\/\/www.sumum.net\/\">Sumum<\/a> y <a href=\"https:\/\/unitedcaro.com\/\">United Caro<\/a><\/strong> son las 6 empresas granadinas con directivos menores de 41 a\u00f1os que desde el pasado mes de febrero y hasta abril de 2021 estar\u00e1n recibiendo dicha formaci\u00f3n.<\/p>\n<p>&nbsp;<\/p>\n<p>El pasado viernes, el presidente de la Asociaci\u00f3n de J\u00f3venes Empresarios de Granada<strong>, Jos\u00e9 Antonio Mart\u00ednez Amat<\/strong>, junto a <strong>Carlos Castilla<\/strong>, director de Escuela internacional de Gerencia y <strong>Jos\u00e9 Antonio Gonz\u00e1lez<\/strong>, Coordinador Comunicaci\u00f3n y Rel. Externas de Andaluc\u00eda, Bankia hicieron entrega a los premiados de unas llaves en simbolog\u00eda de <strong>\u201cla oportunidad de dar un paso m\u00e1s hacia la consolidaci\u00f3n de estas empresas y el crecimiento de los profesionales que participan en ella\u201d.<\/strong><\/p>\n<p>&nbsp;<\/p>\n<p><em>\u201cTengo que pediros que aprovech\u00e9is vuestro programa, que saqu\u00e9is todo el partido posible y que apliqu\u00e9is lo aprendido r\u00e1pidamente en vuestro d\u00eda a d\u00eda. Me consta que as\u00ed lo est\u00e1is haciendo, as\u00ed que felicidades\u201d, <\/em><strong>palabras de Jos\u00e9 Antonio Mart\u00ednez Amat.<\/strong><\/p>\n<p>&nbsp;<\/p>\n<p>&nbsp;<\/p>\n","protected":false},"excerpt":{"rendered":"<p>6 EMPRESAS GRANADINAS DE LAS 40 ASPIRANTES, RECIBEN EL PROGRAMA DE CONSOLIDACI\u00d3N EMPRESARIAL DE AJE GRANADA. \u201cConsolida-T\u201d nace para conseguir [&hellip;]<\/p>\n","protected":false},"author":6,"featured_media":37721,"comment_status":"open","ping_status":"open","sticky":false,"template":"","format":"standard","meta":{"_acf_changed":false,"site-sidebar-layout":"default","site-content-layout":"","ast-site-content-layout":"default","site-content-style":"default","site-sidebar-style":"default","ast-global-header-display":"","ast-banner-title-visibility":"","ast-main-header-display":"","ast-hfb-above-header-display":"","ast-hfb-below-header-display":"","ast-hfb-mobile-header-display":"","site-post-title":"","ast-breadcrumbs-content":"","ast-featured-img":"","footer-sml-layout":"","ast-disable-related-posts":"","theme-transparent-header-meta":"","adv-header-id-meta":"","stick-header-meta":"","header-above-stick-meta":"","header-main-stick-meta":"","header-below-stick-meta":"","astra-migrate-meta-layouts":"default","ast-page-background-enabled":"default","ast-page-background-meta":{"desktop":{"background-color":"var(--ast-global-color-5)","background-image":"","background-repeat":"repeat","background-position":"center center","background-size":"auto","background-attachment":"scroll","background-type":"","background-media":"","overlay-type":"","overlay-color":"","overlay-opacity":"","overlay-gradient":""},"tablet":{"background-color":"","background-image":"","background-repeat":"repeat","background-position":"center center","background-size":"auto","background-attachment":"scroll","background-type":"","background-media":"","overlay-type":"","overlay-color":"","overlay-opacity":"","overlay-gradient":""},"mobile":{"background-color":"","background-image":"","background-repeat":"repeat","background-position":"center center","background-size":"auto","background-attachment":"scroll","background-type":"","background-media":"","overlay-type":"","overlay-color":"","overlay-opacity":"","overlay-gradient":""}},"ast-content-background-meta":{"desktop":{"background-color":"var(--ast-global-color-4)","background-image":"","background-repeat":"repeat","background-position":"center center","background-size":"auto","background-attachment":"scroll","background-type":"","background-media":"","overlay-type":"","overlay-color":"","overlay-opacity":"","overlay-gradient":""},"tablet":{"background-color":"var(--ast-global-color-4)","background-image":"","background-repeat":"repeat","background-position":"center center","background-size":"auto","background-attachment":"scroll","background-type":"","background-media":"","overlay-type":"","overlay-color":"","overlay-opacity":"","overlay-gradient":""},"mobile":{"background-color":"var(--ast-global-color-4)","background-image":"","background-repeat":"repeat","background-position":"center center","background-size":"auto","background-attachment":"scroll","background-type":"","background-media":"","overlay-type":"","overlay-color":"","overlay-opacity":"","overlay-gradient":""}},"footnotes":""},"categories":[4342,8,115],"tags":[],"class_list":["post-37718","post","type-post","status-publish","format-standard","has-post-thumbnail","hentry","category-formacion-4","category-noticias","category-noticias-aje"],"acf":[],"yoast_head":"<!-- This site is optimized with the Yoast SEO plugin v26.9 - https:\/\/yoast.com\/product\/yoast-seo-wordpress\/ -->\n<title>Premiados Consolida-t - AJE Granada<\/title>\n<meta name=\"robots\" content=\"index, follow, max-snippet:-1, max-image-preview:large, max-video-preview:-1\" \/>\n<link rel=\"canonical\" href=\"https:\/\/ajeandalucia.org\/granada\/2021\/03\/09\/premiados-consolida-t\/\" \/>\n<meta property=\"og:locale\" content=\"es_ES\" \/>\n<meta property=\"og:type\" content=\"article\" \/>\n<meta property=\"og:title\" content=\"Premiados Consolida-t - AJE Granada\" \/>\n<meta property=\"og:description\" content=\"6 EMPRESAS GRANADINAS DE LAS 40 ASPIRANTES, RECIBEN EL PROGRAMA DE CONSOLIDACI\u00d3N EMPRESARIAL DE AJE GRANADA. \u201cConsolida-T\u201d nace para conseguir [&hellip;]\" \/>\n<meta property=\"og:url\" content=\"https:\/\/ajeandalucia.org\/granada\/2021\/03\/09\/premiados-consolida-t\/\" \/>\n<meta property=\"og:site_name\" content=\"AJE Granada\" \/>\n<meta property=\"article:published_time\" content=\"2021-03-09T09:58:42+00:00\" \/>\n<meta property=\"article:modified_time\" content=\"2021-03-09T11:55:45+00:00\" \/>\n<meta property=\"og:image\" content=\"https:\/\/ajeandalucia.org\/granada\/wp-content\/uploads\/sites\/7\/2021\/03\/3141A6DB-A23B-45CA-BD58-E90BA694E13F.jpeg\" \/>\n\t<meta property=\"og:image:width\" content=\"1300\" \/>\n\t<meta property=\"og:image:height\" content=\"963\" \/>\n\t<meta property=\"og:image:type\" content=\"image\/jpeg\" \/>\n<meta name=\"author\" content=\"granada\" \/>\n<meta name=\"twitter:card\" content=\"summary_large_image\" \/>\n<meta name=\"twitter:label1\" content=\"Escrito por\" \/>\n\t<meta name=\"twitter:data1\" content=\"granada\" \/>\n\t<meta name=\"twitter:label2\" content=\"Tiempo de lectura\" \/>\n\t<meta name=\"twitter:data2\" content=\"2 minutos\" \/>\n<script type=\"application\/ld+json\" class=\"yoast-schema-graph\">{\"@context\":\"https:\/\/schema.org\",\"@graph\":[{\"@type\":\"Article\",\"@id\":\"https:\/\/ajeandalucia.org\/granada\/2021\/03\/09\/premiados-consolida-t\/#article\",\"isPartOf\":{\"@id\":\"https:\/\/ajeandalucia.org\/granada\/2021\/03\/09\/premiados-consolida-t\/\"},\"author\":{\"name\":\"granada\",\"@id\":\"https:\/\/ajeandalucia.org\/granada\/#\/schema\/person\/11740bd602b2087a5d9913ce7ad3b931\"},\"headline\":\"Premiados Consolida-t\",\"datePublished\":\"2021-03-09T09:58:42+00:00\",\"dateModified\":\"2021-03-09T11:55:45+00:00\",\"mainEntityOfPage\":{\"@id\":\"https:\/\/ajeandalucia.org\/granada\/2021\/03\/09\/premiados-consolida-t\/\"},\"wordCount\":358,\"commentCount\":0,\"publisher\":{\"@id\":\"https:\/\/ajeandalucia.org\/granada\/#organization\"},\"image\":{\"@id\":\"https:\/\/ajeandalucia.org\/granada\/2021\/03\/09\/premiados-consolida-t\/#primaryimage\"},\"thumbnailUrl\":\"https:\/\/ajeandalucia.org\/granada\/wp-content\/uploads\/sites\/7\/2021\/03\/3141A6DB-A23B-45CA-BD58-E90BA694E13F.jpeg\",\"articleSection\":[\"Formaci\u00f3n\",\"Noticias\",\"Noticias aje\"],\"inLanguage\":\"es\",\"potentialAction\":[{\"@type\":\"CommentAction\",\"name\":\"Comment\",\"target\":[\"https:\/\/ajeandalucia.org\/granada\/2021\/03\/09\/premiados-consolida-t\/#respond\"]}]},{\"@type\":\"WebPage\",\"@id\":\"https:\/\/ajeandalucia.org\/granada\/2021\/03\/09\/premiados-consolida-t\/\",\"url\":\"https:\/\/ajeandalucia.org\/granada\/2021\/03\/09\/premiados-consolida-t\/\",\"name\":\"Premiados Consolida-t - AJE Granada\",\"isPartOf\":{\"@id\":\"https:\/\/ajeandalucia.org\/granada\/#website\"},\"primaryImageOfPage\":{\"@id\":\"https:\/\/ajeandalucia.org\/granada\/2021\/03\/09\/premiados-consolida-t\/#primaryimage\"},\"image\":{\"@id\":\"https:\/\/ajeandalucia.org\/granada\/2021\/03\/09\/premiados-consolida-t\/#primaryimage\"},\"thumbnailUrl\":\"https:\/\/ajeandalucia.org\/granada\/wp-content\/uploads\/sites\/7\/2021\/03\/3141A6DB-A23B-45CA-BD58-E90BA694E13F.jpeg\",\"datePublished\":\"2021-03-09T09:58:42+00:00\",\"dateModified\":\"2021-03-09T11:55:45+00:00\",\"breadcrumb\":{\"@id\":\"https:\/\/ajeandalucia.org\/granada\/2021\/03\/09\/premiados-consolida-t\/#breadcrumb\"},\"inLanguage\":\"es\",\"potentialAction\":[{\"@type\":\"ReadAction\",\"target\":[\"https:\/\/ajeandalucia.org\/granada\/2021\/03\/09\/premiados-consolida-t\/\"]}]},{\"@type\":\"ImageObject\",\"inLanguage\":\"es\",\"@id\":\"https:\/\/ajeandalucia.org\/granada\/2021\/03\/09\/premiados-consolida-t\/#primaryimage\",\"url\":\"https:\/\/ajeandalucia.org\/granada\/wp-content\/uploads\/sites\/7\/2021\/03\/3141A6DB-A23B-45CA-BD58-E90BA694E13F.jpeg\",\"contentUrl\":\"https:\/\/ajeandalucia.org\/granada\/wp-content\/uploads\/sites\/7\/2021\/03\/3141A6DB-A23B-45CA-BD58-E90BA694E13F.jpeg\",\"width\":1300,\"height\":963},{\"@type\":\"BreadcrumbList\",\"@id\":\"https:\/\/ajeandalucia.org\/granada\/2021\/03\/09\/premiados-consolida-t\/#breadcrumb\",\"itemListElement\":[{\"@type\":\"ListItem\",\"position\":1,\"name\":\"Portada\",\"item\":\"https:\/\/ajeandalucia.org\/granada\/\"},{\"@type\":\"ListItem\",\"position\":2,\"name\":\"Premiados Consolida-t\"}]},{\"@type\":\"WebSite\",\"@id\":\"https:\/\/ajeandalucia.org\/granada\/#website\",\"url\":\"https:\/\/ajeandalucia.org\/granada\/\",\"name\":\"AJE Granada\",\"description\":\"J\u00f3venes Empresarios de Granada\",\"publisher\":{\"@id\":\"https:\/\/ajeandalucia.org\/granada\/#organization\"},\"potentialAction\":[{\"@type\":\"SearchAction\",\"target\":{\"@type\":\"EntryPoint\",\"urlTemplate\":\"https:\/\/ajeandalucia.org\/granada\/?s={search_term_string}\"},\"query-input\":{\"@type\":\"PropertyValueSpecification\",\"valueRequired\":true,\"valueName\":\"search_term_string\"}}],\"inLanguage\":\"es\"},{\"@type\":\"Organization\",\"@id\":\"https:\/\/ajeandalucia.org\/granada\/#organization\",\"name\":\"AJE Granada\",\"url\":\"https:\/\/ajeandalucia.org\/granada\/\",\"logo\":{\"@type\":\"ImageObject\",\"inLanguage\":\"es\",\"@id\":\"https:\/\/ajeandalucia.org\/granada\/#\/schema\/logo\/image\/\",\"url\":\"https:\/\/ajeandalucia.org\/granada\/wp-content\/uploads\/sites\/7\/2025\/02\/AJE-GRANADA-horizontal.png\",\"contentUrl\":\"https:\/\/ajeandalucia.org\/granada\/wp-content\/uploads\/sites\/7\/2025\/02\/AJE-GRANADA-horizontal.png\",\"width\":612,\"height\":200,\"caption\":\"AJE Granada\"},\"image\":{\"@id\":\"https:\/\/ajeandalucia.org\/granada\/#\/schema\/logo\/image\/\"}},{\"@type\":\"Person\",\"@id\":\"https:\/\/ajeandalucia.org\/granada\/#\/schema\/person\/11740bd602b2087a5d9913ce7ad3b931\",\"name\":\"granada\",\"image\":{\"@type\":\"ImageObject\",\"inLanguage\":\"es\",\"@id\":\"https:\/\/ajeandalucia.org\/granada\/#\/schema\/person\/image\/\",\"url\":\"https:\/\/secure.gravatar.com\/avatar\/d3efaa03945b79a8aad01845a3fd3b3535448eae49310ea0a5677e96e0e68b63?s=96&d=mm&r=g\",\"contentUrl\":\"https:\/\/secure.gravatar.com\/avatar\/d3efaa03945b79a8aad01845a3fd3b3535448eae49310ea0a5677e96e0e68b63?s=96&d=mm&r=g\",\"caption\":\"granada\"},\"url\":\"https:\/\/ajeandalucia.org\/granada\/author\/granada\/\"}]}<\/script>\n<!-- \/ Yoast SEO plugin. -->","yoast_head_json":{"title":"Premiados Consolida-t - AJE Granada","robots":{"index":"index","follow":"follow","max-snippet":"max-snippet:-1","max-image-preview":"max-image-preview:large","max-video-preview":"max-video-preview:-1"},"canonical":"https:\/\/ajeandalucia.org\/granada\/2021\/03\/09\/premiados-consolida-t\/","og_locale":"es_ES","og_type":"article","og_title":"Premiados Consolida-t - AJE Granada","og_description":"6 EMPRESAS GRANADINAS DE LAS 40 ASPIRANTES, RECIBEN EL PROGRAMA DE CONSOLIDACI\u00d3N EMPRESARIAL DE AJE GRANADA. \u201cConsolida-T\u201d nace para conseguir [&hellip;]","og_url":"https:\/\/ajeandalucia.org\/granada\/2021\/03\/09\/premiados-consolida-t\/","og_site_name":"AJE Granada","article_published_time":"2021-03-09T09:58:42+00:00","article_modified_time":"2021-03-09T11:55:45+00:00","og_image":[{"width":1300,"height":963,"url":"https:\/\/ajeandalucia.org\/granada\/wp-content\/uploads\/sites\/7\/2021\/03\/3141A6DB-A23B-45CA-BD58-E90BA694E13F.jpeg","type":"image\/jpeg"}],"author":"granada","twitter_card":"summary_large_image","twitter_misc":{"Escrito por":"granada","Tiempo de lectura":"2 minutos"},"schema":{"@context":"https:\/\/schema.org","@graph":[{"@type":"Article","@id":"https:\/\/ajeandalucia.org\/granada\/2021\/03\/09\/premiados-consolida-t\/#article","isPartOf":{"@id":"https:\/\/ajeandalucia.org\/granada\/2021\/03\/09\/premiados-consolida-t\/"},"author":{"name":"granada","@id":"https:\/\/ajeandalucia.org\/granada\/#\/schema\/person\/11740bd602b2087a5d9913ce7ad3b931"},"headline":"Premiados Consolida-t","datePublished":"2021-03-09T09:58:42+00:00","dateModified":"2021-03-09T11:55:45+00:00","mainEntityOfPage":{"@id":"https:\/\/ajeandalucia.org\/granada\/2021\/03\/09\/premiados-consolida-t\/"},"wordCount":358,"commentCount":0,"publisher":{"@id":"https:\/\/ajeandalucia.org\/granada\/#organization"},"image":{"@id":"https:\/\/ajeandalucia.org\/granada\/2021\/03\/09\/premiados-consolida-t\/#primaryimage"},"thumbnailUrl":"https:\/\/ajeandalucia.org\/granada\/wp-content\/uploads\/sites\/7\/2021\/03\/3141A6DB-A23B-45CA-BD58-E90BA694E13F.jpeg","articleSection":["Formaci\u00f3n","Noticias","Noticias aje"],"inLanguage":"es","potentialAction":[{"@type":"CommentAction","name":"Comment","target":["https:\/\/ajeandalucia.org\/granada\/2021\/03\/09\/premiados-consolida-t\/#respond"]}]},{"@type":"WebPage","@id":"https:\/\/ajeandalucia.org\/granada\/2021\/03\/09\/premiados-consolida-t\/","url":"https:\/\/ajeandalucia.org\/granada\/2021\/03\/09\/premiados-consolida-t\/","name":"Premiados Consolida-t - AJE Granada","isPartOf":{"@id":"https:\/\/ajeandalucia.org\/granada\/#website"},"primaryImageOfPage":{"@id":"https:\/\/ajeandalucia.org\/granada\/2021\/03\/09\/premiados-consolida-t\/#primaryimage"},"image":{"@id":"https:\/\/ajeandalucia.org\/granada\/2021\/03\/09\/premiados-consolida-t\/#primaryimage"},"thumbnailUrl":"https:\/\/ajeandalucia.org\/granada\/wp-content\/uploads\/sites\/7\/2021\/03\/3141A6DB-A23B-45CA-BD58-E90BA694E13F.jpeg","datePublished":"2021-03-09T09:58:42+00:00","dateModified":"2021-03-09T11:55:45+00:00","breadcrumb":{"@id":"https:\/\/ajeandalucia.org\/granada\/2021\/03\/09\/premiados-consolida-t\/#breadcrumb"},"inLanguage":"es","potentialAction":[{"@type":"ReadAction","target":["https:\/\/ajeandalucia.org\/granada\/2021\/03\/09\/premiados-consolida-t\/"]}]},{"@type":"ImageObject","inLanguage":"es","@id":"https:\/\/ajeandalucia.org\/granada\/2021\/03\/09\/premiados-consolida-t\/#primaryimage","url":"https:\/\/ajeandalucia.org\/granada\/wp-content\/uploads\/sites\/7\/2021\/03\/3141A6DB-A23B-45CA-BD58-E90BA694E13F.jpeg","contentUrl":"https:\/\/ajeandalucia.org\/granada\/wp-content\/uploads\/sites\/7\/2021\/03\/3141A6DB-A23B-45CA-BD58-E90BA694E13F.jpeg","width":1300,"height":963},{"@type":"BreadcrumbList","@id":"https:\/\/ajeandalucia.org\/granada\/2021\/03\/09\/premiados-consolida-t\/#breadcrumb","itemListElement":[{"@type":"ListItem","position":1,"name":"Portada","item":"https:\/\/ajeandalucia.org\/granada\/"},{"@type":"ListItem","position":2,"name":"Premiados Consolida-t"}]},{"@type":"WebSite","@id":"https:\/\/ajeandalucia.org\/granada\/#website","url":"https:\/\/ajeandalucia.org\/granada\/","name":"AJE Granada","description":"J\u00f3venes Empresarios de Granada","publisher":{"@id":"https:\/\/ajeandalucia.org\/granada\/#organization"},"potentialAction":[{"@type":"SearchAction","target":{"@type":"EntryPoint","urlTemplate":"https:\/\/ajeandalucia.org\/granada\/?s={search_term_string}"},"query-input":{"@type":"PropertyValueSpecification","valueRequired":true,"valueName":"search_term_string"}}],"inLanguage":"es"},{"@type":"Organization","@id":"https:\/\/ajeandalucia.org\/granada\/#organization","name":"AJE Granada","url":"https:\/\/ajeandalucia.org\/granada\/","logo":{"@type":"ImageObject","inLanguage":"es","@id":"https:\/\/ajeandalucia.org\/granada\/#\/schema\/logo\/image\/","url":"https:\/\/ajeandalucia.org\/granada\/wp-content\/uploads\/sites\/7\/2025\/02\/AJE-GRANADA-horizontal.png","contentUrl":"https:\/\/ajeandalucia.org\/granada\/wp-content\/uploads\/sites\/7\/2025\/02\/AJE-GRANADA-horizontal.png","width":612,"height":200,"caption":"AJE Granada"},"image":{"@id":"https:\/\/ajeandalucia.org\/granada\/#\/schema\/logo\/image\/"}},{"@type":"Person","@id":"https:\/\/ajeandalucia.org\/granada\/#\/schema\/person\/11740bd602b2087a5d9913ce7ad3b931","name":"granada","image":{"@type":"ImageObject","inLanguage":"es","@id":"https:\/\/ajeandalucia.org\/granada\/#\/schema\/person\/image\/","url":"https:\/\/secure.gravatar.com\/avatar\/d3efaa03945b79a8aad01845a3fd3b3535448eae49310ea0a5677e96e0e68b63?s=96&d=mm&r=g","contentUrl":"https:\/\/secure.gravatar.com\/avatar\/d3efaa03945b79a8aad01845a3fd3b3535448eae49310ea0a5677e96e0e68b63?s=96&d=mm&r=g","caption":"granada"},"url":"https:\/\/ajeandalucia.org\/granada\/author\/granada\/"}]}},"_links":{"self":[{"href":"https:\/\/ajeandalucia.org\/granada\/wp-json\/wp\/v2\/posts\/37718","targetHints":{"allow":["GET"]}}],"collection":[{"href":"https:\/\/ajeandalucia.org\/granada\/wp-json\/wp\/v2\/posts"}],"about":[{"href":"https:\/\/ajeandalucia.org\/granada\/wp-json\/wp\/v2\/types\/post"}],"author":[{"embeddable":true,"href":"https:\/\/ajeandalucia.org\/granada\/wp-json\/wp\/v2\/users\/6"}],"replies":[{"embeddable":true,"href":"https:\/\/ajeandalucia.org\/granada\/wp-json\/wp\/v2\/comments?post=37718"}],"version-history":[{"count":9,"href":"https:\/\/ajeandalucia.org\/granada\/wp-json\/wp\/v2\/posts\/37718\/revisions"}],"predecessor-version":[{"id":37740,"href":"https:\/\/ajeandalucia.org\/granada\/wp-json\/wp\/v2\/posts\/37718\/revisions\/37740"}],"wp:featuredmedia":[{"embeddable":true,"href":"https:\/\/ajeandalucia.org\/granada\/wp-json\/wp\/v2\/media\/37721"}],"wp:attachment":[{"href":"https:\/\/ajeandalucia.org\/granada\/wp-json\/wp\/v2\/media?parent=37718"}],"wp:term":[{"taxonomy":"category","embeddable":true,"href":"https:\/\/ajeandalucia.org\/granada\/wp-json\/wp\/v2\/categories?post=37718"},{"taxonomy":"post_tag","embeddable":true,"href":"https:\/\/ajeandalucia.org\/granada\/wp-json\/wp\/v2\/tags?post=37718"}],"curies":[{"name":"wp","href":"https:\/\/api.w.org\/{rel}","templated":true}]}}