{"id":37768,"date":"2021-03-11T09:37:39","date_gmt":"2021-03-11T08:37:39","guid":{"rendered":"https:\/\/www.ajeandalucia.org\/granada\/?p=37768"},"modified":"2021-03-11T09:44:30","modified_gmt":"2021-03-11T08:44:30","slug":"37768","status":"publish","type":"post","link":"https:\/\/ajeandalucia.org\/granada\/2021\/03\/11\/37768\/","title":{"rendered":"Programa de Especializaci\u00f3n en Gesti\u00f3n de Redes Sociales"},"content":{"rendered":"<p style=\"font-weight: 400\"><strong>\u00bfTe gustar\u00eda mejorar tus competencias digitales, rentabilizar tus redes sociales \u00a0y que ello te permitiera incrementar tus ventas y mejorar tu cualificaci\u00f3n profesional a un coste de 0 \u20ac?<\/strong><\/p>\n<p>C\u00e1mara de Comercio de Granada y la Asociaci\u00f3n Mujeres con Iniciativa te proponen la realizaci\u00f3n del\u00a0<strong><em>Programa de Especializaci\u00f3n en Gesti\u00f3n, Desarrollo y Posicionamiento de la Imagen y Marca Empresarial en el Entorno Digital<\/em>.<\/strong><\/p>\n<p>El programa aborda la importancia del uso de las redes sociales como herramientas que permiten potenciar las estrategias de desarrollo de negocio de profesionales y empresas ensanchando su \u00e1mbito geogr\u00e1fico de actuaci\u00f3n y aumentando \u00a0y mejorando sus resultados.<\/p>\n<p>A trav\u00e9s de 40 horas de formaci\u00f3n, en cinco acciones formativas independientes entre s\u00ed, podr\u00e1s conocer las claves m\u00e1s relevantes de dichas herramientas de la mano de docentes de enorme experiencia y reconocido prestigio que abordar\u00e1n la impartici\u00f3n de los contenidos con una orientaci\u00f3n eminentemente pr\u00e1ctica. Los cursos propuestos son:<\/p>\n<p>&nbsp;<\/p>\n<ul>\n<li><strong>Curso 1. C\u00f3mo generar marca personal y desarrollo de negocio a trav\u00e9s del uso de LinkedIN<\/strong><\/li>\n<li><strong>Curso 2.\u00a0 Gesti\u00f3n de las redes sociales como motor para el\u00a0 crecimiento de tus ventas<\/strong><\/li>\n<li><strong>Curso 3. Fotograf\u00eda de producto para venta online<\/strong><\/li>\n<li><strong>Curso 4. Video marketing con m\u00f3vil<\/strong><\/li>\n<li><strong>Curso 5. Aprende a dise\u00f1ar profesionalmente tu estrategia de marca y publicidad. Uso de la herramienta Canva<\/strong><\/li>\n<\/ul>\n<p>&nbsp;<\/p>\n<p>La superaci\u00f3n de cada una de las acciones formativas propuestas permitir\u00e1 al participante la obtenci\u00f3n de un t\u00edtulo acreditativo expedido por C\u00e1mara de Comercio de Granada. La superaci\u00f3n de las cinco acciones formativas supondr\u00e1, \u00a0adem\u00e1s,\u00a0 el acceso al t\u00edtulo de\u00a0\u00a0<em>Programa de Especializaci\u00f3n \u00a0en Gesti\u00f3n, Desarrollo y Posicionamiento de la Imagen y Marca Empresarial en el Entorno Digital\u00a0<\/em>con una carga acad\u00e9mica de 40 horas.<\/p>\n<p>&nbsp;<\/p>\n<p><strong>El uso del cr\u00e9dito que proporciona FUNDAE permitir\u00e1 una bonificaci\u00f3n de hasta el 100% del importe de la matr\u00edcula del programa.<\/strong><\/p>\n<p>&nbsp;<\/p>\n<p><strong>Para conocer toda la informaci\u00f3n del programa pincha<a href=\"https:\/\/www.camaragranada.org\/administracion\/recursos\/Evento\/fichero1\/fichero76720210308123808.pdf\">\u00a0aqu\u00ed<\/a><\/strong><\/p>\n<p>&nbsp;<\/p>\n<p><strong>T<\/strong><strong>e invitamos a preinscribirte<\/strong><strong>\u00a0en el programa<a href=\"https:\/\/forms.gle\/X7bzBZ68pQ5yXJPx8\">\u00a0<\/a><\/strong><strong><a href=\"https:\/\/forms.gle\/X7bzBZ68pQ5yXJPx8\">aqu\u00ed\u00a0<\/a><\/strong><\/p>\n<p>&nbsp;<\/p>\n<p><strong>\u00a1Si est\u00e1s interesado preinscr\u00edbete ya y no te quedes sin plaza!<\/strong><\/p>\n<p><strong>Contacto:\u00a0<\/strong><strong>958_536152. Extensi\u00f3n: 1302\/\u00a0<\/strong><strong>\u00a0<a href=\"mailto:formacionyempleo@camaragranada.org\">formacionyempleo@camaragranada.org<\/a><\/strong><\/p>\n","protected":false},"excerpt":{"rendered":"<p>\u00bfTe gustar\u00eda mejorar tus competencias digitales, rentabilizar tus redes sociales \u00a0y que ello te permitiera incrementar tus ventas y mejorar [&hellip;]<\/p>\n","protected":false},"author":6,"featured_media":37771,"comment_status":"open","ping_status":"open","sticky":false,"template":"","format":"standard","meta":{"_acf_changed":false,"site-sidebar-layout":"default","site-content-layout":"","ast-site-content-layout":"default","site-content-style":"default","site-sidebar-style":"default","ast-global-header-display":"","ast-banner-title-visibility":"","ast-main-header-display":"","ast-hfb-above-header-display":"","ast-hfb-below-header-display":"","ast-hfb-mobile-header-display":"","site-post-title":"","ast-breadcrumbs-content":"","ast-featured-img":"","footer-sml-layout":"","ast-disable-related-posts":"","theme-transparent-header-meta":"","adv-header-id-meta":"","stick-header-meta":"","header-above-stick-meta":"","header-main-stick-meta":"","header-below-stick-meta":"","astra-migrate-meta-layouts":"default","ast-page-background-enabled":"default","ast-page-background-meta":{"desktop":{"background-color":"var(--ast-global-color-5)","background-image":"","background-repeat":"repeat","background-position":"center center","background-size":"auto","background-attachment":"scroll","background-type":"","background-media":"","overlay-type":"","overlay-color":"","overlay-opacity":"","overlay-gradient":""},"tablet":{"background-color":"","background-image":"","background-repeat":"repeat","background-position":"center center","background-size":"auto","background-attachment":"scroll","background-type":"","background-media":"","overlay-type":"","overlay-color":"","overlay-opacity":"","overlay-gradient":""},"mobile":{"background-color":"","background-image":"","background-repeat":"repeat","background-position":"center center","background-size":"auto","background-attachment":"scroll","background-type":"","background-media":"","overlay-type":"","overlay-color":"","overlay-opacity":"","overlay-gradient":""}},"ast-content-background-meta":{"desktop":{"background-color":"var(--ast-global-color-4)","background-image":"","background-repeat":"repeat","background-position":"center center","background-size":"auto","background-attachment":"scroll","background-type":"","background-media":"","overlay-type":"","overlay-color":"","overlay-opacity":"","overlay-gradient":""},"tablet":{"background-color":"var(--ast-global-color-4)","background-image":"","background-repeat":"repeat","background-position":"center center","background-size":"auto","background-attachment":"scroll","background-type":"","background-media":"","overlay-type":"","overlay-color":"","overlay-opacity":"","overlay-gradient":""},"mobile":{"background-color":"var(--ast-global-color-4)","background-image":"","background-repeat":"repeat","background-position":"center center","background-size":"auto","background-attachment":"scroll","background-type":"","background-media":"","overlay-type":"","overlay-color":"","overlay-opacity":"","overlay-gradient":""}},"footnotes":""},"categories":[4342,8],"tags":[],"class_list":["post-37768","post","type-post","status-publish","format-standard","has-post-thumbnail","hentry","category-formacion-4","category-noticias"],"acf":[],"yoast_head":"<!-- This site is optimized with the Yoast SEO plugin v26.9 - https:\/\/yoast.com\/product\/yoast-seo-wordpress\/ -->\n<title>Programa de Especializaci\u00f3n en Gesti\u00f3n de Redes Sociales - AJE Granada<\/title>\n<meta name=\"robots\" content=\"index, follow, max-snippet:-1, max-image-preview:large, max-video-preview:-1\" \/>\n<link rel=\"canonical\" href=\"https:\/\/ajeandalucia.org\/granada\/2021\/03\/11\/37768\/\" \/>\n<meta property=\"og:locale\" content=\"es_ES\" \/>\n<meta property=\"og:type\" content=\"article\" \/>\n<meta property=\"og:title\" content=\"Programa de Especializaci\u00f3n en Gesti\u00f3n de Redes Sociales - AJE Granada\" \/>\n<meta property=\"og:description\" content=\"\u00bfTe gustar\u00eda mejorar tus competencias digitales, rentabilizar tus redes sociales \u00a0y que ello te permitiera incrementar tus ventas y mejorar [&hellip;]\" \/>\n<meta property=\"og:url\" content=\"https:\/\/ajeandalucia.org\/granada\/2021\/03\/11\/37768\/\" \/>\n<meta property=\"og:site_name\" content=\"AJE Granada\" \/>\n<meta property=\"article:published_time\" content=\"2021-03-11T08:37:39+00:00\" \/>\n<meta property=\"article:modified_time\" content=\"2021-03-11T08:44:30+00:00\" \/>\n<meta property=\"og:image\" content=\"https:\/\/ajeandalucia.org\/granada\/wp-content\/uploads\/sites\/7\/2021\/03\/camara.jpg\" \/>\n\t<meta property=\"og:image:width\" content=\"579\" \/>\n\t<meta property=\"og:image:height\" content=\"362\" \/>\n\t<meta property=\"og:image:type\" content=\"image\/jpeg\" \/>\n<meta name=\"author\" content=\"granada\" \/>\n<meta name=\"twitter:card\" content=\"summary_large_image\" \/>\n<meta name=\"twitter:label1\" content=\"Escrito por\" \/>\n\t<meta name=\"twitter:data1\" content=\"granada\" \/>\n\t<meta name=\"twitter:label2\" content=\"Tiempo de lectura\" \/>\n\t<meta name=\"twitter:data2\" content=\"2 minutos\" \/>\n<script type=\"application\/ld+json\" class=\"yoast-schema-graph\">{\"@context\":\"https:\/\/schema.org\",\"@graph\":[{\"@type\":\"Article\",\"@id\":\"https:\/\/ajeandalucia.org\/granada\/2021\/03\/11\/37768\/#article\",\"isPartOf\":{\"@id\":\"https:\/\/ajeandalucia.org\/granada\/2021\/03\/11\/37768\/\"},\"author\":{\"name\":\"granada\",\"@id\":\"https:\/\/ajeandalucia.org\/granada\/#\/schema\/person\/11740bd602b2087a5d9913ce7ad3b931\"},\"headline\":\"Programa de Especializaci\u00f3n en Gesti\u00f3n de Redes Sociales\",\"datePublished\":\"2021-03-11T08:37:39+00:00\",\"dateModified\":\"2021-03-11T08:44:30+00:00\",\"mainEntityOfPage\":{\"@id\":\"https:\/\/ajeandalucia.org\/granada\/2021\/03\/11\/37768\/\"},\"wordCount\":379,\"commentCount\":0,\"publisher\":{\"@id\":\"https:\/\/ajeandalucia.org\/granada\/#organization\"},\"image\":{\"@id\":\"https:\/\/ajeandalucia.org\/granada\/2021\/03\/11\/37768\/#primaryimage\"},\"thumbnailUrl\":\"https:\/\/ajeandalucia.org\/granada\/wp-content\/uploads\/sites\/7\/2021\/03\/camara.jpg\",\"articleSection\":[\"Formaci\u00f3n\",\"Noticias\"],\"inLanguage\":\"es\",\"potentialAction\":[{\"@type\":\"CommentAction\",\"name\":\"Comment\",\"target\":[\"https:\/\/ajeandalucia.org\/granada\/2021\/03\/11\/37768\/#respond\"]}]},{\"@type\":\"WebPage\",\"@id\":\"https:\/\/ajeandalucia.org\/granada\/2021\/03\/11\/37768\/\",\"url\":\"https:\/\/ajeandalucia.org\/granada\/2021\/03\/11\/37768\/\",\"name\":\"Programa de Especializaci\u00f3n en Gesti\u00f3n de Redes Sociales - AJE Granada\",\"isPartOf\":{\"@id\":\"https:\/\/ajeandalucia.org\/granada\/#website\"},\"primaryImageOfPage\":{\"@id\":\"https:\/\/ajeandalucia.org\/granada\/2021\/03\/11\/37768\/#primaryimage\"},\"image\":{\"@id\":\"https:\/\/ajeandalucia.org\/granada\/2021\/03\/11\/37768\/#primaryimage\"},\"thumbnailUrl\":\"https:\/\/ajeandalucia.org\/granada\/wp-content\/uploads\/sites\/7\/2021\/03\/camara.jpg\",\"datePublished\":\"2021-03-11T08:37:39+00:00\",\"dateModified\":\"2021-03-11T08:44:30+00:00\",\"breadcrumb\":{\"@id\":\"https:\/\/ajeandalucia.org\/granada\/2021\/03\/11\/37768\/#breadcrumb\"},\"inLanguage\":\"es\",\"potentialAction\":[{\"@type\":\"ReadAction\",\"target\":[\"https:\/\/ajeandalucia.org\/granada\/2021\/03\/11\/37768\/\"]}]},{\"@type\":\"ImageObject\",\"inLanguage\":\"es\",\"@id\":\"https:\/\/ajeandalucia.org\/granada\/2021\/03\/11\/37768\/#primaryimage\",\"url\":\"https:\/\/ajeandalucia.org\/granada\/wp-content\/uploads\/sites\/7\/2021\/03\/camara.jpg\",\"contentUrl\":\"https:\/\/ajeandalucia.org\/granada\/wp-content\/uploads\/sites\/7\/2021\/03\/camara.jpg\",\"width\":579,\"height\":362},{\"@type\":\"BreadcrumbList\",\"@id\":\"https:\/\/ajeandalucia.org\/granada\/2021\/03\/11\/37768\/#breadcrumb\",\"itemListElement\":[{\"@type\":\"ListItem\",\"position\":1,\"name\":\"Portada\",\"item\":\"https:\/\/ajeandalucia.org\/granada\/\"},{\"@type\":\"ListItem\",\"position\":2,\"name\":\"Programa de Especializaci\u00f3n en Gesti\u00f3n de Redes Sociales\"}]},{\"@type\":\"WebSite\",\"@id\":\"https:\/\/ajeandalucia.org\/granada\/#website\",\"url\":\"https:\/\/ajeandalucia.org\/granada\/\",\"name\":\"AJE Granada\",\"description\":\"J\u00f3venes Empresarios de Granada\",\"publisher\":{\"@id\":\"https:\/\/ajeandalucia.org\/granada\/#organization\"},\"potentialAction\":[{\"@type\":\"SearchAction\",\"target\":{\"@type\":\"EntryPoint\",\"urlTemplate\":\"https:\/\/ajeandalucia.org\/granada\/?s={search_term_string}\"},\"query-input\":{\"@type\":\"PropertyValueSpecification\",\"valueRequired\":true,\"valueName\":\"search_term_string\"}}],\"inLanguage\":\"es\"},{\"@type\":\"Organization\",\"@id\":\"https:\/\/ajeandalucia.org\/granada\/#organization\",\"name\":\"AJE Granada\",\"url\":\"https:\/\/ajeandalucia.org\/granada\/\",\"logo\":{\"@type\":\"ImageObject\",\"inLanguage\":\"es\",\"@id\":\"https:\/\/ajeandalucia.org\/granada\/#\/schema\/logo\/image\/\",\"url\":\"https:\/\/ajeandalucia.org\/granada\/wp-content\/uploads\/sites\/7\/2025\/02\/AJE-GRANADA-horizontal.png\",\"contentUrl\":\"https:\/\/ajeandalucia.org\/granada\/wp-content\/uploads\/sites\/7\/2025\/02\/AJE-GRANADA-horizontal.png\",\"width\":612,\"height\":200,\"caption\":\"AJE Granada\"},\"image\":{\"@id\":\"https:\/\/ajeandalucia.org\/granada\/#\/schema\/logo\/image\/\"}},{\"@type\":\"Person\",\"@id\":\"https:\/\/ajeandalucia.org\/granada\/#\/schema\/person\/11740bd602b2087a5d9913ce7ad3b931\",\"name\":\"granada\",\"image\":{\"@type\":\"ImageObject\",\"inLanguage\":\"es\",\"@id\":\"https:\/\/ajeandalucia.org\/granada\/#\/schema\/person\/image\/\",\"url\":\"https:\/\/secure.gravatar.com\/avatar\/d3efaa03945b79a8aad01845a3fd3b3535448eae49310ea0a5677e96e0e68b63?s=96&d=mm&r=g\",\"contentUrl\":\"https:\/\/secure.gravatar.com\/avatar\/d3efaa03945b79a8aad01845a3fd3b3535448eae49310ea0a5677e96e0e68b63?s=96&d=mm&r=g\",\"caption\":\"granada\"},\"url\":\"https:\/\/ajeandalucia.org\/granada\/author\/granada\/\"}]}<\/script>\n<!-- \/ Yoast SEO plugin. -->","yoast_head_json":{"title":"Programa de Especializaci\u00f3n en Gesti\u00f3n de Redes Sociales - AJE Granada","robots":{"index":"index","follow":"follow","max-snippet":"max-snippet:-1","max-image-preview":"max-image-preview:large","max-video-preview":"max-video-preview:-1"},"canonical":"https:\/\/ajeandalucia.org\/granada\/2021\/03\/11\/37768\/","og_locale":"es_ES","og_type":"article","og_title":"Programa de Especializaci\u00f3n en Gesti\u00f3n de Redes Sociales - AJE Granada","og_description":"\u00bfTe gustar\u00eda mejorar tus competencias digitales, rentabilizar tus redes sociales \u00a0y que ello te permitiera incrementar tus ventas y mejorar [&hellip;]","og_url":"https:\/\/ajeandalucia.org\/granada\/2021\/03\/11\/37768\/","og_site_name":"AJE Granada","article_published_time":"2021-03-11T08:37:39+00:00","article_modified_time":"2021-03-11T08:44:30+00:00","og_image":[{"width":579,"height":362,"url":"https:\/\/ajeandalucia.org\/granada\/wp-content\/uploads\/sites\/7\/2021\/03\/camara.jpg","type":"image\/jpeg"}],"author":"granada","twitter_card":"summary_large_image","twitter_misc":{"Escrito por":"granada","Tiempo de lectura":"2 minutos"},"schema":{"@context":"https:\/\/schema.org","@graph":[{"@type":"Article","@id":"https:\/\/ajeandalucia.org\/granada\/2021\/03\/11\/37768\/#article","isPartOf":{"@id":"https:\/\/ajeandalucia.org\/granada\/2021\/03\/11\/37768\/"},"author":{"name":"granada","@id":"https:\/\/ajeandalucia.org\/granada\/#\/schema\/person\/11740bd602b2087a5d9913ce7ad3b931"},"headline":"Programa de Especializaci\u00f3n en Gesti\u00f3n de Redes Sociales","datePublished":"2021-03-11T08:37:39+00:00","dateModified":"2021-03-11T08:44:30+00:00","mainEntityOfPage":{"@id":"https:\/\/ajeandalucia.org\/granada\/2021\/03\/11\/37768\/"},"wordCount":379,"commentCount":0,"publisher":{"@id":"https:\/\/ajeandalucia.org\/granada\/#organization"},"image":{"@id":"https:\/\/ajeandalucia.org\/granada\/2021\/03\/11\/37768\/#primaryimage"},"thumbnailUrl":"https:\/\/ajeandalucia.org\/granada\/wp-content\/uploads\/sites\/7\/2021\/03\/camara.jpg","articleSection":["Formaci\u00f3n","Noticias"],"inLanguage":"es","potentialAction":[{"@type":"CommentAction","name":"Comment","target":["https:\/\/ajeandalucia.org\/granada\/2021\/03\/11\/37768\/#respond"]}]},{"@type":"WebPage","@id":"https:\/\/ajeandalucia.org\/granada\/2021\/03\/11\/37768\/","url":"https:\/\/ajeandalucia.org\/granada\/2021\/03\/11\/37768\/","name":"Programa de Especializaci\u00f3n en Gesti\u00f3n de Redes Sociales - AJE Granada","isPartOf":{"@id":"https:\/\/ajeandalucia.org\/granada\/#website"},"primaryImageOfPage":{"@id":"https:\/\/ajeandalucia.org\/granada\/2021\/03\/11\/37768\/#primaryimage"},"image":{"@id":"https:\/\/ajeandalucia.org\/granada\/2021\/03\/11\/37768\/#primaryimage"},"thumbnailUrl":"https:\/\/ajeandalucia.org\/granada\/wp-content\/uploads\/sites\/7\/2021\/03\/camara.jpg","datePublished":"2021-03-11T08:37:39+00:00","dateModified":"2021-03-11T08:44:30+00:00","breadcrumb":{"@id":"https:\/\/ajeandalucia.org\/granada\/2021\/03\/11\/37768\/#breadcrumb"},"inLanguage":"es","potentialAction":[{"@type":"ReadAction","target":["https:\/\/ajeandalucia.org\/granada\/2021\/03\/11\/37768\/"]}]},{"@type":"ImageObject","inLanguage":"es","@id":"https:\/\/ajeandalucia.org\/granada\/2021\/03\/11\/37768\/#primaryimage","url":"https:\/\/ajeandalucia.org\/granada\/wp-content\/uploads\/sites\/7\/2021\/03\/camara.jpg","contentUrl":"https:\/\/ajeandalucia.org\/granada\/wp-content\/uploads\/sites\/7\/2021\/03\/camara.jpg","width":579,"height":362},{"@type":"BreadcrumbList","@id":"https:\/\/ajeandalucia.org\/granada\/2021\/03\/11\/37768\/#breadcrumb","itemListElement":[{"@type":"ListItem","position":1,"name":"Portada","item":"https:\/\/ajeandalucia.org\/granada\/"},{"@type":"ListItem","position":2,"name":"Programa de Especializaci\u00f3n en Gesti\u00f3n de Redes Sociales"}]},{"@type":"WebSite","@id":"https:\/\/ajeandalucia.org\/granada\/#website","url":"https:\/\/ajeandalucia.org\/granada\/","name":"AJE Granada","description":"J\u00f3venes Empresarios de Granada","publisher":{"@id":"https:\/\/ajeandalucia.org\/granada\/#organization"},"potentialAction":[{"@type":"SearchAction","target":{"@type":"EntryPoint","urlTemplate":"https:\/\/ajeandalucia.org\/granada\/?s={search_term_string}"},"query-input":{"@type":"PropertyValueSpecification","valueRequired":true,"valueName":"search_term_string"}}],"inLanguage":"es"},{"@type":"Organization","@id":"https:\/\/ajeandalucia.org\/granada\/#organization","name":"AJE Granada","url":"https:\/\/ajeandalucia.org\/granada\/","logo":{"@type":"ImageObject","inLanguage":"es","@id":"https:\/\/ajeandalucia.org\/granada\/#\/schema\/logo\/image\/","url":"https:\/\/ajeandalucia.org\/granada\/wp-content\/uploads\/sites\/7\/2025\/02\/AJE-GRANADA-horizontal.png","contentUrl":"https:\/\/ajeandalucia.org\/granada\/wp-content\/uploads\/sites\/7\/2025\/02\/AJE-GRANADA-horizontal.png","width":612,"height":200,"caption":"AJE Granada"},"image":{"@id":"https:\/\/ajeandalucia.org\/granada\/#\/schema\/logo\/image\/"}},{"@type":"Person","@id":"https:\/\/ajeandalucia.org\/granada\/#\/schema\/person\/11740bd602b2087a5d9913ce7ad3b931","name":"granada","image":{"@type":"ImageObject","inLanguage":"es","@id":"https:\/\/ajeandalucia.org\/granada\/#\/schema\/person\/image\/","url":"https:\/\/secure.gravatar.com\/avatar\/d3efaa03945b79a8aad01845a3fd3b3535448eae49310ea0a5677e96e0e68b63?s=96&d=mm&r=g","contentUrl":"https:\/\/secure.gravatar.com\/avatar\/d3efaa03945b79a8aad01845a3fd3b3535448eae49310ea0a5677e96e0e68b63?s=96&d=mm&r=g","caption":"granada"},"url":"https:\/\/ajeandalucia.org\/granada\/author\/granada\/"}]}},"_links":{"self":[{"href":"https:\/\/ajeandalucia.org\/granada\/wp-json\/wp\/v2\/posts\/37768","targetHints":{"allow":["GET"]}}],"collection":[{"href":"https:\/\/ajeandalucia.org\/granada\/wp-json\/wp\/v2\/posts"}],"about":[{"href":"https:\/\/ajeandalucia.org\/granada\/wp-json\/wp\/v2\/types\/post"}],"author":[{"embeddable":true,"href":"https:\/\/ajeandalucia.org\/granada\/wp-json\/wp\/v2\/users\/6"}],"replies":[{"embeddable":true,"href":"https:\/\/ajeandalucia.org\/granada\/wp-json\/wp\/v2\/comments?post=37768"}],"version-history":[{"count":3,"href":"https:\/\/ajeandalucia.org\/granada\/wp-json\/wp\/v2\/posts\/37768\/revisions"}],"predecessor-version":[{"id":37772,"href":"https:\/\/ajeandalucia.org\/granada\/wp-json\/wp\/v2\/posts\/37768\/revisions\/37772"}],"wp:featuredmedia":[{"embeddable":true,"href":"https:\/\/ajeandalucia.org\/granada\/wp-json\/wp\/v2\/media\/37771"}],"wp:attachment":[{"href":"https:\/\/ajeandalucia.org\/granada\/wp-json\/wp\/v2\/media?parent=37768"}],"wp:term":[{"taxonomy":"category","embeddable":true,"href":"https:\/\/ajeandalucia.org\/granada\/wp-json\/wp\/v2\/categories?post=37768"},{"taxonomy":"post_tag","embeddable":true,"href":"https:\/\/ajeandalucia.org\/granada\/wp-json\/wp\/v2\/tags?post=37768"}],"curies":[{"name":"wp","href":"https:\/\/api.w.org\/{rel}","templated":true}]}}