{"id":37840,"date":"2021-03-19T14:26:24","date_gmt":"2021-03-19T13:26:24","guid":{"rendered":"https:\/\/www.ajeandalucia.org\/granada\/?p=37840"},"modified":"2021-03-19T14:40:47","modified_gmt":"2021-03-19T13:40:47","slug":"37840","status":"publish","type":"post","link":"https:\/\/ajeandalucia.org\/granada\/2021\/03\/19\/37840\/","title":{"rendered":"ANDALUC\u00cdA EMPRENDE \u00b420"},"content":{"rendered":"<p style=\"font-weight: 400\"><strong>Acci\u00f3n Laboral<\/strong>\u00a0es una entidad sin \u00e1nimo de lucro que desarrolla proyectos de empleo y formaci\u00f3n a nivel nacional.<\/p>\n<p style=\"font-weight: 400\">Ha sido beneficiara del\u00a0proyecto Andaluc\u00eda Emprende 20, incluido en el Programa Operativo de Empleo, Formaci\u00f3n y Educaci\u00f3n (POEFE) 2014-2020 de la Fundaci\u00f3n INCYDE. Financiado por el Fondo Social Europeo, mediante ITINERARIOS PERSONALIZADOS DE EMPRENDIMIENTO Y CREACI\u00d3N DE NEGOCIO.<\/p>\n<p style=\"font-weight: 400\">Dirigido a <strong>colectivos especiales de personas desempleadas<\/strong> (mujeres, mayores de 45 a\u00f1os, menores de 30 a\u00f1os, personas con discapacidad o migrantes), que necesiten apoyo para el emprendimiento y para su incorporaci\u00f3n en el mercado laboral.<\/p>\n<p style=\"font-weight: 400\">Se trata de un programa <strong>GRATUITO personalizado seg\u00fan las necesidades de la persona desempleada:<\/strong><\/p>\n<p style=\"font-weight: 400\">&#8211; Grupos de ma\u00f1ana y\/o tarde.<\/p>\n<p style=\"font-weight: 400\">&#8211; Formaci\u00f3n intensiva acreditada.<\/p>\n<p style=\"font-weight: 400\">&#8211; Compromiso de inserci\u00f3n.<\/p>\n<p>&nbsp;<\/p>\n<p style=\"font-weight: 400\">Con el objetivo de generar oportunidades a las personas beneficiarias para mejorar la capacidad t\u00e9cnica de emprender y consolidar un negocio, as\u00ed como dar un impulso a su carrera profesional.<\/p>\n<p style=\"font-weight: 400\">Ser\u00e1n acompa\u00f1adas por profesionales especializados en materia de empleo: nichos de empleo, plan de viabilidad, asesoramiento y orientaci\u00f3n, subvenciones en materia de emprendimiento, etc.<\/p>\n<p style=\"font-weight: 400\">As\u00ed mismo, contar\u00e1 con una cartera formativa llevada a cabo por docentes experimentados en mentoring, networking, coaching\u2026<\/p>\n<p>&nbsp;<\/p>\n<p><strong><a href=\"https:\/\/www.ajeandalucia.org\/granada\/wp-content\/uploads\/sites\/7\/2021\/03\/TRIPTICO_INCYDE_ANDALUCIA_GRANADA_Ver01-00000004.pdf\">TRIPTICO_INCYDE_ANDALUCIA_GRANADA<\/a><\/strong><\/p>\n<p>&nbsp;<\/p>\n<p style=\"font-weight: 400\"><strong>PERSONAS DE CONTACTO<\/strong><\/p>\n<p style=\"font-weight: 400\">Roc\u00edo S\u00e1nchez Molina<\/p>\n<p style=\"font-weight: 400\"><a href=\"mailto:tecnico04.gr@accionlaboral.com\"><strong>tecnico04.gr@accionlaboral.com<\/strong><\/a><\/p>\n<p>&nbsp;<\/p>\n<p style=\"font-weight: 400\">Mal\u00fa Murciano<\/p>\n<p style=\"font-weight: 400\"><a href=\"mailto:tecnico05.gr@accionlaboral.com\"><strong>tecnico05.gr@accionlaboral.com<\/strong><\/a><\/p>\n","protected":false},"excerpt":{"rendered":"<p>Acci\u00f3n Laboral\u00a0es una entidad sin \u00e1nimo de lucro que desarrolla proyectos de empleo y formaci\u00f3n a nivel nacional. Ha sido [&hellip;]<\/p>\n","protected":false},"author":6,"featured_media":37842,"comment_status":"open","ping_status":"open","sticky":false,"template":"","format":"standard","meta":{"_acf_changed":false,"site-sidebar-layout":"default","site-content-layout":"","ast-site-content-layout":"default","site-content-style":"default","site-sidebar-style":"default","ast-global-header-display":"","ast-banner-title-visibility":"","ast-main-header-display":"","ast-hfb-above-header-display":"","ast-hfb-below-header-display":"","ast-hfb-mobile-header-display":"","site-post-title":"","ast-breadcrumbs-content":"","ast-featured-img":"","footer-sml-layout":"","ast-disable-related-posts":"","theme-transparent-header-meta":"","adv-header-id-meta":"","stick-header-meta":"","header-above-stick-meta":"","header-main-stick-meta":"","header-below-stick-meta":"","astra-migrate-meta-layouts":"default","ast-page-background-enabled":"default","ast-page-background-meta":{"desktop":{"background-color":"var(--ast-global-color-5)","background-image":"","background-repeat":"repeat","background-position":"center center","background-size":"auto","background-attachment":"scroll","background-type":"","background-media":"","overlay-type":"","overlay-color":"","overlay-opacity":"","overlay-gradient":""},"tablet":{"background-color":"","background-image":"","background-repeat":"repeat","background-position":"center center","background-size":"auto","background-attachment":"scroll","background-type":"","background-media":"","overlay-type":"","overlay-color":"","overlay-opacity":"","overlay-gradient":""},"mobile":{"background-color":"","background-image":"","background-repeat":"repeat","background-position":"center center","background-size":"auto","background-attachment":"scroll","background-type":"","background-media":"","overlay-type":"","overlay-color":"","overlay-opacity":"","overlay-gradient":""}},"ast-content-background-meta":{"desktop":{"background-color":"var(--ast-global-color-4)","background-image":"","background-repeat":"repeat","background-position":"center center","background-size":"auto","background-attachment":"scroll","background-type":"","background-media":"","overlay-type":"","overlay-color":"","overlay-opacity":"","overlay-gradient":""},"tablet":{"background-color":"var(--ast-global-color-4)","background-image":"","background-repeat":"repeat","background-position":"center center","background-size":"auto","background-attachment":"scroll","background-type":"","background-media":"","overlay-type":"","overlay-color":"","overlay-opacity":"","overlay-gradient":""},"mobile":{"background-color":"var(--ast-global-color-4)","background-image":"","background-repeat":"repeat","background-position":"center center","background-size":"auto","background-attachment":"scroll","background-type":"","background-media":"","overlay-type":"","overlay-color":"","overlay-opacity":"","overlay-gradient":""}},"footnotes":""},"categories":[1,4342,8],"tags":[],"class_list":["post-37840","post","type-post","status-publish","format-standard","has-post-thumbnail","hentry","category-blog","category-formacion-4","category-noticias"],"acf":[],"yoast_head":"<!-- This site is optimized with the Yoast SEO plugin v26.9 - https:\/\/yoast.com\/product\/yoast-seo-wordpress\/ -->\n<title>ANDALUC\u00cdA EMPRENDE \u00b420 - AJE Granada<\/title>\n<meta name=\"robots\" content=\"index, follow, max-snippet:-1, max-image-preview:large, max-video-preview:-1\" \/>\n<link rel=\"canonical\" href=\"https:\/\/ajeandalucia.org\/granada\/2021\/03\/19\/37840\/\" \/>\n<meta property=\"og:locale\" content=\"es_ES\" \/>\n<meta property=\"og:type\" content=\"article\" \/>\n<meta property=\"og:title\" content=\"ANDALUC\u00cdA EMPRENDE \u00b420 - AJE Granada\" \/>\n<meta property=\"og:description\" content=\"Acci\u00f3n Laboral\u00a0es una entidad sin \u00e1nimo de lucro que desarrolla proyectos de empleo y formaci\u00f3n a nivel nacional. Ha sido [&hellip;]\" \/>\n<meta property=\"og:url\" content=\"https:\/\/ajeandalucia.org\/granada\/2021\/03\/19\/37840\/\" \/>\n<meta property=\"og:site_name\" content=\"AJE Granada\" \/>\n<meta property=\"article:published_time\" content=\"2021-03-19T13:26:24+00:00\" \/>\n<meta property=\"article:modified_time\" content=\"2021-03-19T13:40:47+00:00\" \/>\n<meta property=\"og:image\" content=\"https:\/\/ajeandalucia.org\/granada\/wp-content\/uploads\/sites\/7\/2021\/03\/Captura-de-pantalla-2021-03-19-a-las-14.29.59.png\" \/>\n\t<meta property=\"og:image:width\" content=\"786\" \/>\n\t<meta property=\"og:image:height\" content=\"1084\" \/>\n\t<meta property=\"og:image:type\" content=\"image\/png\" \/>\n<meta name=\"author\" content=\"granada\" \/>\n<meta name=\"twitter:card\" content=\"summary_large_image\" \/>\n<meta name=\"twitter:label1\" content=\"Escrito por\" \/>\n\t<meta name=\"twitter:data1\" content=\"granada\" \/>\n\t<meta name=\"twitter:label2\" content=\"Tiempo de lectura\" \/>\n\t<meta name=\"twitter:data2\" content=\"1 minuto\" \/>\n<script type=\"application\/ld+json\" class=\"yoast-schema-graph\">{\"@context\":\"https:\/\/schema.org\",\"@graph\":[{\"@type\":\"Article\",\"@id\":\"https:\/\/ajeandalucia.org\/granada\/2021\/03\/19\/37840\/#article\",\"isPartOf\":{\"@id\":\"https:\/\/ajeandalucia.org\/granada\/2021\/03\/19\/37840\/\"},\"author\":{\"name\":\"granada\",\"@id\":\"https:\/\/ajeandalucia.org\/granada\/#\/schema\/person\/11740bd602b2087a5d9913ce7ad3b931\"},\"headline\":\"ANDALUC\u00cdA EMPRENDE \u00b420\",\"datePublished\":\"2021-03-19T13:26:24+00:00\",\"dateModified\":\"2021-03-19T13:40:47+00:00\",\"mainEntityOfPage\":{\"@id\":\"https:\/\/ajeandalucia.org\/granada\/2021\/03\/19\/37840\/\"},\"wordCount\":237,\"commentCount\":0,\"publisher\":{\"@id\":\"https:\/\/ajeandalucia.org\/granada\/#organization\"},\"image\":{\"@id\":\"https:\/\/ajeandalucia.org\/granada\/2021\/03\/19\/37840\/#primaryimage\"},\"thumbnailUrl\":\"https:\/\/ajeandalucia.org\/granada\/wp-content\/uploads\/sites\/7\/2021\/03\/Captura-de-pantalla-2021-03-19-a-las-14.29.59.png\",\"articleSection\":[\"Blog\",\"Formaci\u00f3n\",\"Noticias\"],\"inLanguage\":\"es\",\"potentialAction\":[{\"@type\":\"CommentAction\",\"name\":\"Comment\",\"target\":[\"https:\/\/ajeandalucia.org\/granada\/2021\/03\/19\/37840\/#respond\"]}]},{\"@type\":\"WebPage\",\"@id\":\"https:\/\/ajeandalucia.org\/granada\/2021\/03\/19\/37840\/\",\"url\":\"https:\/\/ajeandalucia.org\/granada\/2021\/03\/19\/37840\/\",\"name\":\"ANDALUC\u00cdA EMPRENDE \u00b420 - AJE Granada\",\"isPartOf\":{\"@id\":\"https:\/\/ajeandalucia.org\/granada\/#website\"},\"primaryImageOfPage\":{\"@id\":\"https:\/\/ajeandalucia.org\/granada\/2021\/03\/19\/37840\/#primaryimage\"},\"image\":{\"@id\":\"https:\/\/ajeandalucia.org\/granada\/2021\/03\/19\/37840\/#primaryimage\"},\"thumbnailUrl\":\"https:\/\/ajeandalucia.org\/granada\/wp-content\/uploads\/sites\/7\/2021\/03\/Captura-de-pantalla-2021-03-19-a-las-14.29.59.png\",\"datePublished\":\"2021-03-19T13:26:24+00:00\",\"dateModified\":\"2021-03-19T13:40:47+00:00\",\"breadcrumb\":{\"@id\":\"https:\/\/ajeandalucia.org\/granada\/2021\/03\/19\/37840\/#breadcrumb\"},\"inLanguage\":\"es\",\"potentialAction\":[{\"@type\":\"ReadAction\",\"target\":[\"https:\/\/ajeandalucia.org\/granada\/2021\/03\/19\/37840\/\"]}]},{\"@type\":\"ImageObject\",\"inLanguage\":\"es\",\"@id\":\"https:\/\/ajeandalucia.org\/granada\/2021\/03\/19\/37840\/#primaryimage\",\"url\":\"https:\/\/ajeandalucia.org\/granada\/wp-content\/uploads\/sites\/7\/2021\/03\/Captura-de-pantalla-2021-03-19-a-las-14.29.59.png\",\"contentUrl\":\"https:\/\/ajeandalucia.org\/granada\/wp-content\/uploads\/sites\/7\/2021\/03\/Captura-de-pantalla-2021-03-19-a-las-14.29.59.png\",\"width\":786,\"height\":1084},{\"@type\":\"BreadcrumbList\",\"@id\":\"https:\/\/ajeandalucia.org\/granada\/2021\/03\/19\/37840\/#breadcrumb\",\"itemListElement\":[{\"@type\":\"ListItem\",\"position\":1,\"name\":\"Portada\",\"item\":\"https:\/\/ajeandalucia.org\/granada\/\"},{\"@type\":\"ListItem\",\"position\":2,\"name\":\"ANDALUC\u00cdA EMPRENDE \u00b420\"}]},{\"@type\":\"WebSite\",\"@id\":\"https:\/\/ajeandalucia.org\/granada\/#website\",\"url\":\"https:\/\/ajeandalucia.org\/granada\/\",\"name\":\"AJE Granada\",\"description\":\"J\u00f3venes Empresarios de Granada\",\"publisher\":{\"@id\":\"https:\/\/ajeandalucia.org\/granada\/#organization\"},\"potentialAction\":[{\"@type\":\"SearchAction\",\"target\":{\"@type\":\"EntryPoint\",\"urlTemplate\":\"https:\/\/ajeandalucia.org\/granada\/?s={search_term_string}\"},\"query-input\":{\"@type\":\"PropertyValueSpecification\",\"valueRequired\":true,\"valueName\":\"search_term_string\"}}],\"inLanguage\":\"es\"},{\"@type\":\"Organization\",\"@id\":\"https:\/\/ajeandalucia.org\/granada\/#organization\",\"name\":\"AJE Granada\",\"url\":\"https:\/\/ajeandalucia.org\/granada\/\",\"logo\":{\"@type\":\"ImageObject\",\"inLanguage\":\"es\",\"@id\":\"https:\/\/ajeandalucia.org\/granada\/#\/schema\/logo\/image\/\",\"url\":\"https:\/\/ajeandalucia.org\/granada\/wp-content\/uploads\/sites\/7\/2025\/02\/AJE-GRANADA-horizontal.png\",\"contentUrl\":\"https:\/\/ajeandalucia.org\/granada\/wp-content\/uploads\/sites\/7\/2025\/02\/AJE-GRANADA-horizontal.png\",\"width\":612,\"height\":200,\"caption\":\"AJE Granada\"},\"image\":{\"@id\":\"https:\/\/ajeandalucia.org\/granada\/#\/schema\/logo\/image\/\"}},{\"@type\":\"Person\",\"@id\":\"https:\/\/ajeandalucia.org\/granada\/#\/schema\/person\/11740bd602b2087a5d9913ce7ad3b931\",\"name\":\"granada\",\"image\":{\"@type\":\"ImageObject\",\"inLanguage\":\"es\",\"@id\":\"https:\/\/ajeandalucia.org\/granada\/#\/schema\/person\/image\/\",\"url\":\"https:\/\/secure.gravatar.com\/avatar\/d3efaa03945b79a8aad01845a3fd3b3535448eae49310ea0a5677e96e0e68b63?s=96&d=mm&r=g\",\"contentUrl\":\"https:\/\/secure.gravatar.com\/avatar\/d3efaa03945b79a8aad01845a3fd3b3535448eae49310ea0a5677e96e0e68b63?s=96&d=mm&r=g\",\"caption\":\"granada\"},\"url\":\"https:\/\/ajeandalucia.org\/granada\/author\/granada\/\"}]}<\/script>\n<!-- \/ Yoast SEO plugin. -->","yoast_head_json":{"title":"ANDALUC\u00cdA EMPRENDE \u00b420 - AJE Granada","robots":{"index":"index","follow":"follow","max-snippet":"max-snippet:-1","max-image-preview":"max-image-preview:large","max-video-preview":"max-video-preview:-1"},"canonical":"https:\/\/ajeandalucia.org\/granada\/2021\/03\/19\/37840\/","og_locale":"es_ES","og_type":"article","og_title":"ANDALUC\u00cdA EMPRENDE \u00b420 - AJE Granada","og_description":"Acci\u00f3n Laboral\u00a0es una entidad sin \u00e1nimo de lucro que desarrolla proyectos de empleo y formaci\u00f3n a nivel nacional. Ha sido [&hellip;]","og_url":"https:\/\/ajeandalucia.org\/granada\/2021\/03\/19\/37840\/","og_site_name":"AJE Granada","article_published_time":"2021-03-19T13:26:24+00:00","article_modified_time":"2021-03-19T13:40:47+00:00","og_image":[{"width":786,"height":1084,"url":"https:\/\/ajeandalucia.org\/granada\/wp-content\/uploads\/sites\/7\/2021\/03\/Captura-de-pantalla-2021-03-19-a-las-14.29.59.png","type":"image\/png"}],"author":"granada","twitter_card":"summary_large_image","twitter_misc":{"Escrito por":"granada","Tiempo de lectura":"1 minuto"},"schema":{"@context":"https:\/\/schema.org","@graph":[{"@type":"Article","@id":"https:\/\/ajeandalucia.org\/granada\/2021\/03\/19\/37840\/#article","isPartOf":{"@id":"https:\/\/ajeandalucia.org\/granada\/2021\/03\/19\/37840\/"},"author":{"name":"granada","@id":"https:\/\/ajeandalucia.org\/granada\/#\/schema\/person\/11740bd602b2087a5d9913ce7ad3b931"},"headline":"ANDALUC\u00cdA EMPRENDE \u00b420","datePublished":"2021-03-19T13:26:24+00:00","dateModified":"2021-03-19T13:40:47+00:00","mainEntityOfPage":{"@id":"https:\/\/ajeandalucia.org\/granada\/2021\/03\/19\/37840\/"},"wordCount":237,"commentCount":0,"publisher":{"@id":"https:\/\/ajeandalucia.org\/granada\/#organization"},"image":{"@id":"https:\/\/ajeandalucia.org\/granada\/2021\/03\/19\/37840\/#primaryimage"},"thumbnailUrl":"https:\/\/ajeandalucia.org\/granada\/wp-content\/uploads\/sites\/7\/2021\/03\/Captura-de-pantalla-2021-03-19-a-las-14.29.59.png","articleSection":["Blog","Formaci\u00f3n","Noticias"],"inLanguage":"es","potentialAction":[{"@type":"CommentAction","name":"Comment","target":["https:\/\/ajeandalucia.org\/granada\/2021\/03\/19\/37840\/#respond"]}]},{"@type":"WebPage","@id":"https:\/\/ajeandalucia.org\/granada\/2021\/03\/19\/37840\/","url":"https:\/\/ajeandalucia.org\/granada\/2021\/03\/19\/37840\/","name":"ANDALUC\u00cdA EMPRENDE \u00b420 - AJE Granada","isPartOf":{"@id":"https:\/\/ajeandalucia.org\/granada\/#website"},"primaryImageOfPage":{"@id":"https:\/\/ajeandalucia.org\/granada\/2021\/03\/19\/37840\/#primaryimage"},"image":{"@id":"https:\/\/ajeandalucia.org\/granada\/2021\/03\/19\/37840\/#primaryimage"},"thumbnailUrl":"https:\/\/ajeandalucia.org\/granada\/wp-content\/uploads\/sites\/7\/2021\/03\/Captura-de-pantalla-2021-03-19-a-las-14.29.59.png","datePublished":"2021-03-19T13:26:24+00:00","dateModified":"2021-03-19T13:40:47+00:00","breadcrumb":{"@id":"https:\/\/ajeandalucia.org\/granada\/2021\/03\/19\/37840\/#breadcrumb"},"inLanguage":"es","potentialAction":[{"@type":"ReadAction","target":["https:\/\/ajeandalucia.org\/granada\/2021\/03\/19\/37840\/"]}]},{"@type":"ImageObject","inLanguage":"es","@id":"https:\/\/ajeandalucia.org\/granada\/2021\/03\/19\/37840\/#primaryimage","url":"https:\/\/ajeandalucia.org\/granada\/wp-content\/uploads\/sites\/7\/2021\/03\/Captura-de-pantalla-2021-03-19-a-las-14.29.59.png","contentUrl":"https:\/\/ajeandalucia.org\/granada\/wp-content\/uploads\/sites\/7\/2021\/03\/Captura-de-pantalla-2021-03-19-a-las-14.29.59.png","width":786,"height":1084},{"@type":"BreadcrumbList","@id":"https:\/\/ajeandalucia.org\/granada\/2021\/03\/19\/37840\/#breadcrumb","itemListElement":[{"@type":"ListItem","position":1,"name":"Portada","item":"https:\/\/ajeandalucia.org\/granada\/"},{"@type":"ListItem","position":2,"name":"ANDALUC\u00cdA EMPRENDE \u00b420"}]},{"@type":"WebSite","@id":"https:\/\/ajeandalucia.org\/granada\/#website","url":"https:\/\/ajeandalucia.org\/granada\/","name":"AJE Granada","description":"J\u00f3venes Empresarios de Granada","publisher":{"@id":"https:\/\/ajeandalucia.org\/granada\/#organization"},"potentialAction":[{"@type":"SearchAction","target":{"@type":"EntryPoint","urlTemplate":"https:\/\/ajeandalucia.org\/granada\/?s={search_term_string}"},"query-input":{"@type":"PropertyValueSpecification","valueRequired":true,"valueName":"search_term_string"}}],"inLanguage":"es"},{"@type":"Organization","@id":"https:\/\/ajeandalucia.org\/granada\/#organization","name":"AJE Granada","url":"https:\/\/ajeandalucia.org\/granada\/","logo":{"@type":"ImageObject","inLanguage":"es","@id":"https:\/\/ajeandalucia.org\/granada\/#\/schema\/logo\/image\/","url":"https:\/\/ajeandalucia.org\/granada\/wp-content\/uploads\/sites\/7\/2025\/02\/AJE-GRANADA-horizontal.png","contentUrl":"https:\/\/ajeandalucia.org\/granada\/wp-content\/uploads\/sites\/7\/2025\/02\/AJE-GRANADA-horizontal.png","width":612,"height":200,"caption":"AJE Granada"},"image":{"@id":"https:\/\/ajeandalucia.org\/granada\/#\/schema\/logo\/image\/"}},{"@type":"Person","@id":"https:\/\/ajeandalucia.org\/granada\/#\/schema\/person\/11740bd602b2087a5d9913ce7ad3b931","name":"granada","image":{"@type":"ImageObject","inLanguage":"es","@id":"https:\/\/ajeandalucia.org\/granada\/#\/schema\/person\/image\/","url":"https:\/\/secure.gravatar.com\/avatar\/d3efaa03945b79a8aad01845a3fd3b3535448eae49310ea0a5677e96e0e68b63?s=96&d=mm&r=g","contentUrl":"https:\/\/secure.gravatar.com\/avatar\/d3efaa03945b79a8aad01845a3fd3b3535448eae49310ea0a5677e96e0e68b63?s=96&d=mm&r=g","caption":"granada"},"url":"https:\/\/ajeandalucia.org\/granada\/author\/granada\/"}]}},"_links":{"self":[{"href":"https:\/\/ajeandalucia.org\/granada\/wp-json\/wp\/v2\/posts\/37840","targetHints":{"allow":["GET"]}}],"collection":[{"href":"https:\/\/ajeandalucia.org\/granada\/wp-json\/wp\/v2\/posts"}],"about":[{"href":"https:\/\/ajeandalucia.org\/granada\/wp-json\/wp\/v2\/types\/post"}],"author":[{"embeddable":true,"href":"https:\/\/ajeandalucia.org\/granada\/wp-json\/wp\/v2\/users\/6"}],"replies":[{"embeddable":true,"href":"https:\/\/ajeandalucia.org\/granada\/wp-json\/wp\/v2\/comments?post=37840"}],"version-history":[{"count":4,"href":"https:\/\/ajeandalucia.org\/granada\/wp-json\/wp\/v2\/posts\/37840\/revisions"}],"predecessor-version":[{"id":37846,"href":"https:\/\/ajeandalucia.org\/granada\/wp-json\/wp\/v2\/posts\/37840\/revisions\/37846"}],"wp:featuredmedia":[{"embeddable":true,"href":"https:\/\/ajeandalucia.org\/granada\/wp-json\/wp\/v2\/media\/37842"}],"wp:attachment":[{"href":"https:\/\/ajeandalucia.org\/granada\/wp-json\/wp\/v2\/media?parent=37840"}],"wp:term":[{"taxonomy":"category","embeddable":true,"href":"https:\/\/ajeandalucia.org\/granada\/wp-json\/wp\/v2\/categories?post=37840"},{"taxonomy":"post_tag","embeddable":true,"href":"https:\/\/ajeandalucia.org\/granada\/wp-json\/wp\/v2\/tags?post=37840"}],"curies":[{"name":"wp","href":"https:\/\/api.w.org\/{rel}","templated":true}]}}